{"id":72663,"date":"2025-06-19T16:48:29","date_gmt":"2025-06-19T19:48:29","guid":{"rendered":"https:\/\/noticiasribeiraopreto.com.br\/index.php\/2025\/06\/19\/atacadista-inaugura-nova-loja-no-interior-de-sp-veja-onde-e-quando\/"},"modified":"2025-06-19T16:48:29","modified_gmt":"2025-06-19T19:48:29","slug":"atacadista-inaugura-nova-loja-no-interior-de-sp-veja-onde-e-quando","status":"publish","type":"post","link":"https:\/\/noticiasribeiraopreto.com.br\/index.php\/2025\/06\/19\/atacadista-inaugura-nova-loja-no-interior-de-sp-veja-onde-e-quando\/","title":{"rendered":"Atacadista inaugura nova loja no interior de SP; Veja onde e quando"},"content":{"rendered":"<p> <br \/>\n<\/p>\n<div data-td-block-uid=\"tdi_95\">\n<div class=\"tdb-block-inner td-fix-index\">\n<p>O <strong>Paulist\u00e3o Atacadista <\/strong>inaugura no dia <strong>24 de junho<\/strong>, sua primeira loja em <strong>Sert\u00e3ozinho<\/strong>, cidade a cerca de 20 quil\u00f4metros de dist\u00e2ncia de <strong>Ribeir\u00e3o Preto<\/strong>. A abertura para o p\u00fablico acontece \u00e0s 9h.<\/p>\n<p>A nova unidade est\u00e1 localizada na estrada Ant\u00f4nio Sarti, em um complexo comercial ao lado da loja da Havan. A\u00a0<strong>segunda unidade<\/strong>\u00a0da rede em Ribeir\u00e3o Preto foi inaugurado em maio de 2025.<\/p>\n<p>A rede tem como propriet\u00e1rios os gestores da <strong>Rede Savegnago<\/strong>, que desde 2022 passaram a atuar tamb\u00e9m no setor conhecido como \u2018<strong>atacarejo<\/strong>\u2019.<\/p>\n<h2 class=\"wp-block-heading\"><strong>Vagas de emprego<\/strong><\/h2>\n<p><strong>De acordo com o portal de Carreira do Grupo Savegnago<\/strong>, o Paulist\u00e3o Atacadista est\u00e1 com oportunidades de emprego dispon\u00edveis em Sert\u00e3ozinho. As vagas s\u00e3o para o cargo de <strong>operador de supermercado<\/strong> em diferentes \u00e1reas, como por exemplo, mercearia, a\u00e7ougue e FLV.<\/p>\n<p>Os interessados nas oportunidades de trabalho devem acessar o <strong>site (<a href=\"https:\/\/carreiragruposavegnago.jobs.recrut.ai\/paulistaoatacadista\" target=\"_blank\" rel=\"noreferrer noopener\">clicando aqui<\/a>)<\/strong>, escolher o munic\u00edpio de interesse na \u00e1rea \u201clocalidades\u201d e se candidatar conforme a vaga desejada.<\/p>\n<hr class=\"wp-block-separator has-alpha-channel-opacity\"\/>\n<p>SAIBA MAIS<\/p>\n<p>Frente fria deve trazer chuva e geada ao estado de SP; Veja quando<\/p>\n<h3 class=\"wp-block-heading\"><strong>FIQUE ON<\/strong><\/h3>\n<p>Quer ficar por dentro de tudo que acontece em Ribeir\u00e3o Preto e regi\u00e3o? Ent\u00e3o siga os perfis do\u202facidade on\u202fno\u202f<a href=\"https:\/\/www.instagram.com\/acidadeonribeirao\" target=\"_blank\" rel=\"noreferrer noopener\">Instagram<\/a>\u202fe no\u202f<a href=\"https:\/\/www.facebook.com\/acidadeonribeirao\/\" target=\"_blank\" rel=\"noreferrer noopener\">Facebook<\/a>.<\/p>\n<p>Al\u00e9m disso, voc\u00ea pode receber as principais not\u00edcias diretamente no WhatsApp. Para isso, basta\u00a0<a href=\"https:\/\/chat.whatsapp.com\/BjKQZ9oJwlz8VVT50NuePq\" target=\"_blank\" rel=\"noreferrer noopener\">entrar no grupo clicando aqui<\/a>.<\/p>\n<p>Por fim, se quiser fazer uma den\u00fancia ou sugerir uma reportagem sobre Ribeir\u00e3o Preto e regi\u00e3o, envie uma mensagem pelo WhatsApp: (16) 99117-7802.<\/p>\n<p>VEJA TAMB\u00c9M<\/p>\n<p>Qual o estado de sa\u00fade de Arlindo Cruz?<\/p>\n<p><!-- CONTENT END 1 -->\n<\/div>\n<\/div>\n<p><script async src=\"\/\/www.instagram.com\/embed.js\"><\/script><br \/>\n<br \/><br \/>\n<br \/><a href=\"https:\/\/www.acidadeon.com\/ribeiraopreto\/economia\/atacadista-inaugura-nova-loja-no-interior-de-sp-veja-onde-e-quando\/\">Source link <\/a><\/p>\n","protected":false},"excerpt":{"rendered":"<p>O Paulist\u00e3o Atacadista inaugura no dia 24 de junho, sua primeira loja em Sert\u00e3ozinho, cidade a cerca de 20 quil\u00f4metros de dist\u00e2ncia de Ribeir\u00e3o Preto&#8230;.<\/p>\n","protected":false},"author":1,"featured_media":72664,"comment_status":"open","ping_status":"open","sticky":false,"template":"","format":"standard","meta":{"advanced_seo_description":"","jetpack_seo_html_title":"","jetpack_seo_noindex":false,"jetpack_post_was_ever_published":false,"_jetpack_newsletter_access":"","_jetpack_dont_email_post_to_subs":false,"_jetpack_newsletter_tier_id":0,"_jetpack_memberships_contains_paywalled_content":false,"_jetpack_memberships_contains_paid_content":false,"footnotes":"","jetpack_publicize_message":"","jetpack_publicize_feature_enabled":true,"jetpack_social_post_already_shared":true,"jetpack_social_options":{"image_generator_settings":{"template":"highway","default_image_id":0,"font":"","enabled":false},"version":2}},"categories":[11],"tags":[],"class_list":["post-72663","post","type-post","status-publish","format-standard","has-post-thumbnail","hentry","category-noticias-de-ribeirao-preto-sp-e-regiao-ismael-colosi"],"jetpack_publicize_connections":[],"jetpack_featured_media_url":"https:\/\/i0.wp.com\/noticiasribeiraopreto.com.br\/wp-content\/uploads\/2025\/06\/Copia-de-Copia-de-Copia-de-TAMANHO-EXATO-PARA-FOTOS-NO-SISTEMA-NOVO-2025-06-19T141354.603_2025-06-19_17-14-00.webp.webp?fit=1200%2C675&ssl=1","jetpack-related-posts":[{"id":43432,"url":"https:\/\/noticiasribeiraopreto.com.br\/index.php\/2024\/03\/21\/atacadista-abre-mais-de-100-vagas-em-rp\/","url_meta":{"origin":72663,"position":0},"title":"Atacadista abre mais de 100 vagas em RP\u00a0","author":"noticiasribeiraopreto.com.br","date":"21 de March de 2024","format":false,"excerpt":"21 de mar\u00e7o de 2024 | 11:0020 de mar\u00e7o de 2024 | 23:28 0O Paulist\u00e3o Atacadista, bandeira que faz parte do Grupo Savegnago, est\u00e1 com mais de 100 vagas de emprego abertas para sua nova loja no Parque Industrial Lagoinha, Zona Leste de Ribeir\u00e3o Preto. As oportunidades s\u00e3o para diversos\u2026","rel":"","context":"In &quot;Not\u00edcias de Ribeir\u00e3o Preto-SP e Regi\u00e3o&quot;","block_context":{"text":"Not\u00edcias de Ribeir\u00e3o Preto-SP e Regi\u00e3o","link":"https:\/\/noticiasribeiraopreto.com.br\/index.php\/category\/noticias-de-ribeirao-preto-sp-e-regiao-ismael-colosi\/"},"img":{"alt_text":"","src":"https:\/\/i0.wp.com\/noticiasribeiraopreto.com.br\/wp-content\/uploads\/2024\/03\/siteok-scaled.jpg?fit=980%2C645&ssl=1&resize=350%2C200","width":350,"height":200,"srcset":"https:\/\/i0.wp.com\/noticiasribeiraopreto.com.br\/wp-content\/uploads\/2024\/03\/siteok-scaled.jpg?fit=980%2C645&ssl=1&resize=350%2C200 1x, https:\/\/i0.wp.com\/noticiasribeiraopreto.com.br\/wp-content\/uploads\/2024\/03\/siteok-scaled.jpg?fit=980%2C645&ssl=1&resize=525%2C300 1.5x, https:\/\/i0.wp.com\/noticiasribeiraopreto.com.br\/wp-content\/uploads\/2024\/03\/siteok-scaled.jpg?fit=980%2C645&ssl=1&resize=700%2C400 2x"},"classes":[]},{"id":42929,"url":"https:\/\/noticiasribeiraopreto.com.br\/index.php\/2024\/03\/18\/rede-anuncia-loja-de-atacadista-em-complexo-comercial-na-regiao-de-ribeirao\/","url_meta":{"origin":72663,"position":1},"title":"Rede anuncia loja de atacadista em complexo comercial na regi\u00e3o de Ribeir\u00e3o","author":"noticiasribeiraopreto.com.br","date":"18 de March de 2024","format":false,"excerpt":"A Rede Savegnago anunciou a constru\u00e7\u00e3o de uma loja do Paulist\u00e3o Atacadista em um complexo comercial ao lado da loja da Havan, em Sert\u00e3ozinho, na regi\u00e3o de Ribeir\u00e3o Preto. A expectativa \u00e9 que 150 empregos diretos sejam criados na cidade. A previs\u00e3o \u00e9 que a loja seja inaugurada ainda neste\u2026","rel":"","context":"In &quot;Not\u00edcias de Ribeir\u00e3o Preto-SP e Regi\u00e3o&quot;","block_context":{"text":"Not\u00edcias de Ribeir\u00e3o Preto-SP e Regi\u00e3o","link":"https:\/\/noticiasribeiraopreto.com.br\/index.php\/category\/noticias-de-ribeirao-preto-sp-e-regiao-ismael-colosi\/"},"img":{"alt_text":"","src":"https:\/\/i0.wp.com\/noticiasribeiraopreto.com.br\/wp-content\/uploads\/2024\/03\/AnyConv.com__paulistao-atacadista.webp.webp?fit=1200%2C900&ssl=1&resize=350%2C200","width":350,"height":200,"srcset":"https:\/\/i0.wp.com\/noticiasribeiraopreto.com.br\/wp-content\/uploads\/2024\/03\/AnyConv.com__paulistao-atacadista.webp.webp?fit=1200%2C900&ssl=1&resize=350%2C200 1x, https:\/\/i0.wp.com\/noticiasribeiraopreto.com.br\/wp-content\/uploads\/2024\/03\/AnyConv.com__paulistao-atacadista.webp.webp?fit=1200%2C900&ssl=1&resize=525%2C300 1.5x, https:\/\/i0.wp.com\/noticiasribeiraopreto.com.br\/wp-content\/uploads\/2024\/03\/AnyConv.com__paulistao-atacadista.webp.webp?fit=1200%2C900&ssl=1&resize=700%2C400 2x, https:\/\/i0.wp.com\/noticiasribeiraopreto.com.br\/wp-content\/uploads\/2024\/03\/AnyConv.com__paulistao-atacadista.webp.webp?fit=1200%2C900&ssl=1&resize=1050%2C600 3x"},"classes":[]},{"id":48569,"url":"https:\/\/noticiasribeiraopreto.com.br\/index.php\/2024\/05\/03\/veja-quando-loja-do-paulistao-atacadista-vai-ser-inaugurada-em-ribeirao-preto\/","url_meta":{"origin":72663,"position":2},"title":"Veja quando loja do Paulist\u00e3o Atacadista vai ser inaugurada em Ribeir\u00e3o Preto","author":"noticiasribeiraopreto.com.br","date":"3 de May de 2024","format":false,"excerpt":"A primeira loja da rede Paulist\u00e3o Atacadista em Ribeir\u00e3o Preto ser\u00e1 inaugurada nesta ter\u00e7a-feira (7), na avenida Presidente Castelo Branco, 1865, zona Leste do munic\u00edpio. A abertura para o p\u00fablico acontece \u00e0s 9h. A rede Paulist\u00e3o Atacadista tem como propriet\u00e1rios os gestores da Rede Savegnago, que passam a atuar tamb\u00e9m\u2026","rel":"","context":"In &quot;Not\u00edcias de Ribeir\u00e3o Preto-SP e Regi\u00e3o&quot;","block_context":{"text":"Not\u00edcias de Ribeir\u00e3o Preto-SP e Regi\u00e3o","link":"https:\/\/noticiasribeiraopreto.com.br\/index.php\/category\/noticias-de-ribeirao-preto-sp-e-regiao-ismael-colosi\/"},"img":{"alt_text":"","src":"https:\/\/i0.wp.com\/noticiasribeiraopreto.com.br\/wp-content\/uploads\/2024\/05\/GrupoSavegnagoconfirmanegociaoparacomprarlojasdoMakro_Tamanho_2_image.jpg?fit=1200%2C900&ssl=1&resize=350%2C200","width":350,"height":200,"srcset":"https:\/\/i0.wp.com\/noticiasribeiraopreto.com.br\/wp-content\/uploads\/2024\/05\/GrupoSavegnagoconfirmanegociaoparacomprarlojasdoMakro_Tamanho_2_image.jpg?fit=1200%2C900&ssl=1&resize=350%2C200 1x, https:\/\/i0.wp.com\/noticiasribeiraopreto.com.br\/wp-content\/uploads\/2024\/05\/GrupoSavegnagoconfirmanegociaoparacomprarlojasdoMakro_Tamanho_2_image.jpg?fit=1200%2C900&ssl=1&resize=525%2C300 1.5x, https:\/\/i0.wp.com\/noticiasribeiraopreto.com.br\/wp-content\/uploads\/2024\/05\/GrupoSavegnagoconfirmanegociaoparacomprarlojasdoMakro_Tamanho_2_image.jpg?fit=1200%2C900&ssl=1&resize=700%2C400 2x, https:\/\/i0.wp.com\/noticiasribeiraopreto.com.br\/wp-content\/uploads\/2024\/05\/GrupoSavegnagoconfirmanegociaoparacomprarlojasdoMakro_Tamanho_2_image.jpg?fit=1200%2C900&ssl=1&resize=1050%2C600 3x"},"classes":[]},{"id":44358,"url":"https:\/\/noticiasribeiraopreto.com.br\/index.php\/2024\/03\/27\/o-que-sabe-sobre-as-lojas-do-novo-atacadista-na-regiao-de-ribeirao-preto\/","url_meta":{"origin":72663,"position":3},"title":"O que sabe sobre as lojas do novo atacadista na regi\u00e3o de Ribeir\u00e3o Preto","author":"noticiasribeiraopreto.com.br","date":"27 de March de 2024","format":false,"excerpt":"Foi inaugurada na \u00faltima ter\u00e7a-feira (26) a loja de Franca do Paulist\u00e3o Atacadista, da rede gerenciada pelo Grupo Savegnago. Al\u00e9m dela, \u00e9 prevista a abertura de tr\u00eas lojas em Ribeir\u00e3o Preto e uma em Sert\u00e3ozinho. Ao todo, foram investidos R$ 60 milh\u00f5es entre compra do pr\u00e9dio, reformas, equipamentos e estoque,\u2026","rel":"","context":"In &quot;Not\u00edcias de Ribeir\u00e3o Preto-SP e Regi\u00e3o&quot;","block_context":{"text":"Not\u00edcias de Ribeir\u00e3o Preto-SP e Regi\u00e3o","link":"https:\/\/noticiasribeiraopreto.com.br\/index.php\/category\/noticias-de-ribeirao-preto-sp-e-regiao-ismael-colosi\/"},"img":{"alt_text":"","src":"https:\/\/i0.wp.com\/noticiasribeiraopreto.com.br\/wp-content\/uploads\/2024\/03\/AnyConv.com__paulistao-atacadista-2-scaled.webp.webp?fit=1200%2C800&ssl=1&resize=350%2C200","width":350,"height":200,"srcset":"https:\/\/i0.wp.com\/noticiasribeiraopreto.com.br\/wp-content\/uploads\/2024\/03\/AnyConv.com__paulistao-atacadista-2-scaled.webp.webp?fit=1200%2C800&ssl=1&resize=350%2C200 1x, https:\/\/i0.wp.com\/noticiasribeiraopreto.com.br\/wp-content\/uploads\/2024\/03\/AnyConv.com__paulistao-atacadista-2-scaled.webp.webp?fit=1200%2C800&ssl=1&resize=525%2C300 1.5x, https:\/\/i0.wp.com\/noticiasribeiraopreto.com.br\/wp-content\/uploads\/2024\/03\/AnyConv.com__paulistao-atacadista-2-scaled.webp.webp?fit=1200%2C800&ssl=1&resize=700%2C400 2x, https:\/\/i0.wp.com\/noticiasribeiraopreto.com.br\/wp-content\/uploads\/2024\/03\/AnyConv.com__paulistao-atacadista-2-scaled.webp.webp?fit=1200%2C800&ssl=1&resize=1050%2C600 3x"},"classes":[]},{"id":43263,"url":"https:\/\/noticiasribeiraopreto.com.br\/index.php\/2024\/03\/20\/atacadista-abre-mais-de-100-vagas-de-emprego-para-nova-loja-em-ribeirao-preto\/","url_meta":{"origin":72663,"position":4},"title":"Atacadista abre mais de 100 vagas de emprego para nova loja em Ribeir\u00e3o Preto","author":"noticiasribeiraopreto.com.br","date":"20 de March de 2024","format":false,"excerpt":"O Paulist\u00e3o Atacadista abriu mais de 100 vagas de emprego para nova loja em Ribeir\u00e3o Preto, que vai funcionar onde era o Makro, no bairro Lagoinha, na zona Leste. O local est\u00e1 passando por obras e ainda n\u00e3o h\u00e1 previs\u00e3o para inaugura\u00e7\u00e3o da nova unidade. As oportunidades s\u00e3o para diversos\u2026","rel":"","context":"In &quot;Not\u00edcias de Ribeir\u00e3o Preto-SP e Regi\u00e3o&quot;","block_context":{"text":"Not\u00edcias de Ribeir\u00e3o Preto-SP e Regi\u00e3o","link":"https:\/\/noticiasribeiraopreto.com.br\/index.php\/category\/noticias-de-ribeirao-preto-sp-e-regiao-ismael-colosi\/"},"img":{"alt_text":"","src":"https:\/\/i0.wp.com\/noticiasribeiraopreto.com.br\/wp-content\/uploads\/2024\/03\/AnyConv.com__paulistao-1.webp.webp?fit=987%2C491&ssl=1&resize=350%2C200","width":350,"height":200,"srcset":"https:\/\/i0.wp.com\/noticiasribeiraopreto.com.br\/wp-content\/uploads\/2024\/03\/AnyConv.com__paulistao-1.webp.webp?fit=987%2C491&ssl=1&resize=350%2C200 1x, https:\/\/i0.wp.com\/noticiasribeiraopreto.com.br\/wp-content\/uploads\/2024\/03\/AnyConv.com__paulistao-1.webp.webp?fit=987%2C491&ssl=1&resize=525%2C300 1.5x, https:\/\/i0.wp.com\/noticiasribeiraopreto.com.br\/wp-content\/uploads\/2024\/03\/AnyConv.com__paulistao-1.webp.webp?fit=987%2C491&ssl=1&resize=700%2C400 2x"},"classes":[]},{"id":12142,"url":"https:\/\/noticiasribeiraopreto.com.br\/index.php\/2023\/12\/07\/varejo-oferece-100-vagas-de-emprego\/","url_meta":{"origin":72663,"position":5},"title":"Varejo oferece 100\u00a0vagas de emprego\u00a0","author":"noticiasribeiraopreto.com.br","date":"7 de December de 2023","format":false,"excerpt":"Destaque Empregos e Est\u00e1gios 7 de dezembro de 2023 | 14:007 de dezembro de 2023 | 11:32 0Quem est\u00e1 \u00e0 procura de emprego ou tem o sonho de construir uma carreira no Grupo Savegnago n\u00e3o pode perder essa oportunidade. Na pr\u00f3xima ter\u00e7a-feira, 12 de dezembro, a Rede Forte do Interior\u2026","rel":"","context":"In &quot;Not\u00edcias de Ribeir\u00e3o Preto-SP e Regi\u00e3o&quot;","block_context":{"text":"Not\u00edcias de Ribeir\u00e3o Preto-SP e Regi\u00e3o","link":"https:\/\/noticiasribeiraopreto.com.br\/index.php\/category\/noticias-de-ribeirao-preto-sp-e-regiao-ismael-colosi\/"},"img":{"alt_text":"","src":"https:\/\/i0.wp.com\/noticiasribeiraopreto.com.br\/wp-content\/uploads\/2023\/12\/Savegnago.jpeg?fit=968%2C645&ssl=1&resize=350%2C200","width":350,"height":200,"srcset":"https:\/\/i0.wp.com\/noticiasribeiraopreto.com.br\/wp-content\/uploads\/2023\/12\/Savegnago.jpeg?fit=968%2C645&ssl=1&resize=350%2C200 1x, https:\/\/i0.wp.com\/noticiasribeiraopreto.com.br\/wp-content\/uploads\/2023\/12\/Savegnago.jpeg?fit=968%2C645&ssl=1&resize=525%2C300 1.5x, https:\/\/i0.wp.com\/noticiasribeiraopreto.com.br\/wp-content\/uploads\/2023\/12\/Savegnago.jpeg?fit=968%2C645&ssl=1&resize=700%2C400 2x"},"classes":[]}],"jetpack_sharing_enabled":true,"jetpack_shortlink":"https:\/\/wp.me\/peQAOb-iTZ","_links":{"self":[{"href":"https:\/\/noticiasribeiraopreto.com.br\/index.php\/wp-json\/wp\/v2\/posts\/72663","targetHints":{"allow":["GET"]}}],"collection":[{"href":"https:\/\/noticiasribeiraopreto.com.br\/index.php\/wp-json\/wp\/v2\/posts"}],"about":[{"href":"https:\/\/noticiasribeiraopreto.com.br\/index.php\/wp-json\/wp\/v2\/types\/post"}],"author":[{"embeddable":true,"href":"https:\/\/noticiasribeiraopreto.com.br\/index.php\/wp-json\/wp\/v2\/users\/1"}],"replies":[{"embeddable":true,"href":"https:\/\/noticiasribeiraopreto.com.br\/index.php\/wp-json\/wp\/v2\/comments?post=72663"}],"version-history":[{"count":0,"href":"https:\/\/noticiasribeiraopreto.com.br\/index.php\/wp-json\/wp\/v2\/posts\/72663\/revisions"}],"wp:featuredmedia":[{"embeddable":true,"href":"https:\/\/noticiasribeiraopreto.com.br\/index.php\/wp-json\/wp\/v2\/media\/72664"}],"wp:attachment":[{"href":"https:\/\/noticiasribeiraopreto.com.br\/index.php\/wp-json\/wp\/v2\/media?parent=72663"}],"wp:term":[{"taxonomy":"category","embeddable":true,"href":"https:\/\/noticiasribeiraopreto.com.br\/index.php\/wp-json\/wp\/v2\/categories?post=72663"},{"taxonomy":"post_tag","embeddable":true,"href":"https:\/\/noticiasribeiraopreto.com.br\/index.php\/wp-json\/wp\/v2\/tags?post=72663"}],"curies":[{"name":"wp","href":"https:\/\/api.w.org\/{rel}","templated":true}]}}