{"id":72671,"date":"2025-06-19T17:57:33","date_gmt":"2025-06-19T20:57:33","guid":{"rendered":"https:\/\/noticiasribeiraopreto.com.br\/index.php\/2025\/06\/19\/francisco-cuoco-morre-aos-91-anos-em-sao-paulo\/"},"modified":"2025-06-19T17:57:33","modified_gmt":"2025-06-19T20:57:33","slug":"francisco-cuoco-morre-aos-91-anos-em-sao-paulo","status":"publish","type":"post","link":"https:\/\/noticiasribeiraopreto.com.br\/index.php\/2025\/06\/19\/francisco-cuoco-morre-aos-91-anos-em-sao-paulo\/","title":{"rendered":"Francisco Cuoco morre aos 91 anos em S\u00e3o Paulo"},"content":{"rendered":"<div class='code-block code-block-1' style='margin: 8px 0 8px auto; text-align: right; display: block; clear: both;'>\n<p><a href=\"https:\/\/wa.link\/vpicfd\"><img data-recalc-dims=\"1\" class=\"wp-image-4922\" style=\"aspect-ratio: 2.0253164556962027; width: 561px; height: auto;\" src=\"https:\/\/i0.wp.com\/ismaelcolosi.com.br\/wp-content\/uploads\/2023\/11\/grupo-de-empregos-whatsapp-e-facebook-ismael-colosi-vagas.jpg?ssl=1\" alt=\"\" \/><\/a><\/p>\n<!-- \/wp:image -->\n<\/div>\n<p> <br \/>\n<\/p>\n<div id=\"\">\n<p>\n\t\t\t\t\t\t\t\t\t<span class=\"entry-meta-item penci-posted-on\"><i class=\"fa fa-clock-o\"\/><time class=\"entry-date published updated\" datetime=\"2025-06-19T17:53:18-03:00\">19 de junho de 2025 17:53<\/time><\/span><span class=\"entry-meta-item penci-post-countview\"><span class=\"entry-meta-item penci-post-countview penci_post-meta_item\"><i class=\"fa fa-eye\"\/><span class=\"penci-post-countview-number penci-post-countview-p429174\">4<\/span><\/span><\/span>\t\t\t\t\t\t\t\t<\/p>\n<p><!-- .entry-meta --><br \/>\n\t\t\t\t\t\t\t\t<span class=\"penci-social-buttons penci-social-share-footer\"><span class=\"penci-social-share-text\">Compartilhar<\/span><a href=\"#\" class=\"penci-post-like penci_post-meta_item  single-like-button penci-social-item like\" data-post_id=\"429174\" title=\"Like\" data-like=\"Like\" data-unlike=\"Unlike\"><i class=\"fa fa-thumbs-o-up\"\/><span class=\"penci-share-number\">0<\/span><\/a><i class=\"fa fa-facebook\"\/><a class=\"penci-social-item twitter\" target=\"_blank\" rel=\"noopener\" title=\"\" href=\"https:\/\/twitter.com\/intent\/tweet?text=Francisco%20Cuoco%20morre%20aos%2091%20anos%20em%20S\u00e3o%20Paulo%20-%20https:\/\/www.tribunaribeirao.com.br\/francisco-cuoco-morre-aos-91-anos-em-sao-paulo\/\"><i class=\"fa fa-twitter\"\/><\/a><i class=\"fa fa-linkedin\"\/><i class=\"fa fa-whatsapp\"\/><i class=\"fa fa-telegram\"\/><i class=\"fa fa-envelope\"\/><\/span>\t\t\t\t\t\t\t<\/div>\n<div>\n<p>O ator Francisco Cuoco, um dos nomes mais importantes da hist\u00f3ria da teledramaturgia brasileira, morreu nesta quinta-feira (19), aos 91 anos, em S\u00e3o Paulo. Ele estava internado no Hospital Albert Einstein h\u00e1 cerca de 20 dias, tratando complica\u00e7\u00f5es de sa\u00fade relacionadas \u00e0 idade avan\u00e7ada, incluindo uma infec\u00e7\u00e3o renal e um ferimento que infeccionou. A causa oficial da morte n\u00e3o foi divulgada at\u00e9 o momento.<\/p>\n<p>Nascido na capital paulista em 29 de novembro de 1933, Cuoco iniciou sua carreira art\u00edstica ap\u00f3s abandonar o curso de Direito para ingressar na Escola de Arte Dram\u00e1tica Alfredo Mesquita. Sua trajet\u00f3ria profissional come\u00e7ou nos palcos, em 1955, e na televis\u00e3o, dois anos depois.<\/p>\n<p>Durante d\u00e9cadas de carreira, tornou-se um dos principais gal\u00e3s da TV brasileira. Atuou em diversas emissoras, mas consolidou sua fama na Rede Globo, onde protagonizou novelas marcantes como <em>Selva de Pedra<\/em> (1972), <em>Pecado Capital<\/em> (1975) e <em>O Astro<\/em> (1977), esta \u00faltima respons\u00e1vel por transform\u00e1-lo em s\u00edmbolo do charme nacional nos anos 1970.<\/p>\n<p>Al\u00e9m da TV, Cuoco teve passagens expressivas pelo teatro e pelo cinema, e recebeu diversos pr\u00eamios ao longo da carreira, incluindo o Trof\u00e9u Imprensa, o Pr\u00eamio APCA e o Arte Qualidade Brasil. Seu \u00faltimo trabalho na televis\u00e3o foi na novela <em>Salve-se Quem Puder<\/em>, exibida em 2020. Em 2023, participou da s\u00e9rie <em>No Corre<\/em>, do canal Multishow.<\/p>\n<p>Nos \u00faltimos anos, enfrentava problemas de sa\u00fade e mobilidade. Em maio deste ano, foi revelado que o ator passava seus dias em casa, sob cuidados m\u00e9dicos, e com o apoio da irm\u00e3, Gr\u00e1cia Cuoco.<\/p>\n<p>Ainda n\u00e3o h\u00e1 informa\u00e7\u00f5es sobre o vel\u00f3rio e o sepultamento.<\/p>\n<p>Com uma carreira marcada por personagens emblem\u00e1ticos e atua\u00e7\u00e3o marcante, Francisco Cuoco deixa um legado definitivo na hist\u00f3ria da dramaturgia brasileira.<\/p>\n<p>\u00a0<\/p>\n<\/div>\n<p><script async src=\"\/\/platform.twitter.com\/widgets.js\" charset=\"utf-8\"><\/script><br \/>\n<br \/><br \/>\n<br \/><a href=\"https:\/\/www.tribunaribeirao.com.br\/francisco-cuoco-morre-aos-91-anos-em-sao-paulo\/\">Source link <\/a><\/p>\n<!-- CONTENT END 1 -->\n","protected":false},"excerpt":{"rendered":"<p>19 de junho de 2025 17:534 Compartilhar0 O ator Francisco Cuoco, um dos nomes mais importantes da hist\u00f3ria da teledramaturgia brasileira, morreu nesta quinta-feira (19),&#8230;<\/p>\n","protected":false},"author":1,"featured_media":72672,"comment_status":"open","ping_status":"open","sticky":false,"template":"","format":"standard","meta":{"advanced_seo_description":"","jetpack_seo_html_title":"","jetpack_seo_noindex":false,"jetpack_post_was_ever_published":false,"_jetpack_newsletter_access":"","_jetpack_dont_email_post_to_subs":false,"_jetpack_newsletter_tier_id":0,"_jetpack_memberships_contains_paywalled_content":false,"_jetpack_memberships_contains_paid_content":false,"footnotes":"","jetpack_publicize_message":"","jetpack_publicize_feature_enabled":true,"jetpack_social_post_already_shared":true,"jetpack_social_options":{"image_generator_settings":{"template":"highway","default_image_id":0,"font":"","enabled":false},"version":2}},"categories":[11],"tags":[],"class_list":["post-72671","post","type-post","status-publish","format-standard","has-post-thumbnail","hentry","category-noticias-de-ribeirao-preto-sp-e-regiao-ismael-colosi"],"jetpack_publicize_connections":[],"jetpack_featured_media_url":"https:\/\/i0.wp.com\/noticiasribeiraopreto.com.br\/wp-content\/uploads\/2025\/06\/fcuoco-scaled.jpeg?fit=800%2C480&ssl=1","jetpack-related-posts":[{"id":72677,"url":"https:\/\/noticiasribeiraopreto.com.br\/index.php\/2025\/06\/19\/morre-francisco-cuoco-um-dos-grandes-nomes-da-tv-brasileira-aos-91-anos\/","url_meta":{"origin":72671,"position":0},"title":"Morre Francisco Cuoco, um dos grandes nomes da TV brasileira, aos 91 anos","author":"noticiasribeiraopreto.com.br","date":"19 de June de 2025","format":false,"excerpt":"Francisco Cuoco, um nome marcante na dramaturgia brasileira, morreu nesta quinta-feira (19), aos 91 anos, em S\u00e3o Paulo. A informa\u00e7\u00e3o foi confirmada pela fam\u00edlia ao jornal Folha de S.Paulo. De acordo com as informa\u00e7\u00f5es, Cuoco estava internado no hospital Albert Eisten h\u00e1 pelo menos 20 dias. A causa da morte\u2026","rel":"","context":"In &quot;Not\u00edcias de Ribeir\u00e3o Preto-SP e Regi\u00e3o&quot;","block_context":{"text":"Not\u00edcias de Ribeir\u00e3o Preto-SP e Regi\u00e3o","link":"https:\/\/noticiasribeiraopreto.com.br\/index.php\/category\/noticias-de-ribeirao-preto-sp-e-regiao-ismael-colosi\/"},"img":{"alt_text":"","src":"https:\/\/i0.wp.com\/noticiasribeiraopreto.com.br\/wp-content\/uploads\/2025\/06\/Copia-de-Copia-de-Copia-de-TAMANHO-EXATO-PARA-FOTOS-NO-SISTEMA-NOVO-2025-06-19T173424.189_2025-06-19_20-35-36.webp.webp?fit=1200%2C675&ssl=1&resize=350%2C200","width":350,"height":200,"srcset":"https:\/\/i0.wp.com\/noticiasribeiraopreto.com.br\/wp-content\/uploads\/2025\/06\/Copia-de-Copia-de-Copia-de-TAMANHO-EXATO-PARA-FOTOS-NO-SISTEMA-NOVO-2025-06-19T173424.189_2025-06-19_20-35-36.webp.webp?fit=1200%2C675&ssl=1&resize=350%2C200 1x, https:\/\/i0.wp.com\/noticiasribeiraopreto.com.br\/wp-content\/uploads\/2025\/06\/Copia-de-Copia-de-Copia-de-TAMANHO-EXATO-PARA-FOTOS-NO-SISTEMA-NOVO-2025-06-19T173424.189_2025-06-19_20-35-36.webp.webp?fit=1200%2C675&ssl=1&resize=525%2C300 1.5x, https:\/\/i0.wp.com\/noticiasribeiraopreto.com.br\/wp-content\/uploads\/2025\/06\/Copia-de-Copia-de-Copia-de-TAMANHO-EXATO-PARA-FOTOS-NO-SISTEMA-NOVO-2025-06-19T173424.189_2025-06-19_20-35-36.webp.webp?fit=1200%2C675&ssl=1&resize=700%2C400 2x, https:\/\/i0.wp.com\/noticiasribeiraopreto.com.br\/wp-content\/uploads\/2025\/06\/Copia-de-Copia-de-Copia-de-TAMANHO-EXATO-PARA-FOTOS-NO-SISTEMA-NOVO-2025-06-19T173424.189_2025-06-19_20-35-36.webp.webp?fit=1200%2C675&ssl=1&resize=1050%2C600 3x"},"classes":[]},{"id":65363,"url":"https:\/\/noticiasribeiraopreto.com.br\/index.php\/2025\/03\/19\/morre-o-ex-governador-claudio-lembo-aos-90-anos-em-sao-paulo\/","url_meta":{"origin":72671,"position":1},"title":"Morre o ex-governador Cl\u00e1udio Lembo aos 90 anos em S\u00e3o Paulo","author":"noticiasribeiraopreto.com.br","date":"19 de March de 2025","format":false,"excerpt":"O ex-governador do Estado de S\u00e3o Paulo Cl\u00e1udio Lembo morreu na madrugada desta quarta-feira (19), aos 90 anos. A causa n\u00e3o foi divulgada. O governador Tarc\u00edsio de Freitas decretou luto oficial de tr\u00eas dias. Uma nota divulgada nesta manh\u00e3 lamenta a morte do ex-governador. Cl\u00e1udio Lembo assumiu o governo paulista\u2026","rel":"","context":"In &quot;Not\u00edcias de Ribeir\u00e3o Preto-SP e Regi\u00e3o&quot;","block_context":{"text":"Not\u00edcias de Ribeir\u00e3o Preto-SP e Regi\u00e3o","link":"https:\/\/noticiasribeiraopreto.com.br\/index.php\/category\/noticias-de-ribeirao-preto-sp-e-regiao-ismael-colosi\/"},"img":{"alt_text":"","src":"https:\/\/i0.wp.com\/noticiasribeiraopreto.com.br\/wp-content\/uploads\/2025\/03\/posse-gov768cint_2025-03-19_11-21-30_jpg_2025-03-19_11-21-30.webp.webp?fit=1200%2C823&ssl=1&resize=350%2C200","width":350,"height":200,"srcset":"https:\/\/i0.wp.com\/noticiasribeiraopreto.com.br\/wp-content\/uploads\/2025\/03\/posse-gov768cint_2025-03-19_11-21-30_jpg_2025-03-19_11-21-30.webp.webp?fit=1200%2C823&ssl=1&resize=350%2C200 1x, https:\/\/i0.wp.com\/noticiasribeiraopreto.com.br\/wp-content\/uploads\/2025\/03\/posse-gov768cint_2025-03-19_11-21-30_jpg_2025-03-19_11-21-30.webp.webp?fit=1200%2C823&ssl=1&resize=525%2C300 1.5x, https:\/\/i0.wp.com\/noticiasribeiraopreto.com.br\/wp-content\/uploads\/2025\/03\/posse-gov768cint_2025-03-19_11-21-30_jpg_2025-03-19_11-21-30.webp.webp?fit=1200%2C823&ssl=1&resize=700%2C400 2x, https:\/\/i0.wp.com\/noticiasribeiraopreto.com.br\/wp-content\/uploads\/2025\/03\/posse-gov768cint_2025-03-19_11-21-30_jpg_2025-03-19_11-21-30.webp.webp?fit=1200%2C823&ssl=1&resize=1050%2C600 3x"},"classes":[]},{"id":50466,"url":"https:\/\/noticiasribeiraopreto.com.br\/index.php\/2024\/05\/16\/narrador-esportivo-silvio-luiz-morre-aos-89-anos-em-sao-paulo\/","url_meta":{"origin":72671,"position":2},"title":"Narrador esportivo Silvio Luiz morre aos 89 anos em S\u00e3o Paulo","author":"noticiasribeiraopreto.com.br","date":"16 de May de 2024","format":false,"excerpt":"O narrador esportivo Silvio Luiz morreu nesta quinta-feira (19), aos 89 amos, em S\u00e3o Paulo. Ele foi v\u00edtima de fal\u00eancia de m\u00faltiplos \u00f3rg\u00e3os. Dono de bord\u00f5es marcantes, como \u201cOlho no lance\u201d, \u201cPelas barbas do profeta\u201d e \u201cFoi, foi, foi, foi ele\u2026o craque da camisa n\u00famero\u2026\u201d, Silvio Luiz tamb\u00e9m foi \u00e1rbitro\u2026","rel":"","context":"In &quot;Not\u00edcias de Ribeir\u00e3o Preto-SP e Regi\u00e3o&quot;","block_context":{"text":"Not\u00edcias de Ribeir\u00e3o Preto-SP e Regi\u00e3o","link":"https:\/\/noticiasribeiraopreto.com.br\/index.php\/category\/noticias-de-ribeirao-preto-sp-e-regiao-ismael-colosi\/"},"img":{"alt_text":"","src":"https:\/\/i0.wp.com\/noticiasribeiraopreto.com.br\/wp-content\/uploads\/2024\/05\/WhatsApp-Image-2024-05-16-at-11.05.27_2024-05-16_14-05-49_jpeg_2024-05-16_14-05-49.webp.webp?fit=1200%2C675&ssl=1&resize=350%2C200","width":350,"height":200,"srcset":"https:\/\/i0.wp.com\/noticiasribeiraopreto.com.br\/wp-content\/uploads\/2024\/05\/WhatsApp-Image-2024-05-16-at-11.05.27_2024-05-16_14-05-49_jpeg_2024-05-16_14-05-49.webp.webp?fit=1200%2C675&ssl=1&resize=350%2C200 1x, https:\/\/i0.wp.com\/noticiasribeiraopreto.com.br\/wp-content\/uploads\/2024\/05\/WhatsApp-Image-2024-05-16-at-11.05.27_2024-05-16_14-05-49_jpeg_2024-05-16_14-05-49.webp.webp?fit=1200%2C675&ssl=1&resize=525%2C300 1.5x, https:\/\/i0.wp.com\/noticiasribeiraopreto.com.br\/wp-content\/uploads\/2024\/05\/WhatsApp-Image-2024-05-16-at-11.05.27_2024-05-16_14-05-49_jpeg_2024-05-16_14-05-49.webp.webp?fit=1200%2C675&ssl=1&resize=700%2C400 2x, https:\/\/i0.wp.com\/noticiasribeiraopreto.com.br\/wp-content\/uploads\/2024\/05\/WhatsApp-Image-2024-05-16-at-11.05.27_2024-05-16_14-05-49_jpeg_2024-05-16_14-05-49.webp.webp?fit=1200%2C675&ssl=1&resize=1050%2C600 3x"},"classes":[]},{"id":50418,"url":"https:\/\/noticiasribeiraopreto.com.br\/index.php\/2024\/05\/16\/morre-o-jornalista-esportivo-antero-greco-aos-69-anos-em-sao-paulo\/","url_meta":{"origin":72671,"position":3},"title":"Morre o jornalista esportivo Antero Greco, aos 69 anos, em S\u00e3o Paulo","author":"noticiasribeiraopreto.com.br","date":"16 de May de 2024","format":false,"excerpt":"Na madrugada desta quinta-feira (16), morreu o jornalista esportivo Antero Greco, aos 69 anos, em S\u00e3o Paulo. Ele estava internado tratando de um tumor no c\u00e9rebro, descoberto em junho de 2022. A informa\u00e7\u00e3o foi divulgada em nota pelo Hospital Benefic\u00eancia Portuguesa, onde estava internado para tratar a doen\u00e7a, e confirmada\u2026","rel":"","context":"In &quot;Not\u00edcias de Ribeir\u00e3o Preto-SP e Regi\u00e3o&quot;","block_context":{"text":"Not\u00edcias de Ribeir\u00e3o Preto-SP e Regi\u00e3o","link":"https:\/\/noticiasribeiraopreto.com.br\/index.php\/category\/noticias-de-ribeirao-preto-sp-e-regiao-ismael-colosi\/"},"img":{"alt_text":"","src":"https:\/\/i0.wp.com\/noticiasribeiraopreto.com.br\/wp-content\/uploads\/2024\/05\/Capturar_2024-05-16_13-12-36_jpg_2024-05-16_13-12-36.webp.webp?fit=918%2C509&ssl=1&resize=350%2C200","width":350,"height":200,"srcset":"https:\/\/i0.wp.com\/noticiasribeiraopreto.com.br\/wp-content\/uploads\/2024\/05\/Capturar_2024-05-16_13-12-36_jpg_2024-05-16_13-12-36.webp.webp?fit=918%2C509&ssl=1&resize=350%2C200 1x, https:\/\/i0.wp.com\/noticiasribeiraopreto.com.br\/wp-content\/uploads\/2024\/05\/Capturar_2024-05-16_13-12-36_jpg_2024-05-16_13-12-36.webp.webp?fit=918%2C509&ssl=1&resize=525%2C300 1.5x, https:\/\/i0.wp.com\/noticiasribeiraopreto.com.br\/wp-content\/uploads\/2024\/05\/Capturar_2024-05-16_13-12-36_jpg_2024-05-16_13-12-36.webp.webp?fit=918%2C509&ssl=1&resize=700%2C400 2x"},"classes":[]},{"id":72368,"url":"https:\/\/noticiasribeiraopreto.com.br\/index.php\/2025\/06\/16\/morre-homem-que-matou-mae-de-91-anos-na-regiao\/","url_meta":{"origin":72671,"position":4},"title":"Morre homem que matou m\u00e3e de 91 anos na regi\u00e3o","author":"noticiasribeiraopreto.com.br","date":"16 de June de 2025","format":false,"excerpt":"Ele estava preso em uma unidade prisional quando sofreu mal s\u00fabito 16 de junho de 2025 16:0216 de junho de 2025 16:055 Compartilhar1 Por: Adalberto Luque Morreu neste domingo (15) o homem que teria matado a pr\u00f3pria m\u00e3e, de 91 anos, com golpes de machadinha e barra de ferro em\u2026","rel":"","context":"In &quot;Not\u00edcias de Ribeir\u00e3o Preto-SP e Regi\u00e3o&quot;","block_context":{"text":"Not\u00edcias de Ribeir\u00e3o Preto-SP e Regi\u00e3o","link":"https:\/\/noticiasribeiraopreto.com.br\/index.php\/category\/noticias-de-ribeirao-preto-sp-e-regiao-ismael-colosi\/"},"img":{"alt_text":"","src":"https:\/\/i0.wp.com\/noticiasribeiraopreto.com.br\/wp-content\/uploads\/2025\/06\/09-jun-2025-maemortamatao01.jpg?fit=667%2C500&ssl=1&resize=350%2C200","width":350,"height":200,"srcset":"https:\/\/i0.wp.com\/noticiasribeiraopreto.com.br\/wp-content\/uploads\/2025\/06\/09-jun-2025-maemortamatao01.jpg?fit=667%2C500&ssl=1&resize=350%2C200 1x, https:\/\/i0.wp.com\/noticiasribeiraopreto.com.br\/wp-content\/uploads\/2025\/06\/09-jun-2025-maemortamatao01.jpg?fit=667%2C500&ssl=1&resize=525%2C300 1.5x"},"classes":[]},{"id":72513,"url":"https:\/\/noticiasribeiraopreto.com.br\/index.php\/2025\/06\/17\/morre-fotografo-osmar-cardes-aos-88-anos\/","url_meta":{"origin":72671,"position":5},"title":"Morre fot\u00f3grafo Osmar Cardes, aos 88 anos","author":"noticiasribeiraopreto.com.br","date":"17 de June de 2025","format":false,"excerpt":"O fot\u00f3grafo Osmar Cardes morreu no final da tarde desta ter\u00e7a-feira (17), aos 88 anos. Nascido em Pontal, Cardes atuou nos principais jornais de Ribeir\u00e3o Preto nas d\u00e9cadas de 1970 e 1980. Em 1984, Cardes recebeu o Pr\u00eamio Vladimir Herzog de Fotojornalismo, por uma imagem feita durante a cobertura do\u2026","rel":"","context":"In &quot;Not\u00edcias de Ribeir\u00e3o Preto-SP e Regi\u00e3o&quot;","block_context":{"text":"Not\u00edcias de Ribeir\u00e3o Preto-SP e Regi\u00e3o","link":"https:\/\/noticiasribeiraopreto.com.br\/index.php\/category\/noticias-de-ribeirao-preto-sp-e-regiao-ismael-colosi\/"},"img":{"alt_text":"","src":"https:\/\/i0.wp.com\/noticiasribeiraopreto.com.br\/wp-content\/uploads\/2025\/06\/Copia-de-Copia-de-Copia-de-TAMANHO-EXATO-PARA-FOTOS-NO-SISTEMA-NOVO-2025-06-17T194821.462_2025-06-17_22-48-34.webp.webp?fit=1200%2C675&ssl=1&resize=350%2C200","width":350,"height":200,"srcset":"https:\/\/i0.wp.com\/noticiasribeiraopreto.com.br\/wp-content\/uploads\/2025\/06\/Copia-de-Copia-de-Copia-de-TAMANHO-EXATO-PARA-FOTOS-NO-SISTEMA-NOVO-2025-06-17T194821.462_2025-06-17_22-48-34.webp.webp?fit=1200%2C675&ssl=1&resize=350%2C200 1x, https:\/\/i0.wp.com\/noticiasribeiraopreto.com.br\/wp-content\/uploads\/2025\/06\/Copia-de-Copia-de-Copia-de-TAMANHO-EXATO-PARA-FOTOS-NO-SISTEMA-NOVO-2025-06-17T194821.462_2025-06-17_22-48-34.webp.webp?fit=1200%2C675&ssl=1&resize=525%2C300 1.5x, https:\/\/i0.wp.com\/noticiasribeiraopreto.com.br\/wp-content\/uploads\/2025\/06\/Copia-de-Copia-de-Copia-de-TAMANHO-EXATO-PARA-FOTOS-NO-SISTEMA-NOVO-2025-06-17T194821.462_2025-06-17_22-48-34.webp.webp?fit=1200%2C675&ssl=1&resize=700%2C400 2x, https:\/\/i0.wp.com\/noticiasribeiraopreto.com.br\/wp-content\/uploads\/2025\/06\/Copia-de-Copia-de-Copia-de-TAMANHO-EXATO-PARA-FOTOS-NO-SISTEMA-NOVO-2025-06-17T194821.462_2025-06-17_22-48-34.webp.webp?fit=1200%2C675&ssl=1&resize=1050%2C600 3x"},"classes":[]}],"jetpack_sharing_enabled":true,"jetpack_shortlink":"https:\/\/wp.me\/peQAOb-iU7","_links":{"self":[{"href":"https:\/\/noticiasribeiraopreto.com.br\/index.php\/wp-json\/wp\/v2\/posts\/72671","targetHints":{"allow":["GET"]}}],"collection":[{"href":"https:\/\/noticiasribeiraopreto.com.br\/index.php\/wp-json\/wp\/v2\/posts"}],"about":[{"href":"https:\/\/noticiasribeiraopreto.com.br\/index.php\/wp-json\/wp\/v2\/types\/post"}],"author":[{"embeddable":true,"href":"https:\/\/noticiasribeiraopreto.com.br\/index.php\/wp-json\/wp\/v2\/users\/1"}],"replies":[{"embeddable":true,"href":"https:\/\/noticiasribeiraopreto.com.br\/index.php\/wp-json\/wp\/v2\/comments?post=72671"}],"version-history":[{"count":0,"href":"https:\/\/noticiasribeiraopreto.com.br\/index.php\/wp-json\/wp\/v2\/posts\/72671\/revisions"}],"wp:featuredmedia":[{"embeddable":true,"href":"https:\/\/noticiasribeiraopreto.com.br\/index.php\/wp-json\/wp\/v2\/media\/72672"}],"wp:attachment":[{"href":"https:\/\/noticiasribeiraopreto.com.br\/index.php\/wp-json\/wp\/v2\/media?parent=72671"}],"wp:term":[{"taxonomy":"category","embeddable":true,"href":"https:\/\/noticiasribeiraopreto.com.br\/index.php\/wp-json\/wp\/v2\/categories?post=72671"},{"taxonomy":"post_tag","embeddable":true,"href":"https:\/\/noticiasribeiraopreto.com.br\/index.php\/wp-json\/wp\/v2\/tags?post=72671"}],"curies":[{"name":"wp","href":"https:\/\/api.w.org\/{rel}","templated":true}]}}