{"id":72675,"date":"2025-06-19T19:26:19","date_gmt":"2025-06-19T22:26:19","guid":{"rendered":"https:\/\/noticiasribeiraopreto.com.br\/index.php\/2025\/06\/19\/camara-aprova-projeto-que-regulamenta-espacos-pet-friendly-no-comercio-de-ribeirao\/"},"modified":"2025-06-19T19:26:19","modified_gmt":"2025-06-19T22:26:19","slug":"camara-aprova-projeto-que-regulamenta-espacos-pet-friendly-no-comercio-de-ribeirao","status":"publish","type":"post","link":"https:\/\/noticiasribeiraopreto.com.br\/index.php\/2025\/06\/19\/camara-aprova-projeto-que-regulamenta-espacos-pet-friendly-no-comercio-de-ribeirao\/","title":{"rendered":"C\u00e2mara aprova projeto que regulamenta espa\u00e7os &#8216;pet friendly&#8217; no com\u00e9rcio de Ribeir\u00e3o"},"content":{"rendered":"<p> <br \/>\n<\/p>\n<div>\n<p>A <strong>C\u00e2mara de Ribeir\u00e3o Preto <\/strong>aprovou na noite da \u00faltima quarta-feira (18), o <strong><a href=\"https:\/\/publico.camararibeiraopreto.sp.gov.br\/pysc\/download_materia_pysc?cod_materia=NDU5NDM1&amp;texto_original=1\" target=\"_blank\" rel=\"noreferrer noopener\">Projeto de Lei n\u00ba 110\/2025<\/a><\/strong>, que <strong>regulamenta o funcionamento de estabelecimentos comerciais <em>pet friendly<\/em><\/strong> \u2014 locais que permitem a entrada e perman\u00eancia de animais de estima\u00e7\u00e3o.<\/p>\n<p>A proposta, do vereador <strong>Danilo Scochi (MDB)<\/strong>, recebeu 20 votos favor\u00e1veis e agora <strong>segue para san\u00e7\u00e3o do prefeito Ricardo Silva (PSD)<\/strong>. <mark style=\"background-color:#fcb900\" class=\"has-inline-color\">O documento define regras para a entrada de pets em com\u00e9rcios, priorizando seguran\u00e7a, higiene e bem-estar.<\/mark><\/p>\n<p>A <strong>ades\u00e3o \u00e9 opcional<\/strong>, portanto, os locais que optarem por receber animais de estima\u00e7\u00e3o informar isso de forma vis\u00edvel e seguir normas espec\u00edficas \u2013 veja abaixo.<\/p>\n<h2 class=\"wp-block-heading\"><strong>O que \u00e9?<\/strong><\/h2>\n<p>De acordo com a justificativa do vereador, <strong>o projeto pretende criar par\u00e2metros legais m\u00ednimos<\/strong> para que um estabelecimento possa denominar-se<em><strong> pet friendly<\/strong><\/em>, \u201cn\u00e3o s\u00f3 para assegurar a boa conviv\u00eancia entre os humanos e os animais de estima\u00e7\u00e3o, mas, principalmente, para resguardar o bem-estar animal\u201d.<\/p>\n<h3 class=\"wp-block-heading\"><strong>Quais normas devem ser respeitadas?<\/strong><\/h3>\n<p>Segundo o texto, entre as exig\u00eancias, est\u00e1 a presen\u00e7a constante do tutor com o animal, <strong>que n\u00e3o poder\u00e1 ficar solto<\/strong>, <strong>amarrado <\/strong>ou <strong>desacompanhado<\/strong>.<\/p>\n<p>Al\u00e9m disso, ser\u00e1 responsabilidade do tutor recolher res\u00edduos imediatamente e acionar a equipe de limpeza, se necess\u00e1rio. Confira:<\/p>\n<ul class=\"wp-block-list\">\n<li>Todos os animais devem estar sob supervis\u00e3o e controle de um adulto;<\/li>\n<\/ul>\n<ul class=\"wp-block-list\">\n<li>Os animais devem ser mantidos sempre sob o controle do tutor, n\u00e3o podendo circular livremente pelo estabelecimento, nem serem deixados desacompanhados, tampouco amarrados a objetos ou m\u00f3veis;<\/li>\n<\/ul>\n<ul class=\"wp-block-list\">\n<li>Os animais de estima\u00e7\u00e3o podem ser levados para o banheiro para acompanhar o seu tutor, mas n\u00e3o podem utilizar as pias para beber \u00e1gua ou se higienizar;<\/li>\n<\/ul>\n<ul class=\"wp-block-list\">\n<li>Os tutores de animais de estima\u00e7\u00e3o devem trazer consigo embalagens adequadas para recolher res\u00edduos e, se necess\u00e1rio, len\u00e7os de limpeza, devendo evitar que os seus animais de estima\u00e7\u00e3o fa\u00e7am as suas necessidades dentro dos estabelecimentos; caso aconte\u00e7a, o tutor deve recolher imediatamente os res\u00edduos, notificando o estabelecimento para que a \u00e1rea seja desinfetada pela equipe de limpeza;<\/li>\n<\/ul>\n<ul class=\"wp-block-list\">\n<li>Para garantir a seguran\u00e7a dos clientes e evitar situa\u00e7\u00f5es de perigo ou desconforto para pessoas ou para os animais, o estabelecimento reserva-se o direito de controlar a entrada de animais de estima\u00e7\u00e3o que representem perigo;<\/li>\n<\/ul>\n<ul class=\"wp-block-list\">\n<li>A lei pro\u00edbe a entrada e perman\u00eancia de animais em pra\u00e7as de alimenta\u00e7\u00e3o, exceto quando o local oferece espa\u00e7os reservados para isso.<\/li>\n<\/ul>\n<ul class=\"wp-block-list\">\n<li>Para garantir o bem-estar animal, os estabelecimentos Pet Friendly dever\u00e3o ser adequadamente ventilados, iluminados e destinar local para o fornecimento de \u00e1gua pot\u00e1vel para o consumo dos animais de estima\u00e7\u00e3o, cabendo aos tutores portarem utens\u00edlio apto a capt\u00e1-la.<\/li>\n<\/ul>\n<h2 class=\"wp-block-heading\"><strong>Fiscaliza\u00e7\u00e3o<\/strong><\/h2>\n<p>O descumprimento da norma poder\u00e1 gerar <strong>advert\u00eancia <\/strong>e, em casos mais graves, <strong>notifica\u00e7\u00e3o \u00e0 vigil\u00e2ncia sanit\u00e1ria<\/strong>. Os tutores tamb\u00e9m responder\u00e3o por danos causados pelos animais.<\/p>\n<p>Vale dizer que a proposta <strong>mant\u00e9m o acesso irrestrito de c\u00e3es-guia e de assist\u00eancia<\/strong>, conforme prev\u00ea a legisla\u00e7\u00e3o federal.<\/p>\n<hr class=\"wp-block-separator has-alpha-channel-opacity\"\/>\n<p>SAIBA MAIS<\/p>\n<p>Associa\u00e7\u00f5es reagem \u00e0 restri\u00e7\u00e3o de hor\u00e1rio e consumo em adegas e tabacarias de Ribeir\u00e3o<\/p>\n<h2 class=\"wp-block-heading\"><strong>FIQUE ON<\/strong><\/h2>\n<p>Quer ficar por dentro de tudo que acontece em Ribeir\u00e3o Preto e regi\u00e3o? Ent\u00e3o siga os perfis do\u202facidade on\u202fno\u202f<a href=\"https:\/\/www.instagram.com\/acidadeonribeirao\" target=\"_blank\" rel=\"noreferrer noopener\">Instagram<\/a>\u202fe no\u202f<a href=\"https:\/\/www.facebook.com\/acidadeonribeirao\/\" target=\"_blank\" rel=\"noreferrer noopener\">Facebook<\/a>.<\/p>\n<p>Al\u00e9m disso, voc\u00ea pode receber as principais not\u00edcias diretamente no WhatsApp. Para isso, basta\u00a0<a href=\"https:\/\/chat.whatsapp.com\/BjKQZ9oJwlz8VVT50NuePq\" target=\"_blank\" rel=\"noreferrer noopener\">entrar no grupo clicando aqui<\/a>.<\/p>\n<p>Por fim, se quiser fazer uma den\u00fancia ou sugerir uma reportagem sobre Ribeir\u00e3o Preto e regi\u00e3o, envie uma mensagem pelo WhatsApp: (16) 99117-7802.<\/p>\n<p>VEJA TAMB\u00c9M<\/p>\n<p>PATAPON 1+2 REPLAY recebe novo trailer<\/p>\n<p><!-- CONTENT END 1 -->\n<\/div>\n<p><script async src=\"\/\/www.instagram.com\/embed.js\"><\/script><br \/>\n<br \/><br \/>\n<br \/><a href=\"https:\/\/www.acidadeon.com\/ribeiraopreto\/politica\/camara-aprova-projeto-que-regulamenta-espacos-pet-friendly-no-comercio-de-ribeirao\/\">Source link <\/a><\/p>\n","protected":false},"excerpt":{"rendered":"<p>A C\u00e2mara de Ribeir\u00e3o Preto aprovou na noite da \u00faltima quarta-feira (18), o Projeto de Lei n\u00ba 110\/2025, que regulamenta o funcionamento de estabelecimentos comerciais&#8230;<\/p>\n","protected":false},"author":1,"featured_media":72676,"comment_status":"open","ping_status":"open","sticky":false,"template":"","format":"standard","meta":{"advanced_seo_description":"","jetpack_seo_html_title":"","jetpack_seo_noindex":false,"jetpack_post_was_ever_published":false,"_jetpack_newsletter_access":"","_jetpack_dont_email_post_to_subs":false,"_jetpack_newsletter_tier_id":0,"_jetpack_memberships_contains_paywalled_content":false,"_jetpack_memberships_contains_paid_content":false,"footnotes":"","jetpack_publicize_message":"","jetpack_publicize_feature_enabled":true,"jetpack_social_post_already_shared":true,"jetpack_social_options":{"image_generator_settings":{"template":"highway","default_image_id":0,"font":"","enabled":false},"version":2}},"categories":[11],"tags":[],"class_list":["post-72675","post","type-post","status-publish","format-standard","has-post-thumbnail","hentry","category-noticias-de-ribeirao-preto-sp-e-regiao-ismael-colosi"],"jetpack_publicize_connections":[],"jetpack_featured_media_url":"https:\/\/i0.wp.com\/noticiasribeiraopreto.com.br\/wp-content\/uploads\/2025\/06\/AnyConv.com__cao-parque_2024-05-17_14-01-46.webp.webp?fit=1195%2C856&ssl=1","jetpack-related-posts":[{"id":74032,"url":"https:\/\/noticiasribeiraopreto.com.br\/index.php\/2025\/07\/14\/ribeirao-preto-tem-novas-regras-para-espacos-pet-friendly-confira\/","url_meta":{"origin":72675,"position":0},"title":"Ribeir\u00e3o Preto tem novas regras para espa\u00e7os Pet Friendly; confira","author":"noticiasribeiraopreto.com.br","date":"14 de July de 2025","format":false,"excerpt":"Foi sancionada nesta segunda-feira (14) a lei que estabelece novas regras para espa\u00e7os Pet Friendly em Ribeir\u00e3o Preto. O texto, de autoria do vereador Danilo Scochi (MDB), define normas para a entrada e perman\u00eancia de animais de estima\u00e7\u00e3o em estabelecimentos como shoppings, hot\u00e9is, restaurantes, bares e similares. A nova lei\u2026","rel":"","context":"In &quot;Not\u00edcias de Ribeir\u00e3o Preto-SP e Regi\u00e3o&quot;","block_context":{"text":"Not\u00edcias de Ribeir\u00e3o Preto-SP e Regi\u00e3o","link":"https:\/\/noticiasribeiraopreto.com.br\/index.php\/category\/noticias-de-ribeirao-preto-sp-e-regiao-ismael-colosi\/"},"img":{"alt_text":"","src":"https:\/\/i0.wp.com\/noticiasribeiraopreto.com.br\/wp-content\/uploads\/2025\/07\/Copia-de-Copia-de-Copia-de-TAMANHO-EXATO-PARA-FOTOS-NO-SISTEMA-NOVO-2025-07-14T180036.822_2025-07-14_21-00-50.webp.webp?fit=1200%2C675&ssl=1&resize=350%2C200","width":350,"height":200,"srcset":"https:\/\/i0.wp.com\/noticiasribeiraopreto.com.br\/wp-content\/uploads\/2025\/07\/Copia-de-Copia-de-Copia-de-TAMANHO-EXATO-PARA-FOTOS-NO-SISTEMA-NOVO-2025-07-14T180036.822_2025-07-14_21-00-50.webp.webp?fit=1200%2C675&ssl=1&resize=350%2C200 1x, https:\/\/i0.wp.com\/noticiasribeiraopreto.com.br\/wp-content\/uploads\/2025\/07\/Copia-de-Copia-de-Copia-de-TAMANHO-EXATO-PARA-FOTOS-NO-SISTEMA-NOVO-2025-07-14T180036.822_2025-07-14_21-00-50.webp.webp?fit=1200%2C675&ssl=1&resize=525%2C300 1.5x, https:\/\/i0.wp.com\/noticiasribeiraopreto.com.br\/wp-content\/uploads\/2025\/07\/Copia-de-Copia-de-Copia-de-TAMANHO-EXATO-PARA-FOTOS-NO-SISTEMA-NOVO-2025-07-14T180036.822_2025-07-14_21-00-50.webp.webp?fit=1200%2C675&ssl=1&resize=700%2C400 2x, https:\/\/i0.wp.com\/noticiasribeiraopreto.com.br\/wp-content\/uploads\/2025\/07\/Copia-de-Copia-de-Copia-de-TAMANHO-EXATO-PARA-FOTOS-NO-SISTEMA-NOVO-2025-07-14T180036.822_2025-07-14_21-00-50.webp.webp?fit=1200%2C675&ssl=1&resize=1050%2C600 3x"},"classes":[]},{"id":74108,"url":"https:\/\/noticiasribeiraopreto.com.br\/index.php\/2025\/07\/16\/sancionada-lei-com-regras-para-areas-pet\/","url_meta":{"origin":72675,"position":1},"title":"Sancionada lei com regras para \u00e1reas pet","author":"noticiasribeiraopreto.com.br","date":"16 de July de 2025","format":false,"excerpt":"16 de julho de 2025 10:3016 de julho de 2025 09:0611 Compartilhar0 O prefeito Ricardo Silva (PSD) sancionou a lei n\u00famero 15.104\/2025 que cria regras para os espa\u00e7os \u201cpet friendly\u201d em Ribeir\u00e3o Preto, segundo publica\u00e7\u00e3o no Di\u00e1rio Oficial do Munic\u00edpio (DOM) de segunda-feira, 14 de julho. O autor do projeto\u2026","rel":"","context":"In &quot;Not\u00edcias de Ribeir\u00e3o Preto-SP e Regi\u00e3o&quot;","block_context":{"text":"Not\u00edcias de Ribeir\u00e3o Preto-SP e Regi\u00e3o","link":"https:\/\/noticiasribeiraopreto.com.br\/index.php\/category\/noticias-de-ribeirao-preto-sp-e-regiao-ismael-colosi\/"},"img":{"alt_text":"","src":"https:\/\/i0.wp.com\/noticiasribeiraopreto.com.br\/wp-content\/uploads\/2025\/07\/EspacoPET-Guilherme-Sircili-scaled.jpg?fit=1170%2C780&ssl=1&resize=350%2C200","width":350,"height":200,"srcset":"https:\/\/i0.wp.com\/noticiasribeiraopreto.com.br\/wp-content\/uploads\/2025\/07\/EspacoPET-Guilherme-Sircili-scaled.jpg?fit=1170%2C780&ssl=1&resize=350%2C200 1x, https:\/\/i0.wp.com\/noticiasribeiraopreto.com.br\/wp-content\/uploads\/2025\/07\/EspacoPET-Guilherme-Sircili-scaled.jpg?fit=1170%2C780&ssl=1&resize=525%2C300 1.5x, https:\/\/i0.wp.com\/noticiasribeiraopreto.com.br\/wp-content\/uploads\/2025\/07\/EspacoPET-Guilherme-Sircili-scaled.jpg?fit=1170%2C780&ssl=1&resize=700%2C400 2x, https:\/\/i0.wp.com\/noticiasribeiraopreto.com.br\/wp-content\/uploads\/2025\/07\/EspacoPET-Guilherme-Sircili-scaled.jpg?fit=1170%2C780&ssl=1&resize=1050%2C600 3x"},"classes":[]},{"id":64729,"url":"https:\/\/noticiasribeiraopreto.com.br\/index.php\/2025\/03\/11\/ribeirao-preto-tera-farmacia-veterinaria-popular-para-facilitar-acesso-a-medicamentos-para-pets\/","url_meta":{"origin":72675,"position":2},"title":"Ribeir\u00e3o Preto ter\u00e1 Farm\u00e1cia Veterin\u00e1ria Popular para facilitar acesso a medicamentos para pets","author":"noticiasribeiraopreto.com.br","date":"11 de March de 2025","format":false,"excerpt":"A C\u00e2mara Municipal de Ribeir\u00e3o Preto aprovou, no \u00faltimo m\u00eas, a cria\u00e7\u00e3o da Farm\u00e1cia Veterin\u00e1ria Popular, um projeto pioneiro que visa oferecer medicamentos a pre\u00e7os acess\u00edveis ou gratuitos para tutores de animais em situa\u00e7\u00e3o de vulnerabilidade social. A iniciativa, de autoria do vereador Maur\u00edcio Gasparini (Uni\u00e3o), tem como objetivo facilitar\u2026","rel":"","context":"In &quot;Not\u00edcias de Ribeir\u00e3o Preto-SP e Regi\u00e3o&quot;","block_context":{"text":"Not\u00edcias de Ribeir\u00e3o Preto-SP e Regi\u00e3o","link":"https:\/\/noticiasribeiraopreto.com.br\/index.php\/category\/noticias-de-ribeirao-preto-sp-e-regiao-ismael-colosi\/"},"img":{"alt_text":"","src":"https:\/\/i0.wp.com\/noticiasribeiraopreto.com.br\/wp-content\/uploads\/2025\/03\/sessao_ordinaria_27022025_foto_thaisa_coroado-08-scaled.jpg?fit=1200%2C800&ssl=1&resize=350%2C200","width":350,"height":200,"srcset":"https:\/\/i0.wp.com\/noticiasribeiraopreto.com.br\/wp-content\/uploads\/2025\/03\/sessao_ordinaria_27022025_foto_thaisa_coroado-08-scaled.jpg?fit=1200%2C800&ssl=1&resize=350%2C200 1x, https:\/\/i0.wp.com\/noticiasribeiraopreto.com.br\/wp-content\/uploads\/2025\/03\/sessao_ordinaria_27022025_foto_thaisa_coroado-08-scaled.jpg?fit=1200%2C800&ssl=1&resize=525%2C300 1.5x, https:\/\/i0.wp.com\/noticiasribeiraopreto.com.br\/wp-content\/uploads\/2025\/03\/sessao_ordinaria_27022025_foto_thaisa_coroado-08-scaled.jpg?fit=1200%2C800&ssl=1&resize=700%2C400 2x, https:\/\/i0.wp.com\/noticiasribeiraopreto.com.br\/wp-content\/uploads\/2025\/03\/sessao_ordinaria_27022025_foto_thaisa_coroado-08-scaled.jpg?fit=1200%2C800&ssl=1&resize=1050%2C600 3x"},"classes":[]},{"id":82581,"url":"https:\/\/noticiasribeiraopreto.com.br\/index.php\/2026\/02\/20\/vereadores-aprovam-enterro-de-pets-em-jazigo-de-tutores\/","url_meta":{"origin":72675,"position":3},"title":"Vereadores aprovam enterro \u2028de pets em jazigo de tutores","author":"noticiasribeiraopreto.com.br","date":"20 de February de 2026","format":false,"excerpt":"\r \r \r 20 de fevereiro de 2026 07:37 \r Compartilhar0 Proposta municipal aprovada \u00e9 semelhante a legisla\u00e7\u00e3o estadual que entrou em vigor no come\u00e7o de fevereiro A C\u00e2mara de Ribeir\u00e3o Preto aprovou, por unanimidade, na sess\u00e3o de quarta-feira, 18 de fevereiro, projeto de lei do vereador Rangel Scandiuzzi (PSD)\u2026","rel":"","context":"In &quot;Not\u00edcias de Ribeir\u00e3o Preto-SP e Regi\u00e3o&quot;","block_context":{"text":"Not\u00edcias de Ribeir\u00e3o Preto-SP e Regi\u00e3o","link":"https:\/\/noticiasribeiraopreto.com.br\/index.php\/category\/noticias-de-ribeirao-preto-sp-e-regiao-ismael-colosi\/"},"img":{"alt_text":"","src":"https:\/\/i0.wp.com\/noticiasribeiraopreto.com.br\/wp-content\/uploads\/2026\/02\/JazigoSP-Marcello-Casal-Jr.-Ag.Br_.jpg?fit=1170%2C700&ssl=1&resize=350%2C200","width":350,"height":200,"srcset":"https:\/\/i0.wp.com\/noticiasribeiraopreto.com.br\/wp-content\/uploads\/2026\/02\/JazigoSP-Marcello-Casal-Jr.-Ag.Br_.jpg?fit=1170%2C700&ssl=1&resize=350%2C200 1x, https:\/\/i0.wp.com\/noticiasribeiraopreto.com.br\/wp-content\/uploads\/2026\/02\/JazigoSP-Marcello-Casal-Jr.-Ag.Br_.jpg?fit=1170%2C700&ssl=1&resize=525%2C300 1.5x, https:\/\/i0.wp.com\/noticiasribeiraopreto.com.br\/wp-content\/uploads\/2026\/02\/JazigoSP-Marcello-Casal-Jr.-Ag.Br_.jpg?fit=1170%2C700&ssl=1&resize=700%2C400 2x, https:\/\/i0.wp.com\/noticiasribeiraopreto.com.br\/wp-content\/uploads\/2026\/02\/JazigoSP-Marcello-Casal-Jr.-Ag.Br_.jpg?fit=1170%2C700&ssl=1&resize=1050%2C600 3x"},"classes":[]},{"id":79380,"url":"https:\/\/noticiasribeiraopreto.com.br\/index.php\/2025\/10\/30\/ribeirao-preto-recebe-o-caolloween-com-desfile-tematico-musica-e-adocao-de-pets\/","url_meta":{"origin":72675,"position":4},"title":"Ribeir\u00e3o Preto recebe o &#8216;C\u00e3olloween&#8217; com desfile tem\u00e1tico, m\u00fasica e ado\u00e7\u00e3o de pets","author":"noticiasribeiraopreto.com.br","date":"30 de October de 2025","format":false,"excerpt":"Ribeir\u00e3o Preto se prepara para recebe neste final de semana, o C\u00e3olloween, evento que combina divers\u00e3o, cultura e solidariedade. A programa\u00e7\u00e3o do C\u00e3olloween ser\u00e1 realizada na Pra\u00e7a Sete de Setembro, neste s\u00e1bado (1\u00ba), a partir das 9h, com entrada gratuita para todo o p\u00fablico. O destaque do evento fica por\u2026","rel":"","context":"In &quot;Not\u00edcias de Ribeir\u00e3o Preto-SP e Regi\u00e3o&quot;","block_context":{"text":"Not\u00edcias de Ribeir\u00e3o Preto-SP e Regi\u00e3o","link":"https:\/\/noticiasribeiraopreto.com.br\/index.php\/category\/noticias-de-ribeirao-preto-sp-e-regiao-ismael-colosi\/"},"img":{"alt_text":"","src":"https:\/\/i0.wp.com\/noticiasribeiraopreto.com.br\/wp-content\/uploads\/2025\/10\/terror-11_2025-10-30_19-32-35.webp.webp?fit=1200%2C675&ssl=1&resize=350%2C200","width":350,"height":200,"srcset":"https:\/\/i0.wp.com\/noticiasribeiraopreto.com.br\/wp-content\/uploads\/2025\/10\/terror-11_2025-10-30_19-32-35.webp.webp?fit=1200%2C675&ssl=1&resize=350%2C200 1x, https:\/\/i0.wp.com\/noticiasribeiraopreto.com.br\/wp-content\/uploads\/2025\/10\/terror-11_2025-10-30_19-32-35.webp.webp?fit=1200%2C675&ssl=1&resize=525%2C300 1.5x, https:\/\/i0.wp.com\/noticiasribeiraopreto.com.br\/wp-content\/uploads\/2025\/10\/terror-11_2025-10-30_19-32-35.webp.webp?fit=1200%2C675&ssl=1&resize=700%2C400 2x, https:\/\/i0.wp.com\/noticiasribeiraopreto.com.br\/wp-content\/uploads\/2025\/10\/terror-11_2025-10-30_19-32-35.webp.webp?fit=1200%2C675&ssl=1&resize=1050%2C600 3x"},"classes":[]},{"id":49214,"url":"https:\/\/noticiasribeiraopreto.com.br\/index.php\/2024\/05\/09\/caes-e-gatos-poderao-viajar-junto-com-os-passageiros-nos-avioes-entenda\/","url_meta":{"origin":72675,"position":5},"title":"C\u00e3es e gatos poder\u00e3o viajar junto com os passageiros nos avi\u00f5es; Entenda","author":"noticiasribeiraopreto.com.br","date":"9 de May de 2024","format":false,"excerpt":"A C\u00e2mara dos Deputados aprovou nesta quarta-feira (8) um projeto de lei que obriga as companhias a\u00e9reas a ofertar servi\u00e7o de transporte c\u00e3es e gatos na cabine das aeronaves. Pelo projeto, os animais de estima\u00e7\u00e3o poder\u00e3o viajar junto com os passageiros em voos dom\u00e9sticos. Para entrar em vigor, a mat\u00e9ria\u2026","rel":"","context":"In &quot;Not\u00edcias de Ribeir\u00e3o Preto-SP e Regi\u00e3o&quot;","block_context":{"text":"Not\u00edcias de Ribeir\u00e3o Preto-SP e Regi\u00e3o","link":"https:\/\/noticiasribeiraopreto.com.br\/index.php\/category\/noticias-de-ribeirao-preto-sp-e-regiao-ismael-colosi\/"},"img":{"alt_text":"","src":"https:\/\/i0.wp.com\/noticiasribeiraopreto.com.br\/wp-content\/uploads\/2024\/05\/joca_2024-05-09_13-52-59_jpg_2024-05-09_13-52-59.webp.webp?fit=750%2C691&ssl=1&resize=350%2C200","width":350,"height":200,"srcset":"https:\/\/i0.wp.com\/noticiasribeiraopreto.com.br\/wp-content\/uploads\/2024\/05\/joca_2024-05-09_13-52-59_jpg_2024-05-09_13-52-59.webp.webp?fit=750%2C691&ssl=1&resize=350%2C200 1x, https:\/\/i0.wp.com\/noticiasribeiraopreto.com.br\/wp-content\/uploads\/2024\/05\/joca_2024-05-09_13-52-59_jpg_2024-05-09_13-52-59.webp.webp?fit=750%2C691&ssl=1&resize=525%2C300 1.5x, https:\/\/i0.wp.com\/noticiasribeiraopreto.com.br\/wp-content\/uploads\/2024\/05\/joca_2024-05-09_13-52-59_jpg_2024-05-09_13-52-59.webp.webp?fit=750%2C691&ssl=1&resize=700%2C400 2x"},"classes":[]}],"jetpack_sharing_enabled":true,"jetpack_shortlink":"https:\/\/wp.me\/peQAOb-iUb","_links":{"self":[{"href":"https:\/\/noticiasribeiraopreto.com.br\/index.php\/wp-json\/wp\/v2\/posts\/72675","targetHints":{"allow":["GET"]}}],"collection":[{"href":"https:\/\/noticiasribeiraopreto.com.br\/index.php\/wp-json\/wp\/v2\/posts"}],"about":[{"href":"https:\/\/noticiasribeiraopreto.com.br\/index.php\/wp-json\/wp\/v2\/types\/post"}],"author":[{"embeddable":true,"href":"https:\/\/noticiasribeiraopreto.com.br\/index.php\/wp-json\/wp\/v2\/users\/1"}],"replies":[{"embeddable":true,"href":"https:\/\/noticiasribeiraopreto.com.br\/index.php\/wp-json\/wp\/v2\/comments?post=72675"}],"version-history":[{"count":0,"href":"https:\/\/noticiasribeiraopreto.com.br\/index.php\/wp-json\/wp\/v2\/posts\/72675\/revisions"}],"wp:featuredmedia":[{"embeddable":true,"href":"https:\/\/noticiasribeiraopreto.com.br\/index.php\/wp-json\/wp\/v2\/media\/72676"}],"wp:attachment":[{"href":"https:\/\/noticiasribeiraopreto.com.br\/index.php\/wp-json\/wp\/v2\/media?parent=72675"}],"wp:term":[{"taxonomy":"category","embeddable":true,"href":"https:\/\/noticiasribeiraopreto.com.br\/index.php\/wp-json\/wp\/v2\/categories?post=72675"},{"taxonomy":"post_tag","embeddable":true,"href":"https:\/\/noticiasribeiraopreto.com.br\/index.php\/wp-json\/wp\/v2\/tags?post=72675"}],"curies":[{"name":"wp","href":"https:\/\/api.w.org\/{rel}","templated":true}]}}