{"id":72677,"date":"2025-06-19T19:32:58","date_gmt":"2025-06-19T22:32:58","guid":{"rendered":"https:\/\/noticiasribeiraopreto.com.br\/index.php\/2025\/06\/19\/morre-francisco-cuoco-um-dos-grandes-nomes-da-tv-brasileira-aos-91-anos\/"},"modified":"2025-06-19T19:32:58","modified_gmt":"2025-06-19T22:32:58","slug":"morre-francisco-cuoco-um-dos-grandes-nomes-da-tv-brasileira-aos-91-anos","status":"publish","type":"post","link":"https:\/\/noticiasribeiraopreto.com.br\/index.php\/2025\/06\/19\/morre-francisco-cuoco-um-dos-grandes-nomes-da-tv-brasileira-aos-91-anos\/","title":{"rendered":"Morre Francisco Cuoco, um dos grandes nomes da TV brasileira, aos 91 anos"},"content":{"rendered":"<p> <br \/>\n<\/p>\n<div>\n<p><strong>Francisco Cuoco<\/strong>, um nome marcante na dramaturgia brasileira, morreu nesta quinta-feira (19), aos 91 anos, em S\u00e3o Paulo. <strong>A informa\u00e7\u00e3o foi confirmada pela fam\u00edlia ao jornal Folha de S.Paulo<\/strong>.<\/p>\n<p>De acordo com as informa\u00e7\u00f5es, <strong>Cuoco <\/strong>estava internado no <strong>hospital Albert Eisten <\/strong>h\u00e1 pelo menos 20 dias. <mark style=\"background-color:#fcb900\" class=\"has-inline-color\">A causa da morte n\u00e3o foi divulgada<\/mark>, contudo, o artista sofria complica\u00e7\u00f5es de sa\u00fade devido a idade e a um ferimento que infeccionou.<\/p>\n<h2 class=\"wp-block-heading\"><strong>Trajet\u00f3ria<\/strong><\/h2>\n<p><strong>Francisco Cuoco<\/strong> nasceu em S\u00e3o Paulo, em 29 de novembro de 1933. O desejo de ser ator surgiu ainda na inf\u00e2ncia, quando morava no bairro do Br\u00e1s, j\u00e1 que em frente \u00e0 resid\u00eancia que vivia com os pais e a irm\u00e3, um picadeiro surgia de vez em quando.<\/p>\n<p>Ao longo dos mais de 50 anos de carreira, atuou no teatro, cinema e televis\u00e3o. Fez parte do <strong>TBC (Teatro Brasileiro de Com\u00e9dia)<\/strong> e do <strong>Teatro dos Sete<\/strong>, grupo teatral fundado no Rio de Janeiro e formado por Gianni Ratto, Fernanda Montenegro, Fernando Torres, S\u00e9rgio Britto, \u00cdtalo Rossi, Alfredo Souto de Almeida e Luciana Petruccelli.<\/p>\n<p>Considera o <strong>gal\u00e3 de diversas novelas brasileiras<\/strong>, estreou no elenco do \u201cGrande Teatro Tupi\u201d. Tamb\u00e9m fez parte de outras obras, como \u201cMarcados Pelo Amor\u201d, \u201cReden\u00e7\u00e3o\u201d e \u201cLegi\u00e3o dos Esquecidos\u201d.<\/p>\n<p>Estreou na <strong>Globo <\/strong>em 1970, com o padre Vitor de \u201cAssim na Terra Como no C\u00e9u\u201d. Seus \u00faltimos trabalhos foram em \u201cSol Nascente\u201d (2016), \u201cSegundo Sol\u201d (2018) e \u201cSalve-se Quem Puder (2020)\u201d.<\/p>\n<p><em>*Com informa\u00e7\u00f5es da <strong>Folha de S.Paulo<\/strong> e da <strong>Mem\u00f3ria Globo<\/strong><\/em><\/p>\n<hr class=\"wp-block-separator has-alpha-channel-opacity\"\/>\n<p>SAIBA MAIS<\/p>\n<p>Homem morre ap\u00f3s disparo acidental do amigo em propriedade rural no interior de SP<\/p>\n<h2 class=\"wp-block-heading\"><strong>FIQUE ON<\/strong><\/h2>\n<p>Quer ficar por dentro de tudo que acontece em Ribeir\u00e3o Preto e regi\u00e3o? Ent\u00e3o siga os perfis do\u202facidade on\u202fno\u202f<a href=\"https:\/\/www.instagram.com\/acidadeonribeirao\" target=\"_blank\" rel=\"noreferrer noopener\">Instagram<\/a>\u202fe no\u202f<a href=\"https:\/\/www.facebook.com\/acidadeonribeirao\/\" target=\"_blank\" rel=\"noreferrer noopener\">Facebook<\/a>.<\/p>\n<p>Al\u00e9m disso, voc\u00ea pode receber as principais not\u00edcias diretamente no WhatsApp. Para isso, basta\u00a0<a href=\"https:\/\/chat.whatsapp.com\/BjKQZ9oJwlz8VVT50NuePq\" target=\"_blank\" rel=\"noreferrer noopener\">entrar no grupo clicando aqui<\/a>.<\/p>\n<p>Por fim, se quiser fazer uma den\u00fancia ou sugerir uma reportagem sobre Ribeir\u00e3o Preto e regi\u00e3o, envie uma mensagem pelo WhatsApp: (16) 99117-7802.<\/p>\n<p>VEJA TAMB\u00c9M<\/p>\n<p>Quando o BTS vai voltar?<\/p>\n<p><!-- CONTENT END 1 -->\n<\/div>\n<p><script async src=\"\/\/www.instagram.com\/embed.js\"><\/script><br \/>\n<br \/><br \/>\n<br \/><a href=\"https:\/\/www.acidadeon.com\/ribeiraopreto\/cotidiano\/morre-francisco-cuoco-um-dos-grandes-nomes-da-tv-brasileira-aos-91-anos\/\">Source link <\/a><\/p>\n","protected":false},"excerpt":{"rendered":"<p>Francisco Cuoco, um nome marcante na dramaturgia brasileira, morreu nesta quinta-feira (19), aos 91 anos, em S\u00e3o Paulo. A informa\u00e7\u00e3o foi confirmada pela fam\u00edlia ao&#8230;<\/p>\n","protected":false},"author":1,"featured_media":72678,"comment_status":"open","ping_status":"open","sticky":false,"template":"","format":"standard","meta":{"advanced_seo_description":"","jetpack_seo_html_title":"","jetpack_seo_noindex":false,"jetpack_post_was_ever_published":false,"_jetpack_newsletter_access":"","_jetpack_dont_email_post_to_subs":false,"_jetpack_newsletter_tier_id":0,"_jetpack_memberships_contains_paywalled_content":false,"_jetpack_memberships_contains_paid_content":false,"footnotes":"","jetpack_publicize_message":"","jetpack_publicize_feature_enabled":true,"jetpack_social_post_already_shared":true,"jetpack_social_options":{"image_generator_settings":{"template":"highway","default_image_id":0,"font":"","enabled":false},"version":2}},"categories":[11],"tags":[],"class_list":["post-72677","post","type-post","status-publish","format-standard","has-post-thumbnail","hentry","category-noticias-de-ribeirao-preto-sp-e-regiao-ismael-colosi"],"jetpack_publicize_connections":[],"jetpack_featured_media_url":"https:\/\/i0.wp.com\/noticiasribeiraopreto.com.br\/wp-content\/uploads\/2025\/06\/Copia-de-Copia-de-Copia-de-TAMANHO-EXATO-PARA-FOTOS-NO-SISTEMA-NOVO-2025-06-19T173424.189_2025-06-19_20-35-36.webp.webp?fit=1200%2C675&ssl=1","jetpack-related-posts":[{"id":72671,"url":"https:\/\/noticiasribeiraopreto.com.br\/index.php\/2025\/06\/19\/francisco-cuoco-morre-aos-91-anos-em-sao-paulo\/","url_meta":{"origin":72677,"position":0},"title":"Francisco Cuoco morre aos 91 anos em S\u00e3o Paulo","author":"noticiasribeiraopreto.com.br","date":"19 de June de 2025","format":false,"excerpt":"19 de junho de 2025 17:534 Compartilhar0 O ator Francisco Cuoco, um dos nomes mais importantes da hist\u00f3ria da teledramaturgia brasileira, morreu nesta quinta-feira (19), aos 91 anos, em S\u00e3o Paulo. Ele estava internado no Hospital Albert Einstein h\u00e1 cerca de 20 dias, tratando complica\u00e7\u00f5es de sa\u00fade relacionadas \u00e0 idade\u2026","rel":"","context":"In &quot;Not\u00edcias de Ribeir\u00e3o Preto-SP e Regi\u00e3o&quot;","block_context":{"text":"Not\u00edcias de Ribeir\u00e3o Preto-SP e Regi\u00e3o","link":"https:\/\/noticiasribeiraopreto.com.br\/index.php\/category\/noticias-de-ribeirao-preto-sp-e-regiao-ismael-colosi\/"},"img":{"alt_text":"","src":"https:\/\/i0.wp.com\/noticiasribeiraopreto.com.br\/wp-content\/uploads\/2025\/06\/fcuoco-scaled.jpeg?fit=800%2C480&ssl=1&resize=350%2C200","width":350,"height":200,"srcset":"https:\/\/i0.wp.com\/noticiasribeiraopreto.com.br\/wp-content\/uploads\/2025\/06\/fcuoco-scaled.jpeg?fit=800%2C480&ssl=1&resize=350%2C200 1x, https:\/\/i0.wp.com\/noticiasribeiraopreto.com.br\/wp-content\/uploads\/2025\/06\/fcuoco-scaled.jpeg?fit=800%2C480&ssl=1&resize=525%2C300 1.5x, https:\/\/i0.wp.com\/noticiasribeiraopreto.com.br\/wp-content\/uploads\/2025\/06\/fcuoco-scaled.jpeg?fit=800%2C480&ssl=1&resize=700%2C400 2x"},"classes":[]},{"id":83588,"url":"https:\/\/noticiasribeiraopreto.com.br\/index.php\/2026\/03\/21\/morre-aos-91-anos-o-ator-juca-de-oliveira\/","url_meta":{"origin":72677,"position":1},"title":"Morre, aos 91 anos, o ator Juca de Oliveira","author":"noticiasribeiraopreto.com.br","date":"21 de March de 2026","format":false,"excerpt":"O ator, autor e diretor Juca de Oliveira morreu aos 91 anos na madrugada deste s\u00e1bado (21), em S\u00e3o Paulo. A informa\u00e7\u00e3o foi confirmada pela assessoria da fam\u00edlia. O artista estava internado na Unidade de Terapia Intensiva (UTI) do Hospital S\u00edrio-Liban\u00eas desde o \u00faltimo dia 13 de mar\u00e7o, ap\u00f3s ser\u2026","rel":"","context":"In &quot;Not\u00edcias de Ribeir\u00e3o Preto-SP e Regi\u00e3o&quot;","block_context":{"text":"Not\u00edcias de Ribeir\u00e3o Preto-SP e Regi\u00e3o","link":"https:\/\/noticiasribeiraopreto.com.br\/index.php\/category\/noticias-de-ribeirao-preto-sp-e-regiao-ismael-colosi\/"},"img":{"alt_text":"","src":"https:\/\/i0.wp.com\/noticiasribeiraopreto.com.br\/wp-content\/uploads\/2026\/03\/palace-85_2026-03-21_13-19-54.webp.webp?fit=1200%2C675&ssl=1&resize=350%2C200","width":350,"height":200,"srcset":"https:\/\/i0.wp.com\/noticiasribeiraopreto.com.br\/wp-content\/uploads\/2026\/03\/palace-85_2026-03-21_13-19-54.webp.webp?fit=1200%2C675&ssl=1&resize=350%2C200 1x, https:\/\/i0.wp.com\/noticiasribeiraopreto.com.br\/wp-content\/uploads\/2026\/03\/palace-85_2026-03-21_13-19-54.webp.webp?fit=1200%2C675&ssl=1&resize=525%2C300 1.5x, https:\/\/i0.wp.com\/noticiasribeiraopreto.com.br\/wp-content\/uploads\/2026\/03\/palace-85_2026-03-21_13-19-54.webp.webp?fit=1200%2C675&ssl=1&resize=700%2C400 2x, https:\/\/i0.wp.com\/noticiasribeiraopreto.com.br\/wp-content\/uploads\/2026\/03\/palace-85_2026-03-21_13-19-54.webp.webp?fit=1200%2C675&ssl=1&resize=1050%2C600 3x"},"classes":[]},{"id":68088,"url":"https:\/\/noticiasribeiraopreto.com.br\/index.php\/2025\/04\/22\/jornal-da-franca-papa-francisco-ganhou-par-de-sapatos-produzido-em-franca-em-2022\/","url_meta":{"origin":72677,"position":2},"title":"Jornal da Franca &#8211; Papa Francisco ganhou par de sapatos produzido em Franca em 2022","author":"noticiasribeiraopreto.com.br","date":"22 de April de 2025","format":false,"excerpt":"compartilhar no whatsapp compartilhar no telegram compartilhar no facebook compartilhar no linkedin Bispo Paulo Roberto Beloto entregou presente ao Papa Francisco em 2022, quando esteve no Vaticano: \u2018Grata alegria\u2019 Papa Francisco, falecido na \u00faltima segunda-feira, 21, recebeu par de sapatos produzido em Franca \u2013 foto Arquivo Pessoal \u00a0 Em 2022,\u2026","rel":"","context":"In &quot;Not\u00edcias de Franca-SP&quot;","block_context":{"text":"Not\u00edcias de Franca-SP","link":"https:\/\/noticiasribeiraopreto.com.br\/index.php\/category\/noticias-de-ribeirao-preto-sp-e-regiao-ismael-colosi\/noticias-franca-sp\/"},"img":{"alt_text":"","src":"https:\/\/i0.wp.com\/noticiasribeiraopreto.com.br\/wp-content\/uploads\/2025\/04\/papa-francisco-ganha-sapatos-de-franca-foto-arquivo-pessoal.jpg?fit=984%2C616&ssl=1&resize=350%2C200","width":350,"height":200,"srcset":"https:\/\/i0.wp.com\/noticiasribeiraopreto.com.br\/wp-content\/uploads\/2025\/04\/papa-francisco-ganha-sapatos-de-franca-foto-arquivo-pessoal.jpg?fit=984%2C616&ssl=1&resize=350%2C200 1x, https:\/\/i0.wp.com\/noticiasribeiraopreto.com.br\/wp-content\/uploads\/2025\/04\/papa-francisco-ganha-sapatos-de-franca-foto-arquivo-pessoal.jpg?fit=984%2C616&ssl=1&resize=525%2C300 1.5x, https:\/\/i0.wp.com\/noticiasribeiraopreto.com.br\/wp-content\/uploads\/2025\/04\/papa-francisco-ganha-sapatos-de-franca-foto-arquivo-pessoal.jpg?fit=984%2C616&ssl=1&resize=700%2C400 2x"},"classes":[]},{"id":83603,"url":"https:\/\/noticiasribeiraopreto.com.br\/index.php\/2026\/03\/21\/ator-e-diretor-teatral-juca-de-oliveira-morre-aos-91-anos-em-sp\/","url_meta":{"origin":72677,"position":3},"title":"Ator e diretor teatral Juca de Oliveira morre, aos 91 anos, em SP","author":"noticiasribeiraopreto.com.br","date":"21 de March de 2026","format":false,"excerpt":"Morreu na madrugada deste s\u00e1bado (21), em S\u00e3o Paulo, o ator, autor e diretor Juca de Oliveira, de 91 anos. Reconhecido como um dos grandes nomes das artes c\u00eanicas do pa\u00eds, Juca construiu uma trajet\u00f3ria s\u00f3lida e admirada no teatro, na televis\u00e3o e no cinema. O ator estava internado desde\u2026","rel":"","context":"In &quot;Not\u00edcias de Ribeir\u00e3o Preto-SP e Regi\u00e3o&quot;","block_context":{"text":"Not\u00edcias de Ribeir\u00e3o Preto-SP e Regi\u00e3o","link":"https:\/\/noticiasribeiraopreto.com.br\/index.php\/category\/noticias-de-ribeirao-preto-sp-e-regiao-ismael-colosi\/"},"img":{"alt_text":"","src":"https:\/\/i0.wp.com\/noticiasribeiraopreto.com.br\/wp-content\/uploads\/2026\/03\/Image1-62.jpg?fit=800%2C500&ssl=1&resize=350%2C200","width":350,"height":200,"srcset":"https:\/\/i0.wp.com\/noticiasribeiraopreto.com.br\/wp-content\/uploads\/2026\/03\/Image1-62.jpg?fit=800%2C500&ssl=1&resize=350%2C200 1x, https:\/\/i0.wp.com\/noticiasribeiraopreto.com.br\/wp-content\/uploads\/2026\/03\/Image1-62.jpg?fit=800%2C500&ssl=1&resize=525%2C300 1.5x, https:\/\/i0.wp.com\/noticiasribeiraopreto.com.br\/wp-content\/uploads\/2026\/03\/Image1-62.jpg?fit=800%2C500&ssl=1&resize=700%2C400 2x"},"classes":[]},{"id":65292,"url":"https:\/\/noticiasribeiraopreto.com.br\/index.php\/2025\/03\/18\/a-lenda-do-basquete-wlamir-marques-falece-aos-87-anos\/","url_meta":{"origin":72677,"position":4},"title":"A lenda do basquete Wlamir Marques falece aos 87 anos","author":"noticiasribeiraopreto.com.br","date":"18 de March de 2025","format":false,"excerpt":"O Disco Voador decolou pela \u00faltima vez, com destino \u00e0 eternidade. \u00c9 com imenso pesar e dor que a Confedera\u00e7\u00e3o Brasileira de Basketball se despede de Wlamir Marques, 87 anos, um dos maiores \u00edcones da hist\u00f3ria do basquete mundial, falecido nesta ter\u00e7a-feira, 18 de mar\u00e7o de 2025, em S\u00e3o Paulo,\u2026","rel":"","context":"In &quot;Not\u00edcias de Franca-SP&quot;","block_context":{"text":"Not\u00edcias de Franca-SP","link":"https:\/\/noticiasribeiraopreto.com.br\/index.php\/category\/noticias-de-ribeirao-preto-sp-e-regiao-ismael-colosi\/noticias-franca-sp\/"},"img":{"alt_text":"","src":"https:\/\/i0.wp.com\/noticiasribeiraopreto.com.br\/wp-content\/uploads\/2025\/03\/Screenshot_20250318_134027_Instagram.jpg?fit=1079%2C851&ssl=1&resize=350%2C200","width":350,"height":200,"srcset":"https:\/\/i0.wp.com\/noticiasribeiraopreto.com.br\/wp-content\/uploads\/2025\/03\/Screenshot_20250318_134027_Instagram.jpg?fit=1079%2C851&ssl=1&resize=350%2C200 1x, https:\/\/i0.wp.com\/noticiasribeiraopreto.com.br\/wp-content\/uploads\/2025\/03\/Screenshot_20250318_134027_Instagram.jpg?fit=1079%2C851&ssl=1&resize=525%2C300 1.5x, https:\/\/i0.wp.com\/noticiasribeiraopreto.com.br\/wp-content\/uploads\/2025\/03\/Screenshot_20250318_134027_Instagram.jpg?fit=1079%2C851&ssl=1&resize=700%2C400 2x, https:\/\/i0.wp.com\/noticiasribeiraopreto.com.br\/wp-content\/uploads\/2025\/03\/Screenshot_20250318_134027_Instagram.jpg?fit=1079%2C851&ssl=1&resize=1050%2C600 3x"},"classes":[]},{"id":28044,"url":"https:\/\/noticiasribeiraopreto.com.br\/index.php\/2024\/01\/14\/conheca-a-trajetoria-do-novo-tecnico-da-selecao-brasileira\/","url_meta":{"origin":72677,"position":5},"title":"Conhe\u00e7a a trajet\u00f3ria do novo t\u00e9cnico da Sele\u00e7\u00e3o Brasileira\u00a0","author":"noticiasribeiraopreto.com.br","date":"14 de January de 2024","format":false,"excerpt":"Foto do acervo do jornalista Marcio Javaroni dos tempos em que Dorival defendeu as cores do Botafogo\u00a0\u00a0Aos 61 anos, Dorival J\u00fanior foi confirmado no domingo como o novo t\u00e9cnico da Sele\u00e7\u00e3o Brasileira. Ele pediu desligamento do S\u00e3o Paulo para ocupar a vaga deixada por Fernando Diniz. O treinador chega ao\u2026","rel":"","context":"In &quot;Not\u00edcias de Ribeir\u00e3o Preto-SP e Regi\u00e3o&quot;","block_context":{"text":"Not\u00edcias de Ribeir\u00e3o Preto-SP e Regi\u00e3o","link":"https:\/\/noticiasribeiraopreto.com.br\/index.php\/category\/noticias-de-ribeirao-preto-sp-e-regiao-ismael-colosi\/"},"img":{"alt_text":"","src":"https:\/\/i0.wp.com\/noticiasribeiraopreto.com.br\/wp-content\/uploads\/2024\/01\/Dorival-1-scaled.jpg?fit=967%2C645&ssl=1&resize=350%2C200","width":350,"height":200,"srcset":"https:\/\/i0.wp.com\/noticiasribeiraopreto.com.br\/wp-content\/uploads\/2024\/01\/Dorival-1-scaled.jpg?fit=967%2C645&ssl=1&resize=350%2C200 1x, https:\/\/i0.wp.com\/noticiasribeiraopreto.com.br\/wp-content\/uploads\/2024\/01\/Dorival-1-scaled.jpg?fit=967%2C645&ssl=1&resize=525%2C300 1.5x, https:\/\/i0.wp.com\/noticiasribeiraopreto.com.br\/wp-content\/uploads\/2024\/01\/Dorival-1-scaled.jpg?fit=967%2C645&ssl=1&resize=700%2C400 2x"},"classes":[]}],"jetpack_sharing_enabled":true,"jetpack_shortlink":"https:\/\/wp.me\/peQAOb-iUd","_links":{"self":[{"href":"https:\/\/noticiasribeiraopreto.com.br\/index.php\/wp-json\/wp\/v2\/posts\/72677","targetHints":{"allow":["GET"]}}],"collection":[{"href":"https:\/\/noticiasribeiraopreto.com.br\/index.php\/wp-json\/wp\/v2\/posts"}],"about":[{"href":"https:\/\/noticiasribeiraopreto.com.br\/index.php\/wp-json\/wp\/v2\/types\/post"}],"author":[{"embeddable":true,"href":"https:\/\/noticiasribeiraopreto.com.br\/index.php\/wp-json\/wp\/v2\/users\/1"}],"replies":[{"embeddable":true,"href":"https:\/\/noticiasribeiraopreto.com.br\/index.php\/wp-json\/wp\/v2\/comments?post=72677"}],"version-history":[{"count":0,"href":"https:\/\/noticiasribeiraopreto.com.br\/index.php\/wp-json\/wp\/v2\/posts\/72677\/revisions"}],"wp:featuredmedia":[{"embeddable":true,"href":"https:\/\/noticiasribeiraopreto.com.br\/index.php\/wp-json\/wp\/v2\/media\/72678"}],"wp:attachment":[{"href":"https:\/\/noticiasribeiraopreto.com.br\/index.php\/wp-json\/wp\/v2\/media?parent=72677"}],"wp:term":[{"taxonomy":"category","embeddable":true,"href":"https:\/\/noticiasribeiraopreto.com.br\/index.php\/wp-json\/wp\/v2\/categories?post=72677"},{"taxonomy":"post_tag","embeddable":true,"href":"https:\/\/noticiasribeiraopreto.com.br\/index.php\/wp-json\/wp\/v2\/tags?post=72677"}],"curies":[{"name":"wp","href":"https:\/\/api.w.org\/{rel}","templated":true}]}}