{"id":72685,"date":"2025-06-19T22:29:45","date_gmt":"2025-06-20T01:29:45","guid":{"rendered":"https:\/\/noticiasribeiraopreto.com.br\/index.php\/2025\/06\/19\/exame-medico-de-elizabete-arrabaca-nao-aponta-doenca-grave-diz-equipe-da-penitenciaria\/"},"modified":"2025-06-19T22:29:45","modified_gmt":"2025-06-20T01:29:45","slug":"exame-medico-de-elizabete-arrabaca-nao-aponta-doenca-grave-diz-equipe-da-penitenciaria","status":"publish","type":"post","link":"https:\/\/noticiasribeiraopreto.com.br\/index.php\/2025\/06\/19\/exame-medico-de-elizabete-arrabaca-nao-aponta-doenca-grave-diz-equipe-da-penitenciaria\/","title":{"rendered":"Exame m\u00e9dico de Elizabete Arraba\u00e7a n\u00e3o aponta doen\u00e7a grave, diz equipe da penitenci\u00e1ria"},"content":{"rendered":"<p> <br \/>\n<\/p>\n<div>\n<p>A equipe m\u00e9dica da penitenci\u00e1ria onde <strong>Elizabete Arraba\u00e7a<\/strong> est\u00e1 presa temporariamente h\u00e1 mais de um m\u00eas, afirmou que ela <strong>n\u00e3o apresenta problemas graves de sa\u00fade<\/strong>.<\/p>\n<p>No entanto, a defesa da <strong>suspeita de matar a nora, Larissa Rodrigues, e a filha, Nat\u00e1lia Garnica<\/strong>, <mark style=\"background-color:#fcb900\" class=\"has-inline-color\">tenta comprovar, por meio de laudos m\u00e9dicos particulares, <strong>que ela deveria cumprir pris\u00e3o domiciliar<\/strong>.<\/mark><\/p>\n<p>Embora exame realizado no <strong>dia 4 de junho<\/strong> n\u00e3o apresente doen\u00e7as graves, <strong>Elizabete <\/strong>informou que <strong>sofria de labirintite<\/strong>,<strong> doen\u00e7a de Parkinson <\/strong>e <strong>osteoporose<\/strong>.<\/p>\n<p>A defesa j\u00e1 teve <strong>quatro habeas corpus negados pela Justi\u00e7a<\/strong>, contudo, o advogado Bruno Corr\u00eaa afirma que a mulher <strong>deve cumprir pris\u00e3o domiciliar<\/strong>, tendo em vista as doen\u00e7as relatadas.<\/p>\n<figure class=\"wp-block-pullquote\">\n<blockquote>\n<p>O que a gente comprova essas doen\u00e7as s\u00e3o de laudos que ela possui, de m\u00e9dicos particulares, que ela possui ao longo da vida. Ent\u00e3o, por exemplo, de doen\u00e7a diagnosticada no ano de 2014, 2021, ela teve cirurgia de v\u00e9rtebra [\u2026] Como \u00e9 que um m\u00e9dico faz um atendimento t\u00e3o superficial com um hist\u00f3rico comprovado de in\u00fameras doen\u00e7as<\/p>\n<\/blockquote>\n<\/figure>\n<h2 class=\"wp-block-heading\"><strong>Investiga\u00e7\u00e3o<\/strong><\/h2>\n<p>A <strong>Pol\u00edcia Civil <\/strong>investiga a morte de <strong>Nath\u00e1lia Garnica <\/strong>como homic\u00eddio, depois de que <strong>Instituto M\u00e9dico Legal (IML)<\/strong> confirmou a presen\u00e7a de veneno de rato em tr\u00eas \u00f3rg\u00e3os dela, durante a exuma\u00e7\u00e3o de seu corpo, em <strong>Pontal<\/strong>, a 40 quil\u00f4metros de <strong>Ribeir\u00e3o Preto<\/strong>.<\/p>\n<p><strong>Nath\u00e1lia <\/strong>morreu em fevereiro deste ano e era cunhada de Larissa Rodrigues, <strong>morta por envenenamento com chumbinho em mar\u00e7o<\/strong>, em <strong>Ribeir\u00e3o<\/strong>.<\/p>\n<p>O resultado indicou que <strong>o produto ingerido por Nath\u00e1lia n\u00e3o \u00e9 o mesmo que provocou a a morte de Larissa<\/strong>, apesar de pertencer \u00e0 mesma classe de venenos utilizados em casos de envenenamento por chumbinho, sua composi\u00e7\u00e3o \u00e9 diferente.<\/p>\n<p><mark style=\"background-color:#fcb900\" class=\"has-inline-color\">A conclus\u00e3o do exame toxicol\u00f3gico, por\u00e9m, contraria uma carta enviada \u00e0 <strong>Justi\u00e7a <\/strong>por <strong>Elizabete Arraba\u00e7a<\/strong>, m\u00e3e de v\u00edtima.<\/mark><\/p>\n<p>No documento, a mulher, <strong>que passa a ser apontada como a principal suspeita<\/strong>, afirma que Nath\u00e1lia <strong>teria adulterado c\u00e1psulas de omeprazol com chumbinho em uma suposta tentativa de suic\u00eddio<\/strong>. Segundo a vers\u00e3o apresentada na carta, <strong>Larissa <\/strong>teria consumido as c\u00e1psulas posteriormente, de forma acidental.<\/p>\n<h2 class=\"wp-block-heading\"><strong>Condena\u00e7\u00e3o pode ultrapassar 30 anos<\/strong><\/h2>\n<p>De acordo com o <strong>MP (Minist\u00e9rio P\u00fablico)<\/strong>, o <strong>m\u00e9dico Luiz Antonio Garnica<\/strong>, marido de Larissa, e sua m\u00e3e, Elizabete, <strong>podem ser condenados a mais de 30 anos de pris\u00e3o<\/strong>.<\/p>\n<p>O promotor <strong>Marcus T\u00falio Nicolino<\/strong> explica que em uma eventual condena\u00e7\u00e3o, eles podem contar com quatro qualificadoras, incluindo feminic\u00eddio e uso de veneno.<\/p>\n<p>A defesa de <strong>Luiz Garnica<\/strong>, no entanto, afirma que at\u00e9 o momento <strong>n\u00e3o h\u00e1 nada que prove que o m\u00e9dico tenha participado da morte da esposa<\/strong>.<\/p>\n<figure class=\"wp-block-pullquote\">\n<blockquote>\n<p>Com aquilo que tem, ele sequer pode ser denunciado por feminic\u00eddio, porque eu tenho que ter um ind\u00edcio ao menos concreto [a pol\u00edcia] n\u00e3o tem absolutamente nada, at\u00e9 porque se tivesse j\u00e1 teria sido divulgado, uma conversa dele com a m\u00e3e, eles combinando alguma coisa, ele combinando de sair e a m\u00e3e chegando, \u00e9 algo il\u00f3gico um m\u00e9dico matar a esposa com chumbinho, algo altamente detect\u00e1vel<\/p>\n<p><cite>J\u00falio Mossin<\/cite><\/p><\/blockquote>\n<\/figure>\n<p><strong>Elizabete Arraba\u00e7a<\/strong> e o <strong>filho Luiz Garnica<\/strong> est\u00e3o presos temporariamente suspeitos da morte de <strong>Larissa<\/strong>. Eles sempre negaram participa\u00e7\u00e3o. Os dois devem ser interrogados pela pol\u00edcia na pr\u00f3xima semana.<\/p>\n<p><em>*Com informa\u00e7\u00f5es de Bruna Rom\u00e3o, da EPTV<\/em><\/p>\n<hr class=\"wp-block-separator has-alpha-channel-opacity\"\/>\n<p>SAIBA MAIS<\/p>\n<p>Homem morre ap\u00f3s disparo acidental do amigo em propriedade rural no interior de SP<\/p>\n<h2 class=\"wp-block-heading\"><strong>FIQUE ON<\/strong><\/h2>\n<p>Quer ficar por dentro de tudo que acontece em Ribeir\u00e3o Preto e regi\u00e3o? Ent\u00e3o siga os perfis do\u202facidade on\u202fno\u202f<a href=\"https:\/\/www.instagram.com\/acidadeonribeirao\" target=\"_blank\" rel=\"noreferrer noopener\">Instagram<\/a>\u202fe no\u202f<a href=\"https:\/\/www.facebook.com\/acidadeonribeirao\/\" target=\"_blank\" rel=\"noreferrer noopener\">Facebook<\/a>.<\/p>\n<p>Al\u00e9m disso, voc\u00ea pode receber as principais not\u00edcias diretamente no WhatsApp. Para isso, basta\u00a0<a href=\"https:\/\/chat.whatsapp.com\/BjKQZ9oJwlz8VVT50NuePq\" target=\"_blank\" rel=\"noreferrer noopener\">entrar no grupo clicando aqui<\/a>.<\/p>\n<p>Por fim, se quiser fazer uma den\u00fancia ou sugerir uma reportagem sobre Ribeir\u00e3o Preto e regi\u00e3o, envie uma mensagem pelo WhatsApp: (16) 99117-7802.<\/p>\n<p>VEJA TAMB\u00c9M<\/p>\n<p>Aligot com picadinho do \u2018Mais Voc\u00ea\u2019; confira receita<\/p>\n<p><!-- CONTENT END 1 -->\n<\/div>\n<p><script async src=\"\/\/www.instagram.com\/embed.js\"><\/script><br \/>\n<br \/><br \/>\n<br \/><a href=\"https:\/\/www.acidadeon.com\/ribeiraopreto\/cotidiano\/exame-medico-de-elizabete-arrabaca-nao-aponta-doenca-grave-diz-equipe-da-penitenciaria\/\">Source link <\/a><\/p>\n","protected":false},"excerpt":{"rendered":"<p>A equipe m\u00e9dica da penitenci\u00e1ria onde Elizabete Arraba\u00e7a est\u00e1 presa temporariamente h\u00e1 mais de um m\u00eas, afirmou que ela n\u00e3o apresenta problemas graves de sa\u00fade&#8230;.<\/p>\n","protected":false},"author":1,"featured_media":72686,"comment_status":"open","ping_status":"open","sticky":false,"template":"","format":"standard","meta":{"advanced_seo_description":"","jetpack_seo_html_title":"","jetpack_seo_noindex":false,"jetpack_post_was_ever_published":false,"_jetpack_newsletter_access":"","_jetpack_dont_email_post_to_subs":false,"_jetpack_newsletter_tier_id":0,"_jetpack_memberships_contains_paywalled_content":false,"_jetpack_memberships_contains_paid_content":false,"footnotes":"","jetpack_publicize_message":"","jetpack_publicize_feature_enabled":true,"jetpack_social_post_already_shared":true,"jetpack_social_options":{"image_generator_settings":{"template":"highway","default_image_id":0,"font":"","enabled":false},"version":2}},"categories":[11],"tags":[],"class_list":["post-72685","post","type-post","status-publish","format-standard","has-post-thumbnail","hentry","category-noticias-de-ribeirao-preto-sp-e-regiao-ismael-colosi"],"jetpack_publicize_connections":[],"jetpack_featured_media_url":"https:\/\/i0.wp.com\/noticiasribeiraopreto.com.br\/wp-content\/uploads\/2025\/06\/elizabeth_2025-05-07_16-18-11.webp.webp?fit=1200%2C700&ssl=1","jetpack-related-posts":[{"id":71163,"url":"https:\/\/noticiasribeiraopreto.com.br\/index.php\/2025\/06\/03\/caso-larissa-sogra-da-professora-e-transferida-para-penitenciaria\/","url_meta":{"origin":72685,"position":0},"title":"Caso Larissa: Sogra da professora \u00e9 transferida para penitenci\u00e1ria","author":"noticiasribeiraopreto.com.br","date":"3 de June de 2025","format":false,"excerpt":"A sogra da professora Larissa Talle Le\u00f4ncio Rodrigues, Elizabete Arraba\u00e7a, foi transferida da cadeia de S\u00e3o Joaquim da Barra para Penitenci\u00e1ria Feminina de Mogi-Gua\u00e7u, nesta ter\u00e7a-feira (3). Elizabete \u00e9 suspeita de envolvimento na morte de Larissa, em Ribeir\u00e3o Preto, no \u00faltimo m\u00eas de mar\u00e7o. Al\u00e9m dela, tamb\u00e9m est\u00e1 preso o\u2026","rel":"","context":"In &quot;Not\u00edcias de Ribeir\u00e3o Preto-SP e Regi\u00e3o&quot;","block_context":{"text":"Not\u00edcias de Ribeir\u00e3o Preto-SP e Regi\u00e3o","link":"https:\/\/noticiasribeiraopreto.com.br\/index.php\/category\/noticias-de-ribeirao-preto-sp-e-regiao-ismael-colosi\/"},"img":{"alt_text":"","src":"https:\/\/i0.wp.com\/noticiasribeiraopreto.com.br\/wp-content\/uploads\/2025\/05\/elizabeth_2025-05-07_16-18-11.webp.webp?fit=1200%2C700&ssl=1&resize=350%2C200","width":350,"height":200,"srcset":"https:\/\/i0.wp.com\/noticiasribeiraopreto.com.br\/wp-content\/uploads\/2025\/05\/elizabeth_2025-05-07_16-18-11.webp.webp?fit=1200%2C700&ssl=1&resize=350%2C200 1x, https:\/\/i0.wp.com\/noticiasribeiraopreto.com.br\/wp-content\/uploads\/2025\/05\/elizabeth_2025-05-07_16-18-11.webp.webp?fit=1200%2C700&ssl=1&resize=525%2C300 1.5x, https:\/\/i0.wp.com\/noticiasribeiraopreto.com.br\/wp-content\/uploads\/2025\/05\/elizabeth_2025-05-07_16-18-11.webp.webp?fit=1200%2C700&ssl=1&resize=700%2C400 2x, https:\/\/i0.wp.com\/noticiasribeiraopreto.com.br\/wp-content\/uploads\/2025\/05\/elizabeth_2025-05-07_16-18-11.webp.webp?fit=1200%2C700&ssl=1&resize=1050%2C600 3x"},"classes":[]},{"id":71175,"url":"https:\/\/noticiasribeiraopreto.com.br\/index.php\/2025\/06\/03\/caso-larissa-elizabete-muda-de-cadeia\/","url_meta":{"origin":72685,"position":1},"title":"Caso Larissa: Elizabete muda de cadeia","author":"noticiasribeiraopreto.com.br","date":"3 de June de 2025","format":false,"excerpt":"Idosa n\u00e3o obteve autoriza\u00e7\u00e3o para pris\u00e3o domiciliar, mas seguiu para outra unidade prisional que tem acompanhamento mais efetivo da sa\u00fade das detentas 3 de junho de 2025 12:382 Compartilhar0 Por: Adalberto Luque Elizabete Eug\u00eanio Arraba\u00e7a Garnica, de 67 anos, suspeita de ter matado a professora de pilates Larissa Talle Le\u00f4ncio\u2026","rel":"","context":"In &quot;Not\u00edcias de Ribeir\u00e3o Preto-SP e Regi\u00e3o&quot;","block_context":{"text":"Not\u00edcias de Ribeir\u00e3o Preto-SP e Regi\u00e3o","link":"https:\/\/noticiasribeiraopreto.com.br\/index.php\/category\/noticias-de-ribeirao-preto-sp-e-regiao-ismael-colosi\/"},"img":{"alt_text":"","src":"https:\/\/i0.wp.com\/noticiasribeiraopreto.com.br\/wp-content\/uploads\/2025\/06\/06-mai-2025-envenenamentoprofessora5.jpg?fit=1200%2C800&ssl=1&resize=350%2C200","width":350,"height":200,"srcset":"https:\/\/i0.wp.com\/noticiasribeiraopreto.com.br\/wp-content\/uploads\/2025\/06\/06-mai-2025-envenenamentoprofessora5.jpg?fit=1200%2C800&ssl=1&resize=350%2C200 1x, https:\/\/i0.wp.com\/noticiasribeiraopreto.com.br\/wp-content\/uploads\/2025\/06\/06-mai-2025-envenenamentoprofessora5.jpg?fit=1200%2C800&ssl=1&resize=525%2C300 1.5x, https:\/\/i0.wp.com\/noticiasribeiraopreto.com.br\/wp-content\/uploads\/2025\/06\/06-mai-2025-envenenamentoprofessora5.jpg?fit=1200%2C800&ssl=1&resize=700%2C400 2x, https:\/\/i0.wp.com\/noticiasribeiraopreto.com.br\/wp-content\/uploads\/2025\/06\/06-mai-2025-envenenamentoprofessora5.jpg?fit=1200%2C800&ssl=1&resize=1050%2C600 3x"},"classes":[]},{"id":73104,"url":"https:\/\/noticiasribeiraopreto.com.br\/index.php\/2025\/06\/25\/caso-larissa-policia-ouve-suspeita-da-morte-da-filha-e-da-nora\/","url_meta":{"origin":72685,"position":2},"title":"CASO LARISSA: Pol\u00edcia ouve suspeita da morte da filha e da nora","author":"noticiasribeiraopreto.com.br","date":"25 de June de 2025","format":false,"excerpt":"Elizabete Arraba\u00e7a prestou depoimento por videoconfer\u00eancia, direto da Penitenci\u00e1ria Feminina de Mogi Gua\u00e7u. 25 de junho de 2025 13:283 Compartilhar1 Por: Adalberto Luque A Delegacia de Homic\u00eddios da Divis\u00e3o Especializada de Investiga\u00e7\u00f5es Criminais (DEIC) de Ribeir\u00e3o Preto ouviu, na manh\u00e3 desta quarta-feira (25), Elizabete Eug\u00eanio Arraba\u00e7a Garnica, principal suspeita das\u2026","rel":"","context":"In &quot;Not\u00edcias de Ribeir\u00e3o Preto-SP e Regi\u00e3o&quot;","block_context":{"text":"Not\u00edcias de Ribeir\u00e3o Preto-SP e Regi\u00e3o","link":"https:\/\/noticiasribeiraopreto.com.br\/index.php\/category\/noticias-de-ribeirao-preto-sp-e-regiao-ismael-colosi\/"},"img":{"alt_text":"","src":"https:\/\/i0.wp.com\/noticiasribeiraopreto.com.br\/wp-content\/uploads\/2025\/06\/1750868967_06-mai-2025-envenenamentoprofessora5.jpg?fit=1200%2C800&ssl=1&resize=350%2C200","width":350,"height":200,"srcset":"https:\/\/i0.wp.com\/noticiasribeiraopreto.com.br\/wp-content\/uploads\/2025\/06\/1750868967_06-mai-2025-envenenamentoprofessora5.jpg?fit=1200%2C800&ssl=1&resize=350%2C200 1x, https:\/\/i0.wp.com\/noticiasribeiraopreto.com.br\/wp-content\/uploads\/2025\/06\/1750868967_06-mai-2025-envenenamentoprofessora5.jpg?fit=1200%2C800&ssl=1&resize=525%2C300 1.5x, https:\/\/i0.wp.com\/noticiasribeiraopreto.com.br\/wp-content\/uploads\/2025\/06\/1750868967_06-mai-2025-envenenamentoprofessora5.jpg?fit=1200%2C800&ssl=1&resize=700%2C400 2x, https:\/\/i0.wp.com\/noticiasribeiraopreto.com.br\/wp-content\/uploads\/2025\/06\/1750868967_06-mai-2025-envenenamentoprofessora5.jpg?fit=1200%2C800&ssl=1&resize=1050%2C600 3x"},"classes":[]},{"id":76021,"url":"https:\/\/noticiasribeiraopreto.com.br\/index.php\/2025\/08\/20\/acusada-de-matar-a-nora-elizabete-arrabaca-chega-a-penitenciaria-de-tremembe\/","url_meta":{"origin":72685,"position":3},"title":"Acusada de matar a nora, Elizabete Arraba\u00e7a chega \u00e0 Penitenci\u00e1ria de Trememb\u00e9","author":"noticiasribeiraopreto.com.br","date":"20 de August de 2025","format":false,"excerpt":"Elizabete Arraba\u00e7a, acusada de ter envenenado a nora, a professora Larissa Rodrigues em Ribeir\u00e3o Preto, chegou a Penitenci\u00e1ria Feminina de Trememb\u00e9, no interior de S\u00e3o Paulo, nesta quarta-feira (20). >>>FIQUE POR DENTRO:\u00a0Confira a cobertura completa sobre o caso Larissa A informa\u00e7\u00e3o foi confirmada pela defesa da mulher na tarde de\u2026","rel":"","context":"In &quot;Not\u00edcias de Ribeir\u00e3o Preto-SP e Regi\u00e3o&quot;","block_context":{"text":"Not\u00edcias de Ribeir\u00e3o Preto-SP e Regi\u00e3o","link":"https:\/\/noticiasribeiraopreto.com.br\/index.php\/category\/noticias-de-ribeirao-preto-sp-e-regiao-ismael-colosi\/"},"img":{"alt_text":"","src":"https:\/\/i0.wp.com\/noticiasribeiraopreto.com.br\/wp-content\/uploads\/2025\/06\/Copia-de-Copia-de-Copia-de-TAMANHO-EXATO-PARA-FOTOS-NO-SISTEMA-NOVO-2025-06-28T184923.591_2025-06-28_21-49-29.webp.webp?fit=1200%2C675&ssl=1&resize=350%2C200","width":350,"height":200,"srcset":"https:\/\/i0.wp.com\/noticiasribeiraopreto.com.br\/wp-content\/uploads\/2025\/06\/Copia-de-Copia-de-Copia-de-TAMANHO-EXATO-PARA-FOTOS-NO-SISTEMA-NOVO-2025-06-28T184923.591_2025-06-28_21-49-29.webp.webp?fit=1200%2C675&ssl=1&resize=350%2C200 1x, https:\/\/i0.wp.com\/noticiasribeiraopreto.com.br\/wp-content\/uploads\/2025\/06\/Copia-de-Copia-de-Copia-de-TAMANHO-EXATO-PARA-FOTOS-NO-SISTEMA-NOVO-2025-06-28T184923.591_2025-06-28_21-49-29.webp.webp?fit=1200%2C675&ssl=1&resize=525%2C300 1.5x, https:\/\/i0.wp.com\/noticiasribeiraopreto.com.br\/wp-content\/uploads\/2025\/06\/Copia-de-Copia-de-Copia-de-TAMANHO-EXATO-PARA-FOTOS-NO-SISTEMA-NOVO-2025-06-28T184923.591_2025-06-28_21-49-29.webp.webp?fit=1200%2C675&ssl=1&resize=700%2C400 2x, https:\/\/i0.wp.com\/noticiasribeiraopreto.com.br\/wp-content\/uploads\/2025\/06\/Copia-de-Copia-de-Copia-de-TAMANHO-EXATO-PARA-FOTOS-NO-SISTEMA-NOVO-2025-06-28T184923.591_2025-06-28_21-49-29.webp.webp?fit=1200%2C675&ssl=1&resize=1050%2C600 3x"},"classes":[]},{"id":75904,"url":"https:\/\/noticiasribeiraopreto.com.br\/index.php\/2025\/08\/18\/elizabete-arrabaca-sera-transferida-para-penitenciaria-de-tremembe\/","url_meta":{"origin":72685,"position":4},"title":"Elizabete Arraba\u00e7a ser\u00e1 transferida para Penitenci\u00e1ria de Trememb\u00e9","author":"noticiasribeiraopreto.com.br","date":"18 de August de 2025","format":false,"excerpt":"Elizabete Arraba\u00e7a, a acusada de ter envenenado a nora, a professora Larissa Rodrigues em Ribeir\u00e3o Preto, ser\u00e1 transferida para Penitenci\u00e1ria Feminina de Trememb\u00e9. A informa\u00e7\u00e3o foi confirmada nesta segunda-feira (18) pela defesa da mulher. Elizabete est\u00e1 detida na Penitenci\u00e1ria Feminina de Votorantim, e antes j\u00e1 havia passado pela cadeia de\u2026","rel":"","context":"In &quot;Not\u00edcias de Ribeir\u00e3o Preto-SP e Regi\u00e3o&quot;","block_context":{"text":"Not\u00edcias de Ribeir\u00e3o Preto-SP e Regi\u00e3o","link":"https:\/\/noticiasribeiraopreto.com.br\/index.php\/category\/noticias-de-ribeirao-preto-sp-e-regiao-ismael-colosi\/"},"img":{"alt_text":"","src":"https:\/\/i0.wp.com\/noticiasribeiraopreto.com.br\/wp-content\/uploads\/2025\/06\/ret_2025-06-26_17-04-24.webp.webp?fit=1200%2C675&ssl=1&resize=350%2C200","width":350,"height":200,"srcset":"https:\/\/i0.wp.com\/noticiasribeiraopreto.com.br\/wp-content\/uploads\/2025\/06\/ret_2025-06-26_17-04-24.webp.webp?fit=1200%2C675&ssl=1&resize=350%2C200 1x, https:\/\/i0.wp.com\/noticiasribeiraopreto.com.br\/wp-content\/uploads\/2025\/06\/ret_2025-06-26_17-04-24.webp.webp?fit=1200%2C675&ssl=1&resize=525%2C300 1.5x, https:\/\/i0.wp.com\/noticiasribeiraopreto.com.br\/wp-content\/uploads\/2025\/06\/ret_2025-06-26_17-04-24.webp.webp?fit=1200%2C675&ssl=1&resize=700%2C400 2x, https:\/\/i0.wp.com\/noticiasribeiraopreto.com.br\/wp-content\/uploads\/2025\/06\/ret_2025-06-26_17-04-24.webp.webp?fit=1200%2C675&ssl=1&resize=1050%2C600 3x"},"classes":[]},{"id":70893,"url":"https:\/\/noticiasribeiraopreto.com.br\/index.php\/2025\/05\/30\/caso-larissa-justica-nega-prisao-domiciliar-a-sogra-suspeita-de-matar-professora\/","url_meta":{"origin":72685,"position":5},"title":"Caso Larissa: Justi\u00e7a nega pris\u00e3o domiciliar \u00e0 sogra suspeita de matar professora","author":"noticiasribeiraopreto.com.br","date":"30 de May de 2025","format":false,"excerpt":"A Justi\u00e7a negou, no final da tarde desta sexta-feira (30), o pedido de pris\u00e3o domiciliar feito pela defesa de Elizabete Arraba\u00e7a, sogra de Larissa Rodrigues, professora de pilates morta por envenenamento. O juiz da 2\u00aa Vara do Tribunal do J\u00fari negou o pedido ao considerar que a requerente n\u00e3o preenche\u2026","rel":"","context":"In &quot;Not\u00edcias de Ribeir\u00e3o Preto-SP e Regi\u00e3o&quot;","block_context":{"text":"Not\u00edcias de Ribeir\u00e3o Preto-SP e Regi\u00e3o","link":"https:\/\/noticiasribeiraopreto.com.br\/index.php\/category\/noticias-de-ribeirao-preto-sp-e-regiao-ismael-colosi\/"},"img":{"alt_text":"","src":"https:\/\/i0.wp.com\/noticiasribeiraopreto.com.br\/wp-content\/uploads\/2025\/05\/WhatsApp-Image-2025-05-07-at-08.08.58_2025-05-07_11-09-16.webp.webp?fit=1200%2C675&ssl=1&resize=350%2C200","width":350,"height":200,"srcset":"https:\/\/i0.wp.com\/noticiasribeiraopreto.com.br\/wp-content\/uploads\/2025\/05\/WhatsApp-Image-2025-05-07-at-08.08.58_2025-05-07_11-09-16.webp.webp?fit=1200%2C675&ssl=1&resize=350%2C200 1x, https:\/\/i0.wp.com\/noticiasribeiraopreto.com.br\/wp-content\/uploads\/2025\/05\/WhatsApp-Image-2025-05-07-at-08.08.58_2025-05-07_11-09-16.webp.webp?fit=1200%2C675&ssl=1&resize=525%2C300 1.5x, https:\/\/i0.wp.com\/noticiasribeiraopreto.com.br\/wp-content\/uploads\/2025\/05\/WhatsApp-Image-2025-05-07-at-08.08.58_2025-05-07_11-09-16.webp.webp?fit=1200%2C675&ssl=1&resize=700%2C400 2x, https:\/\/i0.wp.com\/noticiasribeiraopreto.com.br\/wp-content\/uploads\/2025\/05\/WhatsApp-Image-2025-05-07-at-08.08.58_2025-05-07_11-09-16.webp.webp?fit=1200%2C675&ssl=1&resize=1050%2C600 3x"},"classes":[]}],"jetpack_sharing_enabled":true,"jetpack_shortlink":"https:\/\/wp.me\/peQAOb-iUl","_links":{"self":[{"href":"https:\/\/noticiasribeiraopreto.com.br\/index.php\/wp-json\/wp\/v2\/posts\/72685","targetHints":{"allow":["GET"]}}],"collection":[{"href":"https:\/\/noticiasribeiraopreto.com.br\/index.php\/wp-json\/wp\/v2\/posts"}],"about":[{"href":"https:\/\/noticiasribeiraopreto.com.br\/index.php\/wp-json\/wp\/v2\/types\/post"}],"author":[{"embeddable":true,"href":"https:\/\/noticiasribeiraopreto.com.br\/index.php\/wp-json\/wp\/v2\/users\/1"}],"replies":[{"embeddable":true,"href":"https:\/\/noticiasribeiraopreto.com.br\/index.php\/wp-json\/wp\/v2\/comments?post=72685"}],"version-history":[{"count":0,"href":"https:\/\/noticiasribeiraopreto.com.br\/index.php\/wp-json\/wp\/v2\/posts\/72685\/revisions"}],"wp:featuredmedia":[{"embeddable":true,"href":"https:\/\/noticiasribeiraopreto.com.br\/index.php\/wp-json\/wp\/v2\/media\/72686"}],"wp:attachment":[{"href":"https:\/\/noticiasribeiraopreto.com.br\/index.php\/wp-json\/wp\/v2\/media?parent=72685"}],"wp:term":[{"taxonomy":"category","embeddable":true,"href":"https:\/\/noticiasribeiraopreto.com.br\/index.php\/wp-json\/wp\/v2\/categories?post=72685"},{"taxonomy":"post_tag","embeddable":true,"href":"https:\/\/noticiasribeiraopreto.com.br\/index.php\/wp-json\/wp\/v2\/tags?post=72685"}],"curies":[{"name":"wp","href":"https:\/\/api.w.org\/{rel}","templated":true}]}}