{"id":72689,"date":"2025-06-19T23:48:48","date_gmt":"2025-06-20T02:48:48","guid":{"rendered":"https:\/\/noticiasribeiraopreto.com.br\/index.php\/2025\/06\/19\/jornal-da-franca-conheca-cinco-tradicoes-italianas-que-conquistaram-principalmente-os-francanos\/"},"modified":"2025-06-19T23:48:48","modified_gmt":"2025-06-20T02:48:48","slug":"jornal-da-franca-conheca-cinco-tradicoes-italianas-que-conquistaram-principalmente-os-francanos","status":"publish","type":"post","link":"https:\/\/noticiasribeiraopreto.com.br\/index.php\/2025\/06\/19\/jornal-da-franca-conheca-cinco-tradicoes-italianas-que-conquistaram-principalmente-os-francanos\/","title":{"rendered":"Jornal da Franca &#8211; Conhe\u00e7a cinco tradi\u00e7\u00f5es italianas que conquistaram principalmente os francanos"},"content":{"rendered":"<div class='code-block code-block-1' style='margin: 8px 0 8px auto; text-align: right; display: block; clear: both;'>\n<p><a href=\"https:\/\/wa.link\/vpicfd\"><img data-recalc-dims=\"1\" class=\"wp-image-4922\" style=\"aspect-ratio: 2.0253164556962027; width: 561px; height: auto;\" src=\"https:\/\/i0.wp.com\/ismaelcolosi.com.br\/wp-content\/uploads\/2023\/11\/grupo-de-empregos-whatsapp-e-facebook-ismael-colosi-vagas.jpg?ssl=1\" alt=\"\" \/><\/a><\/p>\n<!-- \/wp:image -->\n<\/div>\n<p> <br \/>\n<\/p>\n<div>\n<p>Da mesa ao idioma, a cultura italiana molda h\u00e1bitos, celebra\u00e7\u00f5es e valores em todo o Brasil, especialmente entre os francanos<\/p>\n<\/p><\/div>\n<p>O Brasil \u00e9 lar de uma das maiores comunidades italianas fora da It\u00e1lia, com mais de 30 milh\u00f5es de \u00edtalo-brasileiros. A chegada dos imigrantes italianos em terras brasileiras no final do s\u00e9culo XIX e in\u00edcio do s\u00e9culo XX trouxe uma rica heran\u00e7a cultural<strong>\u00a0<\/strong>que se integra profundamente \u00e0 nossa sociedade.<\/p>\n<div>\n<p>Como um pa\u00eds rico em hist\u00f3ria e cultura, h\u00e1 150 anos a It\u00e1lia vem deixando um legado profundo e duradouro no Brasil. A influ\u00eancia italiana \u00e9 vis\u00edvel nas mais diversas esferas e em tradi\u00e7\u00f5es familiares que continuam sendo passadas de gera\u00e7\u00e3o em gera\u00e7\u00e3o, ajudando a formar a identidade de muitos brasileiros.<\/p>\n<p>\u201cEssa heran\u00e7a continua viva e refor\u00e7a o orgulho de muitos brasileiros de terem suas ra\u00edzes italianas\u201d, diz Renata Bueno, ex-parlamentar italiana, advogada e presidente do Instituto Cidadania Italiana.<\/p>\n<p><strong>Confira cinco tradi\u00e7\u00f5es italianas que conquistaram os brasileiros:<\/strong><\/p>\n<p><strong>Arte, arquitetura e m\u00fasica<\/strong><\/p>\n<p>A It\u00e1lia \u00e9 o ber\u00e7o de um dos\u00a0movimentos art\u00edsticos\u00a0mais importantes da hist\u00f3ria: o Renascimento. Artistas como Leonardo da Vinci, Michelangelo, Rafael e Botticelli criaram obras que s\u00e3o admiradas at\u00e9 hoje.<\/p>\n<p>\u201cA influ\u00eancia renascentista pode ser vista em v\u00e1rios formatos de arte no Brasil, especialmente em museus e galerias que exibem obras inspiradas nesses mestres\u201d, comenta Renata.<\/p>\n<p>A\u00a0arquitetura italiana\u00a0tamb\u00e9m deixou suas marcas no Brasil. Os imigrantes italianos trouxeram consigo o estilo singular de suas regi\u00f5es, como as casinhas estreitas constru\u00eddas de pedra ou madeira, t\u00edpicas do Sul do Brasil.<\/p>\n<p><strong>Come\u00e7a com a m\u00fasica<\/strong><\/p>\n<p>A\u00a0m\u00fasica italiana, por sua vez, com sua rica tradi\u00e7\u00e3o de \u00f3peras e can\u00e7\u00f5es populares, teve um impacto significativo na cena musical brasileira. Compositores como Verdi, Puccini e Rossini introduziram obras-primas que s\u00e3o regularmente ouvidas em teatros renomados no Brasil.<\/p>\n<p>\u201cAl\u00e9m das \u00f3peras, can\u00e7\u00f5es tradicionais italianas como O Sole Mio e Santa Lucia s\u00e3o populares em eventos culturais. A influ\u00eancia italiana tamb\u00e9m permeia a m\u00fasica popular brasileira, com ritmos e harmonias que ecoam nas composi\u00e7\u00f5es locais\u201d, destaca.<\/p>\n<p>\u201cEventos e festivais culturais italianos no Brasil mant\u00eam viva essa heran\u00e7a musical, promovendo uma profunda conex\u00e3o cultural entre os dois pa\u00edses, como a Festa de S\u00e3o Vito ou da Nossa Senhora de Achiropita\u201d.<\/p>\n<p><strong>Continua com a gastronomia<\/strong><\/p>\n<p>A\u00a0gastronomia<strong>\u00a0<\/strong>italiana \u00e9 uma das mais queridas pelos brasileiros. Muitos pratos t\u00eam origem italiana, tais como o gnocchi, o fettuccine, a pizza, a lasanha e muitas outras del\u00edcias que se tornaram parte da culin\u00e1ria brasileira.<\/p>\n<p>Al\u00e9m disso, ap\u00f3s a imigra\u00e7\u00e3o passou-se a cultivar verduras e milho no Brasil, usados para produzir fub\u00e1 nos quintais, tanto para consumo familiar quanto para venda. \u201cO uso de embutidos, como calabresas e mortadelas, tamb\u00e9m \u00e9 proveniente dos italianos\u201d, conta Renata.<\/p>\n<p><strong>Passa pela religi\u00e3o<\/strong><\/p>\n<p>O\u00a0catolicismo, a\u00a0principal religi\u00e3o\u00a0na It\u00e1lia, foi trazido pelos imigrantes italianos e continua sendo predominante na vida de muitos \u00edtalo-brasileiros e da sociedade brasileira em geral.<\/p>\n<p>Al\u00e9m disso, a It\u00e1lia \u00e9 lar de importantes \u00e1reas religiosas, incluindo a Bas\u00edlica de S\u00e3o Pedro no Vaticano e a Bas\u00edlica de S\u00e3o Jo\u00e3o de Latr\u00e3o em Roma, locais de peregrina\u00e7\u00e3o e devo\u00e7\u00e3o para muitos fi\u00e9is.<\/p>\n<p><strong>L\u00edngua<\/strong><\/p>\n<p>A<strong>\u00a0<\/strong>l\u00edngua italiana<strong>\u00a0<\/strong>contribuiu significativamente para o vocabul\u00e1rio portugu\u00eas no Brasil. Uma das tradi\u00e7\u00f5es mantidas pelos italianos aqui no Brasil \u00e9 o famoso \u201ctchau\u201d, que tem origem da palavra \u201cciao\u201d, utilizada na It\u00e1lia como uma sauda\u00e7\u00e3o informal.<\/p>\n<p>Outras palavras de origem italiana s\u00e3o alarme, artes\u00e3o, banquete, cascata, festim, gazeta, maestro, m\u00e1fia, panetone, polenta, soneto, trampolim e violino. \u201cO brasileiro utiliza tamb\u00e9m no seu dia a dia em tom de brincadeira express\u00f5es italianas como va bene, mangiamo, mamma mia, felice e tantas outras. E ainda temos o Talian, uma l\u00edngua reconhecida oficialmente no Brasil, que \u00e9 muito falada em col\u00f4nias italianas da regi\u00e3o Sul\u201d, explica Renata.<\/p>\n<p><strong>Tradi\u00e7\u00e3o familiar<\/strong><\/p>\n<p>Na tradi\u00e7\u00e3o italiana, a\u00a0fam\u00edlia<strong>\u00a0<\/strong>\u00e9 um pilar central que envolve uma vasta rede de parentes. Essa tradi\u00e7\u00e3o se mant\u00e9m viva entre os \u00edtalo-brasileiros, que frequentemente se re\u00fanem para grandes almo\u00e7os familiares repletos de comida e vinho, seja para celebrar uma data comemorativa ou apenas manter o conv\u00edvio com os familiares.<\/p>\n<p>E s\u00e3o justamente as fam\u00edlias que passam todas essas tradi\u00e7\u00f5es italianas de pai para filho, mantendo viva sua heran\u00e7a cultural e garantindo que a cultura da It\u00e1lia continue a influenciar as novas gera\u00e7\u00f5es.<\/p>\n<p>\u201cS\u00e3o tradi\u00e7\u00f5es que fortalecem os la\u00e7os familiares e a identidade cultural, promovendo um sentimento de pertencimento e de orgulho das ra\u00edzes italianas\u201d, completa Renata.<\/p>\n<p><strong>Sobre o Instituto Cidadania Italiana<\/strong><\/p>\n<p>Fundado em novembro de 2016, em Curitiba, o Instituto Cidadania Italiana tem como prop\u00f3sito oferecer assessoria confi\u00e1vel aos descendentes de italianos interessados em reconhecer sua cidadania.<\/p>\n<p>Seu objetivo principal \u00e9 auxiliar os descendentes em todas as etapas do processo, desde a busca e a confer\u00eancia dos documentos at\u00e9 procedimentos como de tradu\u00e7\u00e3o e apostilamento. Com uma equipe especializada, o instituto possui sede pr\u00f3pria no Brasil e na It\u00e1lia.<\/p>\n<p><strong><a href=\"http:\/\/www.institutocidadaniaitaliana.com.br\/\" target=\"_blank\" rel=\"noopener noreferrer\">www.institutocidadaniaitaliana.com.br<\/a><\/strong><\/p>\n<\/div>\n<p><br \/>\n<br \/><a href=\"https:\/\/www.jornaldafranca.com.br\/conheca-cinco-tradicoes-italianas-que-conquistaram-principalmente-os-francanos\/\">Source link <\/a><\/p>\n<!-- CONTENT END 1 -->\n","protected":false},"excerpt":{"rendered":"<p>Da mesa ao idioma, a cultura italiana molda h\u00e1bitos, celebra\u00e7\u00f5es e valores em todo o Brasil, especialmente entre os francanos O Brasil \u00e9 lar de&#8230;<\/p>\n","protected":false},"author":1,"featured_media":72690,"comment_status":"open","ping_status":"open","sticky":false,"template":"","format":"standard","meta":{"advanced_seo_description":"","jetpack_seo_html_title":"","jetpack_seo_noindex":false,"jetpack_post_was_ever_published":false,"_jetpack_newsletter_access":"","_jetpack_dont_email_post_to_subs":false,"_jetpack_newsletter_tier_id":0,"_jetpack_memberships_contains_paywalled_content":false,"_jetpack_memberships_contains_paid_content":false,"footnotes":"","jetpack_publicize_message":"","jetpack_publicize_feature_enabled":true,"jetpack_social_post_already_shared":true,"jetpack_social_options":{"image_generator_settings":{"template":"highway","default_image_id":0,"font":"","enabled":false},"version":2}},"categories":[3597],"tags":[],"class_list":["post-72689","post","type-post","status-publish","format-standard","has-post-thumbnail","hentry","category-noticias-franca-sp"],"jetpack_publicize_connections":[],"jetpack_featured_media_url":"https:\/\/i0.wp.com\/noticiasribeiraopreto.com.br\/wp-content\/uploads\/2025\/06\/Pizza.jpg?fit=1920%2C1080&ssl=1","jetpack-related-posts":[{"id":40382,"url":"https:\/\/noticiasribeiraopreto.com.br\/index.php\/2024\/03\/03\/a-presenca-italiana-na-regiao\/","url_meta":{"origin":72689,"position":0},"title":"A presen\u00e7a italiana na regi\u00e3o\u00a0","author":"noticiasribeiraopreto.com.br","date":"3 de March de 2024","format":false,"excerpt":"No dia 21 de fevereiro, foi celebrado o Dia do Imigrante Italiano no Brasil, data que remete \u00e0 chegada do navio \u201cLa Sofia\u201d, em 1874, com quase 400 italianos no Estado do Esp\u00edrito Santo. O que na \u00e9poca era um simples grupo de homens em busca de um futuro melhor,\u2026","rel":"","context":"In &quot;Not\u00edcias de Ribeir\u00e3o Preto-SP e Regi\u00e3o&quot;","block_context":{"text":"Not\u00edcias de Ribeir\u00e3o Preto-SP e Regi\u00e3o","link":"https:\/\/noticiasribeiraopreto.com.br\/index.php\/category\/noticias-de-ribeirao-preto-sp-e-regiao-ismael-colosi\/"},"img":{"alt_text":"","src":"https:\/\/i0.wp.com\/noticiasribeiraopreto.com.br\/wp-content\/uploads\/2024\/03\/fotos-16.png?fit=806%2C645&ssl=1&resize=350%2C200","width":350,"height":200,"srcset":"https:\/\/i0.wp.com\/noticiasribeiraopreto.com.br\/wp-content\/uploads\/2024\/03\/fotos-16.png?fit=806%2C645&ssl=1&resize=350%2C200 1x, https:\/\/i0.wp.com\/noticiasribeiraopreto.com.br\/wp-content\/uploads\/2024\/03\/fotos-16.png?fit=806%2C645&ssl=1&resize=525%2C300 1.5x, https:\/\/i0.wp.com\/noticiasribeiraopreto.com.br\/wp-content\/uploads\/2024\/03\/fotos-16.png?fit=806%2C645&ssl=1&resize=700%2C400 2x"},"classes":[]},{"id":40370,"url":"https:\/\/noticiasribeiraopreto.com.br\/index.php\/2024\/03\/03\/imigracao-italiana-a-importancia-da-uniao-entre-as-entidades\/","url_meta":{"origin":72689,"position":1},"title":"Imigra\u00e7\u00e3o italiana: a import\u00e2ncia da uni\u00e3o entre as entidades\u00a0","author":"noticiasribeiraopreto.com.br","date":"3 de March de 2024","format":false,"excerpt":"No anivers\u00e1rio de 150 anos da chegada dessa etnia ao Brasil, \u00e9 preciso somar for\u00e7as e encontrar solu\u00e7\u00f5es que beneficiem toda a comunidade italianaPor Camila Malucelli Neste ano, a comunidade italiana no Brasil comemora os 150 de imigra\u00e7\u00e3o ao pa\u00eds. A data marca a chegada em Vit\u00f3ria (ES), em 1874,\u2026","rel":"","context":"In &quot;Not\u00edcias de Ribeir\u00e3o Preto-SP e Regi\u00e3o&quot;","block_context":{"text":"Not\u00edcias de Ribeir\u00e3o Preto-SP e Regi\u00e3o","link":"https:\/\/noticiasribeiraopreto.com.br\/index.php\/category\/noticias-de-ribeirao-preto-sp-e-regiao-ismael-colosi\/"},"img":{"alt_text":"","src":"https:\/\/i0.wp.com\/noticiasribeiraopreto.com.br\/wp-content\/uploads\/2024\/03\/Camila-Malucelli-scaled.jpeg?fit=430%2C645&ssl=1&resize=350%2C200","width":350,"height":200},"classes":[]},{"id":71766,"url":"https:\/\/noticiasribeiraopreto.com.br\/index.php\/2025\/06\/10\/jornal-da-franca-camara-de-franca-repudia-decreto-italiano-que-afeta-cidadania-a-brasileiros-no-pais\/","url_meta":{"origin":72689,"position":2},"title":"Jornal da Franca &#8211; C\u00e2mara de Franca repudia decreto Italiano que afeta cidadania a brasileiros no pa\u00eds\u00a0","author":"noticiasribeiraopreto.com.br","date":"10 de June de 2025","format":false,"excerpt":"compartilhar no whatsapp compartilhar no telegram compartilhar no facebook compartilhar no linkedin Medida atinge milhares de brasileiros, incluindo centenas de francanos, que aguardam reconhecimento A C\u00e2mara Municipal de Franca votar\u00e1 mo\u00e7\u00e3o de rep\u00fadio ao Decreto-Lei n\u00ba 36\/2025 do governo italiano, que altera as regras para o reconhecimento da cidadania italiana\u2026","rel":"","context":"In &quot;Not\u00edcias de Franca-SP&quot;","block_context":{"text":"Not\u00edcias de Franca-SP","link":"https:\/\/noticiasribeiraopreto.com.br\/index.php\/category\/noticias-de-ribeirao-preto-sp-e-regiao-ismael-colosi\/noticias-franca-sp\/"},"img":{"alt_text":"","src":"https:\/\/i0.wp.com\/noticiasribeiraopreto.com.br\/wp-content\/uploads\/2025\/06\/passaporte-1.jpg?fit=1200%2C705&ssl=1&resize=350%2C200","width":350,"height":200,"srcset":"https:\/\/i0.wp.com\/noticiasribeiraopreto.com.br\/wp-content\/uploads\/2025\/06\/passaporte-1.jpg?fit=1200%2C705&ssl=1&resize=350%2C200 1x, https:\/\/i0.wp.com\/noticiasribeiraopreto.com.br\/wp-content\/uploads\/2025\/06\/passaporte-1.jpg?fit=1200%2C705&ssl=1&resize=525%2C300 1.5x, https:\/\/i0.wp.com\/noticiasribeiraopreto.com.br\/wp-content\/uploads\/2025\/06\/passaporte-1.jpg?fit=1200%2C705&ssl=1&resize=700%2C400 2x, https:\/\/i0.wp.com\/noticiasribeiraopreto.com.br\/wp-content\/uploads\/2025\/06\/passaporte-1.jpg?fit=1200%2C705&ssl=1&resize=1050%2C600 3x"},"classes":[]},{"id":39519,"url":"https:\/\/noticiasribeiraopreto.com.br\/index.php\/2024\/02\/26\/saiba-quais-cidades-da-regiao-de-ribeirao-preto-tem-festa-da-cultura-italiana\/","url_meta":{"origin":72689,"position":3},"title":"Saiba quais cidades da regi\u00e3o de Ribeir\u00e3o Preto t\u00eam festa da cultura italiana","author":"noticiasribeiraopreto.com.br","date":"26 de February de 2024","format":false,"excerpt":"Para homenagear os 150 anos de Imigra\u00e7\u00e3o Italiana no Brasil, a Secretaria de Turismo e Viagens do Estado de S\u00e3o Paulo listou 20 munic\u00edpios que realizam atividades italianas. Todas ser\u00e3o citadas em um guia tem\u00e1tico, que est\u00e1 sendo preparado pela pasta. Na regi\u00e3o de Ribeir\u00e3o Preto, quatro cidades aparecem na\u2026","rel":"","context":"In &quot;Not\u00edcias de Ribeir\u00e3o Preto-SP e Regi\u00e3o&quot;","block_context":{"text":"Not\u00edcias de Ribeir\u00e3o Preto-SP e Regi\u00e3o","link":"https:\/\/noticiasribeiraopreto.com.br\/index.php\/category\/noticias-de-ribeirao-preto-sp-e-regiao-ismael-colosi\/"},"img":{"alt_text":"","src":"https:\/\/i0.wp.com\/noticiasribeiraopreto.com.br\/wp-content\/uploads\/2024\/02\/festa-italiana-batatais-.jpg?fit=1200%2C675&ssl=1&resize=350%2C200","width":350,"height":200,"srcset":"https:\/\/i0.wp.com\/noticiasribeiraopreto.com.br\/wp-content\/uploads\/2024\/02\/festa-italiana-batatais-.jpg?fit=1200%2C675&ssl=1&resize=350%2C200 1x, https:\/\/i0.wp.com\/noticiasribeiraopreto.com.br\/wp-content\/uploads\/2024\/02\/festa-italiana-batatais-.jpg?fit=1200%2C675&ssl=1&resize=525%2C300 1.5x, https:\/\/i0.wp.com\/noticiasribeiraopreto.com.br\/wp-content\/uploads\/2024\/02\/festa-italiana-batatais-.jpg?fit=1200%2C675&ssl=1&resize=700%2C400 2x, https:\/\/i0.wp.com\/noticiasribeiraopreto.com.br\/wp-content\/uploads\/2024\/02\/festa-italiana-batatais-.jpg?fit=1200%2C675&ssl=1&resize=1050%2C600 3x"},"classes":[]},{"id":38496,"url":"https:\/\/noticiasribeiraopreto.com.br\/index.php\/2024\/02\/20\/imigracao-italiana-no-brasil-completou-150-anos-veja-como-pesquisar-a-sua-origem\/","url_meta":{"origin":72689,"position":4},"title":"Imigra\u00e7\u00e3o italiana no Brasil completou 150 anos; Veja como pesquisar a sua origem","author":"noticiasribeiraopreto.com.br","date":"20 de February de 2024","format":false,"excerpt":"No \u00faltimo s\u00e1bado (17), o in\u00edcio da imigra\u00e7\u00e3o italiana no Brasil completou 150 anos e, Ribeir\u00e3o Preto, no s\u00e9culo passado teve mais da metade da popula\u00e7\u00e3o formada por imigrantes daquele pa\u00eds. Entre os anos 1890 e 1902, a popula\u00e7\u00e3o sofreu um aumento de 340%, dos quais 27.765 eram italianos. O\u2026","rel":"","context":"In &quot;Not\u00edcias de Ribeir\u00e3o Preto-SP e Regi\u00e3o&quot;","block_context":{"text":"Not\u00edcias de Ribeir\u00e3o Preto-SP e Regi\u00e3o","link":"https:\/\/noticiasribeiraopreto.com.br\/index.php\/category\/noticias-de-ribeirao-preto-sp-e-regiao-ismael-colosi\/"},"img":{"alt_text":"","src":"https:\/\/i0.wp.com\/noticiasribeiraopreto.com.br\/wp-content\/uploads\/2024\/02\/Capturar-16.jpg?fit=836%2C611&ssl=1&resize=350%2C200","width":350,"height":200,"srcset":"https:\/\/i0.wp.com\/noticiasribeiraopreto.com.br\/wp-content\/uploads\/2024\/02\/Capturar-16.jpg?fit=836%2C611&ssl=1&resize=350%2C200 1x, https:\/\/i0.wp.com\/noticiasribeiraopreto.com.br\/wp-content\/uploads\/2024\/02\/Capturar-16.jpg?fit=836%2C611&ssl=1&resize=525%2C300 1.5x, https:\/\/i0.wp.com\/noticiasribeiraopreto.com.br\/wp-content\/uploads\/2024\/02\/Capturar-16.jpg?fit=836%2C611&ssl=1&resize=700%2C400 2x"},"classes":[]},{"id":72944,"url":"https:\/\/noticiasribeiraopreto.com.br\/index.php\/2025\/06\/23\/museu-casa-da-memoria-italiana-realiza-sessao-gratuita-de-cinema-saiba-como-participar\/","url_meta":{"origin":72689,"position":5},"title":"Museu Casa da Mem\u00f3ria Italiana realiza sess\u00e3o gratuita de cinema; Saiba como participar","author":"noticiasribeiraopreto.com.br","date":"23 de June de 2025","format":false,"excerpt":"O Museu Casa da Mem\u00f3ria Italiana realiza mais uma edi\u00e7\u00e3o do projeto Cine Mem\u00f3ria It\u00e1lia, nesta quinta-feira (26), \u00e0s 19h, em Ribeir\u00e3o Preto. A noite contar\u00e1 com a exibi\u00e7\u00e3o gratuita do filme \u201cAs Afinidades Eletivas\u201d, dirigido pelos irm\u00e3os Paolo e Vittorio Taviani, em 1996. O filme de drama conta a\u2026","rel":"","context":"In &quot;Not\u00edcias de Ribeir\u00e3o Preto-SP e Regi\u00e3o&quot;","block_context":{"text":"Not\u00edcias de Ribeir\u00e3o Preto-SP e Regi\u00e3o","link":"https:\/\/noticiasribeiraopreto.com.br\/index.php\/category\/noticias-de-ribeirao-preto-sp-e-regiao-ismael-colosi\/"},"img":{"alt_text":"","src":"https:\/\/i0.wp.com\/noticiasribeiraopreto.com.br\/wp-content\/uploads\/2025\/06\/cena-do-filme-As-afinidades-eletivas-_2025-06-23_12-07-59.webp.webp?fit=1175%2C1200&ssl=1&resize=350%2C200","width":350,"height":200,"srcset":"https:\/\/i0.wp.com\/noticiasribeiraopreto.com.br\/wp-content\/uploads\/2025\/06\/cena-do-filme-As-afinidades-eletivas-_2025-06-23_12-07-59.webp.webp?fit=1175%2C1200&ssl=1&resize=350%2C200 1x, https:\/\/i0.wp.com\/noticiasribeiraopreto.com.br\/wp-content\/uploads\/2025\/06\/cena-do-filme-As-afinidades-eletivas-_2025-06-23_12-07-59.webp.webp?fit=1175%2C1200&ssl=1&resize=525%2C300 1.5x, https:\/\/i0.wp.com\/noticiasribeiraopreto.com.br\/wp-content\/uploads\/2025\/06\/cena-do-filme-As-afinidades-eletivas-_2025-06-23_12-07-59.webp.webp?fit=1175%2C1200&ssl=1&resize=700%2C400 2x, https:\/\/i0.wp.com\/noticiasribeiraopreto.com.br\/wp-content\/uploads\/2025\/06\/cena-do-filme-As-afinidades-eletivas-_2025-06-23_12-07-59.webp.webp?fit=1175%2C1200&ssl=1&resize=1050%2C600 3x"},"classes":[]}],"jetpack_sharing_enabled":true,"jetpack_shortlink":"https:\/\/wp.me\/peQAOb-iUp","_links":{"self":[{"href":"https:\/\/noticiasribeiraopreto.com.br\/index.php\/wp-json\/wp\/v2\/posts\/72689","targetHints":{"allow":["GET"]}}],"collection":[{"href":"https:\/\/noticiasribeiraopreto.com.br\/index.php\/wp-json\/wp\/v2\/posts"}],"about":[{"href":"https:\/\/noticiasribeiraopreto.com.br\/index.php\/wp-json\/wp\/v2\/types\/post"}],"author":[{"embeddable":true,"href":"https:\/\/noticiasribeiraopreto.com.br\/index.php\/wp-json\/wp\/v2\/users\/1"}],"replies":[{"embeddable":true,"href":"https:\/\/noticiasribeiraopreto.com.br\/index.php\/wp-json\/wp\/v2\/comments?post=72689"}],"version-history":[{"count":0,"href":"https:\/\/noticiasribeiraopreto.com.br\/index.php\/wp-json\/wp\/v2\/posts\/72689\/revisions"}],"wp:featuredmedia":[{"embeddable":true,"href":"https:\/\/noticiasribeiraopreto.com.br\/index.php\/wp-json\/wp\/v2\/media\/72690"}],"wp:attachment":[{"href":"https:\/\/noticiasribeiraopreto.com.br\/index.php\/wp-json\/wp\/v2\/media?parent=72689"}],"wp:term":[{"taxonomy":"category","embeddable":true,"href":"https:\/\/noticiasribeiraopreto.com.br\/index.php\/wp-json\/wp\/v2\/categories?post=72689"},{"taxonomy":"post_tag","embeddable":true,"href":"https:\/\/noticiasribeiraopreto.com.br\/index.php\/wp-json\/wp\/v2\/tags?post=72689"}],"curies":[{"name":"wp","href":"https:\/\/api.w.org\/{rel}","templated":true}]}}