{"id":72691,"date":"2025-06-20T00:50:55","date_gmt":"2025-06-20T03:50:55","guid":{"rendered":"https:\/\/noticiasribeiraopreto.com.br\/index.php\/2025\/06\/20\/jornal-da-franca-voce-pode-ter-uma-fortuna-na-sua-casa-veja-alguns-discos-de-vinil-que-valem-ouro\/"},"modified":"2025-06-20T00:50:55","modified_gmt":"2025-06-20T03:50:55","slug":"jornal-da-franca-voce-pode-ter-uma-fortuna-na-sua-casa-veja-alguns-discos-de-vinil-que-valem-ouro","status":"publish","type":"post","link":"https:\/\/noticiasribeiraopreto.com.br\/index.php\/2025\/06\/20\/jornal-da-franca-voce-pode-ter-uma-fortuna-na-sua-casa-veja-alguns-discos-de-vinil-que-valem-ouro\/","title":{"rendered":"Jornal da Franca &#8211; Voc\u00ea pode ter uma fortuna na sua casa: veja alguns discos de vinil que valem ouro"},"content":{"rendered":"<p> <br \/>\n<\/p>\n<div>\n\t                            <a class=\"mb-1\" href=\"https:\/\/api.whatsapp.com\/send?text=Olha essa Not\u00edcia no Jornal da Franca.%0D%0D*Voc\u00ea pode ter uma fortuna na sua casa: veja alguns discos de vinil que valem ouro*%0D%0Dclique na url abaixo%0Dhttps:\/\/www.jornaldafranca.com.br\/voce-pode-ter-uma-fortuna-na-sua-casa-veja-alguns-discos-de-vinil-que-valem-ouro\/\" target=\"_blank\"><span class=\"text-12 badge badge-pill badge-success\"><i class=\"fa fa-whatsapp\"\/> compartilhar no whatsapp<\/span><\/a><\/p>\n<p>\t                            <a class=\"mb-1\" href=\"https:\/\/telegram.me\/share\/url?url=https:\/\/www.jornaldafranca.com.br\/voce-pode-ter-uma-fortuna-na-sua-casa-veja-alguns-discos-de-vinil-que-valem-ouro\/&amp;text=Olha essa Not\u00edcia no Jornal da Franca.\" target=\"_blank\"><span class=\"text-12 badge badge-pill badge-info\"><i class=\"fa fa-telegram\"\/> compartilhar no telegram<\/span><\/a><\/p>\n<p>\t                            <a class=\"mb-1\" href=\"https:\/\/www.facebook.com\/sharer\/sharer.php?u=https:\/\/www.jornaldafranca.com.br\/voce-pode-ter-uma-fortuna-na-sua-casa-veja-alguns-discos-de-vinil-que-valem-ouro\/\" target=\"_blank\"><span class=\"text-12 badge badge-pill badge-primary\"><i class=\"fa fa-facebook\"\/> compartilhar no facebook<\/span><\/a><\/p>\n<p>\t                            <a class=\"mb-1\" href=\"https:\/\/www.linkedin.com\/shareArticle?mini=true&amp;url=https:\/\/www.jornaldafranca.com.br\/voce-pode-ter-uma-fortuna-na-sua-casa-veja-alguns-discos-de-vinil-que-valem-ouro\/&amp;title=Voc\u00ea pode ter uma fortuna na sua casa: veja alguns discos de vinil que valem ouro&amp;source=JORNAL DA FRANCA\" target=\"_blank\"><span class=\"text-12 badge badge-pill badge-secondary\"><i class=\"fa fa-linkedin\"\/> compartilhar no linkedin<\/span><\/a><\/p>\n<div class=\"lead text-20\">\n<p>Dependendo da conserva\u00e7\u00e3o, o raro disco de vinil Tim Maia Racional pode valer de R$\u202f1.500 a R$\u202f2.500, cada volume<\/p>\n<\/p><\/div>\n<p><img data-recalc-dims=\"1\" decoding=\"async\" src=\"https:\/\/i0.wp.com\/www.jornaldafranca.com.br\/wp-content\/uploads\/2025\/06\/19428.jpg?ssl=1\" alt=\"\"\/><\/p>\n<p>Com o passar das d\u00e9cadas, os\u00a0discos de vinil\u00a0deixaram de ser apenas uma forma de ouvir m\u00fasica e passaram a ocupar um espa\u00e7o especial no universo dos colecionadores.<\/p>\n<p>Algumas edi\u00e7\u00f5es raras se tornaram\u00a0verdadeiros tesouros, capazes de alcan\u00e7ar valores surpreendentes em sites de leil\u00f5es, feiras e lojas especializadas, como o Sebo Almanaque, na rua Dr. J\u00falio Cardoso, 2072, em Franca.<\/p>\n<p>A\u00a0busca por vinis raros\u00a0cresceu tanto que o mercado hoje est\u00e1 mais aquecido do que nunca. Seja por causa de prensagens limitadas, erros de produ\u00e7\u00e3o, relev\u00e2ncia hist\u00f3rica ou estado de conserva\u00e7\u00e3o impec\u00e1vel, certos LPs antigos podem valer\u00a0milhares de reais\u00a0\u2014 e muitos deles podem estar esquecidos em prateleiras ou caixas no fundo de um arm\u00e1rio.<\/p>\n<p><strong>Discos de vinil que valem uma fortuna<\/strong><\/p>\n<p><span id=\"Tim_Maia_Racional_Vol1_e_Vol2\" class=\"ez-toc-section\"\/><strong>Tim Maia Racional Vol.1 e Vol.2<\/strong><\/p>\n<p><img data-recalc-dims=\"1\" decoding=\"async\" src=\"https:\/\/i0.wp.com\/www.jornaldafranca.com.br\/wp-content\/uploads\/2025\/06\/esse.jpg?ssl=1\" alt=\"\"\/><\/p>\n<p>Entre os mais cobi\u00e7ados do mercado brasileiro est\u00e3o os ic\u00f4nicos \u201c<strong>Tim Maia Racional<\/strong>\u201d Vol.1 e Vol.2, lan\u00e7ados respectivamente em 1975 e 1976. Esses discos tornaram-se objetos de culto n\u00e3o apenas pelo conte\u00fado musical, mas tamb\u00e9m pela raridade.<\/p>\n<p>Ap\u00f3s romper com a doutrina da Cultura Racional, Tim Maia mandou recolher os LPs, tornando-os ainda mais escassos. Dependendo da conserva\u00e7\u00e3o, cada volume pode valer de R$\u202f1.500 a R$\u202f2.500.<\/p>\n<h4 class=\"wp-block-heading\"><span id=\"Roberto_Carlos_%E2%80%93_Louco_por_Voce\" class=\"ez-toc-section\"\/>Roberto Carlos \u2013 Louco por Voc\u00ea<\/h4>\n<p><img data-recalc-dims=\"1\" decoding=\"async\" src=\"https:\/\/i0.wp.com\/www.jornaldafranca.com.br\/wp-content\/uploads\/2025\/06\/Sem-titulo.jpg?ssl=1\" alt=\"\"\/><\/p>\n<p>Esse \u00e9 o \u201csanto graal\u201d dos colecionadores brasileiros. Lan\u00e7ado em 1961,\u00a0<strong>Louco por Voc\u00ea<\/strong> \u00e9 o primeiro \u00e1lbum de Roberto Carlos, que depois tentou \u201capagar\u201d o disco de sua discografia por se distanciar do estilo jovem guarda \u2013 tinha bossa nova e at\u00e9 samba. Prensagens originais podem ultrapassar os R$\u202f7.000.<\/p>\n<h4 class=\"wp-block-heading\"><span id=\"Paebiru_%E2%80%93_Lula_Cortes_e_Ze_Ramalho\" class=\"ez-toc-section\"\/>Pa\u00eabiru \u2013 Lula C\u00f4rtes e Z\u00e9 Ramalho<\/h4>\n<p>Obra-prima do psicodelismo nordestino,\u00a0<strong>Pa\u00eabiru (1975)<\/strong>\u00a0foi parcialmente destru\u00eddo por uma enchente logo ap\u00f3s seu lan\u00e7amento. Restaram poucas c\u00f3pias, e o \u00e1lbum se tornou uma rel\u00edquia. \u00c9 comum ver exemplares originais negociados por R$\u202f5.000 a R$\u202f10.000.<\/p>\n<h4 class=\"wp-block-heading\">Novos Baianos \u2013 Acabou Chorare<\/h4>\n<p><img data-recalc-dims=\"1\" decoding=\"async\" src=\"https:\/\/i0.wp.com\/www.jornaldafranca.com.br\/wp-content\/uploads\/2025\/06\/Acabou-Chorare.jpg?ssl=1\" alt=\"\"\/><\/p>\n<p>Esse cl\u00e1ssico da MPB, lan\u00e7ado em 1972, tem valor hist\u00f3rico e afetivo inestim\u00e1vel. Em bom estado e prensagem\u00a0original, pode alcan\u00e7ar pre\u00e7os acima de R$\u202f1.200. O \u00e1lbum, frequentemente listado como um dos melhores da m\u00fasica brasileira, \u00e9 presen\u00e7a obrigat\u00f3ria em qualquer cole\u00e7\u00e3o de respeito.<\/p>\n<h4 class=\"wp-block-heading\"><span id=\"Secos_Molhados_%E2%80%93_Album_homonimo_1973\" class=\"ez-toc-section\"\/>Secos &amp; Molhados \u2013 \u00c1lbum hom\u00f4nimo (1973)<\/h4>\n<p>Com sua est\u00e9tica ousada e performance teatral, o \u00e1lbum de estreia do grupo\u00a0<strong>Secos &amp; Molhados\u00a0<\/strong>\u00e9 outro exemplo de vinil com grande valoriza\u00e7\u00e3o. Dependendo da edi\u00e7\u00e3o (algumas prensagens internacionais s\u00e3o especialmente raras), pode chegar a R$\u202f1.000 ou mais.<\/p>\n<p><strong>O fen\u00f4meno dos discos raros:<\/strong> <strong>Por que certos vinis s\u00e3o t\u00e3o valiosos?<\/strong><\/p>\n<p>A valoriza\u00e7\u00e3o de um disco se d\u00e1 por diversos fatores. A\u00a0tiragem limitada, o contexto hist\u00f3rico, o impacto cultural e at\u00e9 detalhes como erros de impress\u00e3o tornam o item mais raro. Al\u00e9m disso, edi\u00e7\u00f5es promocionais, prensagens internacionais e LPs autografados t\u00eam valores significativamente maiores.<\/p>\n<p>Outro fator que pesa muito \u00e9 o estado de conserva\u00e7\u00e3o. Um vinil com capa original, encarte e disco em bom estado pode valer at\u00e9 10 vezes mais do que um exemplar danificado.<\/p>\n<h4 class=\"wp-block-heading\"><span id=\"A_febre_das_edicoes_especiais\" class=\"ez-toc-section\"\/>A febre das edi\u00e7\u00f5es especiais<\/h4>\n<p>Com o\u00a0retorno da popularidade\u00a0dos vinis, muitos artistas contempor\u00e2neos tamb\u00e9m est\u00e3o lan\u00e7ando edi\u00e7\u00f5es especiais que j\u00e1 nascem como itens de colecionador. Taylor Swift, por exemplo, lan\u00e7ou vers\u00f5es coloridas e numeradas de seus \u00e1lbuns, que esgotam rapidamente e depois s\u00e3o vendidas por valores elevados no mercado secund\u00e1rio.<\/p>\n<p>Mesmo \u00e1lbuns modernos com prensagens limitadas t\u00eam mostrado grande potencial de valoriza\u00e7\u00e3o ao longo do tempo.<\/p>\n<p><strong>O crescimento do mercado de vinil<\/strong><\/p>\n<p>Segundo a RIAA (Associa\u00e7\u00e3o da Ind\u00fastria Fonogr\u00e1fica dos EUA), 2022 marcou o primeiro ano, em mais de tr\u00eas d\u00e9cadas, em que os discos de vinil superaram os CDs em volume de vendas. Foram vendidos 41 milh\u00f5es de vinis, contra 33 milh\u00f5es de CDs.<\/p>\n<p>Esse crescimento \u00e9 impulsionado principalmente por\u00a0jovens ouvintes, que buscam uma experi\u00eancia musical mais t\u00e1til, envolvente e com qualidade sonora superior \u00e0 dos formatos digitais comprimidos.<\/p>\n<h4 class=\"wp-block-heading\"><span id=\"Record_Store_Day_e_seu_impacto\" class=\"ez-toc-section\"\/>Record Store Day e seu impacto<\/h4>\n<p>O\u00a0Record Store Day, evento anual que celebra lojas de discos independentes com lan\u00e7amentos exclusivos, tamb\u00e9m tem um papel importante nesse cen\u00e1rio. Em 2024, o evento bateu recordes mundiais de vendas, com fila nas portas das lojas antes mesmo da abertura.<\/p>\n<p>Artistas como David Bowie, Metallica, Billie Eilish e Pearl Jam participaram de edi\u00e7\u00f5es anteriores, lan\u00e7ando\u00a0\u00e1lbuns especiais\u00a0para a\u00a0data.<\/p>\n<p><strong>Como saber se voc\u00ea tem um disco raro<\/strong><\/p>\n<p><span id=\"Verifique_a_prensagem_e_o_numero_de_catalogo\" class=\"ez-toc-section\"\/>Verifique a prensagem e o n\u00famero de cat\u00e1logo<\/p>\n<p>A melhor forma de descobrir se seu vinil \u00e9 raro \u00e9 identificar a prensagem. Prensagens originais e primeiras edi\u00e7\u00f5es s\u00e3o as mais valiosas. Para isso, procure o n\u00famero de cat\u00e1logo na contracapa ou na etiqueta central do disco e compare em sites como Discogs e Popsike.<\/p>\n<h4 class=\"wp-block-heading\"><span id=\"Avalie_a_condicao_fisica\" class=\"ez-toc-section\"\/>Avalie a condi\u00e7\u00e3o f\u00edsica<\/h4>\n<p>O estado do disco \u00e9 fundamental. Veja os crit\u00e9rios b\u00e1sicos:<\/p>\n<p>Sem riscos profundos<\/p>\n<p>Capa intacta, sem rasgos ou manchas<\/p>\n<p>Encarte original presente<\/p>\n<p>Disco plano (sem empenamentos)<\/p>\n<h4 class=\"wp-block-heading\"><span id=\"Consulte_colecionadores_e_especialistas\" class=\"ez-toc-section\"\/>Consulte colecionadores e especialistas<\/h4>\n<p>Participe de grupos especializados em redes sociais, f\u00f3runs ou feiras de vinil. Colecionadores experientes podem ajudar a identificar\u00a0detalhes t\u00e9cnicos\u00a0que indicam se o disco \u00e9 realmente raro e valioso.<\/p>\n<p><span id=\"Onde_e_como_vender_discos_valiosos\" class=\"ez-toc-section\"\/><strong>Onde e como vender discos valiosos<\/strong><\/p>\n<h4 class=\"wp-block-heading\"><span id=\"Principais_plataformas\" class=\"ez-toc-section\"\/>Principais plataformas<\/h4>\n<p><strong>Discogs<\/strong>: plataforma internacional focada em discos, muito usada por colecionadores.<\/p>\n<p><strong>Mercado Livre<\/strong>: ideal para venda nacional com boa visibilidade.<\/p>\n<p><strong>eBay<\/strong>: \u00f3tima para atingir compradores estrangeiros.<\/p>\n<p><strong>Feiras e eventos de vinil<\/strong>: ambientes presenciais que permitem negocia\u00e7\u00e3o direta.<\/p>\n<h4 class=\"wp-block-heading\"><span id=\"Dicas_para_vender_com_seguranca\" class=\"ez-toc-section\"\/>Dicas para vender com seguran\u00e7a<\/h4>\n<p>Fa\u00e7a fotos n\u00edtidas do disco, da capa e do encarte.<\/p>\n<p>Seja honesto na descri\u00e7\u00e3o do estado do item.<\/p>\n<p>Use embalagens refor\u00e7adas, com prote\u00e7\u00e3o para o transporte.<\/p>\n<p>Estabele\u00e7a comunica\u00e7\u00e3o clara com o comprador.<\/p>\n<p>A\u00a0redescoberta do vinil\u00a0n\u00e3o \u00e9 apenas uma moda passageira, mas um movimento consistente que une paix\u00e3o musical, nostalgia e\u00a0investimento. Muitos brasileiros guardam verdadeiras\u00a0joias musicais\u00a0sem sequer saber \u2014 rel\u00edquias que podem valer milhares de reais no mercado atual.<\/p>\n<p>Segundo not\u00edcia do portal <a href=\"https:\/\/seucreditodigital.com.br\/discos-vinil-raros-valem-fortuna\/\"><strong>Seu Cr\u00e9dito Digital<\/strong><\/a>, se voc\u00ea tem uma pilha de discos antigos em casa, talvez esteja mais pr\u00f3ximo do que imagina de encontrar um LP raro\u00a0e transformar mem\u00f3ria em dinheiro. Pesquise, avalie e, quem sabe, aquele disco esquecido na estante pode ser a sua pr\u00f3xima fonte de renda.<\/p>\n<p><!-- CONTENT END 1 --><\/p>\n<hr\/><\/div>\n<p><br \/>\n<br \/><a href=\"https:\/\/www.jornaldafranca.com.br\/voce-pode-ter-uma-fortuna-na-sua-casa-veja-alguns-discos-de-vinil-que-valem-ouro\/\">Source link <\/a><\/p>\n","protected":false},"excerpt":{"rendered":"<p>compartilhar no whatsapp compartilhar no telegram compartilhar no facebook compartilhar no linkedin Dependendo da conserva\u00e7\u00e3o, o raro disco de vinil Tim Maia Racional pode valer&#8230;<\/p>\n","protected":false},"author":1,"featured_media":72692,"comment_status":"open","ping_status":"open","sticky":false,"template":"","format":"standard","meta":{"advanced_seo_description":"","jetpack_seo_html_title":"","jetpack_seo_noindex":false,"jetpack_post_was_ever_published":false,"_jetpack_newsletter_access":"","_jetpack_dont_email_post_to_subs":false,"_jetpack_newsletter_tier_id":0,"_jetpack_memberships_contains_paywalled_content":false,"_jetpack_memberships_contains_paid_content":false,"footnotes":"","jetpack_publicize_message":"","jetpack_publicize_feature_enabled":true,"jetpack_social_post_already_shared":true,"jetpack_social_options":{"image_generator_settings":{"template":"highway","default_image_id":0,"font":"","enabled":false},"version":2}},"categories":[3597],"tags":[],"class_list":["post-72691","post","type-post","status-publish","format-standard","has-post-thumbnail","hentry","category-noticias-franca-sp"],"jetpack_publicize_connections":[],"jetpack_featured_media_url":"https:\/\/i0.wp.com\/noticiasribeiraopreto.com.br\/wp-content\/uploads\/2025\/06\/19428.jpg?fit=1000%2C665&ssl=1","jetpack-related-posts":[{"id":73017,"url":"https:\/\/noticiasribeiraopreto.com.br\/index.php\/2025\/06\/24\/jornal-da-franca-clima-sera-de-frio-porem-agradavel-e-fresco-em-franca-nesta-terca-deve-chover\/","url_meta":{"origin":72691,"position":0},"title":"Jornal da Franca &#8211; Clima ser\u00e1 de frio, por\u00e9m agrad\u00e1vel e fresco em Franca nesta ter\u00e7a: deve chover","author":"noticiasribeiraopreto.com.br","date":"24 de June de 2025","format":false,"excerpt":"compartilhar no whatsapp compartilhar no telegram compartilhar no facebook compartilhar no linkedin Cidade tem previs\u00e3o de chuva de at\u00e9 12 mil\u00edmetros A previs\u00e3o do tempo para Franca indica um dia agrad\u00e1vel, com temperatura m\u00ednima de 5\u00b0C e m\u00e1xima de 22\u00b0C. H\u00e1 grande possibilidade de chuva, com volume de at\u00e9 12\u2026","rel":"","context":"In &quot;Not\u00edcias de Franca-SP&quot;","block_context":{"text":"Not\u00edcias de Franca-SP","link":"https:\/\/noticiasribeiraopreto.com.br\/index.php\/category\/noticias-de-ribeirao-preto-sp-e-regiao-ismael-colosi\/noticias-franca-sp\/"},"img":{"alt_text":"","src":"https:\/\/i0.wp.com\/noticiasribeiraopreto.com.br\/wp-content\/uploads\/2025\/06\/1750758766_Franca.jpeg?fit=1200%2C806&ssl=1&resize=350%2C200","width":350,"height":200,"srcset":"https:\/\/i0.wp.com\/noticiasribeiraopreto.com.br\/wp-content\/uploads\/2025\/06\/1750758766_Franca.jpeg?fit=1200%2C806&ssl=1&resize=350%2C200 1x, https:\/\/i0.wp.com\/noticiasribeiraopreto.com.br\/wp-content\/uploads\/2025\/06\/1750758766_Franca.jpeg?fit=1200%2C806&ssl=1&resize=525%2C300 1.5x, https:\/\/i0.wp.com\/noticiasribeiraopreto.com.br\/wp-content\/uploads\/2025\/06\/1750758766_Franca.jpeg?fit=1200%2C806&ssl=1&resize=700%2C400 2x, https:\/\/i0.wp.com\/noticiasribeiraopreto.com.br\/wp-content\/uploads\/2025\/06\/1750758766_Franca.jpeg?fit=1200%2C806&ssl=1&resize=1050%2C600 3x"},"classes":[]},{"id":69340,"url":"https:\/\/noticiasribeiraopreto.com.br\/index.php\/2025\/05\/05\/jornal-da-franca-implantacao-de-escola-civico-militar-em-franca-e-tema-de-debates-na-camara-municipal\/","url_meta":{"origin":72691,"position":1},"title":"Jornal da Franca &#8211; Implanta\u00e7\u00e3o de escola c\u00edvico-militar em Franca \u00e9 tema de debates na C\u00e2mara Municipal","author":"noticiasribeiraopreto.com.br","date":"5 de May de 2025","format":false,"excerpt":"compartilhar no whatsapp compartilhar no telegram compartilhar no facebook compartilhar no linkedin Mun\u00edcipe agradece apoio de vereadores e parlamentares para que Franca fosse contemplada com o modelo educacional A implanta\u00e7\u00e3o do Programa das Escolas C\u00edvico-Militares em Franca, pauta defendida pela direita, foi tema abordado durante a sess\u00e3o ordin\u00e1ria da C\u00e2mara\u2026","rel":"","context":"In &quot;Not\u00edcias de Franca-SP&quot;","block_context":{"text":"Not\u00edcias de Franca-SP","link":"https:\/\/noticiasribeiraopreto.com.br\/index.php\/category\/noticias-de-ribeirao-preto-sp-e-regiao-ismael-colosi\/noticias-franca-sp\/"},"img":{"alt_text":"","src":"https:\/\/i0.wp.com\/noticiasribeiraopreto.com.br\/wp-content\/uploads\/2025\/05\/1746449336_plenariodiagonal_0.jpg?fit=930%2C558&ssl=1&resize=350%2C200","width":350,"height":200,"srcset":"https:\/\/i0.wp.com\/noticiasribeiraopreto.com.br\/wp-content\/uploads\/2025\/05\/1746449336_plenariodiagonal_0.jpg?fit=930%2C558&ssl=1&resize=350%2C200 1x, https:\/\/i0.wp.com\/noticiasribeiraopreto.com.br\/wp-content\/uploads\/2025\/05\/1746449336_plenariodiagonal_0.jpg?fit=930%2C558&ssl=1&resize=525%2C300 1.5x, https:\/\/i0.wp.com\/noticiasribeiraopreto.com.br\/wp-content\/uploads\/2025\/05\/1746449336_plenariodiagonal_0.jpg?fit=930%2C558&ssl=1&resize=700%2C400 2x"},"classes":[]},{"id":69220,"url":"https:\/\/noticiasribeiraopreto.com.br\/index.php\/2025\/05\/03\/jornal-da-franca-socorristas-que-salvaram-crianca-em-franca-recebem-mocao-de-aplausos-da-camara\/","url_meta":{"origin":72691,"position":2},"title":"Jornal da Franca &#8211; Socorristas que salvaram crian\u00e7a em Franca\u00a0recebem Mo\u00e7\u00e3o de Aplausos da C\u00e2mara","author":"noticiasribeiraopreto.com.br","date":"3 de May de 2025","format":false,"excerpt":"compartilhar no whatsapp compartilhar no telegram compartilhar no facebook compartilhar no linkedin Mo\u00e7\u00e3o reconhece trabalho de equipe de sa\u00fade que atuou no salvamento de beb\u00ea A C\u00e2mara aprovou a Mo\u00e7\u00e3o de Aplausos n\u00ba 41 de 2025, de autoria do vereador Walker Bombeiro da Libras, para a equipe de sa\u00fade da\u2026","rel":"","context":"In &quot;Not\u00edcias de Franca-SP&quot;","block_context":{"text":"Not\u00edcias de Franca-SP","link":"https:\/\/noticiasribeiraopreto.com.br\/index.php\/category\/noticias-de-ribeirao-preto-sp-e-regiao-ismael-colosi\/noticias-franca-sp\/"},"img":{"alt_text":"","src":"https:\/\/i0.wp.com\/noticiasribeiraopreto.com.br\/wp-content\/uploads\/2025\/05\/mocaoravi17sessao.jpg?fit=1000%2C562&ssl=1&resize=350%2C200","width":350,"height":200,"srcset":"https:\/\/i0.wp.com\/noticiasribeiraopreto.com.br\/wp-content\/uploads\/2025\/05\/mocaoravi17sessao.jpg?fit=1000%2C562&ssl=1&resize=350%2C200 1x, https:\/\/i0.wp.com\/noticiasribeiraopreto.com.br\/wp-content\/uploads\/2025\/05\/mocaoravi17sessao.jpg?fit=1000%2C562&ssl=1&resize=525%2C300 1.5x, https:\/\/i0.wp.com\/noticiasribeiraopreto.com.br\/wp-content\/uploads\/2025\/05\/mocaoravi17sessao.jpg?fit=1000%2C562&ssl=1&resize=700%2C400 2x"},"classes":[]},{"id":67756,"url":"https:\/\/noticiasribeiraopreto.com.br\/index.php\/2025\/04\/18\/jornal-da-franca-vereadores-aprovam-reconhecimento-a-profissionais-e-entidades-que-atuam-em-franca\/","url_meta":{"origin":72691,"position":3},"title":"Jornal da Franca &#8211; Vereadores aprovam reconhecimento a profissionais e entidades que atuam em Franca\u00a0","author":"noticiasribeiraopreto.com.br","date":"18 de April de 2025","format":false,"excerpt":"compartilhar no whatsapp compartilhar no telegram compartilhar no facebook compartilhar no linkedin Mo\u00e7\u00f5es de aplausos e congratula\u00e7\u00f5es s\u00e3o apresentadas em reconhecimento a servi\u00e7os prestados A C\u00e2mara Municipal de Franca aprovou na sess\u00e3o desta ter\u00e7a-feira mo\u00e7\u00f5es de aplausos e congratula\u00e7\u00f5es em reconhecimento a profissionais, entidades e sindicatos que se destacaram em\u2026","rel":"","context":"In &quot;Not\u00edcias de Franca-SP&quot;","block_context":{"text":"Not\u00edcias de Franca-SP","link":"https:\/\/noticiasribeiraopreto.com.br\/index.php\/category\/noticias-de-ribeirao-preto-sp-e-regiao-ismael-colosi\/noticias-franca-sp\/"},"img":{"alt_text":"","src":"https:\/\/i0.wp.com\/noticiasribeiraopreto.com.br\/wp-content\/uploads\/2025\/04\/reuniaodecomissoes-2.jpg?fit=930%2C558&ssl=1&resize=350%2C200","width":350,"height":200,"srcset":"https:\/\/i0.wp.com\/noticiasribeiraopreto.com.br\/wp-content\/uploads\/2025\/04\/reuniaodecomissoes-2.jpg?fit=930%2C558&ssl=1&resize=350%2C200 1x, https:\/\/i0.wp.com\/noticiasribeiraopreto.com.br\/wp-content\/uploads\/2025\/04\/reuniaodecomissoes-2.jpg?fit=930%2C558&ssl=1&resize=525%2C300 1.5x, https:\/\/i0.wp.com\/noticiasribeiraopreto.com.br\/wp-content\/uploads\/2025\/04\/reuniaodecomissoes-2.jpg?fit=930%2C558&ssl=1&resize=700%2C400 2x"},"classes":[]},{"id":65177,"url":"https:\/\/noticiasribeiraopreto.com.br\/index.php\/2025\/03\/17\/jornal-da-franca-previsao-climatica-para-franca-dia-de-sol-com-poucas-nuvens-nesta-segunda\/","url_meta":{"origin":72691,"position":4},"title":"Jornal da Franca &#8211; Previs\u00e3o clim\u00e1tica para Franca: dia de sol com poucas nuvens nesta segunda","author":"noticiasribeiraopreto.com.br","date":"17 de March de 2025","format":false,"excerpt":"compartilhar no whatsapp compartilhar no telegram compartilhar no facebook compartilhar no linkedin Temperaturas variam entre 19\u00b0C e 31\u00b0C, com 0% de chance de chuva \u00a0 A previs\u00e3o do tempo para a cidade de Franca nesta segunda-feira, indica um dia de sol com algumas nuvens, especialmente \u00e0 tarde. H\u00e1 previs\u00e3o de\u2026","rel":"","context":"In &quot;Not\u00edcias de Franca-SP&quot;","block_context":{"text":"Not\u00edcias de Franca-SP","link":"https:\/\/noticiasribeiraopreto.com.br\/index.php\/category\/noticias-de-ribeirao-preto-sp-e-regiao-ismael-colosi\/noticias-franca-sp\/"},"img":{"alt_text":"","src":"https:\/\/i0.wp.com\/noticiasribeiraopreto.com.br\/wp-content\/uploads\/2025\/03\/nuvens-de-chuva-scaled.jpg?fit=1200%2C800&ssl=1&resize=350%2C200","width":350,"height":200,"srcset":"https:\/\/i0.wp.com\/noticiasribeiraopreto.com.br\/wp-content\/uploads\/2025\/03\/nuvens-de-chuva-scaled.jpg?fit=1200%2C800&ssl=1&resize=350%2C200 1x, https:\/\/i0.wp.com\/noticiasribeiraopreto.com.br\/wp-content\/uploads\/2025\/03\/nuvens-de-chuva-scaled.jpg?fit=1200%2C800&ssl=1&resize=525%2C300 1.5x, https:\/\/i0.wp.com\/noticiasribeiraopreto.com.br\/wp-content\/uploads\/2025\/03\/nuvens-de-chuva-scaled.jpg?fit=1200%2C800&ssl=1&resize=700%2C400 2x, https:\/\/i0.wp.com\/noticiasribeiraopreto.com.br\/wp-content\/uploads\/2025\/03\/nuvens-de-chuva-scaled.jpg?fit=1200%2C800&ssl=1&resize=1050%2C600 3x"},"classes":[]},{"id":64747,"url":"https:\/\/noticiasribeiraopreto.com.br\/index.php\/2025\/03\/12\/jornal-da-franca-autoridades-e-produtores-rurais-de-franca-fazem-abertura-da-16-edicao-do-simcafe\/","url_meta":{"origin":72691,"position":5},"title":"Jornal da Franca &#8211; Autoridades e produtores rurais de Franca fazem abertura da 16\u00b0 edi\u00e7\u00e3o do SimCaf\u00e9","author":"noticiasribeiraopreto.com.br","date":"12 de March de 2025","format":false,"excerpt":"compartilhar no whatsapp compartilhar no telegram compartilhar no facebook compartilhar no linkedin Evento re\u00fane cafeicultores e empresas do setor de agro de Franca e regi\u00e3o O Simcaf\u00e9 \u2013 Simp\u00f3sio do Agroneg\u00f3cio Caf\u00e9 da Alta Mogiana \u2013 teve sua 16\u00b0 edi\u00e7\u00e3o aberta nesta ter\u00e7a-feira com a presen\u00e7a de diversas autoridades pol\u00edticas.\u2026","rel":"","context":"In &quot;Not\u00edcias de Franca-SP&quot;","block_context":{"text":"Not\u00edcias de Franca-SP","link":"https:\/\/noticiasribeiraopreto.com.br\/index.php\/category\/noticias-de-ribeirao-preto-sp-e-regiao-ismael-colosi\/noticias-franca-sp\/"},"img":{"alt_text":"","src":"https:\/\/i0.wp.com\/noticiasribeiraopreto.com.br\/wp-content\/uploads\/2025\/03\/IMG_20250311_180004.jpg?fit=804%2C730&ssl=1&resize=350%2C200","width":350,"height":200,"srcset":"https:\/\/i0.wp.com\/noticiasribeiraopreto.com.br\/wp-content\/uploads\/2025\/03\/IMG_20250311_180004.jpg?fit=804%2C730&ssl=1&resize=350%2C200 1x, https:\/\/i0.wp.com\/noticiasribeiraopreto.com.br\/wp-content\/uploads\/2025\/03\/IMG_20250311_180004.jpg?fit=804%2C730&ssl=1&resize=525%2C300 1.5x, https:\/\/i0.wp.com\/noticiasribeiraopreto.com.br\/wp-content\/uploads\/2025\/03\/IMG_20250311_180004.jpg?fit=804%2C730&ssl=1&resize=700%2C400 2x"},"classes":[]}],"jetpack_sharing_enabled":true,"jetpack_shortlink":"https:\/\/wp.me\/peQAOb-iUr","_links":{"self":[{"href":"https:\/\/noticiasribeiraopreto.com.br\/index.php\/wp-json\/wp\/v2\/posts\/72691","targetHints":{"allow":["GET"]}}],"collection":[{"href":"https:\/\/noticiasribeiraopreto.com.br\/index.php\/wp-json\/wp\/v2\/posts"}],"about":[{"href":"https:\/\/noticiasribeiraopreto.com.br\/index.php\/wp-json\/wp\/v2\/types\/post"}],"author":[{"embeddable":true,"href":"https:\/\/noticiasribeiraopreto.com.br\/index.php\/wp-json\/wp\/v2\/users\/1"}],"replies":[{"embeddable":true,"href":"https:\/\/noticiasribeiraopreto.com.br\/index.php\/wp-json\/wp\/v2\/comments?post=72691"}],"version-history":[{"count":0,"href":"https:\/\/noticiasribeiraopreto.com.br\/index.php\/wp-json\/wp\/v2\/posts\/72691\/revisions"}],"wp:featuredmedia":[{"embeddable":true,"href":"https:\/\/noticiasribeiraopreto.com.br\/index.php\/wp-json\/wp\/v2\/media\/72692"}],"wp:attachment":[{"href":"https:\/\/noticiasribeiraopreto.com.br\/index.php\/wp-json\/wp\/v2\/media?parent=72691"}],"wp:term":[{"taxonomy":"category","embeddable":true,"href":"https:\/\/noticiasribeiraopreto.com.br\/index.php\/wp-json\/wp\/v2\/categories?post=72691"},{"taxonomy":"post_tag","embeddable":true,"href":"https:\/\/noticiasribeiraopreto.com.br\/index.php\/wp-json\/wp\/v2\/tags?post=72691"}],"curies":[{"name":"wp","href":"https:\/\/api.w.org\/{rel}","templated":true}]}}