{"id":72693,"date":"2025-06-20T07:01:42","date_gmt":"2025-06-20T10:01:42","guid":{"rendered":"https:\/\/noticiasribeiraopreto.com.br\/index.php\/2025\/06\/20\/jornal-da-franca-como-viver-mais-e-melhor-especialista-lista-segredos-para-a-longevidade\/"},"modified":"2025-06-20T07:01:42","modified_gmt":"2025-06-20T10:01:42","slug":"jornal-da-franca-como-viver-mais-e-melhor-especialista-lista-segredos-para-a-longevidade","status":"publish","type":"post","link":"https:\/\/noticiasribeiraopreto.com.br\/index.php\/2025\/06\/20\/jornal-da-franca-como-viver-mais-e-melhor-especialista-lista-segredos-para-a-longevidade\/","title":{"rendered":"Jornal da Franca &#8211; Como viver mais e melhor? Especialista lista segredos para a longevidade"},"content":{"rendered":"<p> <br \/>\n<\/p>\n<div>\n\t                            <a class=\"mb-1\" href=\"https:\/\/api.whatsapp.com\/send?text=Olha essa Not\u00edcia no Jornal da Franca.%0D%0D*Como viver mais e melhor? Especialista lista segredos para a longevidade*%0D%0Dclique na url abaixo%0Dhttps:\/\/www.jornaldafranca.com.br\/como-viver-mais-e-melhor-especialista-lista-segredos-para-a-longevidade\/\" target=\"_blank\"><span class=\"text-12 badge badge-pill badge-success\"><i class=\"fa fa-whatsapp\"\/> compartilhar no whatsapp<\/span><\/a><\/p>\n<p>\t                            <a class=\"mb-1\" href=\"https:\/\/telegram.me\/share\/url?url=https:\/\/www.jornaldafranca.com.br\/como-viver-mais-e-melhor-especialista-lista-segredos-para-a-longevidade\/&amp;text=Olha essa Not\u00edcia no Jornal da Franca.\" target=\"_blank\"><span class=\"text-12 badge badge-pill badge-info\"><i class=\"fa fa-telegram\"\/> compartilhar no telegram<\/span><\/a><\/p>\n<p>\t                            <a class=\"mb-1\" href=\"https:\/\/www.facebook.com\/sharer\/sharer.php?u=https:\/\/www.jornaldafranca.com.br\/como-viver-mais-e-melhor-especialista-lista-segredos-para-a-longevidade\/\" target=\"_blank\"><span class=\"text-12 badge badge-pill badge-primary\"><i class=\"fa fa-facebook\"\/> compartilhar no facebook<\/span><\/a><\/p>\n<p>\t                            <a class=\"mb-1\" href=\"https:\/\/www.linkedin.com\/shareArticle?mini=true&amp;url=https:\/\/www.jornaldafranca.com.br\/como-viver-mais-e-melhor-especialista-lista-segredos-para-a-longevidade\/&amp;title=Como viver mais e melhor? Especialista lista segredos para a longevidade&amp;source=JORNAL DA FRANCA\" target=\"_blank\"><span class=\"text-12 badge badge-pill badge-secondary\"><i class=\"fa fa-linkedin\"\/> compartilhar no linkedin<\/span><\/a><\/p>\n<div class=\"lead text-20\">\n<p>Existe receita para a longevidade? Uma das respostas que o ser humanos mais busca ao longo de s\u00e9culos \u00e9 como viver mais e melhor<\/p>\n<\/p><\/div>\n<p><img data-recalc-dims=\"1\" decoding=\"async\" src=\"https:\/\/i0.wp.com\/www.jornaldafranca.com.br\/wp-content\/uploads\/2025\/06\/longevidade-shutterstock.jpg?ssl=1\" alt=\"\"\/><\/p>\n<h6>Como viver mais \u00e9 uma das respostas que o ser humano mais busca em todos os tempos \u2013 foto Shutterstock<\/h6>\n<p>\u00a0<\/p>\n<p>Uma das respostas que o ser humano mais busca, desde muito tempo atr\u00e1s, \u00e9 como viver mais. Tanto \u00e9 que, com as descobertas da ci\u00eancia e da medicina, a longevidade atualmente j\u00e1 \u00e9 bem maior do que era h\u00e1 s\u00e9culos ou mesmo d\u00e9cadas.<\/p>\n<p>Contudo, as pessoas sempre querem saber dicas que as ajudem a chegar a toda essa idade, e vivendo bem.<\/p>\n<p>Foi desse desejo que surgiu a pesquisa sobre as chamadas \u201cZonas Azuis\u201d. Elas s\u00e3o regi\u00f5es geogr\u00e1ficas espec\u00edficas onde as pessoas vivem significativamente mais tempo que a m\u00e9dia global, com uma concentra\u00e7\u00e3o incomum de centen\u00e1rios (pessoas com 100 anos ou mais) e baixas taxas de doen\u00e7as cr\u00f4nicas relacionadas \u00e0 idade.<\/p>\n<p>O conceito surgiu de um projeto de pesquisa iniciado em 2004, que buscava identificar regi\u00f5es com longevidade excepcional.<\/p>\n<p>As pesquisas iniciais identificaram cinco principais Zonas Azuis no mundo:<\/p>\n<p>\u2013 Okinawa, Jap\u00e3o (especialmente entre as mulheres idosas)<br \/>\u2013 Sardenha, It\u00e1lia (particularmente na regi\u00e3o montanhosa de Barbagia)<br \/>\u2013 Pen\u00ednsula de Nicoya, Costa Rica<br \/>\u2013 Ic\u00e1ria, Gr\u00e9cia: uma ilha no Mar Egeu<br \/>\u2013 Loma Linda, Calif\u00f3rnia, EUA (especificamente na comunidade Adventista do S\u00e9timo Dia)<\/p>\n<p>Ent\u00e3o, ser\u00e1 que viver nesses lugares \u00e9 o segredo para a longevidade? N\u00e3o \u00e9 bem assim.<\/p>\n<p>Segundo a Dra. Bibiana Prada de Camargo, endocrinologista formada na Unesp com t\u00edtulo de especialista e mestrado na \u00e1rea de endocrinologia, nos \u00faltimos anos, pesquisas mais rigorosas t\u00eam questionado a extens\u00e3o da longevidade excepcional nas Zonas Azuis.<\/p>\n<p>V\u00e1rios estudos recentes sugerem que pode ter havido uma superestima\u00e7\u00e3o significativa por diversas raz\u00f5es.<\/p>\n<p>Dessa forma, o que realmente responde \u00e0 pergunta \u201ccomo viver mais?\u201d? A especialista d\u00e1 dicas para a longevidade a seguir:<\/p>\n<p><strong>1. Padr\u00f5es Alimentares Sustent\u00e1veis<\/strong><\/p>\n<p><strong>Predomin\u00e2ncia vegetal:<\/strong> estudos epidemiol\u00f3gicos amplos confirmam que dietas com 70-80% de alimentos de origem vegetal est\u00e3o associadas a menor risco de doen\u00e7as cr\u00f4nicas e maior longevidade<\/p>\n<p><strong>Leguminosas como prote\u00edna central:<\/strong> metan\u00e1lises recentes demonstram que o consumo regular de feij\u00f5es, lentilhas e gr\u00e3o-de-bico est\u00e1 associado \u00e0 redu\u00e7\u00e3o de 8-16% na mortalidade por todas as causas<\/p>\n<p><strong>Modera\u00e7\u00e3o cal\u00f3rica natural:<\/strong> o conceito de \u2018hara hachi bu\u2019 (comer at\u00e9 80% da saciedade) \u00e9 validado por estudos sobre restri\u00e7\u00e3o cal\u00f3rica moderada e longevidade.<\/p>\n<p><strong>2. Movimento Natural Integrado<\/strong><\/p>\n<p><strong>Atividade constante vs. sedentarismo:<\/strong> estudos com aceler\u00f4metros confirmam que a atividade f\u00edsica distribu\u00edda ao longo do dia \u00e9 mais ben\u00e9fica que per\u00edodos isolados de exerc\u00edcio intenso intercalados com longos per\u00edodos sentados.<\/p>\n<p><strong>Caminhada como base:<\/strong> metan\u00e1lises demonstram que caminhar regularmente (30+ minutos di\u00e1rios) reduz o risco de mortalidade em 20-30%, independentemente de outros exerc\u00edcios.<\/p>\n<p><strong>Atividades com prop\u00f3sito:<\/strong> estudos longitudinais mostram que atividades f\u00edsicas com prop\u00f3sito (jardinagem, trabalhos manuais, cuidados com a casa) t\u00eam benef\u00edcios compar\u00e1veis ou superiores a exerc\u00edcios estruturados.<\/p>\n<p><strong>3. Conex\u00f5es Sociais Significativas<\/strong><\/p>\n<p><strong>Impacto na mortalidade:<\/strong> metan\u00e1lises robustas demonstram que o isolamento social aumenta o risco de mortalidade em 29%, compar\u00e1vel ao tabagismo e superior \u00e0 obesidade.<\/p>\n<p><strong>Mecanismos biol\u00f3gicos:<\/strong> estudos em psiconeuroimunologia confirmam que conex\u00f5es sociais positivas influenciam biomarcadores inflamat\u00f3rios, fun\u00e7\u00e3o imunol\u00f3gica e express\u00e3o g\u00eanica.<\/p>\n<p><strong>Qualidade vs. quantidade:<\/strong> pesquisas longitudinais indicam que a qualidade das rela\u00e7\u00f5es sociais \u00e9 mais importante que o n\u00famero de contatos<\/p>\n<p><strong>4. Prop\u00f3sito e Significado<\/strong><\/p>\n<p><strong>Impacto mensur\u00e1vel:<\/strong> estudos prospectivos demonstram que pessoas com forte senso de prop\u00f3sito t\u00eam risco 15-20% menor de mortalidade prematura.<\/p>\n<p><strong>Resili\u00eancia psicol\u00f3gica:<\/strong> pesquisas em neuroci\u00eancia confirmam que ter prop\u00f3sito est\u00e1 associado a melhor resposta ao estresse e recupera\u00e7\u00e3o mais r\u00e1pida de eventos adversos.<\/p>\n<p><strong>Fun\u00e7\u00e3o cognitiva:<\/strong> estudos longitudinais mostram associa\u00e7\u00e3o entre prop\u00f3sito de vida e menor risco de comprometimento cognitivo e dem\u00eancia.<\/p>\n<p><strong>5. Gerenciamento de Estresse<\/strong><\/p>\n<p><strong>Impacto do estresse cr\u00f4nico:<\/strong> estudos em psiconeuroendocrinologia confirmam que estresse prolongado acelera o envelhecimento celular e aumenta riscos de doen\u00e7as relacionadas \u00e0 idade.<\/p>\n<p><strong>Pr\u00e1ticas contemplativas:<\/strong> metan\u00e1lises demonstram que pr\u00e1ticas regulares de mindfulness, medita\u00e7\u00e3o ou ora\u00e7\u00e3o est\u00e3o associadas a melhor regula\u00e7\u00e3o do estresse e marcadores inflamat\u00f3rios reduzidos.<\/p>\n<p><strong>Desacelera\u00e7\u00e3o intencional:<\/strong> pesquisas confirmam que per\u00edodos regulares de descanso e recupera\u00e7\u00e3o s\u00e3o essenciais para a sa\u00fade cardiovascular e metab\u00f3lica.<\/p>\n<p><strong>6. Ambientes Facilitadores<\/strong><\/p>\n<p><strong>Desenho comunit\u00e1rio:<\/strong> estudos em sa\u00fade p\u00fablica confirmam que comunidades \u2018caminh\u00e1veis\u2019 est\u00e3o associadas a maior atividade f\u00edsica e menor incid\u00eancia de doen\u00e7as cr\u00f4nicas.<\/p>\n<p><strong>Acesso alimentar:<\/strong> pesquisas demonstram que ambientes com f\u00e1cil acesso a alimentos saud\u00e1veis correlacionam-se com melhores padr\u00f5es alimentares.<\/p>\n<p><strong>Normas sociais:<\/strong> estudos comportamentais confirmam que as escolhas de sa\u00fade s\u00e3o fortemente influenciadas pelo ambiente social e cultural.<\/p>\n<p>Fonte: <em><strong>Alto Astral<\/strong><\/em><\/p>\n<p><!-- CONTENT END 1 --><\/p>\n<hr\/><\/div>\n<p><br \/>\n<br \/><a href=\"https:\/\/www.jornaldafranca.com.br\/como-viver-mais-e-melhor-especialista-lista-segredos-para-a-longevidade\/\">Source link <\/a><\/p>\n","protected":false},"excerpt":{"rendered":"<p>compartilhar no whatsapp compartilhar no telegram compartilhar no facebook compartilhar no linkedin Existe receita para a longevidade? Uma das respostas que o ser humanos mais&#8230;<\/p>\n","protected":false},"author":1,"featured_media":72694,"comment_status":"open","ping_status":"open","sticky":false,"template":"","format":"standard","meta":{"advanced_seo_description":"","jetpack_seo_html_title":"","jetpack_seo_noindex":false,"jetpack_post_was_ever_published":false,"_jetpack_newsletter_access":"","_jetpack_dont_email_post_to_subs":false,"_jetpack_newsletter_tier_id":0,"_jetpack_memberships_contains_paywalled_content":false,"_jetpack_memberships_contains_paid_content":false,"footnotes":"","jetpack_publicize_message":"","jetpack_publicize_feature_enabled":true,"jetpack_social_post_already_shared":true,"jetpack_social_options":{"image_generator_settings":{"template":"highway","default_image_id":0,"font":"","enabled":false},"version":2}},"categories":[3597],"tags":[],"class_list":["post-72693","post","type-post","status-publish","format-standard","has-post-thumbnail","hentry","category-noticias-franca-sp"],"jetpack_publicize_connections":[],"jetpack_featured_media_url":"https:\/\/i0.wp.com\/noticiasribeiraopreto.com.br\/wp-content\/uploads\/2025\/06\/longevidade-shutterstock.jpg?fit=1280%2C720&ssl=1","jetpack-related-posts":[{"id":73017,"url":"https:\/\/noticiasribeiraopreto.com.br\/index.php\/2025\/06\/24\/jornal-da-franca-clima-sera-de-frio-porem-agradavel-e-fresco-em-franca-nesta-terca-deve-chover\/","url_meta":{"origin":72693,"position":0},"title":"Jornal da Franca &#8211; Clima ser\u00e1 de frio, por\u00e9m agrad\u00e1vel e fresco em Franca nesta ter\u00e7a: deve chover","author":"noticiasribeiraopreto.com.br","date":"24 de June de 2025","format":false,"excerpt":"compartilhar no whatsapp compartilhar no telegram compartilhar no facebook compartilhar no linkedin Cidade tem previs\u00e3o de chuva de at\u00e9 12 mil\u00edmetros A previs\u00e3o do tempo para Franca indica um dia agrad\u00e1vel, com temperatura m\u00ednima de 5\u00b0C e m\u00e1xima de 22\u00b0C. H\u00e1 grande possibilidade de chuva, com volume de at\u00e9 12\u2026","rel":"","context":"In &quot;Not\u00edcias de Franca-SP&quot;","block_context":{"text":"Not\u00edcias de Franca-SP","link":"https:\/\/noticiasribeiraopreto.com.br\/index.php\/category\/noticias-de-ribeirao-preto-sp-e-regiao-ismael-colosi\/noticias-franca-sp\/"},"img":{"alt_text":"","src":"https:\/\/i0.wp.com\/noticiasribeiraopreto.com.br\/wp-content\/uploads\/2025\/06\/1750758766_Franca.jpeg?fit=1200%2C806&ssl=1&resize=350%2C200","width":350,"height":200,"srcset":"https:\/\/i0.wp.com\/noticiasribeiraopreto.com.br\/wp-content\/uploads\/2025\/06\/1750758766_Franca.jpeg?fit=1200%2C806&ssl=1&resize=350%2C200 1x, https:\/\/i0.wp.com\/noticiasribeiraopreto.com.br\/wp-content\/uploads\/2025\/06\/1750758766_Franca.jpeg?fit=1200%2C806&ssl=1&resize=525%2C300 1.5x, https:\/\/i0.wp.com\/noticiasribeiraopreto.com.br\/wp-content\/uploads\/2025\/06\/1750758766_Franca.jpeg?fit=1200%2C806&ssl=1&resize=700%2C400 2x, https:\/\/i0.wp.com\/noticiasribeiraopreto.com.br\/wp-content\/uploads\/2025\/06\/1750758766_Franca.jpeg?fit=1200%2C806&ssl=1&resize=1050%2C600 3x"},"classes":[]},{"id":69340,"url":"https:\/\/noticiasribeiraopreto.com.br\/index.php\/2025\/05\/05\/jornal-da-franca-implantacao-de-escola-civico-militar-em-franca-e-tema-de-debates-na-camara-municipal\/","url_meta":{"origin":72693,"position":1},"title":"Jornal da Franca &#8211; Implanta\u00e7\u00e3o de escola c\u00edvico-militar em Franca \u00e9 tema de debates na C\u00e2mara Municipal","author":"noticiasribeiraopreto.com.br","date":"5 de May de 2025","format":false,"excerpt":"compartilhar no whatsapp compartilhar no telegram compartilhar no facebook compartilhar no linkedin Mun\u00edcipe agradece apoio de vereadores e parlamentares para que Franca fosse contemplada com o modelo educacional A implanta\u00e7\u00e3o do Programa das Escolas C\u00edvico-Militares em Franca, pauta defendida pela direita, foi tema abordado durante a sess\u00e3o ordin\u00e1ria da C\u00e2mara\u2026","rel":"","context":"In &quot;Not\u00edcias de Franca-SP&quot;","block_context":{"text":"Not\u00edcias de Franca-SP","link":"https:\/\/noticiasribeiraopreto.com.br\/index.php\/category\/noticias-de-ribeirao-preto-sp-e-regiao-ismael-colosi\/noticias-franca-sp\/"},"img":{"alt_text":"","src":"https:\/\/i0.wp.com\/noticiasribeiraopreto.com.br\/wp-content\/uploads\/2025\/05\/1746449336_plenariodiagonal_0.jpg?fit=930%2C558&ssl=1&resize=350%2C200","width":350,"height":200,"srcset":"https:\/\/i0.wp.com\/noticiasribeiraopreto.com.br\/wp-content\/uploads\/2025\/05\/1746449336_plenariodiagonal_0.jpg?fit=930%2C558&ssl=1&resize=350%2C200 1x, https:\/\/i0.wp.com\/noticiasribeiraopreto.com.br\/wp-content\/uploads\/2025\/05\/1746449336_plenariodiagonal_0.jpg?fit=930%2C558&ssl=1&resize=525%2C300 1.5x, https:\/\/i0.wp.com\/noticiasribeiraopreto.com.br\/wp-content\/uploads\/2025\/05\/1746449336_plenariodiagonal_0.jpg?fit=930%2C558&ssl=1&resize=700%2C400 2x"},"classes":[]},{"id":70143,"url":"https:\/\/noticiasribeiraopreto.com.br\/index.php\/2025\/05\/23\/jornal-da-franca-chegou-a-sexta-feira-dia-sera-seco-mas-sem-muito-frio-em-franca-e-regiao\/","url_meta":{"origin":72693,"position":2},"title":"Jornal da Franca &#8211; Chegou a sexta-feira! Dia ser\u00e1 seco, mas sem muito frio em Franca e regi\u00e3o","author":"noticiasribeiraopreto.com.br","date":"23 de May de 2025","format":false,"excerpt":"compartilhar no whatsapp compartilhar no telegram compartilhar no facebook compartilhar no linkedin Previs\u00e3o do tempo para Franca nesta sexta-feira indica temperaturas amenas e c\u00e9u parcialmente nublado A sexta-feira chegou e a previs\u00e3o do tempo para Franca \u00e9 de um dia agrad\u00e1vel, com temperaturas amenas e c\u00e9u parcialmente nublado. De acordo\u2026","rel":"","context":"In &quot;Not\u00edcias de Franca-SP&quot;","block_context":{"text":"Not\u00edcias de Franca-SP","link":"https:\/\/noticiasribeiraopreto.com.br\/index.php\/category\/noticias-de-ribeirao-preto-sp-e-regiao-ismael-colosi\/noticias-franca-sp\/"},"img":{"alt_text":"","src":"https:\/\/i0.wp.com\/noticiasribeiraopreto.com.br\/wp-content\/uploads\/2025\/05\/campanha-do-agasalho.jpg?fit=1086%2C652&ssl=1&resize=350%2C200","width":350,"height":200,"srcset":"https:\/\/i0.wp.com\/noticiasribeiraopreto.com.br\/wp-content\/uploads\/2025\/05\/campanha-do-agasalho.jpg?fit=1086%2C652&ssl=1&resize=350%2C200 1x, https:\/\/i0.wp.com\/noticiasribeiraopreto.com.br\/wp-content\/uploads\/2025\/05\/campanha-do-agasalho.jpg?fit=1086%2C652&ssl=1&resize=525%2C300 1.5x, https:\/\/i0.wp.com\/noticiasribeiraopreto.com.br\/wp-content\/uploads\/2025\/05\/campanha-do-agasalho.jpg?fit=1086%2C652&ssl=1&resize=700%2C400 2x, https:\/\/i0.wp.com\/noticiasribeiraopreto.com.br\/wp-content\/uploads\/2025\/05\/campanha-do-agasalho.jpg?fit=1086%2C652&ssl=1&resize=1050%2C600 3x"},"classes":[]},{"id":69220,"url":"https:\/\/noticiasribeiraopreto.com.br\/index.php\/2025\/05\/03\/jornal-da-franca-socorristas-que-salvaram-crianca-em-franca-recebem-mocao-de-aplausos-da-camara\/","url_meta":{"origin":72693,"position":3},"title":"Jornal da Franca &#8211; Socorristas que salvaram crian\u00e7a em Franca\u00a0recebem Mo\u00e7\u00e3o de Aplausos da C\u00e2mara","author":"noticiasribeiraopreto.com.br","date":"3 de May de 2025","format":false,"excerpt":"compartilhar no whatsapp compartilhar no telegram compartilhar no facebook compartilhar no linkedin Mo\u00e7\u00e3o reconhece trabalho de equipe de sa\u00fade que atuou no salvamento de beb\u00ea A C\u00e2mara aprovou a Mo\u00e7\u00e3o de Aplausos n\u00ba 41 de 2025, de autoria do vereador Walker Bombeiro da Libras, para a equipe de sa\u00fade da\u2026","rel":"","context":"In &quot;Not\u00edcias de Franca-SP&quot;","block_context":{"text":"Not\u00edcias de Franca-SP","link":"https:\/\/noticiasribeiraopreto.com.br\/index.php\/category\/noticias-de-ribeirao-preto-sp-e-regiao-ismael-colosi\/noticias-franca-sp\/"},"img":{"alt_text":"","src":"https:\/\/i0.wp.com\/noticiasribeiraopreto.com.br\/wp-content\/uploads\/2025\/05\/mocaoravi17sessao.jpg?fit=1000%2C562&ssl=1&resize=350%2C200","width":350,"height":200,"srcset":"https:\/\/i0.wp.com\/noticiasribeiraopreto.com.br\/wp-content\/uploads\/2025\/05\/mocaoravi17sessao.jpg?fit=1000%2C562&ssl=1&resize=350%2C200 1x, https:\/\/i0.wp.com\/noticiasribeiraopreto.com.br\/wp-content\/uploads\/2025\/05\/mocaoravi17sessao.jpg?fit=1000%2C562&ssl=1&resize=525%2C300 1.5x, https:\/\/i0.wp.com\/noticiasribeiraopreto.com.br\/wp-content\/uploads\/2025\/05\/mocaoravi17sessao.jpg?fit=1000%2C562&ssl=1&resize=700%2C400 2x"},"classes":[]},{"id":67863,"url":"https:\/\/noticiasribeiraopreto.com.br\/index.php\/2025\/04\/19\/jornal-da-franca-sesi-franca-quer-vencer-o-cordoba-e-deixar-a-champions-league-de-cabeca-erguida\/","url_meta":{"origin":72693,"position":4},"title":"Jornal da Franca &#8211; Sesi Franca quer vencer o C\u00f3rdoba e deixar a Champions League de cabe\u00e7a erguida","author":"noticiasribeiraopreto.com.br","date":"19 de April de 2025","format":false,"excerpt":"compartilhar no whatsapp compartilhar no telegram compartilhar no facebook compartilhar no linkedin Jogo de hoje servir\u00e1 para a equipe se reencontrar e encerrar campeonato honrosamente O Sesi Franca ainda procura se reencontrar ap\u00f3s a elimina\u00e7\u00e3o contra o Flamengo pelas semifinais da Champions League, por 91 a 65, na noite desta\u2026","rel":"","context":"In &quot;Not\u00edcias de Franca-SP&quot;","block_context":{"text":"Not\u00edcias de Franca-SP","link":"https:\/\/noticiasribeiraopreto.com.br\/index.php\/category\/noticias-de-ribeirao-preto-sp-e-regiao-ismael-colosi\/noticias-franca-sp\/"},"img":{"alt_text":"","src":"https:\/\/i0.wp.com\/noticiasribeiraopreto.com.br\/wp-content\/uploads\/2025\/04\/IMG_20250418_111654.jpg?fit=1080%2C710&ssl=1&resize=350%2C200","width":350,"height":200,"srcset":"https:\/\/i0.wp.com\/noticiasribeiraopreto.com.br\/wp-content\/uploads\/2025\/04\/IMG_20250418_111654.jpg?fit=1080%2C710&ssl=1&resize=350%2C200 1x, https:\/\/i0.wp.com\/noticiasribeiraopreto.com.br\/wp-content\/uploads\/2025\/04\/IMG_20250418_111654.jpg?fit=1080%2C710&ssl=1&resize=525%2C300 1.5x, https:\/\/i0.wp.com\/noticiasribeiraopreto.com.br\/wp-content\/uploads\/2025\/04\/IMG_20250418_111654.jpg?fit=1080%2C710&ssl=1&resize=700%2C400 2x, https:\/\/i0.wp.com\/noticiasribeiraopreto.com.br\/wp-content\/uploads\/2025\/04\/IMG_20250418_111654.jpg?fit=1080%2C710&ssl=1&resize=1050%2C600 3x"},"classes":[]},{"id":72002,"url":"https:\/\/noticiasribeiraopreto.com.br\/index.php\/2025\/06\/12\/jornal-da-franca-cinco-partidas-movimentam-a-rodada-da-copa-franca-de-basquete-neste-domingo-15\/","url_meta":{"origin":72693,"position":5},"title":"Jornal da Franca &#8211; Cinco partidas movimentam a rodada da Copa Franca de Basquete neste domingo, 15","author":"noticiasribeiraopreto.com.br","date":"12 de June de 2025","format":false,"excerpt":"compartilhar no whatsapp compartilhar no telegram compartilhar no facebook compartilhar no linkedin Secretaria de Esporte e Cultura de Franca promove competi\u00e7\u00e3o com 28 equipes participantes Jogos acontecem no Gin\u00e1sio Pedroc\u00e3o a partir das 8h30, reunindo equipes da regi\u00e3o \u00a0 A tradicional Copa Franca de Basquete ter\u00e1 mais uma rodada neste\u2026","rel":"","context":"In &quot;Not\u00edcias de Franca-SP&quot;","block_context":{"text":"Not\u00edcias de Franca-SP","link":"https:\/\/noticiasribeiraopreto.com.br\/index.php\/category\/noticias-de-ribeirao-preto-sp-e-regiao-ismael-colosi\/noticias-franca-sp\/"},"img":{"alt_text":"","src":"https:\/\/i0.wp.com\/noticiasribeiraopreto.com.br\/wp-content\/uploads\/2025\/06\/Copa-Basquete.jpeg?fit=1200%2C802&ssl=1&resize=350%2C200","width":350,"height":200,"srcset":"https:\/\/i0.wp.com\/noticiasribeiraopreto.com.br\/wp-content\/uploads\/2025\/06\/Copa-Basquete.jpeg?fit=1200%2C802&ssl=1&resize=350%2C200 1x, https:\/\/i0.wp.com\/noticiasribeiraopreto.com.br\/wp-content\/uploads\/2025\/06\/Copa-Basquete.jpeg?fit=1200%2C802&ssl=1&resize=525%2C300 1.5x, https:\/\/i0.wp.com\/noticiasribeiraopreto.com.br\/wp-content\/uploads\/2025\/06\/Copa-Basquete.jpeg?fit=1200%2C802&ssl=1&resize=700%2C400 2x, https:\/\/i0.wp.com\/noticiasribeiraopreto.com.br\/wp-content\/uploads\/2025\/06\/Copa-Basquete.jpeg?fit=1200%2C802&ssl=1&resize=1050%2C600 3x"},"classes":[]}],"jetpack_sharing_enabled":true,"jetpack_shortlink":"https:\/\/wp.me\/peQAOb-iUt","_links":{"self":[{"href":"https:\/\/noticiasribeiraopreto.com.br\/index.php\/wp-json\/wp\/v2\/posts\/72693","targetHints":{"allow":["GET"]}}],"collection":[{"href":"https:\/\/noticiasribeiraopreto.com.br\/index.php\/wp-json\/wp\/v2\/posts"}],"about":[{"href":"https:\/\/noticiasribeiraopreto.com.br\/index.php\/wp-json\/wp\/v2\/types\/post"}],"author":[{"embeddable":true,"href":"https:\/\/noticiasribeiraopreto.com.br\/index.php\/wp-json\/wp\/v2\/users\/1"}],"replies":[{"embeddable":true,"href":"https:\/\/noticiasribeiraopreto.com.br\/index.php\/wp-json\/wp\/v2\/comments?post=72693"}],"version-history":[{"count":0,"href":"https:\/\/noticiasribeiraopreto.com.br\/index.php\/wp-json\/wp\/v2\/posts\/72693\/revisions"}],"wp:featuredmedia":[{"embeddable":true,"href":"https:\/\/noticiasribeiraopreto.com.br\/index.php\/wp-json\/wp\/v2\/media\/72694"}],"wp:attachment":[{"href":"https:\/\/noticiasribeiraopreto.com.br\/index.php\/wp-json\/wp\/v2\/media?parent=72693"}],"wp:term":[{"taxonomy":"category","embeddable":true,"href":"https:\/\/noticiasribeiraopreto.com.br\/index.php\/wp-json\/wp\/v2\/categories?post=72693"},{"taxonomy":"post_tag","embeddable":true,"href":"https:\/\/noticiasribeiraopreto.com.br\/index.php\/wp-json\/wp\/v2\/tags?post=72693"}],"curies":[{"name":"wp","href":"https:\/\/api.w.org\/{rel}","templated":true}]}}