{"id":72695,"date":"2025-06-20T07:36:38","date_gmt":"2025-06-20T10:36:38","guid":{"rendered":"https:\/\/noticiasribeiraopreto.com.br\/index.php\/2025\/06\/20\/inverno-comeca-nesta-sexta-veja-previsao-do-tempo-no-fim-de-semana-em-ribeirao-preto\/"},"modified":"2025-06-20T07:36:38","modified_gmt":"2025-06-20T10:36:38","slug":"inverno-comeca-nesta-sexta-veja-previsao-do-tempo-no-fim-de-semana-em-ribeirao-preto","status":"publish","type":"post","link":"https:\/\/noticiasribeiraopreto.com.br\/index.php\/2025\/06\/20\/inverno-comeca-nesta-sexta-veja-previsao-do-tempo-no-fim-de-semana-em-ribeirao-preto\/","title":{"rendered":"Inverno come\u00e7a nesta sexta; Veja previs\u00e3o do tempo no fim de semana em Ribeir\u00e3o Preto"},"content":{"rendered":"<p> <br \/>\n<\/p>\n<div data-td-block-uid=\"tdi_95\">\n<div class=\"tdb-block-inner td-fix-index\">\n<p><strong>O outono se despede nesta sexta-feira (20) para dar lugar ao inverno 2025, que tem in\u00edcio <strong>\u00e0s 23h42<\/strong>.<\/strong><\/p>\n<p><strong>LEIA MAIS<\/strong> \u2013 Frente fria deve trazer chuva e geada ao estado de SP; Veja quando<\/p>\n<p>Segundo a Climatempo, <mark style=\"background-color:#fcb900\" class=\"has-inline-color has-black-color\">o primeiro fim de semana da nova esta\u00e7\u00e3o deve ser marcado pelo tempo firme e baixa umidade do ar em Ribeir\u00e3o Preto.<\/mark><\/p>\n<p>As temperaturas ficam mais amenas \u00e0 noite e pela manh\u00e3. Ao longo do dia, por\u00e9m, os term\u00f4metros voltam a aumentar.<\/p>\n<p>No domingo (22), a tend\u00eancia \u00e9 de c\u00e9u parcialmente encoberto pela manh\u00e3, mas sem previs\u00e3o de chuva.<\/p>\n<h2 class=\"wp-block-heading\"><strong>Veja a previs\u00e3o do tempo em Ribeir\u00e3o Preto:<\/strong><\/h2>\n<p>14\u00b0C \/ 28\u00b0C<\/p>\n<p>Chuva: 0 mm \/ 0%<\/p>\n<p>Umidade do ar: 40% \/ 84%<\/p>\n<p>14\u00b0C \/ 29\u00b0C<\/p>\n<p>Chuva: 0 mm \/ 0%<\/p>\n<p>Umidade do ar: 38% \/ 84%<\/p>\n<p>15\u00b0C \/ 30\u00b0C<\/p>\n<p>Chuva: 0 mm \/ 0%<\/p>\n<p>Umidade do ar: 33% \/ 79%<\/p>\n<p>Fonte: Climatempo<\/p>\n<p>SAIBA MAIS<\/p>\n<p>C\u00e2mara aprova projeto que regulamenta espa\u00e7os \u2018pet friendly\u2019 no com\u00e9rcio de Ribeir\u00e3o<\/p>\n<h3 class=\"wp-block-heading\"><strong>FIQUE ON<\/strong><\/h3>\n<p>Quer ficar por dentro de tudo que acontece em Ribeir\u00e3o Preto e regi\u00e3o? Ent\u00e3o siga os perfis do\u202facidade on\u202fno\u202f<a href=\"https:\/\/www.instagram.com\/acidadeonribeirao\" target=\"_blank\" rel=\"noreferrer noopener\">Instagram<\/a>\u202fe no\u202f<a href=\"https:\/\/www.facebook.com\/acidadeonribeirao\/\" target=\"_blank\" rel=\"noreferrer noopener\">Facebook<\/a>.<\/p>\n<p>Al\u00e9m disso, voc\u00ea pode receber as principais not\u00edcias diretamente no WhatsApp. Para isso, basta\u00a0<a href=\"https:\/\/chat.whatsapp.com\/BjKQZ9oJwlz8VVT50NuePq\" target=\"_blank\" rel=\"noreferrer noopener\">entrar no grupo clicando aqui<\/a>.<\/p>\n<p>Por fim, se quiser fazer uma den\u00fancia ou sugerir uma reportagem sobre Ribeir\u00e3o Preto e regi\u00e3o, envie uma mensagem pelo WhatsApp: (16) 99117-7802.<\/p>\n<p>VEJA TAMB\u00c9M<\/p>\n<p>In\u00edcio do inverno: como a esta\u00e7\u00e3o mais fria do ano impacta as lavouras<\/p>\n<p><!-- CONTENT END 1 -->\n<\/div>\n<\/div>\n<p><script async src=\"\/\/www.instagram.com\/embed.js\"><\/script><br \/>\n<br \/><br \/>\n<br \/><a href=\"https:\/\/www.acidadeon.com\/ribeiraopreto\/cotidiano\/inverno-comeca-nesta-sexta-veja-previsao-do-tempo-no-fim-de-semana-em-ribeirao-preto\/\">Source link <\/a><\/p>\n","protected":false},"excerpt":{"rendered":"<p>O outono se despede nesta sexta-feira (20) para dar lugar ao inverno 2025, que tem in\u00edcio \u00e0s 23h42. LEIA MAIS \u2013 Frente fria deve trazer&#8230;<\/p>\n","protected":false},"author":1,"featured_media":72696,"comment_status":"open","ping_status":"open","sticky":false,"template":"","format":"standard","meta":{"advanced_seo_description":"","jetpack_seo_html_title":"","jetpack_seo_noindex":false,"jetpack_post_was_ever_published":false,"_jetpack_newsletter_access":"","_jetpack_dont_email_post_to_subs":false,"_jetpack_newsletter_tier_id":0,"_jetpack_memberships_contains_paywalled_content":false,"_jetpack_memberships_contains_paid_content":false,"footnotes":"","jetpack_publicize_message":"","jetpack_publicize_feature_enabled":true,"jetpack_social_post_already_shared":true,"jetpack_social_options":{"image_generator_settings":{"template":"highway","default_image_id":0,"font":"","enabled":false},"version":2}},"categories":[11],"tags":[],"class_list":["post-72695","post","type-post","status-publish","format-standard","has-post-thumbnail","hentry","category-noticias-de-ribeirao-preto-sp-e-regiao-ismael-colosi"],"jetpack_publicize_connections":[],"jetpack_featured_media_url":"https:\/\/i0.wp.com\/noticiasribeiraopreto.com.br\/wp-content\/uploads\/2025\/06\/WhatsApp-Image-2025-06-20-at-06.51.42-1_2025-06-20_09-52-54.webp.webp?fit=1200%2C540&ssl=1","jetpack-related-posts":[{"id":81533,"url":"https:\/\/noticiasribeiraopreto.com.br\/index.php\/2026\/01\/09\/sol-ou-chuva-veja-previsao-do-tempo-no-fim-de-semana-em-ribeirao-preto\/","url_meta":{"origin":72695,"position":0},"title":"Sol ou chuva? Veja previs\u00e3o do tempo no fim de semana em Ribeir\u00e3o Preto","author":"noticiasribeiraopreto.com.br","date":"9 de January de 2026","format":false,"excerpt":"A sexta-feira (9) come\u00e7ou com sol pela manh\u00e3 e as temperaturas devem subir ao longo do dia em Ribeir\u00e3o Preto. Segundo a Climatempo, no fim da tarde e in\u00edcio da noite est\u00e3o previstas pancadas isoladas de chuva. No s\u00e1bado (10), o sol deve predominar entre poucas nuvens, com tempo est\u00e1vel.\u2026","rel":"","context":"In &quot;Not\u00edcias de Ribeir\u00e3o Preto-SP e Regi\u00e3o&quot;","block_context":{"text":"Not\u00edcias de Ribeir\u00e3o Preto-SP e Regi\u00e3o","link":"https:\/\/noticiasribeiraopreto.com.br\/index.php\/category\/noticias-de-ribeirao-preto-sp-e-regiao-ismael-colosi\/"},"img":{"alt_text":"","src":"https:\/\/i0.wp.com\/noticiasribeiraopreto.com.br\/wp-content\/uploads\/2025\/06\/WhatsApp-Image-2025-06-17-at-14.27.19_2025-06-17_17-29-48.webp.webp?fit=1200%2C540&ssl=1&resize=350%2C200","width":350,"height":200,"srcset":"https:\/\/i0.wp.com\/noticiasribeiraopreto.com.br\/wp-content\/uploads\/2025\/06\/WhatsApp-Image-2025-06-17-at-14.27.19_2025-06-17_17-29-48.webp.webp?fit=1200%2C540&ssl=1&resize=350%2C200 1x, https:\/\/i0.wp.com\/noticiasribeiraopreto.com.br\/wp-content\/uploads\/2025\/06\/WhatsApp-Image-2025-06-17-at-14.27.19_2025-06-17_17-29-48.webp.webp?fit=1200%2C540&ssl=1&resize=525%2C300 1.5x, https:\/\/i0.wp.com\/noticiasribeiraopreto.com.br\/wp-content\/uploads\/2025\/06\/WhatsApp-Image-2025-06-17-at-14.27.19_2025-06-17_17-29-48.webp.webp?fit=1200%2C540&ssl=1&resize=700%2C400 2x, https:\/\/i0.wp.com\/noticiasribeiraopreto.com.br\/wp-content\/uploads\/2025\/06\/WhatsApp-Image-2025-06-17-at-14.27.19_2025-06-17_17-29-48.webp.webp?fit=1200%2C540&ssl=1&resize=1050%2C600 3x"},"classes":[]},{"id":84595,"url":"https:\/\/noticiasribeiraopreto.com.br\/index.php\/2026\/04\/13\/esfria-esquenta-veja-previsao-do-tempo-para-semana-em-ribeirao-preto\/","url_meta":{"origin":72695,"position":1},"title":"Esfria, esquenta: Veja previs\u00e3o do tempo para semana em Ribeir\u00e3o Preto","author":"noticiasribeiraopreto.com.br","date":"13 de April de 2026","format":false,"excerpt":"Ler o resumo da not\u00edcia Previs\u00e3o do tempo para Ribeir\u00e3o Preto nesta semana indica sol entre poucas nuvens, segundo a Climatempo. H\u00e1 possibilidade de chuvas fracas em pontos isolados da regi\u00e3o nesta segunda-feira (13) devido ao transporte de umidade mar\u00edtima. As temperaturas devem variar entre 17\u00b0C e 31\u00b0C, com umidade\u2026","rel":"","context":"In &quot;Not\u00edcias de Ribeir\u00e3o Preto-SP e Regi\u00e3o&quot;","block_context":{"text":"Not\u00edcias de Ribeir\u00e3o Preto-SP e Regi\u00e3o","link":"https:\/\/noticiasribeiraopreto.com.br\/index.php\/category\/noticias-de-ribeirao-preto-sp-e-regiao-ismael-colosi\/"},"img":{"alt_text":"","src":"https:\/\/i0.wp.com\/noticiasribeiraopreto.com.br\/wp-content\/uploads\/2026\/04\/WhatsApp-Image-2026-02-20-at-06.25.44_2026-02-20_09-34-34-e1771580117829.webp.webp?fit=914%2C540&ssl=1&resize=350%2C200","width":350,"height":200,"srcset":"https:\/\/i0.wp.com\/noticiasribeiraopreto.com.br\/wp-content\/uploads\/2026\/04\/WhatsApp-Image-2026-02-20-at-06.25.44_2026-02-20_09-34-34-e1771580117829.webp.webp?fit=914%2C540&ssl=1&resize=350%2C200 1x, https:\/\/i0.wp.com\/noticiasribeiraopreto.com.br\/wp-content\/uploads\/2026\/04\/WhatsApp-Image-2026-02-20-at-06.25.44_2026-02-20_09-34-34-e1771580117829.webp.webp?fit=914%2C540&ssl=1&resize=525%2C300 1.5x, https:\/\/i0.wp.com\/noticiasribeiraopreto.com.br\/wp-content\/uploads\/2026\/04\/WhatsApp-Image-2026-02-20-at-06.25.44_2026-02-20_09-34-34-e1771580117829.webp.webp?fit=914%2C540&ssl=1&resize=700%2C400 2x"},"classes":[]},{"id":79870,"url":"https:\/\/noticiasribeiraopreto.com.br\/index.php\/2025\/11\/10\/ribeirao-preto-registra-minima-de-13c-nesta-segunda-feira-veja-previsao-para-semana\/","url_meta":{"origin":72695,"position":2},"title":"Ribeir\u00e3o Preto registra m\u00ednima de 13\u00b0C nesta segunda-feira; Veja previs\u00e3o para semana","author":"noticiasribeiraopreto.com.br","date":"10 de November de 2025","format":false,"excerpt":"Ribeir\u00e3o Preto registrou m\u00ednima de 13,9\u00b0C \u00e0s 5h desta segunda-feira (10), de acordo com o Ciiagro (Centro Integrado de Informa\u00e7\u00f5es Agrometeorol\u00f3gicas). Segundo a Climatempo, a massa de ar polar que chegou na retaguarda da frente fria durante o fim semana deixa a temperatura mais amena. Ainda conforme a meteorologia, a\u2026","rel":"","context":"In &quot;Not\u00edcias de Ribeir\u00e3o Preto-SP e Regi\u00e3o&quot;","block_context":{"text":"Not\u00edcias de Ribeir\u00e3o Preto-SP e Regi\u00e3o","link":"https:\/\/noticiasribeiraopreto.com.br\/index.php\/category\/noticias-de-ribeirao-preto-sp-e-regiao-ismael-colosi\/"},"img":{"alt_text":"","src":"https:\/\/i0.wp.com\/noticiasribeiraopreto.com.br\/wp-content\/uploads\/2025\/11\/WhatsApp-Image-2025-10-21-at-06.51.40_2025-10-21_10-00-03.webp.webp?fit=1200%2C900&ssl=1&resize=350%2C200","width":350,"height":200,"srcset":"https:\/\/i0.wp.com\/noticiasribeiraopreto.com.br\/wp-content\/uploads\/2025\/11\/WhatsApp-Image-2025-10-21-at-06.51.40_2025-10-21_10-00-03.webp.webp?fit=1200%2C900&ssl=1&resize=350%2C200 1x, https:\/\/i0.wp.com\/noticiasribeiraopreto.com.br\/wp-content\/uploads\/2025\/11\/WhatsApp-Image-2025-10-21-at-06.51.40_2025-10-21_10-00-03.webp.webp?fit=1200%2C900&ssl=1&resize=525%2C300 1.5x, https:\/\/i0.wp.com\/noticiasribeiraopreto.com.br\/wp-content\/uploads\/2025\/11\/WhatsApp-Image-2025-10-21-at-06.51.40_2025-10-21_10-00-03.webp.webp?fit=1200%2C900&ssl=1&resize=700%2C400 2x, https:\/\/i0.wp.com\/noticiasribeiraopreto.com.br\/wp-content\/uploads\/2025\/11\/WhatsApp-Image-2025-10-21-at-06.51.40_2025-10-21_10-00-03.webp.webp?fit=1200%2C900&ssl=1&resize=1050%2C600 3x"},"classes":[]},{"id":73656,"url":"https:\/\/noticiasribeiraopreto.com.br\/index.php\/2025\/07\/07\/manha-comeca-gelada-veja-as-temperaturas-durante-a-semana-em-ribeirao-preto\/","url_meta":{"origin":72695,"position":3},"title":"Manh\u00e3 come\u00e7a gelada; Veja as temperaturas durante a semana em Ribeir\u00e3o Preto","author":"noticiasribeiraopreto.com.br","date":"7 de July de 2025","format":false,"excerpt":"A manh\u00e3 come\u00e7ou com m\u00ednima em 10\u00b0C em Ribeir\u00e3o Preto, segundo dados da Redemet (Rede de Meteorologia do Comando da Aeron\u00e1utica) no aeroporto Leite Lopes, na zona Norte da cidade. De acordo com a Climatempo, a perda radiativa e o tempo mais aberto provocam uma queda mais acentuada na temperatura\u2026","rel":"","context":"In &quot;Not\u00edcias de Ribeir\u00e3o Preto-SP e Regi\u00e3o&quot;","block_context":{"text":"Not\u00edcias de Ribeir\u00e3o Preto-SP e Regi\u00e3o","link":"https:\/\/noticiasribeiraopreto.com.br\/index.php\/category\/noticias-de-ribeirao-preto-sp-e-regiao-ismael-colosi\/"},"img":{"alt_text":"","src":"https:\/\/i0.wp.com\/noticiasribeiraopreto.com.br\/wp-content\/uploads\/2025\/07\/frio_blusa_1200x675_20052022064557.jpg?fit=1200%2C675&ssl=1&resize=350%2C200","width":350,"height":200,"srcset":"https:\/\/i0.wp.com\/noticiasribeiraopreto.com.br\/wp-content\/uploads\/2025\/07\/frio_blusa_1200x675_20052022064557.jpg?fit=1200%2C675&ssl=1&resize=350%2C200 1x, https:\/\/i0.wp.com\/noticiasribeiraopreto.com.br\/wp-content\/uploads\/2025\/07\/frio_blusa_1200x675_20052022064557.jpg?fit=1200%2C675&ssl=1&resize=525%2C300 1.5x, https:\/\/i0.wp.com\/noticiasribeiraopreto.com.br\/wp-content\/uploads\/2025\/07\/frio_blusa_1200x675_20052022064557.jpg?fit=1200%2C675&ssl=1&resize=700%2C400 2x, https:\/\/i0.wp.com\/noticiasribeiraopreto.com.br\/wp-content\/uploads\/2025\/07\/frio_blusa_1200x675_20052022064557.jpg?fit=1200%2C675&ssl=1&resize=1050%2C600 3x"},"classes":[]},{"id":74065,"url":"https:\/\/noticiasribeiraopreto.com.br\/index.php\/2025\/07\/15\/calor-em-pleno-inverno-confira-como-fica-o-tempo-nos-proximos-dias\/","url_meta":{"origin":72695,"position":4},"title":"Calor em pleno inverno? Confira como fica o tempo nos pr\u00f3ximos dias","author":"noticiasribeiraopreto.com.br","date":"15 de July de 2025","format":false,"excerpt":"As temperaturas podem se elevar ainda mais no decorrer desta semana, devido ao predom\u00ednio de sol no interior de S\u00e3o Paulo. Segundo a Climatempo, a expectativa \u00e9 de que as m\u00e1ximas permane\u00e7am mais elevadas em compara\u00e7\u00e3o com a semana passada. H\u00e1 alerta para a baixa umidade relativa do ar \u00e0\u2026","rel":"","context":"In &quot;Not\u00edcias de Ribeir\u00e3o Preto-SP e Regi\u00e3o&quot;","block_context":{"text":"Not\u00edcias de Ribeir\u00e3o Preto-SP e Regi\u00e3o","link":"https:\/\/noticiasribeiraopreto.com.br\/index.php\/category\/noticias-de-ribeirao-preto-sp-e-regiao-ismael-colosi\/"},"img":{"alt_text":"","src":"https:\/\/i0.wp.com\/noticiasribeiraopreto.com.br\/wp-content\/uploads\/2025\/06\/WhatsApp-Image-2025-06-17-at-14.27.19_2025-06-17_17-29-48.webp.webp?fit=1200%2C540&ssl=1&resize=350%2C200","width":350,"height":200,"srcset":"https:\/\/i0.wp.com\/noticiasribeiraopreto.com.br\/wp-content\/uploads\/2025\/06\/WhatsApp-Image-2025-06-17-at-14.27.19_2025-06-17_17-29-48.webp.webp?fit=1200%2C540&ssl=1&resize=350%2C200 1x, https:\/\/i0.wp.com\/noticiasribeiraopreto.com.br\/wp-content\/uploads\/2025\/06\/WhatsApp-Image-2025-06-17-at-14.27.19_2025-06-17_17-29-48.webp.webp?fit=1200%2C540&ssl=1&resize=525%2C300 1.5x, https:\/\/i0.wp.com\/noticiasribeiraopreto.com.br\/wp-content\/uploads\/2025\/06\/WhatsApp-Image-2025-06-17-at-14.27.19_2025-06-17_17-29-48.webp.webp?fit=1200%2C540&ssl=1&resize=700%2C400 2x, https:\/\/i0.wp.com\/noticiasribeiraopreto.com.br\/wp-content\/uploads\/2025\/06\/WhatsApp-Image-2025-06-17-at-14.27.19_2025-06-17_17-29-48.webp.webp?fit=1200%2C540&ssl=1&resize=1050%2C600 3x"},"classes":[]},{"id":74915,"url":"https:\/\/noticiasribeiraopreto.com.br\/index.php\/2025\/07\/31\/ate-quando-vai-o-frio-veja-previsao-nos-proximos-dias\/","url_meta":{"origin":72695,"position":5},"title":"At\u00e9 quando vai o frio? Veja previs\u00e3o nos pr\u00f3ximos dias","author":"noticiasribeiraopreto.com.br","date":"31 de July de 2025","format":false,"excerpt":"A temperatura segue com as m\u00ednimas mais baixas pela manh\u00e3 nesta quinta-feira (31), no estado de S\u00e3o Paulo. No in\u00edcio da manh\u00e3, Ribeir\u00e3o Preto registrava 7\u00baC no aeroporto Leite Lopes, segundo a RedeMet (Rede de Meteorologia do Comando da Aeron\u00e1utica). De acordo com a Climatempo, o sol deve predominar entre\u2026","rel":"","context":"In &quot;Not\u00edcias de Ribeir\u00e3o Preto-SP e Regi\u00e3o&quot;","block_context":{"text":"Not\u00edcias de Ribeir\u00e3o Preto-SP e Regi\u00e3o","link":"https:\/\/noticiasribeiraopreto.com.br\/index.php\/category\/noticias-de-ribeirao-preto-sp-e-regiao-ismael-colosi\/"},"img":{"alt_text":"","src":"https:\/\/i0.wp.com\/noticiasribeiraopreto.com.br\/wp-content\/uploads\/2025\/06\/AnyConv.com__frio.webp.webp?fit=1200%2C800&ssl=1&resize=350%2C200","width":350,"height":200,"srcset":"https:\/\/i0.wp.com\/noticiasribeiraopreto.com.br\/wp-content\/uploads\/2025\/06\/AnyConv.com__frio.webp.webp?fit=1200%2C800&ssl=1&resize=350%2C200 1x, https:\/\/i0.wp.com\/noticiasribeiraopreto.com.br\/wp-content\/uploads\/2025\/06\/AnyConv.com__frio.webp.webp?fit=1200%2C800&ssl=1&resize=525%2C300 1.5x, https:\/\/i0.wp.com\/noticiasribeiraopreto.com.br\/wp-content\/uploads\/2025\/06\/AnyConv.com__frio.webp.webp?fit=1200%2C800&ssl=1&resize=700%2C400 2x, https:\/\/i0.wp.com\/noticiasribeiraopreto.com.br\/wp-content\/uploads\/2025\/06\/AnyConv.com__frio.webp.webp?fit=1200%2C800&ssl=1&resize=1050%2C600 3x"},"classes":[]}],"jetpack_sharing_enabled":true,"jetpack_shortlink":"https:\/\/wp.me\/peQAOb-iUv","_links":{"self":[{"href":"https:\/\/noticiasribeiraopreto.com.br\/index.php\/wp-json\/wp\/v2\/posts\/72695","targetHints":{"allow":["GET"]}}],"collection":[{"href":"https:\/\/noticiasribeiraopreto.com.br\/index.php\/wp-json\/wp\/v2\/posts"}],"about":[{"href":"https:\/\/noticiasribeiraopreto.com.br\/index.php\/wp-json\/wp\/v2\/types\/post"}],"author":[{"embeddable":true,"href":"https:\/\/noticiasribeiraopreto.com.br\/index.php\/wp-json\/wp\/v2\/users\/1"}],"replies":[{"embeddable":true,"href":"https:\/\/noticiasribeiraopreto.com.br\/index.php\/wp-json\/wp\/v2\/comments?post=72695"}],"version-history":[{"count":0,"href":"https:\/\/noticiasribeiraopreto.com.br\/index.php\/wp-json\/wp\/v2\/posts\/72695\/revisions"}],"wp:featuredmedia":[{"embeddable":true,"href":"https:\/\/noticiasribeiraopreto.com.br\/index.php\/wp-json\/wp\/v2\/media\/72696"}],"wp:attachment":[{"href":"https:\/\/noticiasribeiraopreto.com.br\/index.php\/wp-json\/wp\/v2\/media?parent=72695"}],"wp:term":[{"taxonomy":"category","embeddable":true,"href":"https:\/\/noticiasribeiraopreto.com.br\/index.php\/wp-json\/wp\/v2\/categories?post=72695"},{"taxonomy":"post_tag","embeddable":true,"href":"https:\/\/noticiasribeiraopreto.com.br\/index.php\/wp-json\/wp\/v2\/tags?post=72695"}],"curies":[{"name":"wp","href":"https:\/\/api.w.org\/{rel}","templated":true}]}}