{"id":72729,"date":"2025-06-20T14:06:38","date_gmt":"2025-06-20T17:06:38","guid":{"rendered":"https:\/\/noticiasribeiraopreto.com.br\/index.php\/2025\/06\/20\/festival-da-lua-cheia-teatro-e-carros-antigos-confira-opcoes-para-curtir-o-fim-de-semana\/"},"modified":"2025-06-20T14:06:38","modified_gmt":"2025-06-20T17:06:38","slug":"festival-da-lua-cheia-teatro-e-carros-antigos-confira-opcoes-para-curtir-o-fim-de-semana","status":"publish","type":"post","link":"https:\/\/noticiasribeiraopreto.com.br\/index.php\/2025\/06\/20\/festival-da-lua-cheia-teatro-e-carros-antigos-confira-opcoes-para-curtir-o-fim-de-semana\/","title":{"rendered":"Festival da Lua Cheia, teatro e carros antigos: Confira op\u00e7\u00f5es para curtir o fim de semana"},"content":{"rendered":"<p> <br \/>\n<\/p>\n<div>\n<p>O <strong>fim de semana<\/strong> chegou, e para quem quer aproveitar fora de casa, <strong>Ribeir\u00e3o Preto e regi\u00e3o<\/strong> contam com uma <strong>programa\u00e7\u00e3o <\/strong>cheia de <strong>atividades culturais<\/strong>, entre elas, o <strong>Festival da Lua Cheia<\/strong>, o mon\u00f3logo \u201c<strong>N\u00e3o Conta Pra Ningu\u00e9m<\/strong>\u201d e uma exposi\u00e7\u00e3o de carros antigos.<\/p>\n<h2 class=\"wp-block-heading\"><strong>Festival da Lua Cheia<\/strong><\/h2>\n<p><strong>O tradicional Festival da Lua Cheia acontece at\u00e9 22 de junho, em Altin\u00f3polis, a 60 quil\u00f4metros de Ribeir\u00e3o Preto.<\/strong>\u00a0A\u00a0<strong>programa\u00e7\u00e3o musical\u00a0<\/strong>conta com mais de 50 atra\u00e7\u00f5es, como\u00a0<strong>Liniker, Marcelo D2 e Gilson<\/strong>s, em uma maratona de\u00a0<strong>80 horas<\/strong>. Os ingressos para o evento est\u00e3o dispon\u00edveis e podem ser adquiridos\u00a0<strong>on-line (<a href=\"https:\/\/blacktag.com.br\/eventos\/22033\/33-festival-da-lua-cheia-geral\/ingressos\/19062025-23149\" target=\"_blank\" rel=\"noreferrer noopener\">clique aqui<\/a>)<\/strong>, com pre\u00e7os a partir de<strong>\u00a0R$ 110\u00a0<\/strong>a entrada avulsa.\u00a0<\/p>\n<p><strong>Quando:\u00a0<\/strong>19 a 22 de junho<strong><br \/>Local:\u00a0<\/strong>Hotel Fazenda Vale das Grutas \u2013 Altin\u00f3polis <strong><br \/>Ingressos:\u00a0<\/strong>A partir de R$ 110<\/p>\n<h2 class=\"wp-block-heading\"><strong>N\u00e3o Conta Pra Ningu\u00e9m<\/strong><\/h2>\n<p>O mon\u00f3logo \u201c<strong>N\u00e3o Conta Pra Ningu\u00e9m<\/strong>\u201d chega a\u00a0<strong>Ribeir\u00e3o Preto<\/strong>\u00a0para tr\u00eas apresenta\u00e7\u00f5es\u00a0<strong>gratuitas\u00a0<\/strong>no Teatro do Sesi, nos dias 20 e 21 de junho, \u00e0s 20h, e 22 de junho, \u00e0s 19h. Os interessados devem reservar o ingresso para a apresenta\u00e7\u00e3o de\u00a0<strong>forma on-line<\/strong>, atrav\u00e9s do \u201c<strong>Meu Sesi<\/strong>\u201d (<a href=\"https:\/\/www.sesisp.org.br\/evento\/d32161a6-f5e1-4db5-bcce-9316337fe828\/nao-conta-pra-ninguem\" target=\"_blank\" rel=\"noreferrer noopener\">clique aqui<\/a>).<\/p>\n<p>Na hist\u00f3ria de \u201c<strong>N\u00e3o Conta Pra Ningu\u00e9m<\/strong>\u201d vemos uma talentosa atriz de musicais prestes a fazer uma audi\u00e7\u00e3o para o papel de sua vida quando descobre que n\u00e3o consegue mais cantar. Determinada a recuperar sua voz, a \u00fanica alternativa \u00e9 encarar os segredos de seu passado.<\/p>\n<p><strong>Quando:<\/strong> 20 a 22 de junho<br \/><strong>Hor\u00e1rio:<\/strong> 20 e 21 de junho, \u00e0s 10h, e 22 de junho, \u00e0s 19h<br \/><strong>Onde:<\/strong> Teatro Sesi Ribeir\u00e3o Preto | rua Jo\u00e3o Ignacchitti, 20-364 \u2013 Jardim Castelo Branco<br \/><strong>Entrada gratuita<\/strong><\/p>\n<h2 class=\"wp-block-heading\"><strong>Mostra \u2018Fusca e Automotivos<\/strong>\u2018<\/h2>\n<p>O Santa Maria Outlet, em\u00a0<strong>Cravinhos<\/strong>,<strong> <\/strong>recebe a\u00a0<strong>exposi\u00e7\u00e3o gratuita \u201cFusca e Automotivos\u201d, a partir deste s\u00e1bado (21), em comemora\u00e7\u00e3o ao Dia do Fusca, celebrado em 22 de junho. <\/strong>A exposi\u00e7\u00e3o ficar\u00e1 no empreendimento at\u00e9 o dia 13 de julho. Quem visitar a exposi\u00e7\u00e3o poder\u00e1 ver de perto em torno de\u00a0<strong>15 ve\u00edculos<\/strong>, incluindo\u00a0<strong>Fuscas<\/strong>,\u00a0<strong>Karmann-ghias<\/strong>,\u00a0<strong>Kombis\u00a0<\/strong>e o\u00a0<strong>VW SP2<\/strong>.<\/p>\n<p><strong>Quando:\u00a0<\/strong>21 de junho a 13 de julho \u00a0<br \/><strong>Local:\u00a0<\/strong>Santa Maria Outlet \u2013 rodovia Anhanguera, km 299 \u2013 Cravinhos \u00a0<br \/><strong>Entrada gratuita<\/strong><\/p>\n<h2 class=\"wp-block-heading\"><strong>Maltesa Beer Rock<\/strong><\/h2>\n<p>O\u00a0<strong>Teatro de Arena<\/strong>, em\u00a0<strong>Ribeir\u00e3o Preto<\/strong>, ser\u00e1 palco da terceira edi\u00e7\u00e3o do\u00a0<strong>Maltesa Beer<\/strong>\u00a0<strong>Rock<\/strong>, nos dias\u00a0<strong>21 e 22 de junho<\/strong><strong>, a partir das 14h<\/strong>. O evento conta com\u00a0<strong>entrada gratuita<\/strong>. A programa\u00e7\u00e3o oferece shows ao vivo, pra\u00e7a de alimenta\u00e7\u00e3o, flash tatto, feira de vinil, cervejarias e cerveja artesanal.<\/p>\n<p><strong>Quando:\u00a0<\/strong>21 e 22 de junho<br \/><strong>Local:<\/strong>\u00a0Teatro de Arena de Ribeir\u00e3o Preto | Jardim Mosteiro \u00a0\u00a0\u00a0<br \/><strong>Hor\u00e1rio: <\/strong>A partir das 14h<br \/><strong>Entrada gratuita<\/strong><\/p>\n<h2 class=\"wp-block-heading\"><strong>12\u00aa Exposi\u00e7\u00e3o de Carros Antigos <\/strong><strong\/><\/h2>\n<p>O <strong>Novo Shopping<\/strong> recebe at\u00e9<strong> 29 de junho<\/strong>, a <strong>12\u00aa Exposi\u00e7\u00e3o de Carros Antigos do Clube Faixa Branca<\/strong>, uma <strong>mostra gratuita<\/strong> com uma sele\u00e7\u00e3o <strong>de 25 carros e motos cl\u00e1ssicas<\/strong>. Nesta edi\u00e7\u00e3o que comemora os 36 anos do <strong>Clube Faixa Branca<\/strong>, estar\u00e3o expostos os modelos Ford 1931, Aero Willys 1970, Mg Enseada 1975, Jeep Willys 1962, Dodge 1978 e Del Rey Ghia 19.<\/p>\n<p><strong>Quando:\u00a0<\/strong>14 a 29 de junho \u00a0<strong><br \/>Hor\u00e1rio:\u00a0<\/strong>segunda-feira a s\u00e1bado, das 10h \u00e0s 22h, e domingos, das 14h \u00e0s 20h<br \/><strong>Local:\u00a0<\/strong>Corredor de acesso \u00e0 portaria 5, no Novo Shopping | avenida Presidente Kennedy, 1.500 \u00a0<br \/><strong>Entrada gratuita<\/strong><\/p>\n<h2 class=\"wp-block-heading\"><strong>A Hist\u00f3ria e a Arte da Nossa Catedral<\/strong><\/h2>\n<p>O <strong>Shopping Santa \u00darsula<\/strong>, no Centro de\u00a0<strong>Ribeir\u00e3o Preto<\/strong>, recebe\u00a0<strong>at\u00e9 o dia 31 de julho<\/strong> uma exposi\u00e7\u00e3o que busca sensibilizar a popula\u00e7\u00e3o sobre a\u00a0<strong>situa\u00e7\u00e3o estrutural\u00a0<\/strong>enfrentada pela\u00a0<strong>Catedral Metropolitana<\/strong>. A\u00a0<strong>visita\u00e7\u00e3o \u00e9 gratuita<\/strong>\u00a0e aberta ao p\u00fablico durante o hor\u00e1rio de funcionamento do estabelecimento.<\/p>\n<p><strong>Quando:\u00a0at\u00e9 31 de julho <br \/>Hor\u00e1rio:<\/strong> segunda a s\u00e1bado, das 9h \u00e0s 21h, e domingos e feriados, das 11h \u00e0s 21h<strong><br \/>Local:\u00a0<\/strong>Shopping Santa \u00darsula | rua S\u00e3o Jos\u00e9, 933 \u2013 Higen\u00f3polis \u00a0\u00a0<strong><br \/>Entrada gratuita <\/strong><\/p>\n<h2 class=\"wp-block-heading\"><strong>Sagra\u00e7\u00e3o<\/strong><strong\/><\/h2>\n<p>A companhia de dan\u00e7a\u00a0<strong>Debora Colker<\/strong>\u00a0traz para o palco do Theatro Pedro II, em\u00a0<strong>Ribeir\u00e3o Preto<\/strong>, a apresenta\u00e7\u00e3o de \u201c<strong>Sagra\u00e7\u00e3o<\/strong>\u201d, um espet\u00e1culo de dan\u00e7a sobre a origem do mundo a partir de vis\u00f5es ancestrais. Sess\u00f5es acontecem dias\u00a0<strong>21 e 22 de junho<\/strong>, \u00e0s\u00a0<strong>20h<\/strong>\u00a0e\u00a0<strong>19h<\/strong>, respectivamente. Os ingressos podem ser adquiridos\u00a0<strong>on-line<\/strong>\u00a0atrav\u00e9s do site Mega Bilheteria\u00a0<strong><a href=\"https:\/\/megabilheteria.com\/evento\/temporada?id=20230330112551\">(clique aqui)<\/a><\/strong>. Os pre\u00e7os variam entre\u00a0<strong>R$ 45<\/strong>\u00a0a\u00a0<strong>R$ 200<\/strong>, a depender do setor escolhido.<\/p>\n<p><strong>Quando:\u00a0<\/strong>21 e 22 de junho<strong><br \/>Hor\u00e1rio:\u00a0<\/strong>21 de junho, \u00e0s 20h, e 22 de junho, \u00e0s 19h <strong><br \/>Local:\u00a0<\/strong>Theatro Pedro II | rua \u00c1lvares Cabral, 370 \u2013 Centro<br \/><strong>Ingressos: A partir de R$ 45<\/strong><\/p>\n<h2 class=\"wp-block-heading\"><strong>Projeto Cine C\u00e9u<\/strong><\/h2>\n<p>Neste fim de semana, a partir das <strong>19h<\/strong>, o <strong>CEU das Artes<\/strong>, no Jardim Florestan e a pra\u00e7a S\u00e3o Mateus, no <strong>Quintino Facci I<\/strong>, recebem o projeto Cine C\u00e9u,\u00a0cinema itinerante movido a energia solar, para exibi\u00e7\u00e3o do filme <strong>\u201cMoana \u2013 Um Mar de Aventuras\u201d,<\/strong> al\u00e9m da\u00a0distribui\u00e7\u00e3o gratuita de pipoca e refrigerante.<\/p>\n<p><strong>Quando: 20 e 21 de junho<\/strong> <strong><br \/>Hor\u00e1rio:<\/strong> A partir das 19h<br \/><strong>Local:<\/strong> Dia 20 no CEU das Artes (Jardim Florestan) e dia 21 na pra\u00e7a S\u00e3o Mateus (Quintino Facci I) \u00a0<br \/><strong>Entrada gratuita<\/strong><\/p>\n<h2 class=\"wp-block-heading\"><strong>Orquestra Sinf\u00f4nica de Ribeir\u00e3o Preto<\/strong><\/h2>\n<p>A\u00a0<strong>Orquestra Sinf\u00f4nica de Ribeir\u00e3o Preto<\/strong>\u00a0apresenta um concerto gratuito a c\u00e9u aberto nesta sexta-feira (20), no\u00a0<strong>Teatro de Arena<\/strong>, a partir das\u00a0<strong>19h<\/strong>. A programa\u00e7\u00e3o especial celebra o anivers\u00e1rio de\u00a0<strong>169 anos<\/strong>\u00a0da cidade. O repert\u00f3rio, escolhido pelo\u00a0<strong>maestro Reginaldo Nascimento<\/strong>, inclui obras de\u00a0<strong>Edu Lobo<\/strong>,\u00a0<strong>Tom Jobim<\/strong>, compositores italianos, temas de filmes, al\u00e9m de Tchaikovsky, Strauss e outros.<\/p>\n<p><strong>Quando: <\/strong>20 de junho, sexta-feira <strong><br \/>Hor\u00e1rio:<\/strong>\u00a0A partir das 19h <strong><br \/>Local:\u00a0<\/strong>Teatro de Arena de Ribeir\u00e3o Preto | Jardim Mosteiro \u00a0\u00a0\u00a0<strong><br \/>Entrada gratuita<\/strong><\/p>\n<h2 class=\"wp-block-heading\"><strong>Circo da Cuesta<\/strong><\/h2>\n<p>O espet\u00e1culo acompanha um circo improvisado pelos trabalhadores e organizadores da tradicional quermesse do vilarejo de <strong>Nossa Senhora das Dores de Cima da Serra<\/strong>, que ao verem que os artistas est\u00e3o atrasados se desdobram com malabarismo, ilusionismo e acrobacias. A apresenta\u00e7\u00e3o acontece neste <strong>s\u00e1bado (21)<\/strong>, \u00e0s <strong>16h<\/strong>, no <strong>Sesc Ribeir\u00e3o Preto<\/strong>.<\/p>\n<p><strong>Quando: <\/strong>21 de junho, s\u00e1bado \u00a0<strong><br \/>Hor\u00e1rio:<\/strong>\u00a016h<strong><br \/>Local:\u00a0<\/strong>Sesc Ribeir\u00e3o Preto | rua Tibiri\u00e7\u00e1, 50 \u2013 Centro <strong><br \/><\/strong><strong>Entrada gratuita<\/strong><strong\/><\/p>\n<h2 class=\"wp-block-heading\"><strong>M\u00fasica na Biblioteca<\/strong><\/h2>\n<p>Neste <strong>s\u00e1bado (21)<\/strong>, a <strong>Biblioteca Sinh\u00e1 Junqueira<\/strong> recebe, a partir das <strong>11h<\/strong>, quatro shows <strong>gratuitos<\/strong>. \u00c0s <strong>11h<\/strong>, acontece a apresenta\u00e7\u00e3o de <strong>Joca Vita<\/strong>, que passeia pelo folk, indie e blues. \u00c0s <strong>16h<\/strong>, acontece apresenta\u00e7\u00e3o de <strong>Canja Caj\u00e1<\/strong> com o show de forr\u00f3 \u201c<strong>Canjunina<\/strong>\u201d, a banda mistura ritmos brasileiros e latinos-americanos.<\/p>\n<p>\u00c0s <strong>17h<\/strong> , a programa\u00e7\u00e3o fica por conta da <strong>Cia Renda de Lenda<\/strong>, com o show c\u00eanico \u201c<strong>Balanc\u00ea Brincante<\/strong>\u201d, incluindo ritmos como xote, bai\u00f5es, cantigas e quadrilhas. \u00c0s <strong>18h30<\/strong>, <strong>Kelly Fragiolli<\/strong> apresenta um show de forr\u00f3 violado, unindo for\u00e7a do forr\u00f3 tradicional \u00e0 delicadeza do viol\u00e3o e \u00e0 expressividade se sua voz marcante. <strong\/><\/p>\n<p><strong>Quando: <\/strong>21 de junho, s\u00e1bado \u00a0<strong><br \/>Hor\u00e1rio:<\/strong>\u00a0A partir das 11h <strong><br \/>Local:\u00a0<\/strong>Biblioteca Sinh\u00e1 Junqueira | rua Duque de Caxias, 547 \u2013 Centro \u00a0<br \/><strong>Entrada gratuita <\/strong><strong\/><\/p>\n<h2 class=\"wp-block-heading\"><strong>Forr\u00f3 Mimoso<\/strong><\/h2>\n<p>A apresenta\u00e7\u00e3o gratuita acontece neste domingo (22), no <strong>Sesc Ribeir\u00e3o Preto<\/strong>. O show mistura ritmos tradicionais, como xote, xaxado, forr\u00f3, bai\u00e3o e arrasta p\u00e9. O p\u00fablico ser\u00e1 levado em uma viagem pelos encantos do <strong>Forr\u00f3-P\u00e9-de-Serra<\/strong>.<\/p>\n<p><strong>Quando: <\/strong>22 de junho<br \/><strong>Hor\u00e1rio: <\/strong>11h <strong><br \/>Local: <\/strong>Sesc Ribeir\u00e3o Preto | rua Tibiri\u00e7\u00e1, 50 \u2013 Centro<br \/><strong>Entrada gratuita<\/strong><\/p>\n<p>SAIBA MAIS<\/p>\n<p>Exposi\u00e7\u00e3o gratuita de fuscas acontece na regi\u00e3o de Ribeir\u00e3o Preto<\/p>\n<h4 class=\"wp-block-heading\"><strong>FIQUE ON<\/strong><\/h4>\n<p>Fique ligado em tudo que acontece em Ribeir\u00e3o Preto e regi\u00e3o. Siga os perfis do <strong>acidade on <\/strong>no <a href=\"https:\/\/www.instagram.com\/acidadeonribeirao\" target=\"_blank\" rel=\"noreferrer noopener\">Instagram<\/a> e no <a href=\"https:\/\/www.facebook.com\/acidadeonribeirao\" target=\"_blank\" rel=\"noreferrer noopener\">Facebook<\/a>.<\/p>\n<p>Receba not\u00edcias do acidade on no WhatsApp. Para entrar no grupo, basta <a href=\"https:\/\/chat.whatsapp.com\/BjKQZ9oJwlz8VVT50NuePq\" target=\"_blank\" rel=\"noreferrer noopener\">clicar aqui<\/a>.<\/p>\n<p>Fa\u00e7a uma den\u00fancia ou sugira uma reportagem sobre Ribeir\u00e3o Preto e regi\u00e3o pelo WhatsApp: 16 99117 7802.<\/p>\n<p>VEJA TAMB\u00c9M<\/p>\n<p>Quando o BTS vai voltar?<\/p>\n<p><!-- CONTENT END 1 -->\n<\/div>\n<p><script async src=\"\/\/www.instagram.com\/embed.js\"><\/script><br \/>\n<br \/><br \/>\n<br \/><a href=\"https:\/\/www.acidadeon.com\/ribeiraopreto\/lazer-e-cultura\/festival-da-lua-cheia-teatro-e-carros-antigos-confira-opcoes-para-curtir-o-fim-de-semana\/\">Source link <\/a><\/p>\n","protected":false},"excerpt":{"rendered":"<p>O fim de semana chegou, e para quem quer aproveitar fora de casa, Ribeir\u00e3o Preto e regi\u00e3o contam com uma programa\u00e7\u00e3o cheia de atividades culturais,&#8230;<\/p>\n","protected":false},"author":1,"featured_media":72730,"comment_status":"open","ping_status":"open","sticky":false,"template":"","format":"standard","meta":{"advanced_seo_description":"","jetpack_seo_html_title":"","jetpack_seo_noindex":false,"jetpack_post_was_ever_published":false,"_jetpack_newsletter_access":"","_jetpack_dont_email_post_to_subs":false,"_jetpack_newsletter_tier_id":0,"_jetpack_memberships_contains_paywalled_content":false,"_jetpack_memberships_contains_paid_content":false,"footnotes":"","jetpack_publicize_message":"","jetpack_publicize_feature_enabled":true,"jetpack_social_post_already_shared":true,"jetpack_social_options":{"image_generator_settings":{"template":"highway","default_image_id":0,"font":"","enabled":false},"version":2}},"categories":[11],"tags":[],"class_list":["post-72729","post","type-post","status-publish","format-standard","has-post-thumbnail","hentry","category-noticias-de-ribeirao-preto-sp-e-regiao-ismael-colosi"],"jetpack_publicize_connections":[],"jetpack_featured_media_url":"https:\/\/i0.wp.com\/noticiasribeiraopreto.com.br\/wp-content\/uploads\/2025\/06\/WhatsApp-Image-2025-02-28-at-12.25.40_2025-03-11_20-43-24_jpeg_2025-03-11_20-43-24.webp.webp?fit=1280%2C853&ssl=1","jetpack-related-posts":[{"id":27486,"url":"https:\/\/noticiasribeiraopreto.com.br\/index.php\/2024\/01\/12\/com-novo-nome-festival-na-regiao-de-ribeirao-anuncia-as-primeiras-atracoes\/","url_meta":{"origin":72729,"position":0},"title":"Com novo nome, festival na regi\u00e3o de Ribeir\u00e3o anuncia as primeiras atra\u00e7\u00f5es","author":"noticiasribeiraopreto.com.br","date":"12 de January de 2024","format":false,"excerpt":"O tradicional Festival Forr\u00f3 da Lua Cheia, realizado em Altin\u00f3polis, na regi\u00e3o de Ribeir\u00e3o Preto, mudou de nome para Festival da Lua Cheia em 2024 e j\u00e1 anunciou as primeiras atra\u00e7\u00f5es para a 32\u00aa edi\u00e7\u00e3o do evento. Entre as primeiras atra\u00e7\u00f5es anunciadas, no \u00faltimo m\u00eas de dezembro, est\u00e3o o da\u2026","rel":"","context":"In &quot;Not\u00edcias de Ribeir\u00e3o Preto-SP e Regi\u00e3o&quot;","block_context":{"text":"Not\u00edcias de Ribeir\u00e3o Preto-SP e Regi\u00e3o","link":"https:\/\/noticiasribeiraopreto.com.br\/index.php\/category\/noticias-de-ribeirao-preto-sp-e-regiao-ismael-colosi\/"},"img":{"alt_text":"","src":"https:\/\/i0.wp.com\/noticiasribeiraopreto.com.br\/wp-content\/uploads\/2024\/01\/vanessa-e-criolo.jpeg?fit=1200%2C675&ssl=1&resize=350%2C200","width":350,"height":200,"srcset":"https:\/\/i0.wp.com\/noticiasribeiraopreto.com.br\/wp-content\/uploads\/2024\/01\/vanessa-e-criolo.jpeg?fit=1200%2C675&ssl=1&resize=350%2C200 1x, https:\/\/i0.wp.com\/noticiasribeiraopreto.com.br\/wp-content\/uploads\/2024\/01\/vanessa-e-criolo.jpeg?fit=1200%2C675&ssl=1&resize=525%2C300 1.5x, https:\/\/i0.wp.com\/noticiasribeiraopreto.com.br\/wp-content\/uploads\/2024\/01\/vanessa-e-criolo.jpeg?fit=1200%2C675&ssl=1&resize=700%2C400 2x, https:\/\/i0.wp.com\/noticiasribeiraopreto.com.br\/wp-content\/uploads\/2024\/01\/vanessa-e-criolo.jpeg?fit=1200%2C675&ssl=1&resize=1050%2C600 3x"},"classes":[]},{"id":72576,"url":"https:\/\/noticiasribeiraopreto.com.br\/index.php\/2025\/06\/18\/festival-da-lua-cheia-reune-liniker-marcelo-d2-e-gilsons-com-80-horas-de-musica\/","url_meta":{"origin":72729,"position":1},"title":"Festival da Lua Cheia re\u00fane Liniker, Marcelo D2 e Gilsons com 80 horas de m\u00fasica","author":"noticiasribeiraopreto.com.br","date":"18 de June de 2025","format":false,"excerpt":"O tradicional Festival da Lua Cheia acontece entre os dias 19 e 22 de junho, em Altin\u00f3polis, a aproximadamente 60 quil\u00f4metros de Ribeir\u00e3o Preto. A programa\u00e7\u00e3o musical conta com mais de 50 atra\u00e7\u00f5es, como Liniker, Marcelo D2 e Gilsons, em uma maratona de 80 horas. A 33\u00aa edi\u00e7\u00e3o do festival\u2026","rel":"","context":"In &quot;Not\u00edcias de Ribeir\u00e3o Preto-SP e Regi\u00e3o&quot;","block_context":{"text":"Not\u00edcias de Ribeir\u00e3o Preto-SP e Regi\u00e3o","link":"https:\/\/noticiasribeiraopreto.com.br\/index.php\/category\/noticias-de-ribeirao-preto-sp-e-regiao-ismael-colosi\/"},"img":{"alt_text":"","src":"https:\/\/i0.wp.com\/noticiasribeiraopreto.com.br\/wp-content\/uploads\/2025\/06\/line-up-festival-da-lua-cheia_2025-06-18_14-25-52.webp.webp?fit=1200%2C675&ssl=1&resize=350%2C200","width":350,"height":200,"srcset":"https:\/\/i0.wp.com\/noticiasribeiraopreto.com.br\/wp-content\/uploads\/2025\/06\/line-up-festival-da-lua-cheia_2025-06-18_14-25-52.webp.webp?fit=1200%2C675&ssl=1&resize=350%2C200 1x, https:\/\/i0.wp.com\/noticiasribeiraopreto.com.br\/wp-content\/uploads\/2025\/06\/line-up-festival-da-lua-cheia_2025-06-18_14-25-52.webp.webp?fit=1200%2C675&ssl=1&resize=525%2C300 1.5x, https:\/\/i0.wp.com\/noticiasribeiraopreto.com.br\/wp-content\/uploads\/2025\/06\/line-up-festival-da-lua-cheia_2025-06-18_14-25-52.webp.webp?fit=1200%2C675&ssl=1&resize=700%2C400 2x, https:\/\/i0.wp.com\/noticiasribeiraopreto.com.br\/wp-content\/uploads\/2025\/06\/line-up-festival-da-lua-cheia_2025-06-18_14-25-52.webp.webp?fit=1200%2C675&ssl=1&resize=1050%2C600 3x"},"classes":[]},{"id":51789,"url":"https:\/\/noticiasribeiraopreto.com.br\/index.php\/2024\/05\/30\/festival-da-lua-cheia-reune-grandes-nomes-da-musica-brasileira-no-interior-de-sp\/","url_meta":{"origin":72729,"position":2},"title":"Festival da Lua Cheia re\u00fane grandes nomes da m\u00fasica brasileira no interior de SP","author":"noticiasribeiraopreto.com.br","date":"30 de May de 2024","format":false,"excerpt":"O tradicional \u201cFestival Forr\u00f3 da Lua Cheia\u201d, que re\u00fane grandes nomes da m\u00fasica brasileira, come\u00e7a nesta quinta-feira (30) em Altin\u00f3polis, no interior de S\u00e3o Paulo. A 32\u00aa edi\u00e7\u00e3o do evento ter\u00e1 cerca de 80 atra\u00e7\u00f5es musicais, que se apresentar\u00e3o em cinco palcos, durante os quatro dias de festa. A expectativa\u2026","rel":"","context":"In &quot;Not\u00edcias de Ribeir\u00e3o Preto-SP e Regi\u00e3o&quot;","block_context":{"text":"Not\u00edcias de Ribeir\u00e3o Preto-SP e Regi\u00e3o","link":"https:\/\/noticiasribeiraopreto.com.br\/index.php\/category\/noticias-de-ribeirao-preto-sp-e-regiao-ismael-colosi\/"},"img":{"alt_text":"","src":"https:\/\/i0.wp.com\/noticiasribeiraopreto.com.br\/wp-content\/uploads\/2024\/05\/1717085655_acidadeon_logos_Prancheta-1-copia-12_edited.jpg?fit=1199%2C1200&ssl=1&resize=350%2C200","width":350,"height":200,"srcset":"https:\/\/i0.wp.com\/noticiasribeiraopreto.com.br\/wp-content\/uploads\/2024\/05\/1717085655_acidadeon_logos_Prancheta-1-copia-12_edited.jpg?fit=1199%2C1200&ssl=1&resize=350%2C200 1x, https:\/\/i0.wp.com\/noticiasribeiraopreto.com.br\/wp-content\/uploads\/2024\/05\/1717085655_acidadeon_logos_Prancheta-1-copia-12_edited.jpg?fit=1199%2C1200&ssl=1&resize=525%2C300 1.5x, https:\/\/i0.wp.com\/noticiasribeiraopreto.com.br\/wp-content\/uploads\/2024\/05\/1717085655_acidadeon_logos_Prancheta-1-copia-12_edited.jpg?fit=1199%2C1200&ssl=1&resize=700%2C400 2x, https:\/\/i0.wp.com\/noticiasribeiraopreto.com.br\/wp-content\/uploads\/2024\/05\/1717085655_acidadeon_logos_Prancheta-1-copia-12_edited.jpg?fit=1199%2C1200&ssl=1&resize=1050%2C600 3x"},"classes":[]},{"id":58978,"url":"https:\/\/noticiasribeiraopreto.com.br\/index.php\/2024\/10\/10\/festival-na-regiao-de-ribeirao-anuncia-primeiras-atracoes-para-edicao-2025\/","url_meta":{"origin":72729,"position":3},"title":"Festival na regi\u00e3o de Ribeir\u00e3o anuncia primeiras atra\u00e7\u00f5es para edi\u00e7\u00e3o 2025","author":"noticiasribeiraopreto.com.br","date":"10 de October de 2024","format":false,"excerpt":"O Festival da Lua Cheia, um dos principais eventos culturais do pa\u00eds que acontece em Altin\u00f3polis, na regi\u00e3o de Ribeir\u00e3o Preto, come\u00e7ou a anunciar as atra\u00e7\u00f5es para edi\u00e7\u00e3o de 2025. O cantor Marcelo D2 e a banda Os Gilsons est\u00e3o confirmados na festa. Marcelo D2 traz ao Festival uma forma\u00e7\u00e3o\u2026","rel":"","context":"In &quot;Not\u00edcias de Ribeir\u00e3o Preto-SP e Regi\u00e3o&quot;","block_context":{"text":"Not\u00edcias de Ribeir\u00e3o Preto-SP e Regi\u00e3o","link":"https:\/\/noticiasribeiraopreto.com.br\/index.php\/category\/noticias-de-ribeirao-preto-sp-e-regiao-ismael-colosi\/"},"img":{"alt_text":"","src":"https:\/\/i0.wp.com\/noticiasribeiraopreto.com.br\/wp-content\/uploads\/2024\/10\/Copia-de-Copia-de-Copia-de-TAMANHO-EXATO-PARA-FOTOS-NO-SISTEMA-NOVO-13_2024-10-11_01-00-41_png_2024-10-11_01-00-41.webp.webp?fit=1200%2C675&ssl=1&resize=350%2C200","width":350,"height":200,"srcset":"https:\/\/i0.wp.com\/noticiasribeiraopreto.com.br\/wp-content\/uploads\/2024\/10\/Copia-de-Copia-de-Copia-de-TAMANHO-EXATO-PARA-FOTOS-NO-SISTEMA-NOVO-13_2024-10-11_01-00-41_png_2024-10-11_01-00-41.webp.webp?fit=1200%2C675&ssl=1&resize=350%2C200 1x, https:\/\/i0.wp.com\/noticiasribeiraopreto.com.br\/wp-content\/uploads\/2024\/10\/Copia-de-Copia-de-Copia-de-TAMANHO-EXATO-PARA-FOTOS-NO-SISTEMA-NOVO-13_2024-10-11_01-00-41_png_2024-10-11_01-00-41.webp.webp?fit=1200%2C675&ssl=1&resize=525%2C300 1.5x, https:\/\/i0.wp.com\/noticiasribeiraopreto.com.br\/wp-content\/uploads\/2024\/10\/Copia-de-Copia-de-Copia-de-TAMANHO-EXATO-PARA-FOTOS-NO-SISTEMA-NOVO-13_2024-10-11_01-00-41_png_2024-10-11_01-00-41.webp.webp?fit=1200%2C675&ssl=1&resize=700%2C400 2x, https:\/\/i0.wp.com\/noticiasribeiraopreto.com.br\/wp-content\/uploads\/2024\/10\/Copia-de-Copia-de-Copia-de-TAMANHO-EXATO-PARA-FOTOS-NO-SISTEMA-NOVO-13_2024-10-11_01-00-41_png_2024-10-11_01-00-41.webp.webp?fit=1200%2C675&ssl=1&resize=1050%2C600 3x"},"classes":[]},{"id":72757,"url":"https:\/\/noticiasribeiraopreto.com.br\/index.php\/2025\/06\/20\/biblioteca-de-ribeirao-tem-festa-junina-gratuita-com-comidas-tipicas-shows-e-atividades-culturais\/","url_meta":{"origin":72729,"position":4},"title":"Biblioteca de Ribeir\u00e3o tem festa junina gratuita com comidas t\u00edpicas, shows e atividades culturais","author":"noticiasribeiraopreto.com.br","date":"20 de June de 2025","format":false,"excerpt":"A Biblioteca Sinh\u00e1 Junqueira, localizada no Centro de Ribeir\u00e3o Preto realiza a 2\u00aa edi\u00e7\u00e3o da Festa Junina BSJ, neste s\u00e1bado (21), das 14h \u00e0s 21h. A programa\u00e7\u00e3o gratuita inclui shows, comidas t\u00edpicas, atividades culturais e mais. A maquiadora Suhelen Tica abre a programa\u00e7\u00e3o da festa com uma oficina de pinturas\u2026","rel":"","context":"In &quot;Not\u00edcias de Ribeir\u00e3o Preto-SP e Regi\u00e3o&quot;","block_context":{"text":"Not\u00edcias de Ribeir\u00e3o Preto-SP e Regi\u00e3o","link":"https:\/\/noticiasribeiraopreto.com.br\/index.php\/category\/noticias-de-ribeirao-preto-sp-e-regiao-ismael-colosi\/"},"img":{"alt_text":"","src":"https:\/\/i0.wp.com\/noticiasribeiraopreto.com.br\/wp-content\/uploads\/2025\/06\/biblioteca_sinha_1024x576_18032021112547.jpg?fit=1024%2C576&ssl=1&resize=350%2C200","width":350,"height":200,"srcset":"https:\/\/i0.wp.com\/noticiasribeiraopreto.com.br\/wp-content\/uploads\/2025\/06\/biblioteca_sinha_1024x576_18032021112547.jpg?fit=1024%2C576&ssl=1&resize=350%2C200 1x, https:\/\/i0.wp.com\/noticiasribeiraopreto.com.br\/wp-content\/uploads\/2025\/06\/biblioteca_sinha_1024x576_18032021112547.jpg?fit=1024%2C576&ssl=1&resize=525%2C300 1.5x, https:\/\/i0.wp.com\/noticiasribeiraopreto.com.br\/wp-content\/uploads\/2025\/06\/biblioteca_sinha_1024x576_18032021112547.jpg?fit=1024%2C576&ssl=1&resize=700%2C400 2x"},"classes":[]},{"id":60491,"url":"https:\/\/noticiasribeiraopreto.com.br\/index.php\/2024\/11\/15\/tudo-sobre-a-ultima-superlua-do-ano-fenomeno-acontece-nesta-sexta-feira\/","url_meta":{"origin":72729,"position":5},"title":"Tudo sobre a \u00faltima superlua do ano; fen\u00f4meno acontece nesta sexta-feira","author":"noticiasribeiraopreto.com.br","date":"15 de November de 2024","format":false,"excerpt":"A \u00faltima superlua cheia do anos poder\u00e1 ser vista na noite desta sexta-feira (15). Isso quer dizer que a lua cheia estar\u00e1 maior e mais brilhante, pois estar\u00e1 perto de seu perigeu, o ponto mais pr\u00f3ximo da Terra em sua \u00f3rbita. De acordo com o Observat\u00f3rio Nacional, o momento exato\u2026","rel":"","context":"In &quot;Not\u00edcias de Ribeir\u00e3o Preto-SP e Regi\u00e3o&quot;","block_context":{"text":"Not\u00edcias de Ribeir\u00e3o Preto-SP e Regi\u00e3o","link":"https:\/\/noticiasribeiraopreto.com.br\/index.php\/category\/noticias-de-ribeirao-preto-sp-e-regiao-ismael-colosi\/"},"img":{"alt_text":"","src":"https:\/\/i0.wp.com\/noticiasribeiraopreto.com.br\/wp-content\/uploads\/2024\/11\/superlua_2024-11-15_13-21-10_jpg_2024-11-15_13-21-10.webp.webp?fit=1200%2C600&ssl=1&resize=350%2C200","width":350,"height":200,"srcset":"https:\/\/i0.wp.com\/noticiasribeiraopreto.com.br\/wp-content\/uploads\/2024\/11\/superlua_2024-11-15_13-21-10_jpg_2024-11-15_13-21-10.webp.webp?fit=1200%2C600&ssl=1&resize=350%2C200 1x, https:\/\/i0.wp.com\/noticiasribeiraopreto.com.br\/wp-content\/uploads\/2024\/11\/superlua_2024-11-15_13-21-10_jpg_2024-11-15_13-21-10.webp.webp?fit=1200%2C600&ssl=1&resize=525%2C300 1.5x, https:\/\/i0.wp.com\/noticiasribeiraopreto.com.br\/wp-content\/uploads\/2024\/11\/superlua_2024-11-15_13-21-10_jpg_2024-11-15_13-21-10.webp.webp?fit=1200%2C600&ssl=1&resize=700%2C400 2x, https:\/\/i0.wp.com\/noticiasribeiraopreto.com.br\/wp-content\/uploads\/2024\/11\/superlua_2024-11-15_13-21-10_jpg_2024-11-15_13-21-10.webp.webp?fit=1200%2C600&ssl=1&resize=1050%2C600 3x"},"classes":[]}],"jetpack_sharing_enabled":true,"jetpack_shortlink":"https:\/\/wp.me\/peQAOb-iV3","_links":{"self":[{"href":"https:\/\/noticiasribeiraopreto.com.br\/index.php\/wp-json\/wp\/v2\/posts\/72729","targetHints":{"allow":["GET"]}}],"collection":[{"href":"https:\/\/noticiasribeiraopreto.com.br\/index.php\/wp-json\/wp\/v2\/posts"}],"about":[{"href":"https:\/\/noticiasribeiraopreto.com.br\/index.php\/wp-json\/wp\/v2\/types\/post"}],"author":[{"embeddable":true,"href":"https:\/\/noticiasribeiraopreto.com.br\/index.php\/wp-json\/wp\/v2\/users\/1"}],"replies":[{"embeddable":true,"href":"https:\/\/noticiasribeiraopreto.com.br\/index.php\/wp-json\/wp\/v2\/comments?post=72729"}],"version-history":[{"count":0,"href":"https:\/\/noticiasribeiraopreto.com.br\/index.php\/wp-json\/wp\/v2\/posts\/72729\/revisions"}],"wp:featuredmedia":[{"embeddable":true,"href":"https:\/\/noticiasribeiraopreto.com.br\/index.php\/wp-json\/wp\/v2\/media\/72730"}],"wp:attachment":[{"href":"https:\/\/noticiasribeiraopreto.com.br\/index.php\/wp-json\/wp\/v2\/media?parent=72729"}],"wp:term":[{"taxonomy":"category","embeddable":true,"href":"https:\/\/noticiasribeiraopreto.com.br\/index.php\/wp-json\/wp\/v2\/categories?post=72729"},{"taxonomy":"post_tag","embeddable":true,"href":"https:\/\/noticiasribeiraopreto.com.br\/index.php\/wp-json\/wp\/v2\/tags?post=72729"}],"curies":[{"name":"wp","href":"https:\/\/api.w.org\/{rel}","templated":true}]}}