{"id":72731,"date":"2025-06-20T14:13:52","date_gmt":"2025-06-20T17:13:52","guid":{"rendered":"https:\/\/noticiasribeiraopreto.com.br\/index.php\/2025\/06\/20\/camisas-de-futebol-sao-tema-de-encontro-inedito-em-ribeirao-neste-fim-de-semana\/"},"modified":"2025-06-20T14:13:52","modified_gmt":"2025-06-20T17:13:52","slug":"camisas-de-futebol-sao-tema-de-encontro-inedito-em-ribeirao-neste-fim-de-semana","status":"publish","type":"post","link":"https:\/\/noticiasribeiraopreto.com.br\/index.php\/2025\/06\/20\/camisas-de-futebol-sao-tema-de-encontro-inedito-em-ribeirao-neste-fim-de-semana\/","title":{"rendered":"Camisas de futebol s\u00e3o tema de encontro in\u00e9dito em Ribeir\u00e3o neste fim de semana"},"content":{"rendered":"<p> <br \/>\n<\/p>\n<div data-td-block-uid=\"tdi_95\">\n<div class=\"tdb-block-inner td-fix-index\">\n<p><strong>Ribeir\u00e3o Preto <\/strong>recebe neste s\u00e1bado (21) o<strong> 1\u00ba Encontro de Colecionadores de Camisas de Futebol<\/strong>. O evento ser\u00e1 realizado no Emp\u00f3rio Bras\u00edlia, na regi\u00e3o central da cidade, <strong>com entrada gratuita.<\/strong> A iniciativa \u00e9 de Brunno Malzoni, propriet\u00e1rio de uma loja virtual especializada em camisas de futebol, antigas e atuais.<\/p>\n<p><strong>O encontro tem como proposta reunir colecionadores da regi\u00e3o para exposi\u00e7\u00e3o<\/strong>, <strong>troca <\/strong>e <strong>venda de pe\u00e7as. <\/strong>Al\u00e9m disso, o p\u00fablico poder\u00e1 levar suas pr\u00f3prias camisas para negocia\u00e7\u00e3o ou exibi\u00e7\u00e3o, utilizando as mesas dispon\u00edveis no local.<\/p>\n<p>Segundo Brunno, a ideia surgiu a partir da falta de encontros desse tipo fora da capital. <\/p>\n<figure class=\"wp-block-pullquote\">\n<blockquote>\n<p>Observei que a maioria dos eventos acontece em S\u00e3o Paulo, o que dificulta a participa\u00e7\u00e3o de quem mora no interior. Depois que participei de um encontro no Pacaembu neste ano, resolvi organizar um aqui<\/p>\n<p><cite>explica<\/cite><\/p><\/blockquote>\n<\/figure>\n<p>A escolha do Emp\u00f3rio Bras\u00edlia levou em conta a acessibilidade e a estrutura do espa\u00e7o.<\/p>\n<figure class=\"wp-block-pullquote\">\n<blockquote>\n<p> Moro perto do Emp\u00f3rio e sabia que o local comportaria bem o formato que imaginei, al\u00e9m do contexto e hist\u00f3ria com o futebol<\/p>\n<p><cite>conta Brunno<\/cite><\/p><\/blockquote>\n<\/figure>\n<p>O evento \u00e9 aberto a todos os perfis de colecionadores, inclusive iniciantes e pessoas com poucas camisas. <strong>A organiza\u00e7\u00e3o incentiva os participantes a levarem pe\u00e7as que n\u00e3o usam mais<\/strong>, que <strong>n\u00e3o servem<\/strong> ou que <strong>sa\u00edram do foco da cole\u00e7\u00e3o<\/strong>. O encontro tamb\u00e9m funciona como espa\u00e7o para troca de experi\u00eancias e contato entre colecionadores.<\/p>\n<p>De acordo com o organizador do evento, a divulga\u00e7\u00e3o nas redes sociais gerou retorno positivo. <\/p>\n<figure class=\"wp-block-pullquote\">\n<blockquote>\n<p>Muita gente comentou que faltavam eventos assim aqui. Ribeir\u00e3o tem um p\u00fablico ligado ao futebol e precisava de um encontro desse tipo<\/p>\n<p><cite>completa<\/cite><\/p><\/blockquote>\n<\/figure>\n<p><strong>O evento acontece ao longo do dia e n\u00e3o exige inscri\u00e7\u00e3o pr\u00e9via.<\/strong><\/p>\n<hr class=\"wp-block-separator has-alpha-channel-opacity\"\/>\n<p>SAIBA MAIS<\/p>\n<p>Acidente deixa ferido em cruzamento perigoso na zona Leste de Ribeir\u00e3o Preto; V\u00eddeo<\/p>\n<h2 class=\"wp-block-heading\"><strong>FIQUE ON<\/strong><\/h2>\n<p>Quer ficar por dentro de tudo que acontece em Ribeir\u00e3o Preto e regi\u00e3o? Ent\u00e3o siga os perfis do\u202facidade on\u202fno\u202f<a href=\"https:\/\/www.instagram.com\/acidadeonribeirao\" target=\"_blank\" rel=\"noreferrer noopener\">Instagram<\/a>\u202fe no\u202f<a href=\"https:\/\/www.facebook.com\/acidadeonribeirao\/\" target=\"_blank\" rel=\"noreferrer noopener\">Facebook<\/a>.<\/p>\n<p>Al\u00e9m disso, voc\u00ea pode receber as principais not\u00edcias diretamente no WhatsApp. Para isso, basta\u00a0<a href=\"https:\/\/chat.whatsapp.com\/BjKQZ9oJwlz8VVT50NuePq\" target=\"_blank\" rel=\"noreferrer noopener\">entrar no grupo clicando aqui<\/a>.<\/p>\n<p>Por fim, se quiser fazer uma den\u00fancia ou sugerir uma reportagem sobre Ribeir\u00e3o Preto e regi\u00e3o, envie uma mensagem pelo WhatsApp: (16) 99117-7802.<\/p>\n<p>VEJA TAMB\u00c9M<\/p>\n<p>In\u00edcio do inverno: como a esta\u00e7\u00e3o mais fria do ano impacta as lavouras<strong\/><\/p>\n<p><!-- CONTENT END 1 -->\n<\/div>\n<\/div>\n<p><script async src=\"\/\/www.instagram.com\/embed.js\"><\/script><br \/>\n<br \/><br \/>\n<br \/><a href=\"https:\/\/www.acidadeon.com\/ribeiraopreto\/esportes\/camisas-de-futebol-sao-tema-de-encontro-inedito-em-ribeirao-neste-fim-de-semana\/\">Source link <\/a><\/p>\n","protected":false},"excerpt":{"rendered":"<p>Ribeir\u00e3o Preto recebe neste s\u00e1bado (21) o 1\u00ba Encontro de Colecionadores de Camisas de Futebol. O evento ser\u00e1 realizado no Emp\u00f3rio Bras\u00edlia, na regi\u00e3o central&#8230;<\/p>\n","protected":false},"author":1,"featured_media":72732,"comment_status":"open","ping_status":"open","sticky":false,"template":"","format":"standard","meta":{"advanced_seo_description":"","jetpack_seo_html_title":"","jetpack_seo_noindex":false,"jetpack_post_was_ever_published":false,"_jetpack_newsletter_access":"","_jetpack_dont_email_post_to_subs":false,"_jetpack_newsletter_tier_id":0,"_jetpack_memberships_contains_paywalled_content":false,"_jetpack_memberships_contains_paid_content":false,"footnotes":"","jetpack_publicize_message":"","jetpack_publicize_feature_enabled":true,"jetpack_social_post_already_shared":true,"jetpack_social_options":{"image_generator_settings":{"template":"highway","default_image_id":0,"font":"","enabled":false},"version":2}},"categories":[11],"tags":[],"class_list":["post-72731","post","type-post","status-publish","format-standard","has-post-thumbnail","hentry","category-noticias-de-ribeirao-preto-sp-e-regiao-ismael-colosi"],"jetpack_publicize_connections":[],"jetpack_featured_media_url":"https:\/\/i0.wp.com\/noticiasribeiraopreto.com.br\/wp-content\/uploads\/2025\/06\/Copia-de-Copia-de-Copia-de-TAMANHO-EXATO-PARA-FOTOS-NO-SISTEMA-NOVO-2025-05-27T142030.604_2025-05-27_17-20-48.webp.webp?fit=1200%2C675&ssl=1","jetpack-related-posts":[{"id":70551,"url":"https:\/\/noticiasribeiraopreto.com.br\/index.php\/2025\/05\/27\/gosta-de-camisas-de-futebol-ribeirao-preto-vai-ter-1o-encontro-para-colecionadores\/","url_meta":{"origin":72731,"position":0},"title":"Gosta de camisas de futebol? Ribeir\u00e3o Preto vai ter 1\u00ba encontro para colecionadores","author":"noticiasribeiraopreto.com.br","date":"27 de May de 2025","format":false,"excerpt":"No dia 21 de junho, Ribeir\u00e3o Preto recebe o 1\u00ba Encontro de Colecionadores de Camisas de Futebol, no Emp\u00f3rio Bras\u00edlia, na regi\u00e3o central da cidade. Com entrada gratuita, o evento \u00e9 uma iniciativa de Brunno Malzoni, dono de uma loja online especializada em camisas de futebol, antigas e atuais. Segundo\u2026","rel":"","context":"In &quot;Not\u00edcias de Ribeir\u00e3o Preto-SP e Regi\u00e3o&quot;","block_context":{"text":"Not\u00edcias de Ribeir\u00e3o Preto-SP e Regi\u00e3o","link":"https:\/\/noticiasribeiraopreto.com.br\/index.php\/category\/noticias-de-ribeirao-preto-sp-e-regiao-ismael-colosi\/"},"img":{"alt_text":"","src":"https:\/\/i0.wp.com\/noticiasribeiraopreto.com.br\/wp-content\/uploads\/2025\/05\/Copia-de-Copia-de-Copia-de-TAMANHO-EXATO-PARA-FOTOS-NO-SISTEMA-NOVO-2025-05-27T142030.604_2025-05-27_17-20-48.webp.webp?fit=1200%2C675&ssl=1&resize=350%2C200","width":350,"height":200,"srcset":"https:\/\/i0.wp.com\/noticiasribeiraopreto.com.br\/wp-content\/uploads\/2025\/05\/Copia-de-Copia-de-Copia-de-TAMANHO-EXATO-PARA-FOTOS-NO-SISTEMA-NOVO-2025-05-27T142030.604_2025-05-27_17-20-48.webp.webp?fit=1200%2C675&ssl=1&resize=350%2C200 1x, https:\/\/i0.wp.com\/noticiasribeiraopreto.com.br\/wp-content\/uploads\/2025\/05\/Copia-de-Copia-de-Copia-de-TAMANHO-EXATO-PARA-FOTOS-NO-SISTEMA-NOVO-2025-05-27T142030.604_2025-05-27_17-20-48.webp.webp?fit=1200%2C675&ssl=1&resize=525%2C300 1.5x, https:\/\/i0.wp.com\/noticiasribeiraopreto.com.br\/wp-content\/uploads\/2025\/05\/Copia-de-Copia-de-Copia-de-TAMANHO-EXATO-PARA-FOTOS-NO-SISTEMA-NOVO-2025-05-27T142030.604_2025-05-27_17-20-48.webp.webp?fit=1200%2C675&ssl=1&resize=700%2C400 2x, https:\/\/i0.wp.com\/noticiasribeiraopreto.com.br\/wp-content\/uploads\/2025\/05\/Copia-de-Copia-de-Copia-de-TAMANHO-EXATO-PARA-FOTOS-NO-SISTEMA-NOVO-2025-05-27T142030.604_2025-05-27_17-20-48.webp.webp?fit=1200%2C675&ssl=1&resize=1050%2C600 3x"},"classes":[]},{"id":79959,"url":"https:\/\/noticiasribeiraopreto.com.br\/index.php\/2025\/11\/11\/encontro-de-colecionadores-de-camisas-de-futebol-chega-a-segunda-edicao-em-ribeirao-preto\/","url_meta":{"origin":72731,"position":1},"title":"Encontro de colecionadores de camisas de futebol chega \u00e0 segunda edi\u00e7\u00e3o em Ribeir\u00e3o Preto","author":"noticiasribeiraopreto.com.br","date":"11 de November de 2025","format":false,"excerpt":"Ribeir\u00e3o Preto recebe no dia 6 de dezembro a segunda edi\u00e7\u00e3o do Encontro de Colecionadores de Camisas de Futebol. O evento ocorre no Emp\u00f3rio Bras\u00edlia, na regi\u00e3o central da cidade, com entrada gratuita. A iniciativa \u00e9 de Brunno Malzoni, propriet\u00e1rio de uma loja online especializada em camisas de futebol, antigas\u2026","rel":"","context":"In &quot;Not\u00edcias de Ribeir\u00e3o Preto-SP e Regi\u00e3o&quot;","block_context":{"text":"Not\u00edcias de Ribeir\u00e3o Preto-SP e Regi\u00e3o","link":"https:\/\/noticiasribeiraopreto.com.br\/index.php\/category\/noticias-de-ribeirao-preto-sp-e-regiao-ismael-colosi\/"},"img":{"alt_text":"","src":"https:\/\/i0.wp.com\/noticiasribeiraopreto.com.br\/wp-content\/uploads\/2025\/11\/palace-26_2025-11-11_20-47-52.webp.webp?fit=1200%2C675&ssl=1&resize=350%2C200","width":350,"height":200,"srcset":"https:\/\/i0.wp.com\/noticiasribeiraopreto.com.br\/wp-content\/uploads\/2025\/11\/palace-26_2025-11-11_20-47-52.webp.webp?fit=1200%2C675&ssl=1&resize=350%2C200 1x, https:\/\/i0.wp.com\/noticiasribeiraopreto.com.br\/wp-content\/uploads\/2025\/11\/palace-26_2025-11-11_20-47-52.webp.webp?fit=1200%2C675&ssl=1&resize=525%2C300 1.5x, https:\/\/i0.wp.com\/noticiasribeiraopreto.com.br\/wp-content\/uploads\/2025\/11\/palace-26_2025-11-11_20-47-52.webp.webp?fit=1200%2C675&ssl=1&resize=700%2C400 2x, https:\/\/i0.wp.com\/noticiasribeiraopreto.com.br\/wp-content\/uploads\/2025\/11\/palace-26_2025-11-11_20-47-52.webp.webp?fit=1200%2C675&ssl=1&resize=1050%2C600 3x"},"classes":[]},{"id":42006,"url":"https:\/\/noticiasribeiraopreto.com.br\/index.php\/2024\/03\/12\/encontro-reune-colecionadores-em-ribeirao-preto\/","url_meta":{"origin":72731,"position":2},"title":"Encontro re\u00fane colecionadores em Ribeir\u00e3o Preto","author":"noticiasribeiraopreto.com.br","date":"12 de March de 2024","format":false,"excerpt":"O objeto do desejo pode variar: desde pequenas caixinhas de f\u00f3sforos, distribu\u00eddas como brindes, at\u00e9 car\u00edssimos rel\u00f3gios de luxo. A paix\u00e3o, por\u00e9m, \u00e9 a mesma, capaz de levar colecionadores a cometerem loucuras e n\u00e3o pouparem esfor\u00e7os em busca \u201cdaquela pe\u00e7a especial\u201d para seus acervos.Muitos deles s\u00e3o esperados em Ribeir\u00e3o Preto\u2026","rel":"","context":"In &quot;Not\u00edcias de Ribeir\u00e3o Preto-SP e Regi\u00e3o&quot;","block_context":{"text":"Not\u00edcias de Ribeir\u00e3o Preto-SP e Regi\u00e3o","link":"https:\/\/noticiasribeiraopreto.com.br\/index.php\/category\/noticias-de-ribeirao-preto-sp-e-regiao-ismael-colosi\/"},"img":{"alt_text":"","src":"https:\/\/i0.wp.com\/noticiasribeiraopreto.com.br\/wp-content\/uploads\/2024\/03\/e419f1d9-c19c-4541-826f-af0128facb9b-scaled.jpg?fit=1000%2C629&ssl=1&resize=350%2C200","width":350,"height":200,"srcset":"https:\/\/i0.wp.com\/noticiasribeiraopreto.com.br\/wp-content\/uploads\/2024\/03\/e419f1d9-c19c-4541-826f-af0128facb9b-scaled.jpg?fit=1000%2C629&ssl=1&resize=350%2C200 1x, https:\/\/i0.wp.com\/noticiasribeiraopreto.com.br\/wp-content\/uploads\/2024\/03\/e419f1d9-c19c-4541-826f-af0128facb9b-scaled.jpg?fit=1000%2C629&ssl=1&resize=525%2C300 1.5x, https:\/\/i0.wp.com\/noticiasribeiraopreto.com.br\/wp-content\/uploads\/2024\/03\/e419f1d9-c19c-4541-826f-af0128facb9b-scaled.jpg?fit=1000%2C629&ssl=1&resize=700%2C400 2x"},"classes":[]},{"id":42404,"url":"https:\/\/noticiasribeiraopreto.com.br\/index.php\/2024\/03\/14\/saiba-tudo-sobre-o-evento-que-reune-colecionadores-em-ribeirao-preto\/","url_meta":{"origin":72731,"position":3},"title":"Saiba tudo sobre o evento que re\u00fane colecionadores em Ribeir\u00e3o Preto","author":"noticiasribeiraopreto.com.br","date":"14 de March de 2024","format":false,"excerpt":"A partir de sexta-feira (15) at\u00e9 domingo (17), Ribeir\u00e3o Preto recebe o \u201cEncontro Filat\u00e9lico Numism\u00e1tico 2024\u201d, evento gratuito que re\u00fane colecionadores na cidade. O encontro ser\u00e1 realizado das 8h \u00e0s 18h na sexta e no s\u00e1bado, no Hotel Dan Inn, localizado na Vila Tib\u00e9rio. No domingo, acontece das 8h \u00e0s\u2026","rel":"","context":"In &quot;Not\u00edcias de Ribeir\u00e3o Preto-SP e Regi\u00e3o&quot;","block_context":{"text":"Not\u00edcias de Ribeir\u00e3o Preto-SP e Regi\u00e3o","link":"https:\/\/noticiasribeiraopreto.com.br\/index.php\/category\/noticias-de-ribeirao-preto-sp-e-regiao-ismael-colosi\/"},"img":{"alt_text":"","src":"https:\/\/i0.wp.com\/noticiasribeiraopreto.com.br\/wp-content\/uploads\/2024\/03\/FILATELIA-2.jpg?fit=1200%2C913&ssl=1&resize=350%2C200","width":350,"height":200,"srcset":"https:\/\/i0.wp.com\/noticiasribeiraopreto.com.br\/wp-content\/uploads\/2024\/03\/FILATELIA-2.jpg?fit=1200%2C913&ssl=1&resize=350%2C200 1x, https:\/\/i0.wp.com\/noticiasribeiraopreto.com.br\/wp-content\/uploads\/2024\/03\/FILATELIA-2.jpg?fit=1200%2C913&ssl=1&resize=525%2C300 1.5x, https:\/\/i0.wp.com\/noticiasribeiraopreto.com.br\/wp-content\/uploads\/2024\/03\/FILATELIA-2.jpg?fit=1200%2C913&ssl=1&resize=700%2C400 2x, https:\/\/i0.wp.com\/noticiasribeiraopreto.com.br\/wp-content\/uploads\/2024\/03\/FILATELIA-2.jpg?fit=1200%2C913&ssl=1&resize=1050%2C600 3x"},"classes":[]},{"id":79957,"url":"https:\/\/noticiasribeiraopreto.com.br\/index.php\/2025\/11\/11\/parque-de-ribeirao-preto-recebe-desfile-cosplay-para-animais-no-final-de-semana\/","url_meta":{"origin":72731,"position":4},"title":"Parque de Ribeir\u00e3o Preto recebe desfile cosplay para animais no final de semana","author":"noticiasribeiraopreto.com.br","date":"11 de November de 2025","format":false,"excerpt":"O Parque Maur\u00edlio Biagi recebe neste domingo (16), \u00e0s 10h, o Desfile Cosplay Fofo Pet, parte da programa\u00e7\u00e3o do 1\u00ba Festival Cultura Geek em Ribeir\u00e3o Preto. Aberto a todas as esp\u00e9cies \u2014 c\u00e3es, gatos, aves, roedores, r\u00e9pteis, peixes ornamentais e outros companheiros \u2014 o desfile convida tutores e animais de\u2026","rel":"","context":"In &quot;Not\u00edcias de Ribeir\u00e3o Preto-SP e Regi\u00e3o&quot;","block_context":{"text":"Not\u00edcias de Ribeir\u00e3o Preto-SP e Regi\u00e3o","link":"https:\/\/noticiasribeiraopreto.com.br\/index.php\/category\/noticias-de-ribeirao-preto-sp-e-regiao-ismael-colosi\/"},"img":{"alt_text":"","src":"https:\/\/i0.wp.com\/noticiasribeiraopreto.com.br\/wp-content\/uploads\/2025\/11\/party-dog_2025-11-11_21-19-11.webp.webp?fit=1200%2C1200&ssl=1&resize=350%2C200","width":350,"height":200,"srcset":"https:\/\/i0.wp.com\/noticiasribeiraopreto.com.br\/wp-content\/uploads\/2025\/11\/party-dog_2025-11-11_21-19-11.webp.webp?fit=1200%2C1200&ssl=1&resize=350%2C200 1x, https:\/\/i0.wp.com\/noticiasribeiraopreto.com.br\/wp-content\/uploads\/2025\/11\/party-dog_2025-11-11_21-19-11.webp.webp?fit=1200%2C1200&ssl=1&resize=525%2C300 1.5x, https:\/\/i0.wp.com\/noticiasribeiraopreto.com.br\/wp-content\/uploads\/2025\/11\/party-dog_2025-11-11_21-19-11.webp.webp?fit=1200%2C1200&ssl=1&resize=700%2C400 2x, https:\/\/i0.wp.com\/noticiasribeiraopreto.com.br\/wp-content\/uploads\/2025\/11\/party-dog_2025-11-11_21-19-11.webp.webp?fit=1200%2C1200&ssl=1&resize=1050%2C600 3x"},"classes":[]},{"id":29821,"url":"https:\/\/noticiasribeiraopreto.com.br\/index.php\/2024\/01\/19\/de-olho-no-jogo-contra-o-santos-botafogo-lanca-novo-uniforme-veja-as-fotos\/","url_meta":{"origin":72731,"position":5},"title":"De olho no jogo contra o Santos, Botafogo lan\u00e7a novo uniforme; Veja as fotos","author":"noticiasribeiraopreto.com.br","date":"19 de January de 2024","format":false,"excerpt":"Antes da partida contra o Santos, na estreia do Campeonato Paulista, o Botafogo lan\u00e7ou o novo uniforme para temporada 2024. A camisa da equipe de Ribeir\u00e3o Preto foi apresentada em evento no Hard Rock Caf\u00e9, na noite da \u00faltima quinta-feira (18). A camisa \u00e9 assinada pela Volt Sport, fornecedora de\u2026","rel":"","context":"In &quot;Not\u00edcias de Ribeir\u00e3o Preto-SP e Regi\u00e3o&quot;","block_context":{"text":"Not\u00edcias de Ribeir\u00e3o Preto-SP e Regi\u00e3o","link":"https:\/\/noticiasribeiraopreto.com.br\/index.php\/category\/noticias-de-ribeirao-preto-sp-e-regiao-ismael-colosi\/"},"img":{"alt_text":"","src":"https:\/\/i0.wp.com\/noticiasribeiraopreto.com.br\/wp-content\/uploads\/2024\/01\/novo-uniforme-botafogo-3-2.jpg?fit=1200%2C800&ssl=1&resize=350%2C200","width":350,"height":200,"srcset":"https:\/\/i0.wp.com\/noticiasribeiraopreto.com.br\/wp-content\/uploads\/2024\/01\/novo-uniforme-botafogo-3-2.jpg?fit=1200%2C800&ssl=1&resize=350%2C200 1x, https:\/\/i0.wp.com\/noticiasribeiraopreto.com.br\/wp-content\/uploads\/2024\/01\/novo-uniforme-botafogo-3-2.jpg?fit=1200%2C800&ssl=1&resize=525%2C300 1.5x, https:\/\/i0.wp.com\/noticiasribeiraopreto.com.br\/wp-content\/uploads\/2024\/01\/novo-uniforme-botafogo-3-2.jpg?fit=1200%2C800&ssl=1&resize=700%2C400 2x, https:\/\/i0.wp.com\/noticiasribeiraopreto.com.br\/wp-content\/uploads\/2024\/01\/novo-uniforme-botafogo-3-2.jpg?fit=1200%2C800&ssl=1&resize=1050%2C600 3x"},"classes":[]}],"jetpack_sharing_enabled":true,"jetpack_shortlink":"https:\/\/wp.me\/peQAOb-iV5","_links":{"self":[{"href":"https:\/\/noticiasribeiraopreto.com.br\/index.php\/wp-json\/wp\/v2\/posts\/72731","targetHints":{"allow":["GET"]}}],"collection":[{"href":"https:\/\/noticiasribeiraopreto.com.br\/index.php\/wp-json\/wp\/v2\/posts"}],"about":[{"href":"https:\/\/noticiasribeiraopreto.com.br\/index.php\/wp-json\/wp\/v2\/types\/post"}],"author":[{"embeddable":true,"href":"https:\/\/noticiasribeiraopreto.com.br\/index.php\/wp-json\/wp\/v2\/users\/1"}],"replies":[{"embeddable":true,"href":"https:\/\/noticiasribeiraopreto.com.br\/index.php\/wp-json\/wp\/v2\/comments?post=72731"}],"version-history":[{"count":0,"href":"https:\/\/noticiasribeiraopreto.com.br\/index.php\/wp-json\/wp\/v2\/posts\/72731\/revisions"}],"wp:featuredmedia":[{"embeddable":true,"href":"https:\/\/noticiasribeiraopreto.com.br\/index.php\/wp-json\/wp\/v2\/media\/72732"}],"wp:attachment":[{"href":"https:\/\/noticiasribeiraopreto.com.br\/index.php\/wp-json\/wp\/v2\/media?parent=72731"}],"wp:term":[{"taxonomy":"category","embeddable":true,"href":"https:\/\/noticiasribeiraopreto.com.br\/index.php\/wp-json\/wp\/v2\/categories?post=72731"},{"taxonomy":"post_tag","embeddable":true,"href":"https:\/\/noticiasribeiraopreto.com.br\/index.php\/wp-json\/wp\/v2\/tags?post=72731"}],"curies":[{"name":"wp","href":"https:\/\/api.w.org\/{rel}","templated":true}]}}