{"id":72734,"date":"2025-06-20T15:23:46","date_gmt":"2025-06-20T18:23:46","guid":{"rendered":"https:\/\/noticiasribeiraopreto.com.br\/index.php\/2025\/06\/20\/jornal-da-franca-vereadores-debatem-temas-como-seguranca-saude-e-obras-durante-sessao-da-camara\/"},"modified":"2025-06-20T15:23:46","modified_gmt":"2025-06-20T18:23:46","slug":"jornal-da-franca-vereadores-debatem-temas-como-seguranca-saude-e-obras-durante-sessao-da-camara","status":"publish","type":"post","link":"https:\/\/noticiasribeiraopreto.com.br\/index.php\/2025\/06\/20\/jornal-da-franca-vereadores-debatem-temas-como-seguranca-saude-e-obras-durante-sessao-da-camara\/","title":{"rendered":"Jornal da Franca &#8211; Vereadores debatem temas como seguran\u00e7a, sa\u00fade e obras durante sess\u00e3o da C\u00e2mara"},"content":{"rendered":"<p> <br \/>\n<\/p>\n<div>\n\t                            <a class=\"mb-1\" href=\"https:\/\/api.whatsapp.com\/send?text=Olha essa Not\u00edcia no Jornal da Franca.%0D%0D*Vereadores debatem temas como seguran\u00e7a, sa\u00fade e obras durante sess\u00e3o da C\u00e2mara*%0D%0Dclique na url abaixo%0Dhttps:\/\/www.jornaldafranca.com.br\/vereadores-debatem-temas-como-seguranca-saude-e-obras-durante-sessao-da-camara\/\" target=\"_blank\"><span class=\"text-12 badge badge-pill badge-success\"><i class=\"fa fa-whatsapp\"\/> compartilhar no whatsapp<\/span><\/a><\/p>\n<p>\t                            <a class=\"mb-1\" href=\"https:\/\/telegram.me\/share\/url?url=https:\/\/www.jornaldafranca.com.br\/vereadores-debatem-temas-como-seguranca-saude-e-obras-durante-sessao-da-camara\/&amp;text=Olha essa Not\u00edcia no Jornal da Franca.\" target=\"_blank\"><span class=\"text-12 badge badge-pill badge-info\"><i class=\"fa fa-telegram\"\/> compartilhar no telegram<\/span><\/a><\/p>\n<p>\t                            <a class=\"mb-1\" href=\"https:\/\/www.facebook.com\/sharer\/sharer.php?u=https:\/\/www.jornaldafranca.com.br\/vereadores-debatem-temas-como-seguranca-saude-e-obras-durante-sessao-da-camara\/\" target=\"_blank\"><span class=\"text-12 badge badge-pill badge-primary\"><i class=\"fa fa-facebook\"\/> compartilhar no facebook<\/span><\/a><\/p>\n<p>\t                            <a class=\"mb-1\" href=\"https:\/\/www.linkedin.com\/shareArticle?mini=true&amp;url=https:\/\/www.jornaldafranca.com.br\/vereadores-debatem-temas-como-seguranca-saude-e-obras-durante-sessao-da-camara\/&amp;title=Vereadores debatem temas como seguran\u00e7a, sa\u00fade e obras durante sess\u00e3o da C\u00e2mara&amp;source=JORNAL DA FRANCA\" target=\"_blank\"><span class=\"text-12 badge badge-pill badge-secondary\"><i class=\"fa fa-linkedin\"\/> compartilhar no linkedin<\/span><\/a><\/p>\n<div class=\"lead text-20\">\n<p>Temas que surgem na C\u00e2mara refletem muitas vezes as reclama\u00e7\u00f5es da popula\u00e7\u00e3o<\/p>\n<\/p><\/div>\n<p><img data-recalc-dims=\"1\" decoding=\"async\" src=\"https:\/\/i0.wp.com\/www.jornaldafranca.com.br\/wp-content\/uploads\/2025\/04\/pLENARIO-4.jpg?ssl=1\" alt=\"\"\/><br \/>Na \u00faltima ter\u00e7a-feira, os vereadores de Franca apresentaram v\u00e1rios requerimentos solicitando informa\u00e7\u00f5es \u00e0 Prefeitura sobre diferentes \u00e1reas da gest\u00e3o p\u00fablica. Esses requerimentos abordam temas importantes como seguran\u00e7a, obras e sa\u00fade. Veja:<\/p>\n<p>\u2013 Seguran\u00e7a: combate \u00e0 viol\u00eancia e amplia\u00e7\u00e3o do n\u00famero de vagas nos servi\u00e7os de acolhimento institucional para mulheres v\u00edtimas de viol\u00eancia dom\u00e9stica.<\/p>\n<p>\u2013 Obras: informa\u00e7\u00f5es sobre a paralisa\u00e7\u00e3o das obras de liga\u00e7\u00e3o entre os bairros Jardim Portinari e Jardim Natal.<\/p>\n<p>\u2013 Sa\u00fade: viabilidade de instala\u00e7\u00e3o de uma unidade da Rede de Reabilita\u00e7\u00e3o Lucy Montoro e informa\u00e7\u00f5es sobre o Programa de Prote\u00e7\u00e3o Social Assistida \u00e0s Crian\u00e7as e Adolescentes.<\/p>\n<p><strong>Outros Questionamentos<\/strong><\/p>\n<p>\u2013 Ilumina\u00e7\u00e3o P\u00fablica e Meio Ambiente: implanta\u00e7\u00e3o de ilumina\u00e7\u00e3o em pontes, viadutos e passarelas e amplia\u00e7\u00e3o do recebimento de materiais nos ecopontos da cidade.<\/p>\n<p>\u2013 Contratos e Servi\u00e7os: informa\u00e7\u00f5es sobre os servi\u00e7os prestados e os valores dos contratos com a empresa de data center realizado com a Prefeitura de Franca.<\/p>\n<p>\u00a0<\/p>\n<p><!-- CONTENT END 1 --><\/p>\n<hr\/><\/div>\n<p><br \/>\n<br \/><a href=\"https:\/\/www.jornaldafranca.com.br\/vereadores-debatem-temas-como-seguranca-saude-e-obras-durante-sessao-da-camara\/\">Source link <\/a><\/p>\n","protected":false},"excerpt":{"rendered":"<p>compartilhar no whatsapp compartilhar no telegram compartilhar no facebook compartilhar no linkedin Temas que surgem na C\u00e2mara refletem muitas vezes as reclama\u00e7\u00f5es da popula\u00e7\u00e3o Na&#8230;<\/p>\n","protected":false},"author":1,"featured_media":72735,"comment_status":"open","ping_status":"open","sticky":false,"template":"","format":"standard","meta":{"advanced_seo_description":"","jetpack_seo_html_title":"","jetpack_seo_noindex":false,"jetpack_post_was_ever_published":false,"_jetpack_newsletter_access":"","_jetpack_dont_email_post_to_subs":false,"_jetpack_newsletter_tier_id":0,"_jetpack_memberships_contains_paywalled_content":false,"_jetpack_memberships_contains_paid_content":false,"footnotes":"","jetpack_publicize_message":"","jetpack_publicize_feature_enabled":true,"jetpack_social_post_already_shared":true,"jetpack_social_options":{"image_generator_settings":{"template":"highway","default_image_id":0,"font":"","enabled":false},"version":2}},"categories":[3597],"tags":[],"class_list":["post-72734","post","type-post","status-publish","format-standard","has-post-thumbnail","hentry","category-noticias-franca-sp"],"jetpack_publicize_connections":[],"jetpack_featured_media_url":"https:\/\/i0.wp.com\/noticiasribeiraopreto.com.br\/wp-content\/uploads\/2025\/06\/pLENARIO-4.jpg?fit=930%2C558&ssl=1","jetpack-related-posts":[{"id":72002,"url":"https:\/\/noticiasribeiraopreto.com.br\/index.php\/2025\/06\/12\/jornal-da-franca-cinco-partidas-movimentam-a-rodada-da-copa-franca-de-basquete-neste-domingo-15\/","url_meta":{"origin":72734,"position":0},"title":"Jornal da Franca &#8211; Cinco partidas movimentam a rodada da Copa Franca de Basquete neste domingo, 15","author":"noticiasribeiraopreto.com.br","date":"12 de June de 2025","format":false,"excerpt":"compartilhar no whatsapp compartilhar no telegram compartilhar no facebook compartilhar no linkedin Secretaria de Esporte e Cultura de Franca promove competi\u00e7\u00e3o com 28 equipes participantes Jogos acontecem no Gin\u00e1sio Pedroc\u00e3o a partir das 8h30, reunindo equipes da regi\u00e3o \u00a0 A tradicional Copa Franca de Basquete ter\u00e1 mais uma rodada neste\u2026","rel":"","context":"In &quot;Not\u00edcias de Franca-SP&quot;","block_context":{"text":"Not\u00edcias de Franca-SP","link":"https:\/\/noticiasribeiraopreto.com.br\/index.php\/category\/noticias-de-ribeirao-preto-sp-e-regiao-ismael-colosi\/noticias-franca-sp\/"},"img":{"alt_text":"","src":"https:\/\/i0.wp.com\/noticiasribeiraopreto.com.br\/wp-content\/uploads\/2025\/06\/Copa-Basquete.jpeg?fit=1200%2C802&ssl=1&resize=350%2C200","width":350,"height":200,"srcset":"https:\/\/i0.wp.com\/noticiasribeiraopreto.com.br\/wp-content\/uploads\/2025\/06\/Copa-Basquete.jpeg?fit=1200%2C802&ssl=1&resize=350%2C200 1x, https:\/\/i0.wp.com\/noticiasribeiraopreto.com.br\/wp-content\/uploads\/2025\/06\/Copa-Basquete.jpeg?fit=1200%2C802&ssl=1&resize=525%2C300 1.5x, https:\/\/i0.wp.com\/noticiasribeiraopreto.com.br\/wp-content\/uploads\/2025\/06\/Copa-Basquete.jpeg?fit=1200%2C802&ssl=1&resize=700%2C400 2x, https:\/\/i0.wp.com\/noticiasribeiraopreto.com.br\/wp-content\/uploads\/2025\/06\/Copa-Basquete.jpeg?fit=1200%2C802&ssl=1&resize=1050%2C600 3x"},"classes":[]},{"id":69340,"url":"https:\/\/noticiasribeiraopreto.com.br\/index.php\/2025\/05\/05\/jornal-da-franca-implantacao-de-escola-civico-militar-em-franca-e-tema-de-debates-na-camara-municipal\/","url_meta":{"origin":72734,"position":1},"title":"Jornal da Franca &#8211; Implanta\u00e7\u00e3o de escola c\u00edvico-militar em Franca \u00e9 tema de debates na C\u00e2mara Municipal","author":"noticiasribeiraopreto.com.br","date":"5 de May de 2025","format":false,"excerpt":"compartilhar no whatsapp compartilhar no telegram compartilhar no facebook compartilhar no linkedin Mun\u00edcipe agradece apoio de vereadores e parlamentares para que Franca fosse contemplada com o modelo educacional A implanta\u00e7\u00e3o do Programa das Escolas C\u00edvico-Militares em Franca, pauta defendida pela direita, foi tema abordado durante a sess\u00e3o ordin\u00e1ria da C\u00e2mara\u2026","rel":"","context":"In &quot;Not\u00edcias de Franca-SP&quot;","block_context":{"text":"Not\u00edcias de Franca-SP","link":"https:\/\/noticiasribeiraopreto.com.br\/index.php\/category\/noticias-de-ribeirao-preto-sp-e-regiao-ismael-colosi\/noticias-franca-sp\/"},"img":{"alt_text":"","src":"https:\/\/i0.wp.com\/noticiasribeiraopreto.com.br\/wp-content\/uploads\/2025\/05\/1746449336_plenariodiagonal_0.jpg?fit=930%2C558&ssl=1&resize=350%2C200","width":350,"height":200,"srcset":"https:\/\/i0.wp.com\/noticiasribeiraopreto.com.br\/wp-content\/uploads\/2025\/05\/1746449336_plenariodiagonal_0.jpg?fit=930%2C558&ssl=1&resize=350%2C200 1x, https:\/\/i0.wp.com\/noticiasribeiraopreto.com.br\/wp-content\/uploads\/2025\/05\/1746449336_plenariodiagonal_0.jpg?fit=930%2C558&ssl=1&resize=525%2C300 1.5x, https:\/\/i0.wp.com\/noticiasribeiraopreto.com.br\/wp-content\/uploads\/2025\/05\/1746449336_plenariodiagonal_0.jpg?fit=930%2C558&ssl=1&resize=700%2C400 2x"},"classes":[]},{"id":69220,"url":"https:\/\/noticiasribeiraopreto.com.br\/index.php\/2025\/05\/03\/jornal-da-franca-socorristas-que-salvaram-crianca-em-franca-recebem-mocao-de-aplausos-da-camara\/","url_meta":{"origin":72734,"position":2},"title":"Jornal da Franca &#8211; Socorristas que salvaram crian\u00e7a em Franca\u00a0recebem Mo\u00e7\u00e3o de Aplausos da C\u00e2mara","author":"noticiasribeiraopreto.com.br","date":"3 de May de 2025","format":false,"excerpt":"compartilhar no whatsapp compartilhar no telegram compartilhar no facebook compartilhar no linkedin Mo\u00e7\u00e3o reconhece trabalho de equipe de sa\u00fade que atuou no salvamento de beb\u00ea A C\u00e2mara aprovou a Mo\u00e7\u00e3o de Aplausos n\u00ba 41 de 2025, de autoria do vereador Walker Bombeiro da Libras, para a equipe de sa\u00fade da\u2026","rel":"","context":"In &quot;Not\u00edcias de Franca-SP&quot;","block_context":{"text":"Not\u00edcias de Franca-SP","link":"https:\/\/noticiasribeiraopreto.com.br\/index.php\/category\/noticias-de-ribeirao-preto-sp-e-regiao-ismael-colosi\/noticias-franca-sp\/"},"img":{"alt_text":"","src":"https:\/\/i0.wp.com\/noticiasribeiraopreto.com.br\/wp-content\/uploads\/2025\/05\/mocaoravi17sessao.jpg?fit=1000%2C562&ssl=1&resize=350%2C200","width":350,"height":200,"srcset":"https:\/\/i0.wp.com\/noticiasribeiraopreto.com.br\/wp-content\/uploads\/2025\/05\/mocaoravi17sessao.jpg?fit=1000%2C562&ssl=1&resize=350%2C200 1x, https:\/\/i0.wp.com\/noticiasribeiraopreto.com.br\/wp-content\/uploads\/2025\/05\/mocaoravi17sessao.jpg?fit=1000%2C562&ssl=1&resize=525%2C300 1.5x, https:\/\/i0.wp.com\/noticiasribeiraopreto.com.br\/wp-content\/uploads\/2025\/05\/mocaoravi17sessao.jpg?fit=1000%2C562&ssl=1&resize=700%2C400 2x"},"classes":[]},{"id":64747,"url":"https:\/\/noticiasribeiraopreto.com.br\/index.php\/2025\/03\/12\/jornal-da-franca-autoridades-e-produtores-rurais-de-franca-fazem-abertura-da-16-edicao-do-simcafe\/","url_meta":{"origin":72734,"position":3},"title":"Jornal da Franca &#8211; Autoridades e produtores rurais de Franca fazem abertura da 16\u00b0 edi\u00e7\u00e3o do SimCaf\u00e9","author":"noticiasribeiraopreto.com.br","date":"12 de March de 2025","format":false,"excerpt":"compartilhar no whatsapp compartilhar no telegram compartilhar no facebook compartilhar no linkedin Evento re\u00fane cafeicultores e empresas do setor de agro de Franca e regi\u00e3o O Simcaf\u00e9 \u2013 Simp\u00f3sio do Agroneg\u00f3cio Caf\u00e9 da Alta Mogiana \u2013 teve sua 16\u00b0 edi\u00e7\u00e3o aberta nesta ter\u00e7a-feira com a presen\u00e7a de diversas autoridades pol\u00edticas.\u2026","rel":"","context":"In &quot;Not\u00edcias de Franca-SP&quot;","block_context":{"text":"Not\u00edcias de Franca-SP","link":"https:\/\/noticiasribeiraopreto.com.br\/index.php\/category\/noticias-de-ribeirao-preto-sp-e-regiao-ismael-colosi\/noticias-franca-sp\/"},"img":{"alt_text":"","src":"https:\/\/i0.wp.com\/noticiasribeiraopreto.com.br\/wp-content\/uploads\/2025\/03\/IMG_20250311_180004.jpg?fit=804%2C730&ssl=1&resize=350%2C200","width":350,"height":200,"srcset":"https:\/\/i0.wp.com\/noticiasribeiraopreto.com.br\/wp-content\/uploads\/2025\/03\/IMG_20250311_180004.jpg?fit=804%2C730&ssl=1&resize=350%2C200 1x, https:\/\/i0.wp.com\/noticiasribeiraopreto.com.br\/wp-content\/uploads\/2025\/03\/IMG_20250311_180004.jpg?fit=804%2C730&ssl=1&resize=525%2C300 1.5x, https:\/\/i0.wp.com\/noticiasribeiraopreto.com.br\/wp-content\/uploads\/2025\/03\/IMG_20250311_180004.jpg?fit=804%2C730&ssl=1&resize=700%2C400 2x"},"classes":[]},{"id":69837,"url":"https:\/\/noticiasribeiraopreto.com.br\/index.php\/2025\/05\/09\/jornal-da-franca-comissao-da-camara-de-franca-cobra-informacoes-das-secretarias-de-saude-e-educacao\/","url_meta":{"origin":72734,"position":4},"title":"Jornal da Franca &#8211; Comiss\u00e3o da C\u00e2mara de Franca cobra informa\u00e7\u00f5es das secretarias de Sa\u00fade e Educa\u00e7\u00e3o","author":"noticiasribeiraopreto.com.br","date":"9 de May de 2025","format":false,"excerpt":"compartilhar no whatsapp compartilhar no telegram compartilhar no facebook compartilhar no linkedin Grupo de vereadores fiscaliza condi\u00e7\u00f5es de trabalho de servidores municipais Os vereadores Mar\u00edlia Martins (PSOL), Gilson Pelizaro (PT), Marcelo Tidy (MDB) e Zezinho Cabeleireiro (PSD), integrantes da Comiss\u00e3o Especial de Assuntos Relevantes (CEAR) da C\u00e2mara Municipal de Franca,\u2026","rel":"","context":"In &quot;Not\u00edcias de Franca-SP&quot;","block_context":{"text":"Not\u00edcias de Franca-SP","link":"https:\/\/noticiasribeiraopreto.com.br\/index.php\/category\/noticias-de-ribeirao-preto-sp-e-regiao-ismael-colosi\/noticias-franca-sp\/"},"img":{"alt_text":"","src":"https:\/\/i0.wp.com\/noticiasribeiraopreto.com.br\/wp-content\/uploads\/2025\/05\/pLENARIO-10.jpg?fit=930%2C558&ssl=1&resize=350%2C200","width":350,"height":200,"srcset":"https:\/\/i0.wp.com\/noticiasribeiraopreto.com.br\/wp-content\/uploads\/2025\/05\/pLENARIO-10.jpg?fit=930%2C558&ssl=1&resize=350%2C200 1x, https:\/\/i0.wp.com\/noticiasribeiraopreto.com.br\/wp-content\/uploads\/2025\/05\/pLENARIO-10.jpg?fit=930%2C558&ssl=1&resize=525%2C300 1.5x, https:\/\/i0.wp.com\/noticiasribeiraopreto.com.br\/wp-content\/uploads\/2025\/05\/pLENARIO-10.jpg?fit=930%2C558&ssl=1&resize=700%2C400 2x"},"classes":[]},{"id":67863,"url":"https:\/\/noticiasribeiraopreto.com.br\/index.php\/2025\/04\/19\/jornal-da-franca-sesi-franca-quer-vencer-o-cordoba-e-deixar-a-champions-league-de-cabeca-erguida\/","url_meta":{"origin":72734,"position":5},"title":"Jornal da Franca &#8211; Sesi Franca quer vencer o C\u00f3rdoba e deixar a Champions League de cabe\u00e7a erguida","author":"noticiasribeiraopreto.com.br","date":"19 de April de 2025","format":false,"excerpt":"compartilhar no whatsapp compartilhar no telegram compartilhar no facebook compartilhar no linkedin Jogo de hoje servir\u00e1 para a equipe se reencontrar e encerrar campeonato honrosamente O Sesi Franca ainda procura se reencontrar ap\u00f3s a elimina\u00e7\u00e3o contra o Flamengo pelas semifinais da Champions League, por 91 a 65, na noite desta\u2026","rel":"","context":"In &quot;Not\u00edcias de Franca-SP&quot;","block_context":{"text":"Not\u00edcias de Franca-SP","link":"https:\/\/noticiasribeiraopreto.com.br\/index.php\/category\/noticias-de-ribeirao-preto-sp-e-regiao-ismael-colosi\/noticias-franca-sp\/"},"img":{"alt_text":"","src":"https:\/\/i0.wp.com\/noticiasribeiraopreto.com.br\/wp-content\/uploads\/2025\/04\/IMG_20250418_111654.jpg?fit=1080%2C710&ssl=1&resize=350%2C200","width":350,"height":200,"srcset":"https:\/\/i0.wp.com\/noticiasribeiraopreto.com.br\/wp-content\/uploads\/2025\/04\/IMG_20250418_111654.jpg?fit=1080%2C710&ssl=1&resize=350%2C200 1x, https:\/\/i0.wp.com\/noticiasribeiraopreto.com.br\/wp-content\/uploads\/2025\/04\/IMG_20250418_111654.jpg?fit=1080%2C710&ssl=1&resize=525%2C300 1.5x, https:\/\/i0.wp.com\/noticiasribeiraopreto.com.br\/wp-content\/uploads\/2025\/04\/IMG_20250418_111654.jpg?fit=1080%2C710&ssl=1&resize=700%2C400 2x, https:\/\/i0.wp.com\/noticiasribeiraopreto.com.br\/wp-content\/uploads\/2025\/04\/IMG_20250418_111654.jpg?fit=1080%2C710&ssl=1&resize=1050%2C600 3x"},"classes":[]}],"jetpack_sharing_enabled":true,"jetpack_shortlink":"https:\/\/wp.me\/peQAOb-iV8","_links":{"self":[{"href":"https:\/\/noticiasribeiraopreto.com.br\/index.php\/wp-json\/wp\/v2\/posts\/72734","targetHints":{"allow":["GET"]}}],"collection":[{"href":"https:\/\/noticiasribeiraopreto.com.br\/index.php\/wp-json\/wp\/v2\/posts"}],"about":[{"href":"https:\/\/noticiasribeiraopreto.com.br\/index.php\/wp-json\/wp\/v2\/types\/post"}],"author":[{"embeddable":true,"href":"https:\/\/noticiasribeiraopreto.com.br\/index.php\/wp-json\/wp\/v2\/users\/1"}],"replies":[{"embeddable":true,"href":"https:\/\/noticiasribeiraopreto.com.br\/index.php\/wp-json\/wp\/v2\/comments?post=72734"}],"version-history":[{"count":0,"href":"https:\/\/noticiasribeiraopreto.com.br\/index.php\/wp-json\/wp\/v2\/posts\/72734\/revisions"}],"wp:featuredmedia":[{"embeddable":true,"href":"https:\/\/noticiasribeiraopreto.com.br\/index.php\/wp-json\/wp\/v2\/media\/72735"}],"wp:attachment":[{"href":"https:\/\/noticiasribeiraopreto.com.br\/index.php\/wp-json\/wp\/v2\/media?parent=72734"}],"wp:term":[{"taxonomy":"category","embeddable":true,"href":"https:\/\/noticiasribeiraopreto.com.br\/index.php\/wp-json\/wp\/v2\/categories?post=72734"},{"taxonomy":"post_tag","embeddable":true,"href":"https:\/\/noticiasribeiraopreto.com.br\/index.php\/wp-json\/wp\/v2\/tags?post=72734"}],"curies":[{"name":"wp","href":"https:\/\/api.w.org\/{rel}","templated":true}]}}