{"id":72738,"date":"2025-06-20T16:45:04","date_gmt":"2025-06-20T19:45:04","guid":{"rendered":"https:\/\/noticiasribeiraopreto.com.br\/index.php\/2025\/06\/20\/ribeirao-preto-so-tem-mais-um-feriado-prolongado-antes-do-natal-veja-quando-sera\/"},"modified":"2025-06-20T16:45:04","modified_gmt":"2025-06-20T19:45:04","slug":"ribeirao-preto-so-tem-mais-um-feriado-prolongado-antes-do-natal-veja-quando-sera","status":"publish","type":"post","link":"https:\/\/noticiasribeiraopreto.com.br\/index.php\/2025\/06\/20\/ribeirao-preto-so-tem-mais-um-feriado-prolongado-antes-do-natal-veja-quando-sera\/","title":{"rendered":"Ribeir\u00e3o Preto s\u00f3 tem mais um feriado prolongado antes do Natal; Veja quando ser\u00e1"},"content":{"rendered":"<p> <br \/>\n<\/p>\n<div data-td-block-uid=\"tdi_95\">\n<div class=\"tdb-block-inner td-fix-index\">\n<p><strong>Ribeir\u00e3o Preto <\/strong>celebrou o <strong>anivers\u00e1rio de 169 anos<\/strong> e o <strong>feriado de Corpus Christi<\/strong> na quinta-feira (19), emendando a data com a sexta-feira (20), o que garantiu um <strong>feriado prolongado<\/strong> para muitos moradores.<\/p>\n<p>A pr\u00f3xima folga, no entanto, <mark style=\"background-color:#fcb900\" class=\"has-inline-color\">s\u00f3 acontece em novembro<\/mark>, quando o pa\u00eds celebra o <strong>Dia da Consci\u00eancia Negra<\/strong>, em 20 de novembro, uma quinta-feira.<\/p>\n<p>\u203c\ufe0f <em>A exce\u00e7\u00e3o \u00e9 para aqueles que atuam nas reparti\u00e7\u00f5es p\u00fablicas, j\u00e1 que no <strong>dia 28 de outubro, ter\u00e7a-feira, \u00e9 celebrado o Dia do Servidor P\u00fablico<\/strong>, portanto, a segunda-feira (27) ser\u00e1 ponto facultativo.<\/em> \u203c\ufe0f<\/p>\n<h2 class=\"wp-block-heading\"><strong>Quais s\u00e3o as pr\u00f3ximas folgas?<\/strong><\/h2>\n<p>Os <strong>pr\u00f3ximos feriados nacionais <\/strong>e <strong>estaduais<\/strong> caem em finais de semana ou em dias, o que n\u00e3o favorece a emenda. No entanto, <strong>o trabalhador Ribeir\u00e3o Preto<\/strong> ainda possui mais <strong>sete folgas extras<\/strong> at\u00e9 o final de 2025.<\/p>\n<h3 class=\"wp-block-heading\"><strong>Confira os pr\u00f3ximos feriados em Ribeir\u00e3o Preto<\/strong><\/h3>\n<figure class=\"wp-block-table\">\n<table class=\"has-fixed-layout\">\n<tbody>\n<tr>\n<td>09 de julho de 2025<\/td>\n<td>Quarta-feira<\/td>\n<td>Revolu\u00e7\u00e3o Constitucionalista<\/td>\n<\/tr>\n<tr>\n<td>07 de setembro de 2025<\/td>\n<td>Domingo<\/td>\n<td>Independ\u00eancia do Brasil<\/td>\n<\/tr>\n<tr>\n<td>12 de outubro de 2025<\/td>\n<td>Domingo<\/td>\n<td>Dia de Nossa Senhora Aparecida<\/td>\n<\/tr>\n<tr>\n<td><strong>27 de outubro de 2025<\/strong><\/td>\n<td><strong>Segunda-feira<\/strong><\/td>\n<td><strong>Ponto Facultativo<\/strong><\/td>\n<\/tr>\n<tr>\n<td><strong>28 de outubro de 2025<\/strong><\/td>\n<td><strong>Ter\u00e7a-feira<\/strong><\/td>\n<td><strong>Dia do Servidor P\u00fablico \/ Ponto Facultativo<\/strong><\/td>\n<\/tr>\n<tr>\n<td>02 de novembro de 2025<\/td>\n<td>Domingo<\/td>\n<td>Finados<\/td>\n<\/tr>\n<tr>\n<td>15 de novembro de 2025<\/td>\n<td>S\u00e1bado<\/td>\n<td>Dia da Proclama\u00e7\u00e3o da Rep\u00fablica<\/td>\n<\/tr>\n<tr>\n<td><mark style=\"background-color:#fcb900\" class=\"has-inline-color\">20 de novembro de 2025<\/mark><\/td>\n<td><mark style=\"background-color:#fcb900\" class=\"has-inline-color\">Quinta-feira<\/mark><\/td>\n<td><mark style=\"background-color:#fcb900\" class=\"has-inline-color\">Dia da Consci\u00eancia Negra<\/mark><\/td>\n<\/tr>\n<tr>\n<td><strong><mark style=\"background-color:#fcb900\" class=\"has-inline-color\">21de novembro de 2025<\/mark><\/strong><\/td>\n<td><strong><mark style=\"background-color:#fcb900\" class=\"has-inline-color\">Sexta-feira<\/mark><\/strong><\/td>\n<td><strong><mark style=\"background-color:#fcb900\" class=\"has-inline-color\">Ponto Facultativo<\/mark><\/strong><\/td>\n<\/tr>\n<tr>\n<td><strong>24 de dezembro de 2025<\/strong><\/td>\n<td><strong>Quarta-feira<\/strong><\/td>\n<td><strong>Ponto Facultativo<\/strong><\/td>\n<\/tr>\n<tr>\n<td>25 de dezembro de 2025<\/td>\n<td>Quinta-feira<\/td>\n<td>Natal<\/td>\n<\/tr>\n<tr>\n<td><strong>26 de dezembro de 2025<\/strong><\/td>\n<td><strong>Sexta-feira<\/strong><\/td>\n<td><strong>Ponto Facultativo<\/strong><\/td>\n<\/tr>\n<tr>\n<td><strong>31 de dezembro de 2025<\/strong><\/td>\n<td><strong>Quinta-feira<\/strong><\/td>\n<td><strong>Ponto Facultativo<\/strong><\/td>\n<\/tr>\n<\/tbody>\n<\/table>\n<\/figure>\n<hr class=\"wp-block-separator has-alpha-channel-opacity\"\/>\n<p>SAIBA MAIS<\/p>\n<p>Prefeitura de Ribeir\u00e3o aprova lei que multa em at\u00e9 R$ 3,7 mil uso de \u2018beb\u00ea reborn\u2019; Entenda<\/p>\n<h3 class=\"wp-block-heading\"><strong>FIQUE ON<\/strong><\/h3>\n<p>Quer ficar por dentro de tudo que acontece em Ribeir\u00e3o Preto e regi\u00e3o? Ent\u00e3o siga os perfis do\u202facidade on\u202fno\u202f<a href=\"https:\/\/www.instagram.com\/acidadeonribeirao\" target=\"_blank\" rel=\"noreferrer noopener\">Instagram<\/a>\u202fe no\u202f<a href=\"https:\/\/www.facebook.com\/acidadeonribeirao\/\" target=\"_blank\" rel=\"noreferrer noopener\">Facebook<\/a>.<\/p>\n<p>Al\u00e9m disso, voc\u00ea pode receber as principais not\u00edcias diretamente no WhatsApp. Para isso, basta\u00a0<a href=\"https:\/\/chat.whatsapp.com\/BjKQZ9oJwlz8VVT50NuePq\" target=\"_blank\" rel=\"noreferrer noopener\">entrar no grupo clicando aqui<\/a>.<\/p>\n<p>Por fim, se quiser fazer uma den\u00fancia ou sugerir uma reportagem sobre Ribeir\u00e3o Preto e regi\u00e3o, envie uma mensagem pelo WhatsApp: (16) 99117-7802.<\/p>\n<p>VEJA TAMB\u00c9M<\/p>\n<p>Quando o BTS vai voltar?<\/p>\n<p><!-- CONTENT END 1 -->\n<\/div>\n<\/div>\n<p><script async src=\"\/\/www.instagram.com\/embed.js\"><\/script><br \/>\n<br \/><br \/>\n<br \/><a href=\"https:\/\/www.acidadeon.com\/ribeiraopreto\/cotidiano\/ribeirao-preto-so-tem-mais-um-feriado-prolongado-antes-do-natal-veja-quando-sera\/\">Source link <\/a><\/p>\n","protected":false},"excerpt":{"rendered":"<p>Ribeir\u00e3o Preto celebrou o anivers\u00e1rio de 169 anos e o feriado de Corpus Christi na quinta-feira (19), emendando a data com a sexta-feira (20), o&#8230;<\/p>\n","protected":false},"author":1,"featured_media":72739,"comment_status":"open","ping_status":"open","sticky":false,"template":"","format":"standard","meta":{"advanced_seo_description":"","jetpack_seo_html_title":"","jetpack_seo_noindex":false,"jetpack_post_was_ever_published":false,"_jetpack_newsletter_access":"","_jetpack_dont_email_post_to_subs":false,"_jetpack_newsletter_tier_id":0,"_jetpack_memberships_contains_paywalled_content":false,"_jetpack_memberships_contains_paid_content":false,"footnotes":"","jetpack_publicize_message":"","jetpack_publicize_feature_enabled":true,"jetpack_social_post_already_shared":true,"jetpack_social_options":{"image_generator_settings":{"template":"highway","default_image_id":0,"font":"","enabled":false},"version":2}},"categories":[11],"tags":[],"class_list":["post-72738","post","type-post","status-publish","format-standard","has-post-thumbnail","hentry","category-noticias-de-ribeirao-preto-sp-e-regiao-ismael-colosi"],"jetpack_publicize_connections":[],"jetpack_featured_media_url":"https:\/\/i0.wp.com\/noticiasribeiraopreto.com.br\/wp-content\/uploads\/2025\/06\/calendar-gad829f90c_1920.jpg?fit=1920%2C1440&ssl=1","jetpack-related-posts":[{"id":77539,"url":"https:\/\/noticiasribeiraopreto.com.br\/index.php\/2025\/09\/20\/vai-ter-feriado-prolongado-em-2026-veja-as-folgas-do-ano-que-vem\/","url_meta":{"origin":72738,"position":0},"title":"Vai ter feriado prolongado em 2026? Veja as folgas do ano que vem","author":"noticiasribeiraopreto.com.br","date":"20 de September de 2025","format":false,"excerpt":"Ao contr\u00e1rio de 2025, que teve poucos feriados prolongados e a maioria caiu no fim de semana, 2026 promete ser mais generoso para quem quer aproveitar os dias extras de descanso. Ao todo, ser\u00e3o 10 feriados nacionais em dias da semana, que podem ser emendados com finas de semana. A\u2026","rel":"","context":"In &quot;Not\u00edcias de Ribeir\u00e3o Preto-SP e Regi\u00e3o&quot;","block_context":{"text":"Not\u00edcias de Ribeir\u00e3o Preto-SP e Regi\u00e3o","link":"https:\/\/noticiasribeiraopreto.com.br\/index.php\/category\/noticias-de-ribeirao-preto-sp-e-regiao-ismael-colosi\/"},"img":{"alt_text":"","src":"https:\/\/i0.wp.com\/noticiasribeiraopreto.com.br\/wp-content\/uploads\/2025\/09\/calendar-gab1f19fa1_1920_2025-09-20_20-52-18.webp.webp?fit=1200%2C900&ssl=1&resize=350%2C200","width":350,"height":200,"srcset":"https:\/\/i0.wp.com\/noticiasribeiraopreto.com.br\/wp-content\/uploads\/2025\/09\/calendar-gab1f19fa1_1920_2025-09-20_20-52-18.webp.webp?fit=1200%2C900&ssl=1&resize=350%2C200 1x, https:\/\/i0.wp.com\/noticiasribeiraopreto.com.br\/wp-content\/uploads\/2025\/09\/calendar-gab1f19fa1_1920_2025-09-20_20-52-18.webp.webp?fit=1200%2C900&ssl=1&resize=525%2C300 1.5x, https:\/\/i0.wp.com\/noticiasribeiraopreto.com.br\/wp-content\/uploads\/2025\/09\/calendar-gab1f19fa1_1920_2025-09-20_20-52-18.webp.webp?fit=1200%2C900&ssl=1&resize=700%2C400 2x, https:\/\/i0.wp.com\/noticiasribeiraopreto.com.br\/wp-content\/uploads\/2025\/09\/calendar-gab1f19fa1_1920_2025-09-20_20-52-18.webp.webp?fit=1200%2C900&ssl=1&resize=1050%2C600 3x"},"classes":[]},{"id":68377,"url":"https:\/\/noticiasribeiraopreto.com.br\/index.php\/2025\/04\/24\/vai-ter-mais-feriados-prolongados-em-2025-veja-o-calendario\/","url_meta":{"origin":72738,"position":1},"title":"Vai ter mais feriados prolongados em 2025? Veja o calend\u00e1rio","author":"noticiasribeiraopreto.com.br","date":"24 de April de 2025","format":false,"excerpt":"Com o fim do feriado de Tiradentes, a popula\u00e7\u00e3o de Ribeir\u00e3o Preto j\u00e1 pode se planejar para os pr\u00f3ximos dias de folga ao longo de 2025. A lista inclui feriados nacionais, estaduais e pontos facultativos que impactam o funcionamento de servi\u00e7os p\u00fablicos e privados na cidade. Confira: Maio 1\u00ba de\u2026","rel":"","context":"In &quot;Not\u00edcias de Ribeir\u00e3o Preto-SP e Regi\u00e3o&quot;","block_context":{"text":"Not\u00edcias de Ribeir\u00e3o Preto-SP e Regi\u00e3o","link":"https:\/\/noticiasribeiraopreto.com.br\/index.php\/category\/noticias-de-ribeirao-preto-sp-e-regiao-ismael-colosi\/"},"img":{"alt_text":"","src":"https:\/\/i0.wp.com\/noticiasribeiraopreto.com.br\/wp-content\/uploads\/2025\/01\/Copia-de-Copia-de-Copia-de-TAMANHO-EXATO-PARA-FOTOS-NO-SISTEMA-NOVO-2025-01-22T154849.670_2025-01-22_18-48-57_png_2025-01-22_18-48-57.webp.webp?fit=1200%2C675&ssl=1&resize=350%2C200","width":350,"height":200,"srcset":"https:\/\/i0.wp.com\/noticiasribeiraopreto.com.br\/wp-content\/uploads\/2025\/01\/Copia-de-Copia-de-Copia-de-TAMANHO-EXATO-PARA-FOTOS-NO-SISTEMA-NOVO-2025-01-22T154849.670_2025-01-22_18-48-57_png_2025-01-22_18-48-57.webp.webp?fit=1200%2C675&ssl=1&resize=350%2C200 1x, https:\/\/i0.wp.com\/noticiasribeiraopreto.com.br\/wp-content\/uploads\/2025\/01\/Copia-de-Copia-de-Copia-de-TAMANHO-EXATO-PARA-FOTOS-NO-SISTEMA-NOVO-2025-01-22T154849.670_2025-01-22_18-48-57_png_2025-01-22_18-48-57.webp.webp?fit=1200%2C675&ssl=1&resize=525%2C300 1.5x, https:\/\/i0.wp.com\/noticiasribeiraopreto.com.br\/wp-content\/uploads\/2025\/01\/Copia-de-Copia-de-Copia-de-TAMANHO-EXATO-PARA-FOTOS-NO-SISTEMA-NOVO-2025-01-22T154849.670_2025-01-22_18-48-57_png_2025-01-22_18-48-57.webp.webp?fit=1200%2C675&ssl=1&resize=700%2C400 2x, https:\/\/i0.wp.com\/noticiasribeiraopreto.com.br\/wp-content\/uploads\/2025\/01\/Copia-de-Copia-de-Copia-de-TAMANHO-EXATO-PARA-FOTOS-NO-SISTEMA-NOVO-2025-01-22T154849.670_2025-01-22_18-48-57_png_2025-01-22_18-48-57.webp.webp?fit=1200%2C675&ssl=1&resize=1050%2C600 3x"},"classes":[]},{"id":19738,"url":"https:\/\/noticiasribeiraopreto.com.br\/index.php\/2023\/12\/23\/programe-se-para-os-feriados-nacionais-saiba-quais-serao-prolongados-2\/","url_meta":{"origin":72738,"position":2},"title":"programe-se para os feriados nacionais; Saiba quais ser\u00e3o prolongados","author":"noticiasribeiraopreto.com.br","date":"23 de December de 2023","format":false,"excerpt":"O presidente Luiz In\u00e1cio Lula da Silva sancionou uma medida hist\u00f3rica na \u00faltima quinta (21), marcando uma conquista significativa na luta pela igualdade racial no Brasil. O Dia Nacional de Zumbi e da Consci\u00eancia Negra, celebrado em 20 de novembro, foi oficializado como um novo feriado nacional. Com essa adi\u00e7\u00e3o,\u2026","rel":"","context":"In &quot;Vagas de Emprego em Ribeir\u00e3o Preto-SP&quot;","block_context":{"text":"Vagas de Emprego em Ribeir\u00e3o Preto-SP","link":"https:\/\/noticiasribeiraopreto.com.br\/index.php\/category\/empregos-classificados-vagas-trabalho\/vagas-de-empregos-em-ribeirao-preto-regiao-brasil\/"},"img":{"alt_text":"","src":"https:\/\/i0.wp.com\/noticiasribeiraopreto.com.br\/wp-content\/uploads\/2023\/12\/concursos-publicos-abertos-feriado-12-outubro-.jpg?fit=1200%2C675&ssl=1&resize=350%2C200","width":350,"height":200,"srcset":"https:\/\/i0.wp.com\/noticiasribeiraopreto.com.br\/wp-content\/uploads\/2023\/12\/concursos-publicos-abertos-feriado-12-outubro-.jpg?fit=1200%2C675&ssl=1&resize=350%2C200 1x, https:\/\/i0.wp.com\/noticiasribeiraopreto.com.br\/wp-content\/uploads\/2023\/12\/concursos-publicos-abertos-feriado-12-outubro-.jpg?fit=1200%2C675&ssl=1&resize=525%2C300 1.5x, https:\/\/i0.wp.com\/noticiasribeiraopreto.com.br\/wp-content\/uploads\/2023\/12\/concursos-publicos-abertos-feriado-12-outubro-.jpg?fit=1200%2C675&ssl=1&resize=700%2C400 2x, https:\/\/i0.wp.com\/noticiasribeiraopreto.com.br\/wp-content\/uploads\/2023\/12\/concursos-publicos-abertos-feriado-12-outubro-.jpg?fit=1200%2C675&ssl=1&resize=1050%2C600 3x"},"classes":[]},{"id":48388,"url":"https:\/\/noticiasribeiraopreto.com.br\/index.php\/2024\/05\/02\/ribeirao-preto-tem-feriado-prolongado-em-maio-veja-quando\/","url_meta":{"origin":72738,"position":3},"title":"Ribeir\u00e3o Preto tem feriado prolongado em maio; Veja quando","author":"noticiasribeiraopreto.com.br","date":"2 de May de 2024","format":false,"excerpt":"O Dia do Trabalhador foi celebrado nesta quarta-feira (1\u00ba) e garantiu o descanso de diversas pessoas no primeiro dia de maio. Quem foi beneficiado deve comemorar, afinal, o pr\u00f3ximo feriado nacional s\u00f3 acontece em setembro (Independ\u00eancia do Brasil). Em Ribeir\u00e3o Preto, contudo, os trabalhadores ter\u00e3o uma folga extra no dia\u2026","rel":"","context":"In &quot;Not\u00edcias de Ribeir\u00e3o Preto-SP e Regi\u00e3o&quot;","block_context":{"text":"Not\u00edcias de Ribeir\u00e3o Preto-SP e Regi\u00e3o","link":"https:\/\/noticiasribeiraopreto.com.br\/index.php\/category\/noticias-de-ribeirao-preto-sp-e-regiao-ismael-colosi\/"},"img":{"alt_text":"","src":"https:\/\/i0.wp.com\/noticiasribeiraopreto.com.br\/wp-content\/uploads\/2024\/05\/feriado-prolongado.jpg?fit=1200%2C800&ssl=1&resize=350%2C200","width":350,"height":200,"srcset":"https:\/\/i0.wp.com\/noticiasribeiraopreto.com.br\/wp-content\/uploads\/2024\/05\/feriado-prolongado.jpg?fit=1200%2C800&ssl=1&resize=350%2C200 1x, https:\/\/i0.wp.com\/noticiasribeiraopreto.com.br\/wp-content\/uploads\/2024\/05\/feriado-prolongado.jpg?fit=1200%2C800&ssl=1&resize=525%2C300 1.5x, https:\/\/i0.wp.com\/noticiasribeiraopreto.com.br\/wp-content\/uploads\/2024\/05\/feriado-prolongado.jpg?fit=1200%2C800&ssl=1&resize=700%2C400 2x, https:\/\/i0.wp.com\/noticiasribeiraopreto.com.br\/wp-content\/uploads\/2024\/05\/feriado-prolongado.jpg?fit=1200%2C800&ssl=1&resize=1050%2C600 3x"},"classes":[]},{"id":51472,"url":"https:\/\/noticiasribeiraopreto.com.br\/index.php\/2024\/05\/27\/corpus-christi-entenda-se-e-feriado-ou-ponto-facultativo-em-ribeirao-preto\/","url_meta":{"origin":72738,"position":4},"title":"Corpus Christi: Entenda se \u00e9 feriado ou ponto facultativo em Ribeir\u00e3o Preto","author":"noticiasribeiraopreto.com.br","date":"27 de May de 2024","format":false,"excerpt":"O Dia de Corpus Christi, na pr\u00f3xima quinta-feira (30), comemora a institui\u00e7\u00e3o da eucaristia, um sacramento cat\u00f3lico. \u00c9 celebrado sempre 60 dias ap\u00f3s a P\u00e1scoa. Mas, afinal: \u00e9 feriado ou n\u00e3o? Pelo Governo Federal, a data \u00e9 considera ponto facultativo, por\u00e9m, cada munic\u00edpio tem a liberdade de considerar a celebra\u00e7\u00e3o\u2026","rel":"","context":"In &quot;Not\u00edcias de Ribeir\u00e3o Preto-SP e Regi\u00e3o&quot;","block_context":{"text":"Not\u00edcias de Ribeir\u00e3o Preto-SP e Regi\u00e3o","link":"https:\/\/noticiasribeiraopreto.com.br\/index.php\/category\/noticias-de-ribeirao-preto-sp-e-regiao-ismael-colosi\/"},"img":{"alt_text":"","src":"https:\/\/i0.wp.com\/noticiasribeiraopreto.com.br\/wp-content\/uploads\/2024\/05\/Copia-de-Copia-de-TAMANHO-EXATO-PARA-FOTOS-NO-SISTEMA-NOVO-2_2024-05-27_12-36-20_jpg_2024-05-27_12-36-20.webp.webp?fit=1200%2C675&ssl=1&resize=350%2C200","width":350,"height":200,"srcset":"https:\/\/i0.wp.com\/noticiasribeiraopreto.com.br\/wp-content\/uploads\/2024\/05\/Copia-de-Copia-de-TAMANHO-EXATO-PARA-FOTOS-NO-SISTEMA-NOVO-2_2024-05-27_12-36-20_jpg_2024-05-27_12-36-20.webp.webp?fit=1200%2C675&ssl=1&resize=350%2C200 1x, https:\/\/i0.wp.com\/noticiasribeiraopreto.com.br\/wp-content\/uploads\/2024\/05\/Copia-de-Copia-de-TAMANHO-EXATO-PARA-FOTOS-NO-SISTEMA-NOVO-2_2024-05-27_12-36-20_jpg_2024-05-27_12-36-20.webp.webp?fit=1200%2C675&ssl=1&resize=525%2C300 1.5x, https:\/\/i0.wp.com\/noticiasribeiraopreto.com.br\/wp-content\/uploads\/2024\/05\/Copia-de-Copia-de-TAMANHO-EXATO-PARA-FOTOS-NO-SISTEMA-NOVO-2_2024-05-27_12-36-20_jpg_2024-05-27_12-36-20.webp.webp?fit=1200%2C675&ssl=1&resize=700%2C400 2x, https:\/\/i0.wp.com\/noticiasribeiraopreto.com.br\/wp-content\/uploads\/2024\/05\/Copia-de-Copia-de-TAMANHO-EXATO-PARA-FOTOS-NO-SISTEMA-NOVO-2_2024-05-27_12-36-20_jpg_2024-05-27_12-36-20.webp.webp?fit=1200%2C675&ssl=1&resize=1050%2C600 3x"},"classes":[]},{"id":45005,"url":"https:\/\/noticiasribeiraopreto.com.br\/index.php\/2024\/04\/01\/depois-da-sexta-feira-santa-quais-serao-os-proximos-feriados-veja-calendario-de-ribeirao-preto\/","url_meta":{"origin":72738,"position":5},"title":"Depois da Sexta-feira Santa, quais ser\u00e3o os pr\u00f3ximos feriados? Veja calend\u00e1rio de Ribeir\u00e3o Preto","author":"noticiasribeiraopreto.com.br","date":"1 de April de 2024","format":false,"excerpt":"Ap\u00f3s a Sexta-feira Santa, Ribeir\u00e3o Preto ainda tem 17 feriados ou pontos facultativos no ano de 2024. A pr\u00f3xima folga, no entanto, acontece em um domingo, no dia 21 de abril, quando \u00e9 celebrado o Dia de Tiradentes. O ano de 2024 ter\u00e1 menos feriados prolongados do que 2023. No\u2026","rel":"","context":"In &quot;Not\u00edcias de Ribeir\u00e3o Preto-SP e Regi\u00e3o&quot;","block_context":{"text":"Not\u00edcias de Ribeir\u00e3o Preto-SP e Regi\u00e3o","link":"https:\/\/noticiasribeiraopreto.com.br\/index.php\/category\/noticias-de-ribeirao-preto-sp-e-regiao-ismael-colosi\/"},"img":{"alt_text":"","src":"https:\/\/i0.wp.com\/noticiasribeiraopreto.com.br\/wp-content\/uploads\/2024\/04\/calendar-gad829f90c_1920.jpg?fit=1200%2C900&ssl=1&resize=350%2C200","width":350,"height":200,"srcset":"https:\/\/i0.wp.com\/noticiasribeiraopreto.com.br\/wp-content\/uploads\/2024\/04\/calendar-gad829f90c_1920.jpg?fit=1200%2C900&ssl=1&resize=350%2C200 1x, https:\/\/i0.wp.com\/noticiasribeiraopreto.com.br\/wp-content\/uploads\/2024\/04\/calendar-gad829f90c_1920.jpg?fit=1200%2C900&ssl=1&resize=525%2C300 1.5x, https:\/\/i0.wp.com\/noticiasribeiraopreto.com.br\/wp-content\/uploads\/2024\/04\/calendar-gad829f90c_1920.jpg?fit=1200%2C900&ssl=1&resize=700%2C400 2x, https:\/\/i0.wp.com\/noticiasribeiraopreto.com.br\/wp-content\/uploads\/2024\/04\/calendar-gad829f90c_1920.jpg?fit=1200%2C900&ssl=1&resize=1050%2C600 3x"},"classes":[]}],"jetpack_sharing_enabled":true,"jetpack_shortlink":"https:\/\/wp.me\/peQAOb-iVc","_links":{"self":[{"href":"https:\/\/noticiasribeiraopreto.com.br\/index.php\/wp-json\/wp\/v2\/posts\/72738","targetHints":{"allow":["GET"]}}],"collection":[{"href":"https:\/\/noticiasribeiraopreto.com.br\/index.php\/wp-json\/wp\/v2\/posts"}],"about":[{"href":"https:\/\/noticiasribeiraopreto.com.br\/index.php\/wp-json\/wp\/v2\/types\/post"}],"author":[{"embeddable":true,"href":"https:\/\/noticiasribeiraopreto.com.br\/index.php\/wp-json\/wp\/v2\/users\/1"}],"replies":[{"embeddable":true,"href":"https:\/\/noticiasribeiraopreto.com.br\/index.php\/wp-json\/wp\/v2\/comments?post=72738"}],"version-history":[{"count":0,"href":"https:\/\/noticiasribeiraopreto.com.br\/index.php\/wp-json\/wp\/v2\/posts\/72738\/revisions"}],"wp:featuredmedia":[{"embeddable":true,"href":"https:\/\/noticiasribeiraopreto.com.br\/index.php\/wp-json\/wp\/v2\/media\/72739"}],"wp:attachment":[{"href":"https:\/\/noticiasribeiraopreto.com.br\/index.php\/wp-json\/wp\/v2\/media?parent=72738"}],"wp:term":[{"taxonomy":"category","embeddable":true,"href":"https:\/\/noticiasribeiraopreto.com.br\/index.php\/wp-json\/wp\/v2\/categories?post=72738"},{"taxonomy":"post_tag","embeddable":true,"href":"https:\/\/noticiasribeiraopreto.com.br\/index.php\/wp-json\/wp\/v2\/tags?post=72738"}],"curies":[{"name":"wp","href":"https:\/\/api.w.org\/{rel}","templated":true}]}}