{"id":72740,"date":"2025-06-20T16:51:47","date_gmt":"2025-06-20T19:51:47","guid":{"rendered":"https:\/\/noticiasribeiraopreto.com.br\/index.php\/2025\/06\/20\/acidente-entre-tres-motociclistas-deixa-feridos-em-ribeirao-preto-veja-video\/"},"modified":"2025-06-20T16:51:47","modified_gmt":"2025-06-20T19:51:47","slug":"acidente-entre-tres-motociclistas-deixa-feridos-em-ribeirao-preto-veja-video","status":"publish","type":"post","link":"https:\/\/noticiasribeiraopreto.com.br\/index.php\/2025\/06\/20\/acidente-entre-tres-motociclistas-deixa-feridos-em-ribeirao-preto-veja-video\/","title":{"rendered":"Acidente entre tr\u00eas motociclistas deixa feridos em Ribeir\u00e3o Preto; veja v\u00eddeo"},"content":{"rendered":"<p> <br \/>\n<\/p>\n<div data-td-block-uid=\"tdi_95\">\n<div class=\"tdb-block-inner td-fix-index\">\n<p>Na noite de quinta-feira (19), <strong>tr\u00eas motociclistas se envolveram em um acidente no cruzamento da avenida Independ\u00eancia com a rua Rui Barbosa<\/strong>, em Ribeir\u00e3o Preto. A <strong>suspeita <\/strong>inicial \u00e9 que <strong>um dos motociclistas tenha avan\u00e7ado o sinal vermelho.<\/strong><\/p>\n<p>O acidente foi registrado por c\u00e2meras de seguran\u00e7a. Nas imagens, duas motos transitavam pela rua Rui Barbosa em dire\u00e7\u00e3o \u00e0 avenida Independ\u00eancia. No cruzamento, esses dois motociclistas colidiram com um terceiro que seguia pela avenida em alta velocidade. Com o impacto, <strong>os tr\u00eas foram lan\u00e7ados ao solo.<\/strong><\/p>\n<blockquote class=\"instagram-media\" data-instgrm-permalink=\"https:\/\/www.instagram.com\/reel\/DLIic1ZvKv0\/?utm_source=ig_embed&amp;utm_campaign=loading\" data-instgrm-version=\"14\" style=\"background:#FFF;border:0;border-radius:3px;margin: 1px;max-width:540px;min-width:326px;padding:0;width:99.375%;width:-webkit-calc(100% - 2px);width:calc(100% - 2px)\"\/>\n<p>As imagens tamb\u00e9m mostram que, no momento da colis\u00e3o, o<strong> sinal de pedestres na avenida Independ\u00eancia estava vermelho<\/strong>, indicando que o <strong>sem\u00e1foro para ve\u00edculos naquela via estava aberto<\/strong>.<\/p>\n<p>As equipes de resgate atenderam as v\u00edtimas no local. <strong>At\u00e9 o momento da publica\u00e7\u00e3o, n\u00e3o h\u00e1 informa\u00e7\u00f5es oficiais sobre o estado de sa\u00fade dos envolvidos.<\/strong><\/p>\n<hr class=\"wp-block-separator has-alpha-channel-opacity\"\/>\n<p>SAIBA MAIS<\/p>\n<p>Primeira onda de frio do inverno tem data para chegar ao estado de SP; Veja quando<\/p>\n<h3 class=\"wp-block-heading\"><strong>FIQUE ON<\/strong><\/h3>\n<p>Quer ficar por dentro de tudo que acontece em Ribeir\u00e3o Preto e regi\u00e3o? Ent\u00e3o siga os perfis do\u202facidade on\u202fno\u202f<a href=\"https:\/\/www.instagram.com\/acidadeonribeirao\" target=\"_blank\" rel=\"noreferrer noopener\">Instagram<\/a>\u202fe no\u202f<a href=\"https:\/\/www.facebook.com\/acidadeonribeirao\/\" target=\"_blank\" rel=\"noreferrer noopener\">Facebook<\/a>.<\/p>\n<p>Al\u00e9m disso, voc\u00ea pode receber as principais not\u00edcias diretamente no WhatsApp. Para isso, basta\u00a0<a href=\"https:\/\/chat.whatsapp.com\/BjKQZ9oJwlz8VVT50NuePq\" target=\"_blank\" rel=\"noreferrer noopener\">entrar no grupo clicando aqui<\/a>.<\/p>\n<p>Por fim, se quiser fazer uma den\u00fancia ou sugerir uma reportagem sobre Ribeir\u00e3o Preto e regi\u00e3o, envie uma mensagem pelo WhatsApp: (16) 99117-7802.<\/p>\n<p>VEJA TAMB\u00c9M<\/p>\n<p>Chocolate quente pr\u00e1tico e cremoso; saiba como fazer<\/p>\n<p><!-- CONTENT END 1 -->\n<\/div>\n<\/div>\n<p><script async src=\"\/\/www.instagram.com\/embed.js\"><\/script><br \/>\n<br \/><br \/>\n<br \/><a href=\"https:\/\/www.acidadeon.com\/ribeiraopreto\/cotidiano\/acidente-entre-tres-motociclistas-deixa-feridos-em-ribeirao-preto-veja-video\/\">Source link <\/a><\/p>\n","protected":false},"excerpt":{"rendered":"<p>Na noite de quinta-feira (19), tr\u00eas motociclistas se envolveram em um acidente no cruzamento da avenida Independ\u00eancia com a rua Rui Barbosa, em Ribeir\u00e3o Preto&#8230;.<\/p>\n","protected":false},"author":1,"featured_media":72741,"comment_status":"open","ping_status":"open","sticky":false,"template":"","format":"standard","meta":{"advanced_seo_description":"","jetpack_seo_html_title":"","jetpack_seo_noindex":false,"jetpack_post_was_ever_published":false,"_jetpack_newsletter_access":"","_jetpack_dont_email_post_to_subs":false,"_jetpack_newsletter_tier_id":0,"_jetpack_memberships_contains_paywalled_content":false,"_jetpack_memberships_contains_paid_content":false,"footnotes":"","jetpack_publicize_message":"","jetpack_publicize_feature_enabled":true,"jetpack_social_post_already_shared":true,"jetpack_social_options":{"image_generator_settings":{"template":"highway","default_image_id":0,"font":"","enabled":false},"version":2}},"categories":[11],"tags":[],"class_list":["post-72740","post","type-post","status-publish","format-standard","has-post-thumbnail","hentry","category-noticias-de-ribeirao-preto-sp-e-regiao-ismael-colosi"],"jetpack_publicize_connections":[],"jetpack_featured_media_url":"https:\/\/i0.wp.com\/noticiasribeiraopreto.com.br\/wp-content\/uploads\/2025\/06\/Copia-de-Copia-de-Copia-de-TAMANHO-EXATO-PARA-FOTOS-NO-SISTEMA-NOVO-2025-06-20T155902.143_2025-06-20_19-01-57.webp.webp?fit=1200%2C675&ssl=1","jetpack-related-posts":[{"id":51431,"url":"https:\/\/noticiasribeiraopreto.com.br\/index.php\/2024\/05\/26\/motociclista-morre-apos-acidente-em-cruzamento-de-avenida-em-ribeirao-preto\/","url_meta":{"origin":72740,"position":0},"title":"Motociclista morre ap\u00f3s acidente em cruzamento de avenida em Ribeir\u00e3o Preto","author":"noticiasribeiraopreto.com.br","date":"26 de May de 2024","format":false,"excerpt":"Um motociclista morreu, ap\u00f3s se envolver em um acidente com um carro, na tarde deste domingo (26), no cruzamento da avenida Dom Pedro I com a rua Par\u00e1, no bairro Ipiranga, na zona Norte de Ribeir\u00e3o Preto. Ainda n\u00e3o h\u00e1 informa\u00e7\u00f5es detalhadas sobre a v\u00edtima e as causas do acidente.\u2026","rel":"","context":"In &quot;Not\u00edcias de Ribeir\u00e3o Preto-SP e Regi\u00e3o&quot;","block_context":{"text":"Not\u00edcias de Ribeir\u00e3o Preto-SP e Regi\u00e3o","link":"https:\/\/noticiasribeiraopreto.com.br\/index.php\/category\/noticias-de-ribeirao-preto-sp-e-regiao-ismael-colosi\/"},"img":{"alt_text":"","src":"https:\/\/i0.wp.com\/noticiasribeiraopreto.com.br\/wp-content\/uploads\/2024\/05\/Copia-de-Copia-de-TAMANHO-EXATO-PARA-FOTOS-NO-SISTEMA-NOVO-2_2024-05-26_18-36-18_png_2024-05-26_18-36-18.webp.webp?fit=1200%2C675&ssl=1&resize=350%2C200","width":350,"height":200,"srcset":"https:\/\/i0.wp.com\/noticiasribeiraopreto.com.br\/wp-content\/uploads\/2024\/05\/Copia-de-Copia-de-TAMANHO-EXATO-PARA-FOTOS-NO-SISTEMA-NOVO-2_2024-05-26_18-36-18_png_2024-05-26_18-36-18.webp.webp?fit=1200%2C675&ssl=1&resize=350%2C200 1x, https:\/\/i0.wp.com\/noticiasribeiraopreto.com.br\/wp-content\/uploads\/2024\/05\/Copia-de-Copia-de-TAMANHO-EXATO-PARA-FOTOS-NO-SISTEMA-NOVO-2_2024-05-26_18-36-18_png_2024-05-26_18-36-18.webp.webp?fit=1200%2C675&ssl=1&resize=525%2C300 1.5x, https:\/\/i0.wp.com\/noticiasribeiraopreto.com.br\/wp-content\/uploads\/2024\/05\/Copia-de-Copia-de-TAMANHO-EXATO-PARA-FOTOS-NO-SISTEMA-NOVO-2_2024-05-26_18-36-18_png_2024-05-26_18-36-18.webp.webp?fit=1200%2C675&ssl=1&resize=700%2C400 2x, https:\/\/i0.wp.com\/noticiasribeiraopreto.com.br\/wp-content\/uploads\/2024\/05\/Copia-de-Copia-de-TAMANHO-EXATO-PARA-FOTOS-NO-SISTEMA-NOVO-2_2024-05-26_18-36-18_png_2024-05-26_18-36-18.webp.webp?fit=1200%2C675&ssl=1&resize=1050%2C600 3x"},"classes":[]},{"id":83513,"url":"https:\/\/noticiasribeiraopreto.com.br\/index.php\/2026\/03\/19\/falha-em-semaforos-provoca-interdicoes-e-mudancas-no-transito-de-ribeirao-preto\/","url_meta":{"origin":72740,"position":1},"title":"Falha em sem\u00e1foros provoca interdi\u00e7\u00f5es e mudan\u00e7as no tr\u00e2nsito de Ribeir\u00e3o Preto","author":"noticiasribeiraopreto.com.br","date":"19 de March de 2026","format":false,"excerpt":"Uma instabilidade na rede semaf\u00f3rica afetou o funcionamento de cruzamentos importantes na regi\u00e3o central na tarde desta quinta-feira (19). De acordo com a RP Mobi, o problema causou o desligamento de sem\u00e1foros em pelo menos tr\u00eas pontos, exigindo interven\u00e7\u00f5es emergenciais no tr\u00e1fego. Os cruzamentos impactados s\u00e3o: Rua Rui Barbosa com\u2026","rel":"","context":"In &quot;Not\u00edcias de Ribeir\u00e3o Preto-SP e Regi\u00e3o&quot;","block_context":{"text":"Not\u00edcias de Ribeir\u00e3o Preto-SP e Regi\u00e3o","link":"https:\/\/noticiasribeiraopreto.com.br\/index.php\/category\/noticias-de-ribeirao-preto-sp-e-regiao-ismael-colosi\/"},"img":{"alt_text":"","src":"https:\/\/i0.wp.com\/noticiasribeiraopreto.com.br\/wp-content\/uploads\/2026\/03\/WhatsApp-Image-2026-03-19-at-18.01.35_2026-03-19_21-01-55.webp.webp?fit=1200%2C900&ssl=1&resize=350%2C200","width":350,"height":200,"srcset":"https:\/\/i0.wp.com\/noticiasribeiraopreto.com.br\/wp-content\/uploads\/2026\/03\/WhatsApp-Image-2026-03-19-at-18.01.35_2026-03-19_21-01-55.webp.webp?fit=1200%2C900&ssl=1&resize=350%2C200 1x, https:\/\/i0.wp.com\/noticiasribeiraopreto.com.br\/wp-content\/uploads\/2026\/03\/WhatsApp-Image-2026-03-19-at-18.01.35_2026-03-19_21-01-55.webp.webp?fit=1200%2C900&ssl=1&resize=525%2C300 1.5x, https:\/\/i0.wp.com\/noticiasribeiraopreto.com.br\/wp-content\/uploads\/2026\/03\/WhatsApp-Image-2026-03-19-at-18.01.35_2026-03-19_21-01-55.webp.webp?fit=1200%2C900&ssl=1&resize=700%2C400 2x, https:\/\/i0.wp.com\/noticiasribeiraopreto.com.br\/wp-content\/uploads\/2026\/03\/WhatsApp-Image-2026-03-19-at-18.01.35_2026-03-19_21-01-55.webp.webp?fit=1200%2C900&ssl=1&resize=1050%2C600 3x"},"classes":[]},{"id":66793,"url":"https:\/\/noticiasribeiraopreto.com.br\/index.php\/2025\/04\/05\/motociclista-fica-ferido-apos-acidente-em-cruzamento-de-ribeirao-veja-video\/","url_meta":{"origin":72740,"position":2},"title":"Motociclista fica ferido ap\u00f3s acidente em cruzamento de Ribeir\u00e3o; Veja v\u00eddeo","author":"noticiasribeiraopreto.com.br","date":"5 de April de 2025","format":false,"excerpt":"Um motociclista ficou ferido ap\u00f3s se envolver em um acidente de tr\u00e2nsito no cruzamento da avenida Rene Oliva Strang, com a rua Diog\u00eanes Petean, no Jardim Paulo Gomes, zona Oeste de Ribeir\u00e3o Preto, na noite desta sexta-feira (4). Uma c\u00e2mera de seguran\u00e7a flagrou o ocorrido (veja abaixo). Nas imagens \u00e9\u2026","rel":"","context":"In &quot;Not\u00edcias de Ribeir\u00e3o Preto-SP e Regi\u00e3o&quot;","block_context":{"text":"Not\u00edcias de Ribeir\u00e3o Preto-SP e Regi\u00e3o","link":"https:\/\/noticiasribeiraopreto.com.br\/index.php\/category\/noticias-de-ribeirao-preto-sp-e-regiao-ismael-colosi\/"},"img":{"alt_text":"","src":"https:\/\/i0.wp.com\/noticiasribeiraopreto.com.br\/wp-content\/uploads\/2025\/04\/Copia-de-Copia-de-Copia-de-TAMANHO-EXATO-PARA-FOTOS-NO-SISTEMA-NOVO-2025-04-05T122247.389_2025-04-05_15-23-26_png_2025-04-05_15-23-26.webp.webp?fit=1200%2C675&ssl=1&resize=350%2C200","width":350,"height":200,"srcset":"https:\/\/i0.wp.com\/noticiasribeiraopreto.com.br\/wp-content\/uploads\/2025\/04\/Copia-de-Copia-de-Copia-de-TAMANHO-EXATO-PARA-FOTOS-NO-SISTEMA-NOVO-2025-04-05T122247.389_2025-04-05_15-23-26_png_2025-04-05_15-23-26.webp.webp?fit=1200%2C675&ssl=1&resize=350%2C200 1x, https:\/\/i0.wp.com\/noticiasribeiraopreto.com.br\/wp-content\/uploads\/2025\/04\/Copia-de-Copia-de-Copia-de-TAMANHO-EXATO-PARA-FOTOS-NO-SISTEMA-NOVO-2025-04-05T122247.389_2025-04-05_15-23-26_png_2025-04-05_15-23-26.webp.webp?fit=1200%2C675&ssl=1&resize=525%2C300 1.5x, https:\/\/i0.wp.com\/noticiasribeiraopreto.com.br\/wp-content\/uploads\/2025\/04\/Copia-de-Copia-de-Copia-de-TAMANHO-EXATO-PARA-FOTOS-NO-SISTEMA-NOVO-2025-04-05T122247.389_2025-04-05_15-23-26_png_2025-04-05_15-23-26.webp.webp?fit=1200%2C675&ssl=1&resize=700%2C400 2x, https:\/\/i0.wp.com\/noticiasribeiraopreto.com.br\/wp-content\/uploads\/2025\/04\/Copia-de-Copia-de-Copia-de-TAMANHO-EXATO-PARA-FOTOS-NO-SISTEMA-NOVO-2025-04-05T122247.389_2025-04-05_15-23-26_png_2025-04-05_15-23-26.webp.webp?fit=1200%2C675&ssl=1&resize=1050%2C600 3x"},"classes":[]},{"id":59456,"url":"https:\/\/noticiasribeiraopreto.com.br\/index.php\/2024\/10\/24\/motociclista-morre-em-acidente-na-francisco-junqueira-em-ribeirao\/","url_meta":{"origin":72740,"position":3},"title":"Motociclista morre em acidente na Francisco Junqueira em Ribeir\u00e3o","author":"noticiasribeiraopreto.com.br","date":"24 de October de 2024","format":false,"excerpt":"Uma motociclista de 37 anos morreu em um acidente na manh\u00e3 desta quinta-feira (24), na avenida Francisco Junqueira, em Ribeir\u00e3o Preto. Segundo as primeiras informa\u00e7\u00f5es, a v\u00edtima teria ca\u00eddo na via ap\u00f3s uma batida com um carro. Na sequ\u00eancia, um caminh\u00e3o teria atropelado a motociclista. O Samu foi acionado, mas\u2026","rel":"","context":"In &quot;Not\u00edcias de Ribeir\u00e3o Preto-SP e Regi\u00e3o&quot;","block_context":{"text":"Not\u00edcias de Ribeir\u00e3o Preto-SP e Regi\u00e3o","link":"https:\/\/noticiasribeiraopreto.com.br\/index.php\/category\/noticias-de-ribeirao-preto-sp-e-regiao-ismael-colosi\/"},"img":{"alt_text":"","src":"https:\/\/i0.wp.com\/noticiasribeiraopreto.com.br\/wp-content\/uploads\/2024\/10\/ACIDENTE_2024-10-24_11-27-08_jpg_2024-10-24_11-27-09.webp.webp?fit=1200%2C811&ssl=1&resize=350%2C200","width":350,"height":200,"srcset":"https:\/\/i0.wp.com\/noticiasribeiraopreto.com.br\/wp-content\/uploads\/2024\/10\/ACIDENTE_2024-10-24_11-27-08_jpg_2024-10-24_11-27-09.webp.webp?fit=1200%2C811&ssl=1&resize=350%2C200 1x, https:\/\/i0.wp.com\/noticiasribeiraopreto.com.br\/wp-content\/uploads\/2024\/10\/ACIDENTE_2024-10-24_11-27-08_jpg_2024-10-24_11-27-09.webp.webp?fit=1200%2C811&ssl=1&resize=525%2C300 1.5x, https:\/\/i0.wp.com\/noticiasribeiraopreto.com.br\/wp-content\/uploads\/2024\/10\/ACIDENTE_2024-10-24_11-27-08_jpg_2024-10-24_11-27-09.webp.webp?fit=1200%2C811&ssl=1&resize=700%2C400 2x, https:\/\/i0.wp.com\/noticiasribeiraopreto.com.br\/wp-content\/uploads\/2024\/10\/ACIDENTE_2024-10-24_11-27-08_jpg_2024-10-24_11-27-09.webp.webp?fit=1200%2C811&ssl=1&resize=1050%2C600 3x"},"classes":[]},{"id":59473,"url":"https:\/\/noticiasribeiraopreto.com.br\/index.php\/2024\/10\/24\/motociclista-morta-em-acidente-e-identificada-em-ribeirao-preto\/","url_meta":{"origin":72740,"position":4},"title":"Motociclista morta em acidente \u00e9 identificada em Ribeir\u00e3o Preto","author":"noticiasribeiraopreto.com.br","date":"24 de October de 2024","format":false,"excerpt":"A motociclista que morreu em um acidente na manh\u00e3 desta quinta-feira (24), na avenida Francisco Junqueira, em Ribeir\u00e3o Preto, foi identificada. A v\u00edtima Daiana Veloso Meira, de 37 anos, n\u00e3o resistiu e faleceu ainda no local, apesar do socorro prestado pelo Samu. Segundo a PM (Pol\u00edcia Militar), a motociclista teria\u2026","rel":"","context":"In &quot;Not\u00edcias de Ribeir\u00e3o Preto-SP e Regi\u00e3o&quot;","block_context":{"text":"Not\u00edcias de Ribeir\u00e3o Preto-SP e Regi\u00e3o","link":"https:\/\/noticiasribeiraopreto.com.br\/index.php\/category\/noticias-de-ribeirao-preto-sp-e-regiao-ismael-colosi\/"},"img":{"alt_text":"","src":"https:\/\/i0.wp.com\/noticiasribeiraopreto.com.br\/wp-content\/uploads\/2024\/10\/WhatsApp-Image-2024-10-24-at-12.25.21-1_2024-10-24_15-26-59_jpeg_2024-10-24_15-27-00.webp.webp?fit=1200%2C675&ssl=1&resize=350%2C200","width":350,"height":200,"srcset":"https:\/\/i0.wp.com\/noticiasribeiraopreto.com.br\/wp-content\/uploads\/2024\/10\/WhatsApp-Image-2024-10-24-at-12.25.21-1_2024-10-24_15-26-59_jpeg_2024-10-24_15-27-00.webp.webp?fit=1200%2C675&ssl=1&resize=350%2C200 1x, https:\/\/i0.wp.com\/noticiasribeiraopreto.com.br\/wp-content\/uploads\/2024\/10\/WhatsApp-Image-2024-10-24-at-12.25.21-1_2024-10-24_15-26-59_jpeg_2024-10-24_15-27-00.webp.webp?fit=1200%2C675&ssl=1&resize=525%2C300 1.5x, https:\/\/i0.wp.com\/noticiasribeiraopreto.com.br\/wp-content\/uploads\/2024\/10\/WhatsApp-Image-2024-10-24-at-12.25.21-1_2024-10-24_15-26-59_jpeg_2024-10-24_15-27-00.webp.webp?fit=1200%2C675&ssl=1&resize=700%2C400 2x, https:\/\/i0.wp.com\/noticiasribeiraopreto.com.br\/wp-content\/uploads\/2024\/10\/WhatsApp-Image-2024-10-24-at-12.25.21-1_2024-10-24_15-26-59_jpeg_2024-10-24_15-27-00.webp.webp?fit=1200%2C675&ssl=1&resize=1050%2C600 3x"},"classes":[]},{"id":11210,"url":"https:\/\/noticiasribeiraopreto.com.br\/index.php\/2023\/12\/05\/motociclista-fica-ferido-em-colisao-na-zona-leste\/","url_meta":{"origin":72740,"position":5},"title":"Motociclista fica ferido em colis\u00e3o na zona Leste","author":"noticiasribeiraopreto.com.br","date":"5 de December de 2023","format":false,"excerpt":"Corpo de Bombeiros socorreu a v\u00edtima, e a levou para a UPA da Avenida 13 de Maio 5 de dezembro de 2023 | 17:49 2Por: Adalberto LuqueUm motociclista ficou ferido, no final da tarde desta ter\u00e7a-feira (05), ap\u00f3s uma colis\u00e3o com um ve\u00edculo. O acidente aconteceu no cruzamento das ruas\u2026","rel":"","context":"In &quot;Not\u00edcias de Ribeir\u00e3o Preto-SP e Regi\u00e3o&quot;","block_context":{"text":"Not\u00edcias de Ribeir\u00e3o Preto-SP e Regi\u00e3o","link":"https:\/\/noticiasribeiraopreto.com.br\/index.php\/category\/noticias-de-ribeirao-preto-sp-e-regiao-ismael-colosi\/"},"img":{"alt_text":"","src":"https:\/\/i0.wp.com\/noticiasribeiraopreto.com.br\/wp-content\/uploads\/2023\/12\/00-05-dez-2023-acidente-jd-paulista-foto-max-gallao-mesquita-scaled.jpg?fit=951%2C645&ssl=1&resize=350%2C200","width":350,"height":200,"srcset":"https:\/\/i0.wp.com\/noticiasribeiraopreto.com.br\/wp-content\/uploads\/2023\/12\/00-05-dez-2023-acidente-jd-paulista-foto-max-gallao-mesquita-scaled.jpg?fit=951%2C645&ssl=1&resize=350%2C200 1x, https:\/\/i0.wp.com\/noticiasribeiraopreto.com.br\/wp-content\/uploads\/2023\/12\/00-05-dez-2023-acidente-jd-paulista-foto-max-gallao-mesquita-scaled.jpg?fit=951%2C645&ssl=1&resize=525%2C300 1.5x, https:\/\/i0.wp.com\/noticiasribeiraopreto.com.br\/wp-content\/uploads\/2023\/12\/00-05-dez-2023-acidente-jd-paulista-foto-max-gallao-mesquita-scaled.jpg?fit=951%2C645&ssl=1&resize=700%2C400 2x"},"classes":[]}],"jetpack_sharing_enabled":true,"jetpack_shortlink":"https:\/\/wp.me\/peQAOb-iVe","_links":{"self":[{"href":"https:\/\/noticiasribeiraopreto.com.br\/index.php\/wp-json\/wp\/v2\/posts\/72740","targetHints":{"allow":["GET"]}}],"collection":[{"href":"https:\/\/noticiasribeiraopreto.com.br\/index.php\/wp-json\/wp\/v2\/posts"}],"about":[{"href":"https:\/\/noticiasribeiraopreto.com.br\/index.php\/wp-json\/wp\/v2\/types\/post"}],"author":[{"embeddable":true,"href":"https:\/\/noticiasribeiraopreto.com.br\/index.php\/wp-json\/wp\/v2\/users\/1"}],"replies":[{"embeddable":true,"href":"https:\/\/noticiasribeiraopreto.com.br\/index.php\/wp-json\/wp\/v2\/comments?post=72740"}],"version-history":[{"count":0,"href":"https:\/\/noticiasribeiraopreto.com.br\/index.php\/wp-json\/wp\/v2\/posts\/72740\/revisions"}],"wp:featuredmedia":[{"embeddable":true,"href":"https:\/\/noticiasribeiraopreto.com.br\/index.php\/wp-json\/wp\/v2\/media\/72741"}],"wp:attachment":[{"href":"https:\/\/noticiasribeiraopreto.com.br\/index.php\/wp-json\/wp\/v2\/media?parent=72740"}],"wp:term":[{"taxonomy":"category","embeddable":true,"href":"https:\/\/noticiasribeiraopreto.com.br\/index.php\/wp-json\/wp\/v2\/categories?post=72740"},{"taxonomy":"post_tag","embeddable":true,"href":"https:\/\/noticiasribeiraopreto.com.br\/index.php\/wp-json\/wp\/v2\/tags?post=72740"}],"curies":[{"name":"wp","href":"https:\/\/api.w.org\/{rel}","templated":true}]}}