{"id":72742,"date":"2025-06-20T16:58:41","date_gmt":"2025-06-20T19:58:41","guid":{"rendered":"https:\/\/noticiasribeiraopreto.com.br\/index.php\/2025\/06\/20\/rota-do-arraia-realiza-concurso-de-comidas-tipicas-das-quermesses-veja-como-votar\/"},"modified":"2025-06-20T16:58:41","modified_gmt":"2025-06-20T19:58:41","slug":"rota-do-arraia-realiza-concurso-de-comidas-tipicas-das-quermesses-veja-como-votar","status":"publish","type":"post","link":"https:\/\/noticiasribeiraopreto.com.br\/index.php\/2025\/06\/20\/rota-do-arraia-realiza-concurso-de-comidas-tipicas-das-quermesses-veja-como-votar\/","title":{"rendered":"Rota do Arrai\u00e1 realiza concurso de comidas t\u00edpicas das quermesses; veja como votar"},"content":{"rendered":"<p> <br \/>\n<\/p>\n<div data-td-block-uid=\"tdi_95\">\n<div class=\"tdb-block-inner td-fix-index\">\n<p>A <strong>Rota do Arrai\u00e1 <\/strong>promove o concurso <strong>\u201cSabores da Rota\u201d<\/strong>, com objetivo de valorizar a gastronomia t\u00edpica das festas juninas e destacar a culin\u00e1ria regional. A iniciativa acontece entre os dias<strong> 30 de maio e 28 de junho <\/strong>e abrange as regi\u00f5es de <strong>Campinas<\/strong>, <strong>Ribeir\u00e3o Preto<\/strong>, <strong>S\u00e3o Carlos<\/strong> e <strong>Sul de Minas Gerais.<\/strong><\/p>\n<p><strong>A vota\u00e7\u00e3o \u00e9 aberta ao p\u00fablico. <\/strong>Para participar, basta acessar o site oficial da Rota do Arrai\u00e1 e escolher o <strong>prato preferido entre os participantes.<\/strong><\/p>\n<p><strong>Em Ribeir\u00e3o Preto e cidades pr\u00f3ximas<\/strong>, pratos tradicionais das quermesses participam da a\u00e7\u00e3o, refor\u00e7ando a presen\u00e7a da culin\u00e1ria nas festas juninas. Doces e salgados preparados por comunidades religiosas e volunt\u00e1rios est\u00e3o entre os concorrentes.<\/p>\n<h3 class=\"wp-block-heading\"><strong>Confira os pratos e quermesses participantes na regi\u00e3o:<\/strong><\/h3>\n<h4 class=\"wp-block-heading\"><strong>Pratos salgados<\/strong><\/h4>\n<ul class=\"wp-block-list\">\n<li><strong>Arroz na Enxada<\/strong><br \/><em>Convento Franciscano Santa Maria dos Anjos<\/em><\/li>\n<\/ul>\n<ul class=\"wp-block-list\">\n<li><strong>Frango Assado<\/strong><br \/><em>Par\u00f3quia S\u00e3o Pedro \u2013 Juruc\u00ea<\/em><\/li>\n<\/ul>\n<ul class=\"wp-block-list\">\n<li><strong>Lanche Hamb\u00farguer de Lingui\u00e7a<\/strong><br \/><em>Par\u00f3quia Sagrada Fam\u00edlia<\/em><\/li>\n<\/ul>\n<ul class=\"wp-block-list\">\n<li><strong>Lanche Lingui\u00e7a de Dumont<\/strong><br \/><em>Par\u00f3quia Nossa Senhora dos Canaviais<\/em><\/li>\n<\/ul>\n<ul class=\"wp-block-list\">\n<li><strong>Lanche de Pernil<\/strong><br \/><em>Par\u00f3quia Bas\u00edlica Santo Ant\u00f4nio de P\u00e1dua<\/em><br \/><em>Par\u00f3quia Santo Estev\u00e3o Di\u00e1cono<\/em><\/li>\n<\/ul>\n<h4 class=\"wp-block-heading\"><strong>Pratos doces<\/strong><\/h4>\n<ul class=\"wp-block-list\">\n<li><strong>Moranguinho do Amor<\/strong><br \/><em>Santu\u00e1rio Nossa Senhora do Ros\u00e1rio<\/em><\/li>\n<\/ul>\n<ul class=\"wp-block-list\">\n<li><strong>Pamonha da Ro\u00e7a<\/strong><br \/><em>Igreja da Gratid\u00e3o<\/em><\/li>\n<\/ul>\n<hr class=\"wp-block-separator has-alpha-channel-opacity\"\/>\n<p>SAIBA MAIS<\/p>\n<p>Inverno come\u00e7a nesta sexta; Veja previs\u00e3o do tempo no fim de semana em Ribeir\u00e3o Preto<\/p>\n<h3 class=\"wp-block-heading\"><strong>FIQUE ON<\/strong><\/h3>\n<p>Quer ficar por dentro de tudo que acontece em Ribeir\u00e3o Preto e regi\u00e3o? Ent\u00e3o siga os perfis do\u202facidade on\u202fno\u202f<a href=\"https:\/\/www.instagram.com\/acidadeonribeirao\" target=\"_blank\" rel=\"noreferrer noopener\">Instagram<\/a>\u202fe no\u202f<a href=\"https:\/\/www.facebook.com\/acidadeonribeirao\/\" target=\"_blank\" rel=\"noreferrer noopener\">Facebook<\/a>.<\/p>\n<p>Al\u00e9m disso, voc\u00ea pode receber as principais not\u00edcias diretamente no WhatsApp. Para isso, basta\u00a0<a href=\"https:\/\/chat.whatsapp.com\/BjKQZ9oJwlz8VVT50NuePq\" target=\"_blank\" rel=\"noreferrer noopener\">entrar no grupo clicando aqui<\/a>.<\/p>\n<p>Por fim, se quiser fazer uma den\u00fancia ou sugerir uma reportagem sobre Ribeir\u00e3o Preto e regi\u00e3o, envie uma mensagem pelo WhatsApp: (16) 99117-7802.<\/p>\n<p>VEJA TAMB\u00c9M<\/p>\n<p>In\u00edcio do inverno: como a esta\u00e7\u00e3o mais fria do ano impacta as lavouras<\/p>\n<p><!-- CONTENT END 1 -->\n<\/div>\n<\/div>\n<p><script async src=\"\/\/www.instagram.com\/embed.js\"><\/script><br \/>\n<br \/><br \/>\n<br \/><a href=\"https:\/\/www.acidadeon.com\/ribeiraopreto\/lazer-e-cultura\/rota-do-arraia-realiza-concurso-de-comidas-tipicas-das-quermesses-veja-como-votar\/\">Source link <\/a><\/p>\n","protected":false},"excerpt":{"rendered":"<p>A Rota do Arrai\u00e1 promove o concurso \u201cSabores da Rota\u201d, com objetivo de valorizar a gastronomia t\u00edpica das festas juninas e destacar a culin\u00e1ria regional&#8230;.<\/p>\n","protected":false},"author":1,"featured_media":72743,"comment_status":"open","ping_status":"open","sticky":false,"template":"","format":"standard","meta":{"advanced_seo_description":"","jetpack_seo_html_title":"","jetpack_seo_noindex":false,"jetpack_post_was_ever_published":false,"_jetpack_newsletter_access":"","_jetpack_dont_email_post_to_subs":false,"_jetpack_newsletter_tier_id":0,"_jetpack_memberships_contains_paywalled_content":false,"_jetpack_memberships_contains_paid_content":false,"footnotes":"","jetpack_publicize_message":"","jetpack_publicize_feature_enabled":true,"jetpack_social_post_already_shared":true,"jetpack_social_options":{"image_generator_settings":{"template":"highway","default_image_id":0,"font":"","enabled":false},"version":2}},"categories":[11],"tags":[],"class_list":["post-72742","post","type-post","status-publish","format-standard","has-post-thumbnail","hentry","category-noticias-de-ribeirao-preto-sp-e-regiao-ismael-colosi"],"jetpack_publicize_connections":[],"jetpack_featured_media_url":"https:\/\/i0.wp.com\/noticiasribeiraopreto.com.br\/wp-content\/uploads\/2025\/06\/Copia-de-Copia-de-Copia-de-TAMANHO-EXATO-PARA-FOTOS-NO-SISTEMA-NOVO-2025-06-20T151823.409_2025-06-20_18-19-44.webp.webp?fit=1200%2C675&ssl=1","jetpack-related-posts":[{"id":50705,"url":"https:\/\/noticiasribeiraopreto.com.br\/index.php\/2024\/05\/18\/rota-do-arraia-da-eptv-2024-vai-comecar-na-regiao-de-ribeirao-preto\/","url_meta":{"origin":72742,"position":0},"title":"Rota do Arrai\u00e1 da EPTV 2024 vai come\u00e7ar na regi\u00e3o de Ribeir\u00e3o Preto!","author":"noticiasribeiraopreto.com.br","date":"18 de May de 2024","format":false,"excerpt":"Vai come\u00e7ar a terceira edi\u00e7\u00e3o da Rota do Arrai\u00e1 da EPTV. E, neste ano, ele ser\u00e1 ainda maior! J\u00e1 s\u00e3o mais de 20 festas confirmadas na regi\u00e3o de Ribeir\u00e3o Preto. Confira todos os detalhes da Rota do Arrai\u00e1 da EPTV em rotadoarraia.com.br: A Rota do Arrai\u00e1 da EPTV A Rota\u2026","rel":"","context":"In &quot;Not\u00edcias de Ribeir\u00e3o Preto-SP e Regi\u00e3o&quot;","block_context":{"text":"Not\u00edcias de Ribeir\u00e3o Preto-SP e Regi\u00e3o","link":"https:\/\/noticiasribeiraopreto.com.br\/index.php\/category\/noticias-de-ribeirao-preto-sp-e-regiao-ismael-colosi\/"},"img":{"alt_text":"","src":"https:\/\/i0.wp.com\/noticiasribeiraopreto.com.br\/wp-content\/uploads\/2024\/05\/rota-do-arraia_2024-05-18_13-55-43_jpg_2024-05-18_13-55-44.webp.webp?fit=1200%2C647&ssl=1&resize=350%2C200","width":350,"height":200,"srcset":"https:\/\/i0.wp.com\/noticiasribeiraopreto.com.br\/wp-content\/uploads\/2024\/05\/rota-do-arraia_2024-05-18_13-55-43_jpg_2024-05-18_13-55-44.webp.webp?fit=1200%2C647&ssl=1&resize=350%2C200 1x, https:\/\/i0.wp.com\/noticiasribeiraopreto.com.br\/wp-content\/uploads\/2024\/05\/rota-do-arraia_2024-05-18_13-55-43_jpg_2024-05-18_13-55-44.webp.webp?fit=1200%2C647&ssl=1&resize=525%2C300 1.5x, https:\/\/i0.wp.com\/noticiasribeiraopreto.com.br\/wp-content\/uploads\/2024\/05\/rota-do-arraia_2024-05-18_13-55-43_jpg_2024-05-18_13-55-44.webp.webp?fit=1200%2C647&ssl=1&resize=700%2C400 2x, https:\/\/i0.wp.com\/noticiasribeiraopreto.com.br\/wp-content\/uploads\/2024\/05\/rota-do-arraia_2024-05-18_13-55-43_jpg_2024-05-18_13-55-44.webp.webp?fit=1200%2C647&ssl=1&resize=1050%2C600 3x"},"classes":[]},{"id":70882,"url":"https:\/\/noticiasribeiraopreto.com.br\/index.php\/2025\/05\/30\/festa-musica-e-comidas-tipicas-rota-do-arraia-reune-as-quermesses-que-agitam-ribeirao-e-regiao\/","url_meta":{"origin":72742,"position":1},"title":"Festa, m\u00fasica e comidas t\u00edpicas: Rota do Arrai\u00e1 re\u00fane as quermesses que agitam Ribeir\u00e3o e regi\u00e3o","author":"noticiasribeiraopreto.com.br","date":"30 de May de 2025","format":false,"excerpt":"Entre os dias 30 de maio e 1\u00ba de junho, Ribeir\u00e3o Preto e cidades da regi\u00e3o entram no clima das festas juninas com uma programa\u00e7\u00e3o recheada de quermesses. A Rota do Arrai\u00e1 re\u00fane as celebra\u00e7\u00f5es que acontecem em diferentes bairros e distritos, trazendo comidas t\u00edpicas, m\u00fasica ao vivo, brincadeiras tradicionais\u2026","rel":"","context":"In &quot;Not\u00edcias de Ribeir\u00e3o Preto-SP e Regi\u00e3o&quot;","block_context":{"text":"Not\u00edcias de Ribeir\u00e3o Preto-SP e Regi\u00e3o","link":"https:\/\/noticiasribeiraopreto.com.br\/index.php\/category\/noticias-de-ribeirao-preto-sp-e-regiao-ismael-colosi\/"},"img":{"alt_text":"","src":"https:\/\/i0.wp.com\/noticiasribeiraopreto.com.br\/wp-content\/uploads\/2024\/05\/arraia_mio_di_bao_01_2024-05-31_23-08-24_jpeg_2024-05-31_23-08-24.webp.webp?fit=1200%2C776&ssl=1&resize=350%2C200","width":350,"height":200,"srcset":"https:\/\/i0.wp.com\/noticiasribeiraopreto.com.br\/wp-content\/uploads\/2024\/05\/arraia_mio_di_bao_01_2024-05-31_23-08-24_jpeg_2024-05-31_23-08-24.webp.webp?fit=1200%2C776&ssl=1&resize=350%2C200 1x, https:\/\/i0.wp.com\/noticiasribeiraopreto.com.br\/wp-content\/uploads\/2024\/05\/arraia_mio_di_bao_01_2024-05-31_23-08-24_jpeg_2024-05-31_23-08-24.webp.webp?fit=1200%2C776&ssl=1&resize=525%2C300 1.5x, https:\/\/i0.wp.com\/noticiasribeiraopreto.com.br\/wp-content\/uploads\/2024\/05\/arraia_mio_di_bao_01_2024-05-31_23-08-24_jpeg_2024-05-31_23-08-24.webp.webp?fit=1200%2C776&ssl=1&resize=700%2C400 2x, https:\/\/i0.wp.com\/noticiasribeiraopreto.com.br\/wp-content\/uploads\/2024\/05\/arraia_mio_di_bao_01_2024-05-31_23-08-24_jpeg_2024-05-31_23-08-24.webp.webp?fit=1200%2C776&ssl=1&resize=1050%2C600 3x"},"classes":[]},{"id":52277,"url":"https:\/\/noticiasribeiraopreto.com.br\/index.php\/2024\/06\/05\/rota-do-arraia-quermesse-da-igreja-santo-antonio-em-ribeirao-preto-comeca-esta-semana\/","url_meta":{"origin":72742,"position":2},"title":"Rota do Arrai\u00e1: Quermesse da igreja Santo Ant\u00f4nio em Ribeir\u00e3o Preto come\u00e7a esta semana","author":"noticiasribeiraopreto.com.br","date":"5 de June de 2024","format":false,"excerpt":"A tradicional quermesse da igreja de Santo Ant\u00f4nio, elevada a Bas\u00edlica menor em 2019, come\u00e7a nesta sexta-feira (7) e segue at\u00e9 domingo (9). A festa junina, que faz parte da Rota do Arrai\u00e1, retorna nos pr\u00f3ximos dois finais de semana de junho \u2013 nos dias 13, 14 e 15 e\u2026","rel":"","context":"In &quot;Not\u00edcias de Ribeir\u00e3o Preto-SP e Regi\u00e3o&quot;","block_context":{"text":"Not\u00edcias de Ribeir\u00e3o Preto-SP e Regi\u00e3o","link":"https:\/\/noticiasribeiraopreto.com.br\/index.php\/category\/noticias-de-ribeirao-preto-sp-e-regiao-ismael-colosi\/"},"img":{"alt_text":"","src":"https:\/\/i0.wp.com\/noticiasribeiraopreto.com.br\/wp-content\/uploads\/2024\/06\/Copia-de-Copia-de-TAMANHO-EXATO-PARA-FOTOS-NO-SISTEMA-NOVO-11_2024-06-05_19-59-27_jpg_2024-06-05_19-59-27.webp.webp?fit=1200%2C675&ssl=1&resize=350%2C200","width":350,"height":200,"srcset":"https:\/\/i0.wp.com\/noticiasribeiraopreto.com.br\/wp-content\/uploads\/2024\/06\/Copia-de-Copia-de-TAMANHO-EXATO-PARA-FOTOS-NO-SISTEMA-NOVO-11_2024-06-05_19-59-27_jpg_2024-06-05_19-59-27.webp.webp?fit=1200%2C675&ssl=1&resize=350%2C200 1x, https:\/\/i0.wp.com\/noticiasribeiraopreto.com.br\/wp-content\/uploads\/2024\/06\/Copia-de-Copia-de-TAMANHO-EXATO-PARA-FOTOS-NO-SISTEMA-NOVO-11_2024-06-05_19-59-27_jpg_2024-06-05_19-59-27.webp.webp?fit=1200%2C675&ssl=1&resize=525%2C300 1.5x, https:\/\/i0.wp.com\/noticiasribeiraopreto.com.br\/wp-content\/uploads\/2024\/06\/Copia-de-Copia-de-TAMANHO-EXATO-PARA-FOTOS-NO-SISTEMA-NOVO-11_2024-06-05_19-59-27_jpg_2024-06-05_19-59-27.webp.webp?fit=1200%2C675&ssl=1&resize=700%2C400 2x, https:\/\/i0.wp.com\/noticiasribeiraopreto.com.br\/wp-content\/uploads\/2024\/06\/Copia-de-Copia-de-TAMANHO-EXATO-PARA-FOTOS-NO-SISTEMA-NOVO-11_2024-06-05_19-59-27_jpg_2024-06-05_19-59-27.webp.webp?fit=1200%2C675&ssl=1&resize=1050%2C600 3x"},"classes":[]},{"id":71496,"url":"https:\/\/noticiasribeiraopreto.com.br\/index.php\/2025\/06\/06\/rota-do-arraia-saiba-quais-sao-as-quermesses-de-ribeirao-preto-neste-fim-de-semana\/","url_meta":{"origin":72742,"position":3},"title":"Rota do Arrai\u00e1: Saiba quais s\u00e3o as quermesses de Ribeir\u00e3o Preto neste fim de semana","author":"noticiasribeiraopreto.com.br","date":"6 de June de 2025","format":false,"excerpt":"A Rota do Arrai\u00e1 (clique aqui)\u00a0re\u00fane as quermesses que acontecem em diferentes locais de Ribeir\u00e3o Preto e regi\u00e3o. Neste fim de semana, acontece nove festas t\u00edpicas na cidade, com musica ao vivo, bingo e brincadeiras. Veja a programa\u00e7\u00e3o: 2\u00ba Arrai\u00e1 Solid\u00e1rio APAE A Associa\u00e7\u00e3o de Pais e Amigos dos Expecionais\u2026","rel":"","context":"In &quot;Not\u00edcias de Ribeir\u00e3o Preto-SP e Regi\u00e3o&quot;","block_context":{"text":"Not\u00edcias de Ribeir\u00e3o Preto-SP e Regi\u00e3o","link":"https:\/\/noticiasribeiraopreto.com.br\/index.php\/category\/noticias-de-ribeirao-preto-sp-e-regiao-ismael-colosi\/"},"img":{"alt_text":"","src":"https:\/\/i0.wp.com\/noticiasribeiraopreto.com.br\/wp-content\/uploads\/2024\/05\/quermesse_2024-05-07_13-34-01_jpg_2024-05-07_13-34-01.webp.webp?fit=582%2C393&ssl=1&resize=350%2C200","width":350,"height":200,"srcset":"https:\/\/i0.wp.com\/noticiasribeiraopreto.com.br\/wp-content\/uploads\/2024\/05\/quermesse_2024-05-07_13-34-01_jpg_2024-05-07_13-34-01.webp.webp?fit=582%2C393&ssl=1&resize=350%2C200 1x, https:\/\/i0.wp.com\/noticiasribeiraopreto.com.br\/wp-content\/uploads\/2024\/05\/quermesse_2024-05-07_13-34-01_jpg_2024-05-07_13-34-01.webp.webp?fit=582%2C393&ssl=1&resize=525%2C300 1.5x"},"classes":[]},{"id":52669,"url":"https:\/\/noticiasribeiraopreto.com.br\/index.php\/2024\/06\/11\/centro-de-ribeirao-preto-tera-festa-junina-saiba-quando\/","url_meta":{"origin":72742,"position":4},"title":"Centro de Ribeir\u00e3o Preto ter\u00e1 festa junina; Saiba quando","author":"noticiasribeiraopreto.com.br","date":"11 de June de 2024","format":false,"excerpt":"Durante dois, a Acirp (Associa\u00e7\u00e3o Comercial e Industrial de Ribeir\u00e3o Preto), realizar\u00e1 no Centro da cidade o \u201cArrai\u00e1 da Acirp\u201d. O evento, com entrada gratuita, ser\u00e1 na pra\u00e7a Carlos Gomes nos dias 5 e 6 de julho. Assim como as tradicionais festas juninas, o arrai\u00e1 contar\u00e1 com barracas de comidas\u2026","rel":"","context":"In &quot;Not\u00edcias de Ribeir\u00e3o Preto-SP e Regi\u00e3o&quot;","block_context":{"text":"Not\u00edcias de Ribeir\u00e3o Preto-SP e Regi\u00e3o","link":"https:\/\/noticiasribeiraopreto.com.br\/index.php\/category\/noticias-de-ribeirao-preto-sp-e-regiao-ismael-colosi\/"},"img":{"alt_text":"","src":"https:\/\/i0.wp.com\/noticiasribeiraopreto.com.br\/wp-content\/uploads\/2024\/06\/post_thumbnail-1f63411e2262f51983f7f45de9cc2a4f_2024-06-11_13-22-17_jpeg_2024-06-11_13-22-19.webp.webp?fit=1200%2C800&ssl=1&resize=350%2C200","width":350,"height":200,"srcset":"https:\/\/i0.wp.com\/noticiasribeiraopreto.com.br\/wp-content\/uploads\/2024\/06\/post_thumbnail-1f63411e2262f51983f7f45de9cc2a4f_2024-06-11_13-22-17_jpeg_2024-06-11_13-22-19.webp.webp?fit=1200%2C800&ssl=1&resize=350%2C200 1x, https:\/\/i0.wp.com\/noticiasribeiraopreto.com.br\/wp-content\/uploads\/2024\/06\/post_thumbnail-1f63411e2262f51983f7f45de9cc2a4f_2024-06-11_13-22-17_jpeg_2024-06-11_13-22-19.webp.webp?fit=1200%2C800&ssl=1&resize=525%2C300 1.5x, https:\/\/i0.wp.com\/noticiasribeiraopreto.com.br\/wp-content\/uploads\/2024\/06\/post_thumbnail-1f63411e2262f51983f7f45de9cc2a4f_2024-06-11_13-22-17_jpeg_2024-06-11_13-22-19.webp.webp?fit=1200%2C800&ssl=1&resize=700%2C400 2x, https:\/\/i0.wp.com\/noticiasribeiraopreto.com.br\/wp-content\/uploads\/2024\/06\/post_thumbnail-1f63411e2262f51983f7f45de9cc2a4f_2024-06-11_13-22-17_jpeg_2024-06-11_13-22-19.webp.webp?fit=1200%2C800&ssl=1&resize=1050%2C600 3x"},"classes":[]},{"id":70294,"url":"https:\/\/noticiasribeiraopreto.com.br\/index.php\/2025\/05\/24\/quermesse-da-catedral-de-ribeirao-tem-entrada-gratuita-comidas-tipicas-e-bingo-beneficente\/","url_meta":{"origin":72742,"position":5},"title":"Quermesse da Catedral de Ribeir\u00e3o tem entrada gratuita, comidas t\u00edpicas e bingo beneficente","author":"noticiasribeiraopreto.com.br","date":"24 de May de 2025","format":false,"excerpt":"A tradicional quermesse da Catedral Metropolitana de Ribeir\u00e3o Preto acontece neste fim de semana entre os dias 24 e 25 de maio, e promete reunir divers\u00e3o, cultura e solidariedade no Centro. Todas as quermesses de Ribeir\u00e3o Preto e regi\u00e3o voc\u00ea acompanha no Rota do Arrai\u00e1 (clique aqui). O que vai\u2026","rel":"","context":"In &quot;Not\u00edcias de Ribeir\u00e3o Preto-SP e Regi\u00e3o&quot;","block_context":{"text":"Not\u00edcias de Ribeir\u00e3o Preto-SP e Regi\u00e3o","link":"https:\/\/noticiasribeiraopreto.com.br\/index.php\/category\/noticias-de-ribeirao-preto-sp-e-regiao-ismael-colosi\/"},"img":{"alt_text":"","src":"https:\/\/i0.wp.com\/noticiasribeiraopreto.com.br\/wp-content\/uploads\/2025\/05\/catedral-ribeirao-preto_2025-05-24_16-57-04.webp.webp?fit=1200%2C800&ssl=1&resize=350%2C200","width":350,"height":200,"srcset":"https:\/\/i0.wp.com\/noticiasribeiraopreto.com.br\/wp-content\/uploads\/2025\/05\/catedral-ribeirao-preto_2025-05-24_16-57-04.webp.webp?fit=1200%2C800&ssl=1&resize=350%2C200 1x, https:\/\/i0.wp.com\/noticiasribeiraopreto.com.br\/wp-content\/uploads\/2025\/05\/catedral-ribeirao-preto_2025-05-24_16-57-04.webp.webp?fit=1200%2C800&ssl=1&resize=525%2C300 1.5x, https:\/\/i0.wp.com\/noticiasribeiraopreto.com.br\/wp-content\/uploads\/2025\/05\/catedral-ribeirao-preto_2025-05-24_16-57-04.webp.webp?fit=1200%2C800&ssl=1&resize=700%2C400 2x, https:\/\/i0.wp.com\/noticiasribeiraopreto.com.br\/wp-content\/uploads\/2025\/05\/catedral-ribeirao-preto_2025-05-24_16-57-04.webp.webp?fit=1200%2C800&ssl=1&resize=1050%2C600 3x"},"classes":[]}],"jetpack_sharing_enabled":true,"jetpack_shortlink":"https:\/\/wp.me\/peQAOb-iVg","_links":{"self":[{"href":"https:\/\/noticiasribeiraopreto.com.br\/index.php\/wp-json\/wp\/v2\/posts\/72742","targetHints":{"allow":["GET"]}}],"collection":[{"href":"https:\/\/noticiasribeiraopreto.com.br\/index.php\/wp-json\/wp\/v2\/posts"}],"about":[{"href":"https:\/\/noticiasribeiraopreto.com.br\/index.php\/wp-json\/wp\/v2\/types\/post"}],"author":[{"embeddable":true,"href":"https:\/\/noticiasribeiraopreto.com.br\/index.php\/wp-json\/wp\/v2\/users\/1"}],"replies":[{"embeddable":true,"href":"https:\/\/noticiasribeiraopreto.com.br\/index.php\/wp-json\/wp\/v2\/comments?post=72742"}],"version-history":[{"count":0,"href":"https:\/\/noticiasribeiraopreto.com.br\/index.php\/wp-json\/wp\/v2\/posts\/72742\/revisions"}],"wp:featuredmedia":[{"embeddable":true,"href":"https:\/\/noticiasribeiraopreto.com.br\/index.php\/wp-json\/wp\/v2\/media\/72743"}],"wp:attachment":[{"href":"https:\/\/noticiasribeiraopreto.com.br\/index.php\/wp-json\/wp\/v2\/media?parent=72742"}],"wp:term":[{"taxonomy":"category","embeddable":true,"href":"https:\/\/noticiasribeiraopreto.com.br\/index.php\/wp-json\/wp\/v2\/categories?post=72742"},{"taxonomy":"post_tag","embeddable":true,"href":"https:\/\/noticiasribeiraopreto.com.br\/index.php\/wp-json\/wp\/v2\/tags?post=72742"}],"curies":[{"name":"wp","href":"https:\/\/api.w.org\/{rel}","templated":true}]}}