{"id":72744,"date":"2025-06-20T17:05:33","date_gmt":"2025-06-20T20:05:33","guid":{"rendered":"https:\/\/noticiasribeiraopreto.com.br\/index.php\/2025\/06\/20\/prefeitura-de-ribeirao-aprova-lei-que-multa-em-ate-r-37-mil-uso-de-bebe-reborn-entenda\/"},"modified":"2025-06-20T17:05:33","modified_gmt":"2025-06-20T20:05:33","slug":"prefeitura-de-ribeirao-aprova-lei-que-multa-em-ate-r-37-mil-uso-de-bebe-reborn-entenda","status":"publish","type":"post","link":"https:\/\/noticiasribeiraopreto.com.br\/index.php\/2025\/06\/20\/prefeitura-de-ribeirao-aprova-lei-que-multa-em-ate-r-37-mil-uso-de-bebe-reborn-entenda\/","title":{"rendered":"Prefeitura de Ribeir\u00e3o aprova lei que multa em at\u00e9 R$ 3,7 mil uso de &#8216;beb\u00ea reborn&#8217;; Entenda"},"content":{"rendered":"<p> <br \/>\n<\/p>\n<div>\n<p>A <strong>Prefeitura de Ribeir\u00e3o Preto<\/strong> sancionou a lei que prev\u00ea <strong>multa de at\u00e9 R$ 3.702<\/strong> para quem utilizar bonecas do tipo \u201c<strong>beb\u00ea reborn<\/strong>\u201d com o objetivo de obter benef\u00edcios destinados a crian\u00e7as de colo em servi\u00e7os p\u00fablicos e privados.<\/p>\n<p>A<strong> Lei n\u00ba 15.090<\/strong> foi publicada no <a href=\"https:\/\/cespro.com.br\/visualizarDiarioOficialLeituraDigital.php?cdMunicipio=9314&amp;dtDiario=2025-06-17&amp;nrEdicao=12179\" target=\"_blank\" rel=\"noreferrer noopener\"><strong>Di\u00e1rio Oficial <\/strong>da \u00faltima ter\u00e7a-feira (17)<\/a>, enquanto o vice-prefeito, <strong>Alessandro Maraca (MDB)<\/strong>, assumiu o cargo de prefeito interinamente.<\/p>\n<p>O projeto de autoria do <strong>vereador Igor Oliveira (MDB)<\/strong> foi aprovado na C\u00e2mara Municipal no dia 26 de maio e recebeu apenas <strong>tr\u00eas votos contr\u00e1rios<\/strong>, sendo das vereadoras <strong>Duda Hidalgo (PT)<\/strong>, <strong>Coletivo Judeti Zilli (PT)<\/strong> e <strong>Perla Muller (PT)<\/strong>.<\/p>\n<h2 class=\"wp-block-heading\"><strong>O que \u00e9?<\/strong><\/h2>\n<p>A nova lei considera infra\u00e7\u00e3o administrativa o uso de <strong>bonecas hiper-realistas<\/strong> ou similares para <mark style=\"background-color:#fcb900\" class=\"has-inline-color\">simular um beb\u00ea e obter atendimentos preferenciais, filas, assentos ou benef\u00edcios destinados a respons\u00e1veis por crian\u00e7as de colo.<\/mark><\/p>\n<p>A <strong>lei estabelece multa de 30 a 100 UFESPs (Unidades Fiscais do Estado de S\u00e3o Paulo)<\/strong>, que atualmente equivale a valores entre <strong>R$ 1.110,60 <\/strong>e <strong>R$ 3.702<\/strong>. Em caso de reincid\u00eancia, a autoridade dobrar\u00e1 o valor da multa.<\/p>\n<p>Ainda de acordo com a nova lei, a tentativa de uso desses artif\u00edcios, mesmo que frustrada, <strong>tamb\u00e9m ser\u00e1 pass\u00edvel de penalidade.<\/strong><\/p>\n<p>Embora o prefeito interino tenha sancionado o projeto, ele vetou o artigo que previa destinar os recursos arrecadados ao Fundo Municipal dos Direitos da Crian\u00e7a e do Adolescente.<\/p>\n<h3 class=\"wp-block-heading\"><strong>Fiscaliza\u00e7\u00e3o<\/strong><\/h3>\n<p>Al\u00e9m disso, a nova lei determina que os<strong> \u00f3rg\u00e3os de prote\u00e7\u00e3o<\/strong> e <strong>defesa do consumidor<\/strong>, as <strong>vigil\u00e2ncias sanit\u00e1rias <\/strong>e outros que o <strong>Poder Executivo<\/strong> definir ter\u00e3o a responsabilidade de fiscalizar e aplicar as multas.<\/p>\n<hr class=\"wp-block-separator has-alpha-channel-opacity\"\/>\n<p>SAIBA MAIS<\/p>\n<p>Primeira onda de frio do inverno tem data para chegar ao estado de SP; Veja quando<\/p>\n<h3 class=\"wp-block-heading\"><strong>FIQUE ON<\/strong><\/h3>\n<p>Quer ficar por dentro de tudo que acontece em Ribeir\u00e3o Preto e regi\u00e3o? Ent\u00e3o siga os perfis do\u202facidade on\u202fno\u202f<a href=\"https:\/\/www.instagram.com\/acidadeonribeirao\" target=\"_blank\" rel=\"noreferrer noopener\">Instagram<\/a>\u202fe no\u202f<a href=\"https:\/\/www.facebook.com\/acidadeonribeirao\/\" target=\"_blank\" rel=\"noreferrer noopener\">Facebook<\/a>.<\/p>\n<p>Al\u00e9m disso, voc\u00ea pode receber as principais not\u00edcias diretamente no WhatsApp. Para isso, basta\u00a0<a href=\"https:\/\/chat.whatsapp.com\/BjKQZ9oJwlz8VVT50NuePq\" target=\"_blank\" rel=\"noreferrer noopener\">entrar no grupo clicando aqui<\/a>.<\/p>\n<p>Por fim, se quiser fazer uma den\u00fancia ou sugerir uma reportagem sobre Ribeir\u00e3o Preto e regi\u00e3o, envie uma mensagem pelo WhatsApp: (16) 99117-7802.<\/p>\n<p>VEJA TAMB\u00c9M<\/p>\n<p>Chocolate quente pr\u00e1tico e cremoso; saiba como fazer<\/p>\n<p><!-- CONTENT END 1 -->\n<\/div>\n<p><script async src=\"\/\/www.instagram.com\/embed.js\"><\/script><br \/>\n<br \/><br \/>\n<br \/><a href=\"https:\/\/www.acidadeon.com\/ribeiraopreto\/politica\/prefeitura-de-ribeirao-aprova-lei-que-multa-em-ate-r-37-mil-uso-de-bebe-reborn-entenda\/\">Source link <\/a><\/p>\n","protected":false},"excerpt":{"rendered":"<p>A Prefeitura de Ribeir\u00e3o Preto sancionou a lei que prev\u00ea multa de at\u00e9 R$ 3.702 para quem utilizar bonecas do tipo \u201cbeb\u00ea reborn\u201d com o&#8230;<\/p>\n","protected":false},"author":1,"featured_media":72745,"comment_status":"open","ping_status":"open","sticky":false,"template":"","format":"standard","meta":{"advanced_seo_description":"","jetpack_seo_html_title":"","jetpack_seo_noindex":false,"jetpack_post_was_ever_published":false,"_jetpack_newsletter_access":"","_jetpack_dont_email_post_to_subs":false,"_jetpack_newsletter_tier_id":0,"_jetpack_memberships_contains_paywalled_content":false,"_jetpack_memberships_contains_paid_content":false,"footnotes":"","jetpack_publicize_message":"","jetpack_publicize_feature_enabled":true,"jetpack_social_post_already_shared":true,"jetpack_social_options":{"image_generator_settings":{"template":"highway","default_image_id":0,"font":"","enabled":false},"version":2}},"categories":[11],"tags":[],"class_list":["post-72744","post","type-post","status-publish","format-standard","has-post-thumbnail","hentry","category-noticias-de-ribeirao-preto-sp-e-regiao-ismael-colosi"],"jetpack_publicize_connections":[],"jetpack_featured_media_url":"https:\/\/i0.wp.com\/noticiasribeiraopreto.com.br\/wp-content\/uploads\/2025\/06\/0d7a5295_2025-06-20_17-39-38.webp.webp?fit=1200%2C800&ssl=1","jetpack-related-posts":[{"id":72699,"url":"https:\/\/noticiasribeiraopreto.com.br\/index.php\/2025\/06\/20\/sancionada-lei-do-bebe-reborn\/","url_meta":{"origin":72744,"position":0},"title":"Sancionada lei do beb\u00ea reborn","author":"noticiasribeiraopreto.com.br","date":"20 de June de 2025","format":false,"excerpt":"20 de junho de 2025 08:0519 de junho de 2025 19:189 Compartilhar0 A prefeitura de Ribeir\u00e3o Preto sancionou e publicou no Di\u00e1rio Oficial do Munic\u00edpio (DOM) a lei que prev\u00ea multa de at\u00e9 R$ 3.702 para quem utilizar \u201cbeb\u00ea reborn\u201d \u2013 bonecas hiper-realistas que imitam rec\u00e9m-nascidos \u2013 com o objetivo\u2026","rel":"","context":"In &quot;Not\u00edcias de Ribeir\u00e3o Preto-SP e Regi\u00e3o&quot;","block_context":{"text":"Not\u00edcias de Ribeir\u00e3o Preto-SP e Regi\u00e3o","link":"https:\/\/noticiasribeiraopreto.com.br\/index.php\/category\/noticias-de-ribeirao-preto-sp-e-regiao-ismael-colosi\/"},"img":{"alt_text":"","src":"https:\/\/i0.wp.com\/noticiasribeiraopreto.com.br\/wp-content\/uploads\/2025\/06\/Reborn-Divulgacao-scaled.jpg?fit=800%2C450&ssl=1&resize=350%2C200","width":350,"height":200,"srcset":"https:\/\/i0.wp.com\/noticiasribeiraopreto.com.br\/wp-content\/uploads\/2025\/06\/Reborn-Divulgacao-scaled.jpg?fit=800%2C450&ssl=1&resize=350%2C200 1x, https:\/\/i0.wp.com\/noticiasribeiraopreto.com.br\/wp-content\/uploads\/2025\/06\/Reborn-Divulgacao-scaled.jpg?fit=800%2C450&ssl=1&resize=525%2C300 1.5x, https:\/\/i0.wp.com\/noticiasribeiraopreto.com.br\/wp-content\/uploads\/2025\/06\/Reborn-Divulgacao-scaled.jpg?fit=800%2C450&ssl=1&resize=700%2C400 2x"},"classes":[]},{"id":70486,"url":"https:\/\/noticiasribeiraopreto.com.br\/index.php\/2025\/05\/26\/ribeirao-preto-aprova-multa-de-r-37-mil-para-quem-levar-bebes-reborn-a-servicos-publicos\/","url_meta":{"origin":72744,"position":1},"title":"Ribeir\u00e3o Preto aprova multa de R$ 3,7 mil para quem levar beb\u00eas reborn a servi\u00e7os p\u00fablicos","author":"noticiasribeiraopreto.com.br","date":"26 de May de 2025","format":false,"excerpt":"A C\u00e2mara Municipal de Ribeir\u00e3o Preto aprovou, na sess\u00e3o desta segunda-feira (26), o Projeto de Lei n\u00ba 189\/2025, que prev\u00ea multa de at\u00e9 R$ 3.728 para quem utilizar bonecas do tipo \u201cbeb\u00ea reborn\u201d com o objetivo de obter benef\u00edcios destinados a crian\u00e7as de colo em servi\u00e7os p\u00fablicos e privados. A\u2026","rel":"","context":"In &quot;Not\u00edcias de Ribeir\u00e3o Preto-SP e Regi\u00e3o&quot;","block_context":{"text":"Not\u00edcias de Ribeir\u00e3o Preto-SP e Regi\u00e3o","link":"https:\/\/noticiasribeiraopreto.com.br\/index.php\/category\/noticias-de-ribeirao-preto-sp-e-regiao-ismael-colosi\/"},"img":{"alt_text":"","src":"https:\/\/i0.wp.com\/noticiasribeiraopreto.com.br\/wp-content\/uploads\/2025\/05\/Copia-de-Copia-de-Copia-de-TAMANHO-EXATO-PARA-FOTOS-NO-SISTEMA-NOVO-82_2025-05-19_21-33-32.webp.webp?fit=1200%2C675&ssl=1&resize=350%2C200","width":350,"height":200,"srcset":"https:\/\/i0.wp.com\/noticiasribeiraopreto.com.br\/wp-content\/uploads\/2025\/05\/Copia-de-Copia-de-Copia-de-TAMANHO-EXATO-PARA-FOTOS-NO-SISTEMA-NOVO-82_2025-05-19_21-33-32.webp.webp?fit=1200%2C675&ssl=1&resize=350%2C200 1x, https:\/\/i0.wp.com\/noticiasribeiraopreto.com.br\/wp-content\/uploads\/2025\/05\/Copia-de-Copia-de-Copia-de-TAMANHO-EXATO-PARA-FOTOS-NO-SISTEMA-NOVO-82_2025-05-19_21-33-32.webp.webp?fit=1200%2C675&ssl=1&resize=525%2C300 1.5x, https:\/\/i0.wp.com\/noticiasribeiraopreto.com.br\/wp-content\/uploads\/2025\/05\/Copia-de-Copia-de-Copia-de-TAMANHO-EXATO-PARA-FOTOS-NO-SISTEMA-NOVO-82_2025-05-19_21-33-32.webp.webp?fit=1200%2C675&ssl=1&resize=700%2C400 2x, https:\/\/i0.wp.com\/noticiasribeiraopreto.com.br\/wp-content\/uploads\/2025\/05\/Copia-de-Copia-de-Copia-de-TAMANHO-EXATO-PARA-FOTOS-NO-SISTEMA-NOVO-82_2025-05-19_21-33-32.webp.webp?fit=1200%2C675&ssl=1&resize=1050%2C600 3x"},"classes":[]},{"id":70034,"url":"https:\/\/noticiasribeiraopreto.com.br\/index.php\/2025\/05\/22\/confessionario-tribuna-ribeirao-21\/","url_meta":{"origin":72744,"position":2},"title":"Confession\u00e1rio &#8211; Tribuna Ribeir\u00e3o","author":"noticiasribeiraopreto.com.br","date":"22 de May de 2025","format":false,"excerpt":"22 de maio de 2025 09:0021 de maio de 2025 21:1611 Compartilhar0 No mundo do faz-de-conta\u2026 Dif\u00edcil explicar a perda de tempo de v\u00e1rios pol\u00edticos pelo pa\u00eds tentando emplacar leis sobre o assunto e Ribeir\u00e3o n\u00e3o passou ilesa. O vereador de Ribeir\u00e3o Preto, Igor Oliveira (MDB) protocolou na C\u00e2mara Municipal,\u2026","rel":"","context":"In &quot;Not\u00edcias de Ribeir\u00e3o Preto-SP e Regi\u00e3o&quot;","block_context":{"text":"Not\u00edcias de Ribeir\u00e3o Preto-SP e Regi\u00e3o","link":"https:\/\/noticiasribeiraopreto.com.br\/index.php\/category\/noticias-de-ribeirao-preto-sp-e-regiao-ismael-colosi\/"},"img":{"alt_text":"","src":"https:\/\/i0.wp.com\/noticiasribeiraopreto.com.br\/wp-content\/uploads\/2025\/05\/bebe.jpeg?fit=1000%2C1200&ssl=1&resize=350%2C200","width":350,"height":200,"srcset":"https:\/\/i0.wp.com\/noticiasribeiraopreto.com.br\/wp-content\/uploads\/2025\/05\/bebe.jpeg?fit=1000%2C1200&ssl=1&resize=350%2C200 1x, https:\/\/i0.wp.com\/noticiasribeiraopreto.com.br\/wp-content\/uploads\/2025\/05\/bebe.jpeg?fit=1000%2C1200&ssl=1&resize=525%2C300 1.5x, https:\/\/i0.wp.com\/noticiasribeiraopreto.com.br\/wp-content\/uploads\/2025\/05\/bebe.jpeg?fit=1000%2C1200&ssl=1&resize=700%2C400 2x"},"classes":[]},{"id":75041,"url":"https:\/\/noticiasribeiraopreto.com.br\/index.php\/2025\/08\/02\/prefeito-veta-emendas-da-ldo\/","url_meta":{"origin":72744,"position":3},"title":"Prefeito veta emendas da LDO","author":"noticiasribeiraopreto.com.br","date":"2 de August de 2025","format":false,"excerpt":"O prefeito Ricardo Silva (PSD) vetou todas as 140 emendas de vereadores no \u00e2mbito da Lei de Diretrizes Or\u00e7ament\u00e1rias (LDO) de 2026. As sugest\u00f5es criavam despesa de R$ 233.255.000, valor que representa 4,19% da receita estimada, de R$ 5.563.935.161, segundo o projeto n\u00famero 99\/2025. \u00c9 a primeira vez na hist\u00f3ria\u2026","rel":"","context":"In &quot;Not\u00edcias de Ribeir\u00e3o Preto-SP e Regi\u00e3o&quot;","block_context":{"text":"Not\u00edcias de Ribeir\u00e3o Preto-SP e Regi\u00e3o","link":"https:\/\/noticiasribeiraopreto.com.br\/index.php\/category\/noticias-de-ribeirao-preto-sp-e-regiao-ismael-colosi\/"},"img":{"alt_text":"","src":"https:\/\/i0.wp.com\/noticiasribeiraopreto.com.br\/wp-content\/uploads\/2025\/08\/PlanoLDO-Thaisa-Coroado-Camara-scaled.jpg?fit=1170%2C780&ssl=1&resize=350%2C200","width":350,"height":200,"srcset":"https:\/\/i0.wp.com\/noticiasribeiraopreto.com.br\/wp-content\/uploads\/2025\/08\/PlanoLDO-Thaisa-Coroado-Camara-scaled.jpg?fit=1170%2C780&ssl=1&resize=350%2C200 1x, https:\/\/i0.wp.com\/noticiasribeiraopreto.com.br\/wp-content\/uploads\/2025\/08\/PlanoLDO-Thaisa-Coroado-Camara-scaled.jpg?fit=1170%2C780&ssl=1&resize=525%2C300 1.5x, https:\/\/i0.wp.com\/noticiasribeiraopreto.com.br\/wp-content\/uploads\/2025\/08\/PlanoLDO-Thaisa-Coroado-Camara-scaled.jpg?fit=1170%2C780&ssl=1&resize=700%2C400 2x, https:\/\/i0.wp.com\/noticiasribeiraopreto.com.br\/wp-content\/uploads\/2025\/08\/PlanoLDO-Thaisa-Coroado-Camara-scaled.jpg?fit=1170%2C780&ssl=1&resize=1050%2C600 3x"},"classes":[]},{"id":74237,"url":"https:\/\/noticiasribeiraopreto.com.br\/index.php\/2025\/07\/18\/alimentar-pombos-dara-multa-de-r-300-reais\/","url_meta":{"origin":72744,"position":4},"title":"Alimentar pombos dar\u00e1 multa de R$ 300 reais","author":"noticiasribeiraopreto.com.br","date":"18 de July de 2025","format":false,"excerpt":"18 de julho de 2025 11:522 Compartilhar0 O prefeito de Mat\u00e3o, cidade da regi\u00e3o de Ribeir\u00e3o Preto, Aparecido Ferrari (PT) sancionou uma lei que pro\u00edbe a popula\u00e7\u00e3o daquela cidade alimentar pombos da esp\u00e9cie Columbia Livia, os populares pombos urbanos, muito comuns nas pra\u00e7as das cidades. Mat\u00e3o tem 79 mil habitantes.\u2026","rel":"","context":"In &quot;Not\u00edcias de Ribeir\u00e3o Preto-SP e Regi\u00e3o&quot;","block_context":{"text":"Not\u00edcias de Ribeir\u00e3o Preto-SP e Regi\u00e3o","link":"https:\/\/noticiasribeiraopreto.com.br\/index.php\/category\/noticias-de-ribeirao-preto-sp-e-regiao-ismael-colosi\/"},"img":{"alt_text":"","src":"https:\/\/i0.wp.com\/noticiasribeiraopreto.com.br\/wp-content\/uploads\/2025\/07\/pombo.jpeg?fit=1200%2C867&ssl=1&resize=350%2C200","width":350,"height":200,"srcset":"https:\/\/i0.wp.com\/noticiasribeiraopreto.com.br\/wp-content\/uploads\/2025\/07\/pombo.jpeg?fit=1200%2C867&ssl=1&resize=350%2C200 1x, https:\/\/i0.wp.com\/noticiasribeiraopreto.com.br\/wp-content\/uploads\/2025\/07\/pombo.jpeg?fit=1200%2C867&ssl=1&resize=525%2C300 1.5x, https:\/\/i0.wp.com\/noticiasribeiraopreto.com.br\/wp-content\/uploads\/2025\/07\/pombo.jpeg?fit=1200%2C867&ssl=1&resize=700%2C400 2x, https:\/\/i0.wp.com\/noticiasribeiraopreto.com.br\/wp-content\/uploads\/2025\/07\/pombo.jpeg?fit=1200%2C867&ssl=1&resize=1050%2C600 3x"},"classes":[]},{"id":71276,"url":"https:\/\/noticiasribeiraopreto.com.br\/index.php\/2025\/06\/04\/abandonar-caes-e-gatos-em-ruas-pode-dar-multa-de-r-3-70200\/","url_meta":{"origin":72744,"position":5},"title":"Abandonar c\u00e3es e gatos em ruas pode dar multa de R$ 3.702,00","author":"noticiasribeiraopreto.com.br","date":"4 de June de 2025","format":false,"excerpt":"4 de junho de 2025 14:322 Compartilhar0 O prefeito de Ribeir\u00e3o Preto, Ricardo Silva (PSD) sancionou a lei 15.079, que considera infra\u00e7\u00e3o administrativa o abandono de animais dom\u00e9sticos com o uso de ve\u00edculos automotores em vias p\u00fablicas, \u00e1reas urbanas ou rurais. A proposta, de autoria do vereador Bigodini (MDB), foi\u2026","rel":"","context":"In &quot;Not\u00edcias de Ribeir\u00e3o Preto-SP e Regi\u00e3o&quot;","block_context":{"text":"Not\u00edcias de Ribeir\u00e3o Preto-SP e Regi\u00e3o","link":"https:\/\/noticiasribeiraopreto.com.br\/index.php\/category\/noticias-de-ribeirao-preto-sp-e-regiao-ismael-colosi\/"},"img":{"alt_text":"","src":"https:\/\/i0.wp.com\/noticiasribeiraopreto.com.br\/wp-content\/uploads\/2025\/06\/depositphotos_257812662-stock-photo-abandoned-dog-on-the-road.webp.webp?fit=600%2C400&ssl=1&resize=350%2C200","width":350,"height":200,"srcset":"https:\/\/i0.wp.com\/noticiasribeiraopreto.com.br\/wp-content\/uploads\/2025\/06\/depositphotos_257812662-stock-photo-abandoned-dog-on-the-road.webp.webp?fit=600%2C400&ssl=1&resize=350%2C200 1x, https:\/\/i0.wp.com\/noticiasribeiraopreto.com.br\/wp-content\/uploads\/2025\/06\/depositphotos_257812662-stock-photo-abandoned-dog-on-the-road.webp.webp?fit=600%2C400&ssl=1&resize=525%2C300 1.5x"},"classes":[]}],"jetpack_sharing_enabled":true,"jetpack_shortlink":"https:\/\/wp.me\/peQAOb-iVi","_links":{"self":[{"href":"https:\/\/noticiasribeiraopreto.com.br\/index.php\/wp-json\/wp\/v2\/posts\/72744","targetHints":{"allow":["GET"]}}],"collection":[{"href":"https:\/\/noticiasribeiraopreto.com.br\/index.php\/wp-json\/wp\/v2\/posts"}],"about":[{"href":"https:\/\/noticiasribeiraopreto.com.br\/index.php\/wp-json\/wp\/v2\/types\/post"}],"author":[{"embeddable":true,"href":"https:\/\/noticiasribeiraopreto.com.br\/index.php\/wp-json\/wp\/v2\/users\/1"}],"replies":[{"embeddable":true,"href":"https:\/\/noticiasribeiraopreto.com.br\/index.php\/wp-json\/wp\/v2\/comments?post=72744"}],"version-history":[{"count":0,"href":"https:\/\/noticiasribeiraopreto.com.br\/index.php\/wp-json\/wp\/v2\/posts\/72744\/revisions"}],"wp:featuredmedia":[{"embeddable":true,"href":"https:\/\/noticiasribeiraopreto.com.br\/index.php\/wp-json\/wp\/v2\/media\/72745"}],"wp:attachment":[{"href":"https:\/\/noticiasribeiraopreto.com.br\/index.php\/wp-json\/wp\/v2\/media?parent=72744"}],"wp:term":[{"taxonomy":"category","embeddable":true,"href":"https:\/\/noticiasribeiraopreto.com.br\/index.php\/wp-json\/wp\/v2\/categories?post=72744"},{"taxonomy":"post_tag","embeddable":true,"href":"https:\/\/noticiasribeiraopreto.com.br\/index.php\/wp-json\/wp\/v2\/tags?post=72744"}],"curies":[{"name":"wp","href":"https:\/\/api.w.org\/{rel}","templated":true}]}}