{"id":72746,"date":"2025-06-20T17:12:33","date_gmt":"2025-06-20T20:12:33","guid":{"rendered":"https:\/\/noticiasribeiraopreto.com.br\/index.php\/2025\/06\/20\/primeira-onda-de-frio-do-inverno-tem-data-para-chegar-ao-estado-de-sp-veja-quando\/"},"modified":"2025-06-20T17:12:33","modified_gmt":"2025-06-20T20:12:33","slug":"primeira-onda-de-frio-do-inverno-tem-data-para-chegar-ao-estado-de-sp-veja-quando","status":"publish","type":"post","link":"https:\/\/noticiasribeiraopreto.com.br\/index.php\/2025\/06\/20\/primeira-onda-de-frio-do-inverno-tem-data-para-chegar-ao-estado-de-sp-veja-quando\/","title":{"rendered":"Primeira onda de frio do inverno tem data para chegar ao estado de SP; Veja quando"},"content":{"rendered":"<p> <br \/>\n<\/p>\n<div data-td-block-uid=\"tdi_95\">\n<div class=\"tdb-block-inner td-fix-index\">\n<p><strong>A primeira onda de frio do inverno 2025 \u2013 a terceira do ano \u2013 est\u00e1 prevista para atingir o Centro-Sul do Brasil nos pr\u00f3ximos dias.<\/strong><\/p>\n<p>Segundo a <a href=\"https:\/\/www.climatempo.com.br\/\">Climatempo<\/a>, <mark style=\"background-color:#fcb900\" class=\"has-inline-color has-black-color\">a nova onda de frio deve come\u00e7ar na pr\u00f3xima segunda-feira (23) e se estende at\u00e9 a sexta-feira (27).<\/mark> O <strong>inverno <\/strong>tem <strong>in\u00edcio <\/strong>nesta <strong>sexta-feira (20)<\/strong>,<strong>\u00a0<\/strong>\u00e0s <strong><strong>23h42<\/strong><\/strong>.<\/p>\n<p>Todo o estado de S\u00e3o Paulo est\u00e1 na faixa que compreende temperaturas 5\u00b0C ou mais abaixo da m\u00e9dia durante o per\u00edodo. Veja o mapa abaixo.<\/p>\n<h2 class=\"wp-block-heading\"><strong>Previs\u00e3o de neve<\/strong><\/h2>\n<p>Conforme a Climatempo, o primeiro pulso de ar frio deve derrubar as temperaturas no come\u00e7o da semana no Sul e em Mato Grosso do Sul. J\u00e1 a partir de ter\u00e7a-feira (24), o frio chega a S\u00e3o Paulo, Tri\u00e2ngulo Mineiro, Sul de Minas Gerais e de Mato Grosso.<\/p>\n<p>O frio deve ser intenso novamente e existe possibilidade de neve na regi\u00e3o serrana de Santa Catarina.<\/p>\n<figure class=\"wp-block-image\"><img data-recalc-dims=\"1\" fetchpriority=\"high\" decoding=\"async\" width=\"1080\" height=\"1080\" src=\"https:\/\/i0.wp.com\/cdn.media-acidadeon.com.br\/ribeiraopreto\/wp-content\/uploads\/sites\/3\/2025\/06\/WhatsApp-Image-2025-06-20-at-13.35.33_2025-06-20_16-44-02.webp?resize=1080%2C1080&#038;ssl=1\" alt=\"onda de frio\" class=\"wp-image-120419\" srcset=\"https:\/\/cdn.media-acidadeon.com.br\/ribeiraopreto\/wp-content\/uploads\/sites\/3\/2025\/06\/WhatsApp-Image-2025-06-20-at-13.35.33_2025-06-20_16-44-02.webp 1080w, https:\/\/cdn.media-acidadeon.com.br\/ribeiraopreto\/wp-content\/uploads\/sites\/3\/2025\/06\/WhatsApp-Image-2025-06-20-at-13.35.33_2025-06-20_16-44-02-300x300.webp 300w, https:\/\/cdn.media-acidadeon.com.br\/ribeiraopreto\/wp-content\/uploads\/sites\/3\/2025\/06\/WhatsApp-Image-2025-06-20-at-13.35.33_2025-06-20_16-44-02-1024x1024.webp 1024w, https:\/\/cdn.media-acidadeon.com.br\/ribeiraopreto\/wp-content\/uploads\/sites\/3\/2025\/06\/WhatsApp-Image-2025-06-20-at-13.35.33_2025-06-20_16-44-02-150x150.webp 150w, https:\/\/cdn.media-acidadeon.com.br\/ribeiraopreto\/wp-content\/uploads\/sites\/3\/2025\/06\/WhatsApp-Image-2025-06-20-at-13.35.33_2025-06-20_16-44-02-768x768.webp 768w, https:\/\/cdn.media-acidadeon.com.br\/ribeiraopreto\/wp-content\/uploads\/sites\/3\/2025\/06\/WhatsApp-Image-2025-06-20-at-13.35.33_2025-06-20_16-44-02-696x696.webp 696w, https:\/\/cdn.media-acidadeon.com.br\/ribeiraopreto\/wp-content\/uploads\/sites\/3\/2025\/06\/WhatsApp-Image-2025-06-20-at-13.35.33_2025-06-20_16-44-02-1068x1068.webp 1068w\" sizes=\"(max-width: 1080px) 100vw, 1080px\"\/><figcaption class=\"wp-element-caption\">Reprodu\u00e7\u00e3o<\/figcaption><\/figure>\n<p>SAIBA MAIS<\/p>\n<p>Inverno come\u00e7a nesta sexta; Veja previs\u00e3o do tempo no fim de semana em Ribeir\u00e3o Preto<\/p>\n<h3 class=\"wp-block-heading\"><strong>FIQUE ON<\/strong><\/h3>\n<p>Quer ficar por dentro de tudo que acontece em Ribeir\u00e3o Preto e regi\u00e3o? Ent\u00e3o siga os perfis do\u202facidade on\u202fno\u202f<a href=\"https:\/\/www.instagram.com\/acidadeonribeirao\" target=\"_blank\" rel=\"noreferrer noopener\">Instagram<\/a>\u202fe no\u202f<a href=\"https:\/\/www.facebook.com\/acidadeonribeirao\/\" target=\"_blank\" rel=\"noreferrer noopener\">Facebook<\/a>.<\/p>\n<p>Al\u00e9m disso, voc\u00ea pode receber as principais not\u00edcias diretamente no WhatsApp. Para isso, basta\u00a0<a href=\"https:\/\/chat.whatsapp.com\/BjKQZ9oJwlz8VVT50NuePq\" target=\"_blank\" rel=\"noreferrer noopener\">entrar no grupo clicando aqui<\/a>.<\/p>\n<p>Por fim, se quiser fazer uma den\u00fancia ou sugerir uma reportagem sobre Ribeir\u00e3o Preto e regi\u00e3o, envie uma mensagem pelo WhatsApp: (16) 99117-7802.<\/p>\n<p>VEJA TAMB\u00c9M<\/p>\n<p>In\u00edcio do inverno: como a esta\u00e7\u00e3o mais fria do ano impacta as lavouras<\/p>\n<p><!-- CONTENT END 1 -->\n<\/div>\n<\/div>\n<p><script async src=\"\/\/www.instagram.com\/embed.js\"><\/script><br \/>\n<br \/><br \/>\n<br \/><a href=\"https:\/\/www.acidadeon.com\/ribeiraopreto\/cotidiano\/primeira-onda-de-frio-do-inverno-tem-data-para-chegar-ao-estado-de-sp-veja-quando\/\">Source link <\/a><\/p>\n","protected":false},"excerpt":{"rendered":"<p>A primeira onda de frio do inverno 2025 \u2013 a terceira do ano \u2013 est\u00e1 prevista para atingir o Centro-Sul do Brasil nos pr\u00f3ximos dias&#8230;.<\/p>\n","protected":false},"author":1,"featured_media":72747,"comment_status":"open","ping_status":"open","sticky":false,"template":"","format":"standard","meta":{"advanced_seo_description":"","jetpack_seo_html_title":"","jetpack_seo_noindex":false,"jetpack_post_was_ever_published":false,"_jetpack_newsletter_access":"","_jetpack_dont_email_post_to_subs":false,"_jetpack_newsletter_tier_id":0,"_jetpack_memberships_contains_paywalled_content":false,"_jetpack_memberships_contains_paid_content":false,"footnotes":"","jetpack_publicize_message":"","jetpack_publicize_feature_enabled":true,"jetpack_social_post_already_shared":true,"jetpack_social_options":{"image_generator_settings":{"template":"highway","default_image_id":0,"font":"","enabled":false},"version":2}},"categories":[11],"tags":[],"class_list":["post-72746","post","type-post","status-publish","format-standard","has-post-thumbnail","hentry","category-noticias-de-ribeirao-preto-sp-e-regiao-ismael-colosi"],"jetpack_publicize_connections":[],"jetpack_featured_media_url":"https:\/\/i0.wp.com\/noticiasribeiraopreto.com.br\/wp-content\/uploads\/2025\/06\/1750450353_calcadao_ribeirao_1024x576_22052020190437.jpg?fit=1024%2C576&ssl=1","jetpack-related-posts":[{"id":72878,"url":"https:\/\/noticiasribeiraopreto.com.br\/index.php\/2025\/06\/22\/saiba-tudo-sobre-a-primeira-onda-de-frio-do-inverno-que-atinge-o-estado-de-sp\/","url_meta":{"origin":72746,"position":0},"title":"Saiba tudo sobre a primeira onda de frio do inverno que atinge o estado de SP","author":"noticiasribeiraopreto.com.br","date":"22 de June de 2025","format":false,"excerpt":"A primeira onda de frio do inverno 2025 \u2013 a terceira do ano \u2013 deve come\u00e7ar nesta segunda-feira (23) e a previs\u00e3o \u00e9 que se estenda at\u00e9 a pr\u00f3xima sexta-feira (27). \u00a0 Segundo a Climatempo, entre este domingo (22) e a pr\u00f3xima segunda uma frente fria associada a um ciclone\u2026","rel":"","context":"In &quot;Not\u00edcias de Ribeir\u00e3o Preto-SP e Regi\u00e3o&quot;","block_context":{"text":"Not\u00edcias de Ribeir\u00e3o Preto-SP e Regi\u00e3o","link":"https:\/\/noticiasribeiraopreto.com.br\/index.php\/category\/noticias-de-ribeirao-preto-sp-e-regiao-ismael-colosi\/"},"img":{"alt_text":"","src":"https:\/\/i0.wp.com\/noticiasribeiraopreto.com.br\/wp-content\/uploads\/2025\/06\/ceu_nublado_e_tempo_frio_em_campinas_cxdigo_19_166036-scaled.jpg?fit=1200%2C800&ssl=1&resize=350%2C200","width":350,"height":200,"srcset":"https:\/\/i0.wp.com\/noticiasribeiraopreto.com.br\/wp-content\/uploads\/2025\/06\/ceu_nublado_e_tempo_frio_em_campinas_cxdigo_19_166036-scaled.jpg?fit=1200%2C800&ssl=1&resize=350%2C200 1x, https:\/\/i0.wp.com\/noticiasribeiraopreto.com.br\/wp-content\/uploads\/2025\/06\/ceu_nublado_e_tempo_frio_em_campinas_cxdigo_19_166036-scaled.jpg?fit=1200%2C800&ssl=1&resize=525%2C300 1.5x, https:\/\/i0.wp.com\/noticiasribeiraopreto.com.br\/wp-content\/uploads\/2025\/06\/ceu_nublado_e_tempo_frio_em_campinas_cxdigo_19_166036-scaled.jpg?fit=1200%2C800&ssl=1&resize=700%2C400 2x, https:\/\/i0.wp.com\/noticiasribeiraopreto.com.br\/wp-content\/uploads\/2025\/06\/ceu_nublado_e_tempo_frio_em_campinas_cxdigo_19_166036-scaled.jpg?fit=1200%2C800&ssl=1&resize=1050%2C600 3x"},"classes":[]},{"id":54016,"url":"https:\/\/noticiasribeiraopreto.com.br\/index.php\/2024\/06\/27\/saiba-tudo-sobre-a-primeira-onda-de-frio-do-inverno-que-vai-atingir-ate-o-interior-de-sp\/","url_meta":{"origin":72746,"position":1},"title":"Saiba tudo sobre a primeira onda de frio do inverno que vai atingir at\u00e9 o interior de SP","author":"noticiasribeiraopreto.com.br","date":"27 de June de 2024","format":false,"excerpt":"A primeira onda de frio do inverno 2024 come\u00e7a nesta sexta-feira (28) com chegada de uma forte frente fria. A previs\u00e3o de dura\u00e7\u00e3o deste sistema \u00e9 at\u00e9 o dia 2 de julho. Segundo a Climatempo, esta ser\u00e1 a primeira queda acentuada de temperatura no inverno deste ano, com destaque para\u2026","rel":"","context":"In &quot;Not\u00edcias de Ribeir\u00e3o Preto-SP e Regi\u00e3o&quot;","block_context":{"text":"Not\u00edcias de Ribeir\u00e3o Preto-SP e Regi\u00e3o","link":"https:\/\/noticiasribeiraopreto.com.br\/index.php\/category\/noticias-de-ribeirao-preto-sp-e-regiao-ismael-colosi\/"},"img":{"alt_text":"","src":"https:\/\/i0.wp.com\/noticiasribeiraopreto.com.br\/wp-content\/uploads\/2024\/06\/ONDA-DE-FRIO-3_2024-06-27_10-36-21_jpg_2024-06-27_10-36-21.webp.webp?fit=1200%2C758&ssl=1&resize=350%2C200","width":350,"height":200,"srcset":"https:\/\/i0.wp.com\/noticiasribeiraopreto.com.br\/wp-content\/uploads\/2024\/06\/ONDA-DE-FRIO-3_2024-06-27_10-36-21_jpg_2024-06-27_10-36-21.webp.webp?fit=1200%2C758&ssl=1&resize=350%2C200 1x, https:\/\/i0.wp.com\/noticiasribeiraopreto.com.br\/wp-content\/uploads\/2024\/06\/ONDA-DE-FRIO-3_2024-06-27_10-36-21_jpg_2024-06-27_10-36-21.webp.webp?fit=1200%2C758&ssl=1&resize=525%2C300 1.5x, https:\/\/i0.wp.com\/noticiasribeiraopreto.com.br\/wp-content\/uploads\/2024\/06\/ONDA-DE-FRIO-3_2024-06-27_10-36-21_jpg_2024-06-27_10-36-21.webp.webp?fit=1200%2C758&ssl=1&resize=700%2C400 2x, https:\/\/i0.wp.com\/noticiasribeiraopreto.com.br\/wp-content\/uploads\/2024\/06\/ONDA-DE-FRIO-3_2024-06-27_10-36-21_jpg_2024-06-27_10-36-21.webp.webp?fit=1200%2C758&ssl=1&resize=1050%2C600 3x"},"classes":[]},{"id":72800,"url":"https:\/\/noticiasribeiraopreto.com.br\/index.php\/2025\/06\/21\/inverno-comeca-com-frio-confira-a-previsao-do-tempo\/","url_meta":{"origin":72746,"position":2},"title":"Inverno come\u00e7a com frio? Confira a previs\u00e3o do tempo","author":"noticiasribeiraopreto.com.br","date":"21 de June de 2025","format":false,"excerpt":"O primeiro dia oficial do inverno come\u00e7a com tempo firme em Ribeir\u00e3o Preto. A previs\u00e3o para este s\u00e1bado (21) \u00e9 de sol com muitas nuvens ao longo do dia e per\u00edodos de c\u00e9u nublado. \u00c0 noite, a nebulosidade continua predominando, mas sem risco de chuva. As temperaturas seguem amenas, com\u2026","rel":"","context":"In &quot;Not\u00edcias de Ribeir\u00e3o Preto-SP e Regi\u00e3o&quot;","block_context":{"text":"Not\u00edcias de Ribeir\u00e3o Preto-SP e Regi\u00e3o","link":"https:\/\/noticiasribeiraopreto.com.br\/index.php\/category\/noticias-de-ribeirao-preto-sp-e-regiao-ismael-colosi\/"},"img":{"alt_text":"","src":"https:\/\/i0.wp.com\/noticiasribeiraopreto.com.br\/wp-content\/uploads\/2025\/06\/WhatsApp-Image-2025-01-28-at-07.06.17_2025-01-28_10-21-07_jpeg_2025-01-28_10-21-07.webp.webp?fit=1200%2C900&ssl=1&resize=350%2C200","width":350,"height":200,"srcset":"https:\/\/i0.wp.com\/noticiasribeiraopreto.com.br\/wp-content\/uploads\/2025\/06\/WhatsApp-Image-2025-01-28-at-07.06.17_2025-01-28_10-21-07_jpeg_2025-01-28_10-21-07.webp.webp?fit=1200%2C900&ssl=1&resize=350%2C200 1x, https:\/\/i0.wp.com\/noticiasribeiraopreto.com.br\/wp-content\/uploads\/2025\/06\/WhatsApp-Image-2025-01-28-at-07.06.17_2025-01-28_10-21-07_jpeg_2025-01-28_10-21-07.webp.webp?fit=1200%2C900&ssl=1&resize=525%2C300 1.5x, https:\/\/i0.wp.com\/noticiasribeiraopreto.com.br\/wp-content\/uploads\/2025\/06\/WhatsApp-Image-2025-01-28-at-07.06.17_2025-01-28_10-21-07_jpeg_2025-01-28_10-21-07.webp.webp?fit=1200%2C900&ssl=1&resize=700%2C400 2x, https:\/\/i0.wp.com\/noticiasribeiraopreto.com.br\/wp-content\/uploads\/2025\/06\/WhatsApp-Image-2025-01-28-at-07.06.17_2025-01-28_10-21-07_jpeg_2025-01-28_10-21-07.webp.webp?fit=1200%2C900&ssl=1&resize=1050%2C600 3x"},"classes":[]},{"id":53720,"url":"https:\/\/noticiasribeiraopreto.com.br\/index.php\/2024\/06\/23\/primeira-massa-de-ar-frio-do-inverno-pode-atingir-o-estado-de-sp-veja-quando\/","url_meta":{"origin":72746,"position":3},"title":"Primeira massa de ar frio do inverno pode atingir o estado de SP; Veja quando","author":"noticiasribeiraopreto.com.br","date":"23 de June de 2024","format":false,"excerpt":"A primeira massa de ar frio do inverno, que come\u00e7ou na \u00faltima quinta-feira (20), j\u00e1 tem data para chegar ao estado de S\u00e3o Paulo, de acordo com a meteorologia. Uma nova frente fria se formou atrav\u00e9s de duas \u00e1reas de baixa press\u00e3o atmosf\u00e9rica neste final de semana, contudo, esse sistema\u2026","rel":"","context":"In &quot;Not\u00edcias de Ribeir\u00e3o Preto-SP e Regi\u00e3o&quot;","block_context":{"text":"Not\u00edcias de Ribeir\u00e3o Preto-SP e Regi\u00e3o","link":"https:\/\/noticiasribeiraopreto.com.br\/index.php\/category\/noticias-de-ribeirao-preto-sp-e-regiao-ismael-colosi\/"},"img":{"alt_text":"","src":"https:\/\/i0.wp.com\/noticiasribeiraopreto.com.br\/wp-content\/uploads\/2024\/04\/AnyConv.com__frio.webp.webp?fit=1200%2C800&ssl=1&resize=350%2C200","width":350,"height":200,"srcset":"https:\/\/i0.wp.com\/noticiasribeiraopreto.com.br\/wp-content\/uploads\/2024\/04\/AnyConv.com__frio.webp.webp?fit=1200%2C800&ssl=1&resize=350%2C200 1x, https:\/\/i0.wp.com\/noticiasribeiraopreto.com.br\/wp-content\/uploads\/2024\/04\/AnyConv.com__frio.webp.webp?fit=1200%2C800&ssl=1&resize=525%2C300 1.5x, https:\/\/i0.wp.com\/noticiasribeiraopreto.com.br\/wp-content\/uploads\/2024\/04\/AnyConv.com__frio.webp.webp?fit=1200%2C800&ssl=1&resize=700%2C400 2x, https:\/\/i0.wp.com\/noticiasribeiraopreto.com.br\/wp-content\/uploads\/2024\/04\/AnyConv.com__frio.webp.webp?fit=1200%2C800&ssl=1&resize=1050%2C600 3x"},"classes":[]},{"id":70507,"url":"https:\/\/noticiasribeiraopreto.com.br\/index.php\/2025\/05\/27\/veja-o-mapa-da-primeira-onda-de-frio-do-ano-saiba-quando-sera-o-pico\/","url_meta":{"origin":72746,"position":4},"title":"Veja o mapa da primeira onda de frio do ano; Saiba quando ser\u00e1 o pico","author":"noticiasribeiraopreto.com.br","date":"27 de May de 2025","format":false,"excerpt":"A primeira onda de frio de 2025 est\u00e1 prevista para come\u00e7ar na pr\u00f3xima quinta-feira (29) e se estender at\u00e9 o dia 3 de junho. Veja o mapa abaixo. Segundo a Climatempo, as temperaturas podem ficar abaixo de 0\u00b0C no Sul do Brasil com possibilidade de neve. A meteorologia tamb\u00e9m aponta\u2026","rel":"","context":"In &quot;Not\u00edcias de Ribeir\u00e3o Preto-SP e Regi\u00e3o&quot;","block_context":{"text":"Not\u00edcias de Ribeir\u00e3o Preto-SP e Regi\u00e3o","link":"https:\/\/noticiasribeiraopreto.com.br\/index.php\/category\/noticias-de-ribeirao-preto-sp-e-regiao-ismael-colosi\/"},"img":{"alt_text":"onda de frio","src":"https:\/\/i0.wp.com\/www.acidadeon.com\/ribeiraopreto\/wp-content\/uploads\/sites\/3\/2025\/05\/WhatsApp-Image-2025-05-27-at-06.21.41_2025-05-27_13-15-32.webp?resize=350%2C200&ssl=1","width":350,"height":200,"srcset":"https:\/\/i0.wp.com\/www.acidadeon.com\/ribeiraopreto\/wp-content\/uploads\/sites\/3\/2025\/05\/WhatsApp-Image-2025-05-27-at-06.21.41_2025-05-27_13-15-32.webp?resize=350%2C200&ssl=1 1x, https:\/\/i0.wp.com\/www.acidadeon.com\/ribeiraopreto\/wp-content\/uploads\/sites\/3\/2025\/05\/WhatsApp-Image-2025-05-27-at-06.21.41_2025-05-27_13-15-32.webp?resize=525%2C300&ssl=1 1.5x, https:\/\/i0.wp.com\/www.acidadeon.com\/ribeiraopreto\/wp-content\/uploads\/sites\/3\/2025\/05\/WhatsApp-Image-2025-05-27-at-06.21.41_2025-05-27_13-15-32.webp?resize=700%2C400&ssl=1 2x, https:\/\/i0.wp.com\/www.acidadeon.com\/ribeiraopreto\/wp-content\/uploads\/sites\/3\/2025\/05\/WhatsApp-Image-2025-05-27-at-06.21.41_2025-05-27_13-15-32.webp?resize=1050%2C600&ssl=1 3x"},"classes":[]},{"id":72374,"url":"https:\/\/noticiasribeiraopreto.com.br\/index.php\/2025\/06\/16\/frio-intenso-ou-ameno-veja-a-previsao-do-tempo-para-o-inverno-2025\/","url_meta":{"origin":72746,"position":5},"title":"Frio intenso ou ameno? Veja a previs\u00e3o do tempo para o inverno 2025","author":"noticiasribeiraopreto.com.br","date":"16 de June de 2025","format":false,"excerpt":"O outono est\u00e1 na sua reta final. Nesta sexta-feira (20), \u00e0s 23h42 (hor\u00e1rio de Bras\u00edlia), come\u00e7a o inverno no Brasil. A esta\u00e7\u00e3o, no entanto, deve apresentar temperaturas m\u00e9dias a mais elevadas em grande parte do Brasil. De acordo com os especialistas, os maiores desvios de temperatura est\u00e3o previstos para as\u2026","rel":"","context":"In &quot;Not\u00edcias de Ribeir\u00e3o Preto-SP e Regi\u00e3o&quot;","block_context":{"text":"Not\u00edcias de Ribeir\u00e3o Preto-SP e Regi\u00e3o","link":"https:\/\/noticiasribeiraopreto.com.br\/index.php\/category\/noticias-de-ribeirao-preto-sp-e-regiao-ismael-colosi\/"},"img":{"alt_text":"","src":"https:\/\/i0.wp.com\/noticiasribeiraopreto.com.br\/wp-content\/uploads\/2025\/06\/AnyConv.com__frio.webp.webp?fit=1200%2C800&ssl=1&resize=350%2C200","width":350,"height":200,"srcset":"https:\/\/i0.wp.com\/noticiasribeiraopreto.com.br\/wp-content\/uploads\/2025\/06\/AnyConv.com__frio.webp.webp?fit=1200%2C800&ssl=1&resize=350%2C200 1x, https:\/\/i0.wp.com\/noticiasribeiraopreto.com.br\/wp-content\/uploads\/2025\/06\/AnyConv.com__frio.webp.webp?fit=1200%2C800&ssl=1&resize=525%2C300 1.5x, https:\/\/i0.wp.com\/noticiasribeiraopreto.com.br\/wp-content\/uploads\/2025\/06\/AnyConv.com__frio.webp.webp?fit=1200%2C800&ssl=1&resize=700%2C400 2x, https:\/\/i0.wp.com\/noticiasribeiraopreto.com.br\/wp-content\/uploads\/2025\/06\/AnyConv.com__frio.webp.webp?fit=1200%2C800&ssl=1&resize=1050%2C600 3x"},"classes":[]}],"jetpack_sharing_enabled":true,"jetpack_shortlink":"https:\/\/wp.me\/peQAOb-iVk","_links":{"self":[{"href":"https:\/\/noticiasribeiraopreto.com.br\/index.php\/wp-json\/wp\/v2\/posts\/72746","targetHints":{"allow":["GET"]}}],"collection":[{"href":"https:\/\/noticiasribeiraopreto.com.br\/index.php\/wp-json\/wp\/v2\/posts"}],"about":[{"href":"https:\/\/noticiasribeiraopreto.com.br\/index.php\/wp-json\/wp\/v2\/types\/post"}],"author":[{"embeddable":true,"href":"https:\/\/noticiasribeiraopreto.com.br\/index.php\/wp-json\/wp\/v2\/users\/1"}],"replies":[{"embeddable":true,"href":"https:\/\/noticiasribeiraopreto.com.br\/index.php\/wp-json\/wp\/v2\/comments?post=72746"}],"version-history":[{"count":0,"href":"https:\/\/noticiasribeiraopreto.com.br\/index.php\/wp-json\/wp\/v2\/posts\/72746\/revisions"}],"wp:featuredmedia":[{"embeddable":true,"href":"https:\/\/noticiasribeiraopreto.com.br\/index.php\/wp-json\/wp\/v2\/media\/72747"}],"wp:attachment":[{"href":"https:\/\/noticiasribeiraopreto.com.br\/index.php\/wp-json\/wp\/v2\/media?parent=72746"}],"wp:term":[{"taxonomy":"category","embeddable":true,"href":"https:\/\/noticiasribeiraopreto.com.br\/index.php\/wp-json\/wp\/v2\/categories?post=72746"},{"taxonomy":"post_tag","embeddable":true,"href":"https:\/\/noticiasribeiraopreto.com.br\/index.php\/wp-json\/wp\/v2\/tags?post=72746"}],"curies":[{"name":"wp","href":"https:\/\/api.w.org\/{rel}","templated":true}]}}