{"id":72748,"date":"2025-06-20T17:28:05","date_gmt":"2025-06-20T20:28:05","guid":{"rendered":"https:\/\/noticiasribeiraopreto.com.br\/index.php\/2025\/06\/20\/jornal-da-franca-veja-dicas-de-como-lavar-as-toalhas-corretamente-para-evitar-mau-cheiro-e-mofo\/"},"modified":"2025-06-20T17:28:05","modified_gmt":"2025-06-20T20:28:05","slug":"jornal-da-franca-veja-dicas-de-como-lavar-as-toalhas-corretamente-para-evitar-mau-cheiro-e-mofo","status":"publish","type":"post","link":"https:\/\/noticiasribeiraopreto.com.br\/index.php\/2025\/06\/20\/jornal-da-franca-veja-dicas-de-como-lavar-as-toalhas-corretamente-para-evitar-mau-cheiro-e-mofo\/","title":{"rendered":"Jornal da Franca &#8211; Veja dicas de como lavar as toalhas corretamente para evitar mau cheiro e mofo"},"content":{"rendered":"<div class='code-block code-block-1' style='margin: 8px 0 8px auto; text-align: right; display: block; clear: both;'>\n<p><a href=\"https:\/\/wa.link\/vpicfd\"><img data-recalc-dims=\"1\" class=\"wp-image-4922\" style=\"aspect-ratio: 2.0253164556962027; width: 561px; height: auto;\" src=\"https:\/\/i0.wp.com\/ismaelcolosi.com.br\/wp-content\/uploads\/2023\/11\/grupo-de-empregos-whatsapp-e-facebook-ismael-colosi-vagas.jpg?ssl=1\" alt=\"\" \/><\/a><\/p>\n<!-- \/wp:image -->\n<\/div>\n<p> <br \/>\n<\/p>\n<div>\n<p>Usar os produtos corretos na quantidade indicada s\u00e3o um detalhe que faz toda a diferen\u00e7a na higieniza\u00e7\u00e3o das toalhas.<\/p>\n<\/p><\/div>\n<div>\n<p><img data-recalc-dims=\"1\" decoding=\"async\" src=\"https:\/\/i0.wp.com\/www.jornaldafranca.com.br\/wp-content\/uploads\/2025\/06\/essa-000.jpg?ssl=1\" alt=\"\"\/><\/p>\n<p>Lavar corretamente as toalhas \u00e9 essencial para evitar aquela sensa\u00e7\u00e3o desagrad\u00e1vel e \u00e1spera e o\u00a0mau cheiro, al\u00e9m de quest\u00f5es ainda mais s\u00e9rias, como o mofo. Para isso, voc\u00ea precisar ter aten\u00e7\u00e3o \u00e0 uma s\u00e9rie de quest\u00f5es.<\/p>\n<p>\u00c9 importante realizar a higieniza\u00e7\u00e3o com a frequ\u00eancia correta, usar os produtos certos e ter outros cuidados para garantir que as toalhas estejam realmente limpas.<\/p>\n<p><strong>Por que dar aten\u00e7\u00e3o \u00e0 limpeza das toalhas?<\/strong><\/p>\n<p>O\u00a0G1\u00a0ouviu a especialista em cuidados t\u00eaxteis da lavanderia Marin\u00eas Cassiano e a professora do departamento de biologia da Universidade Federal do Cear\u00e1 Denise Cavalcante Hissa, que\u00a0ressaltaram que a umidade favorece o ac\u00famulo de bact\u00e9rias, fungos, leveduras, v\u00edrus e \u00e1caros.<\/p>\n<p>\u201cA nossa pele abriga de 10 mil a 1 milh\u00e3o de microrganismos vivos que podem ser passados para a toalha no momento da secagem\u201d, explica Denise.<\/p>\n<p>Os microorganismos na toalha podem provocar doen\u00e7as de pele ou infec\u00e7\u00f5es respirat\u00f3rias, portanto higieniz\u00e1-las corretamente \u00e9 fundamental para garantir a sa\u00fade e bem-estar.<\/p>\n<p><strong>Como lavar as toalhas da forma correta?<\/strong><\/p>\n<p>\u00c9 necess\u00e1rio cautela desde a separa\u00e7\u00e3o das pe\u00e7as at\u00e9 o armazenamento das toalhas!<\/p>\n<p><strong>1. Lave as toalhas toda semana<\/strong><\/p>\n<p>Voc\u00ea deve trocar as toalhas do uso semanalmente, por\u00e9m, caso perceba que elas est\u00e3o com cheiro ruim ou outros sinais de sujeira \u00e9 interessante lav\u00e1-la antes de completar os sete dias.<\/p>\n<p><strong>2. Separe as toalhas de outras pe\u00e7as<\/strong><\/p>\n<p>Coloque apenas as toalhas na m\u00e1quina de lavar, pois o atrito com outros tecidos pode causar desgaste. A\u00a0<a href=\"https:\/\/www.consul.com.br\/facilita-consul\/ihhh-agora\/como-lavar-toalha-de-banho\/\" target=\"_blank\" rel=\"noopener\">Consul<\/a>\u00a0recomenda deixar essas pe\u00e7as separadas at\u00e9 antes da higieniza\u00e7\u00e3o, j\u00e1 que as toalhas entram em contato com partes sens\u00edveis do corpo.<\/p>\n<p><strong>3. Tenha aten\u00e7\u00e3o \u00e0s recomenda\u00e7\u00f5es da etiqueta<\/strong><\/p>\n<p>\u00c9 importante ver as recomenda\u00e7\u00f5es de lavagem da etiqueta da toalha, pois alguns fabricantes de toalhas pedem para evitar o uso de amaciante, al\u00e9m de outras instru\u00e7\u00f5es essenciais para n\u00e3o danificar as pe\u00e7as.<\/p>\n<p><strong>4. Utilize a quantidade certa de sab\u00e3o<\/strong><\/p>\n<p>Ainda conforme a Consul, pouco sab\u00e3o n\u00e3o lava direito, j\u00e1 que muita \u00e1gua causa dilui\u00e7\u00e3o e, consequentemente, pouco sab\u00e3o. Use a quantidade correta para a carga de toalhas que vai lavar, seguindo a medida indicada pelo fabricante da m\u00e1quina.<\/p>\n<p><strong>5. Use vinagre branco nas toalhas<\/strong><\/p>\n<p>Segundo o G1 e o site da Consul,\u00a0o vinagre branco (de \u00e1lcool ou ma\u00e7\u00e3) \u00e9 um poderoso aliado para ajudar a remover o excesso de sab\u00e3o e deixar as toalhas mais macias. Voc\u00ea pode usar uma x\u00edcara (ch\u00e1) de vinagre para cada lavadora cheia, ou seguir a medida indicada pelo fabricante para o dep\u00f3sito de amaciante. Fique tranquilo, pois o vinagre n\u00e3o vai deixar cheiro nas pe\u00e7as!<\/p>\n<p><strong>6. Coloque as toalhas para secar em local bem ventilado e sem sol<\/strong><\/p>\n<p>\u00c9 fundamental esperar as toalhas estarem totalmente secas antes de guardar, para evitar mofo e mau-cheiro. Prefira estender as pe\u00e7as em um lugar bem ventilado, e sem sol, que pode diminuir sua vida \u00fatil.<\/p>\n<p><strong>7. Guarde as toalhas em um local bem ventilado<\/strong><\/p>\n<p>A pouca ventila\u00e7\u00e3o favorece o mofo, ent\u00e3o certifique-se que o lugar em que voc\u00ea vai guardar as toalhas \u00e9 bem arejado. Segundo not\u00edcia do<a href=\"https:\/\/selecoes.ig.com.br\/casa-decoracao\/essa-e-a-forma-certa-de-lavar-toalhas-para-evitar-mau-cheiro-e-mofo\/\" target=\"_blank\" rel=\"noopener\"><strong> portal Sele\u00e7\u00f5es,<\/strong><\/a> voc\u00ea pode deixar o guarda-roupa aberto por 30 minutos diariamente para evitar problemas!<\/p>\n<\/div>\n<p><br \/>\n<br \/><a href=\"https:\/\/www.jornaldafranca.com.br\/veja-dicas-do-jeito-certo-de-lavar-as-toalhas-para-evitar-mau-cheiro-e-mofo\/\">Source link <\/a><\/p>\n<!-- CONTENT END 1 -->\n","protected":false},"excerpt":{"rendered":"<p>Usar os produtos corretos na quantidade indicada s\u00e3o um detalhe que faz toda a diferen\u00e7a na higieniza\u00e7\u00e3o das toalhas. Lavar corretamente as toalhas \u00e9 essencial&#8230;<\/p>\n","protected":false},"author":1,"featured_media":72749,"comment_status":"open","ping_status":"open","sticky":false,"template":"","format":"standard","meta":{"advanced_seo_description":"","jetpack_seo_html_title":"","jetpack_seo_noindex":false,"jetpack_post_was_ever_published":false,"_jetpack_newsletter_access":"","_jetpack_dont_email_post_to_subs":false,"_jetpack_newsletter_tier_id":0,"_jetpack_memberships_contains_paywalled_content":false,"_jetpack_memberships_contains_paid_content":false,"footnotes":"","jetpack_publicize_message":"","jetpack_publicize_feature_enabled":true,"jetpack_social_post_already_shared":true,"jetpack_social_options":{"image_generator_settings":{"template":"highway","default_image_id":0,"font":"","enabled":false},"version":2}},"categories":[3597],"tags":[],"class_list":["post-72748","post","type-post","status-publish","format-standard","has-post-thumbnail","hentry","category-noticias-franca-sp"],"jetpack_publicize_connections":[],"jetpack_featured_media_url":"https:\/\/i0.wp.com\/noticiasribeiraopreto.com.br\/wp-content\/uploads\/2025\/06\/essa-000.jpg?fit=1000%2C667&ssl=1","jetpack-related-posts":[{"id":64482,"url":"https:\/\/noticiasribeiraopreto.com.br\/index.php\/2025\/03\/08\/jornal-da-franca-roupa-manchada-e-com-cheiro-ruim-pare-agora-com-os-piores-erros-durante-a-lavagem\/","url_meta":{"origin":72748,"position":0},"title":"Jornal da Franca &#8211; Roupa manchada e com cheiro ruim: Pare agora com os piores erros durante a lavagem","author":"noticiasribeiraopreto.com.br","date":"8 de March de 2025","format":false,"excerpt":"compartilhar no whatsapp compartilhar no telegram compartilhar no facebook compartilhar no linkedin Os erros comuns na lavagem de roupas levam ao mau cheiro: Aprenda a evit\u00e1-los para garantir roupas sempre limpas e perfumadas Ter\u00a0roupas\u00a0limpas e cheirosas \u00e9 uma prioridade para muitos, mas n\u00e3o \u00e9 raro enfrentar o problema de odores\u2026","rel":"","context":"In &quot;Not\u00edcias de Franca-SP&quot;","block_context":{"text":"Not\u00edcias de Franca-SP","link":"https:\/\/noticiasribeiraopreto.com.br\/index.php\/category\/noticias-de-ribeirao-preto-sp-e-regiao-ismael-colosi\/noticias-franca-sp\/"},"img":{"alt_text":"","src":"https:\/\/i0.wp.com\/noticiasribeiraopreto.com.br\/wp-content\/uploads\/2025\/03\/2149117038.jpg?fit=1000%2C667&ssl=1&resize=350%2C200","width":350,"height":200,"srcset":"https:\/\/i0.wp.com\/noticiasribeiraopreto.com.br\/wp-content\/uploads\/2025\/03\/2149117038.jpg?fit=1000%2C667&ssl=1&resize=350%2C200 1x, https:\/\/i0.wp.com\/noticiasribeiraopreto.com.br\/wp-content\/uploads\/2025\/03\/2149117038.jpg?fit=1000%2C667&ssl=1&resize=525%2C300 1.5x, https:\/\/i0.wp.com\/noticiasribeiraopreto.com.br\/wp-content\/uploads\/2025\/03\/2149117038.jpg?fit=1000%2C667&ssl=1&resize=700%2C400 2x"},"classes":[]},{"id":70193,"url":"https:\/\/noticiasribeiraopreto.com.br\/index.php\/2025\/05\/23\/jornal-da-franca-receita-caseira-saiba-se-a-toalha-molhada-na-cabeceira-da-cama-resolve-a-tosse-seca\/","url_meta":{"origin":72748,"position":1},"title":"Jornal da Franca &#8211; Receita caseira: saiba se a toalha molhada na cabeceira da cama resolve a tosse seca","author":"noticiasribeiraopreto.com.br","date":"23 de May de 2025","format":false,"excerpt":"compartilhar no whatsapp compartilhar no telegram compartilhar no facebook compartilhar no linkedin A toalha na cabeceira da cama faz parte das receitas caseiras populares que todos conhecemos A toalha na cabeceira da cama faz parte das receitas caseiras populares que todos conhecemos C\u200bom a recente inconst\u00e2ncia das chuvas e as\u2026","rel":"","context":"In &quot;Not\u00edcias de Franca-SP&quot;","block_context":{"text":"Not\u00edcias de Franca-SP","link":"https:\/\/noticiasribeiraopreto.com.br\/index.php\/category\/noticias-de-ribeirao-preto-sp-e-regiao-ismael-colosi\/noticias-franca-sp\/"},"img":{"alt_text":"","src":"https:\/\/i0.wp.com\/noticiasribeiraopreto.com.br\/wp-content\/uploads\/2025\/05\/tempo-seco.jpg?fit=1200%2C674&ssl=1&resize=350%2C200","width":350,"height":200,"srcset":"https:\/\/i0.wp.com\/noticiasribeiraopreto.com.br\/wp-content\/uploads\/2025\/05\/tempo-seco.jpg?fit=1200%2C674&ssl=1&resize=350%2C200 1x, https:\/\/i0.wp.com\/noticiasribeiraopreto.com.br\/wp-content\/uploads\/2025\/05\/tempo-seco.jpg?fit=1200%2C674&ssl=1&resize=525%2C300 1.5x, https:\/\/i0.wp.com\/noticiasribeiraopreto.com.br\/wp-content\/uploads\/2025\/05\/tempo-seco.jpg?fit=1200%2C674&ssl=1&resize=700%2C400 2x, https:\/\/i0.wp.com\/noticiasribeiraopreto.com.br\/wp-content\/uploads\/2025\/05\/tempo-seco.jpg?fit=1200%2C674&ssl=1&resize=1050%2C600 3x"},"classes":[]},{"id":70233,"url":"https:\/\/noticiasribeiraopreto.com.br\/index.php\/2025\/05\/23\/jornal-da-franca-como-limpar-maquina-de-lavar-roupa-confira-10-dicas-simples-e-eficientes\/","url_meta":{"origin":72748,"position":2},"title":"Jornal da Franca &#8211; Como limpar m\u00e1quina de lavar roupa: confira 10 dicas simples e eficientes!","author":"noticiasribeiraopreto.com.br","date":"23 de May de 2025","format":false,"excerpt":"compartilhar no whatsapp compartilhar no telegram compartilhar no facebook compartilhar no linkedin O ac\u00famulo de detritos pelos e produtos de limpeza pede por uma limpeza recorrente da m\u00e1quina de lavar roupa M\u00e1quina de lavar roupas tamb\u00e9m precisa de limpeza peri\u00f3dica \u2013 foto Arquivo \u00a0 Usada para lavagem de roupas e\u2026","rel":"","context":"In &quot;Not\u00edcias de Franca-SP&quot;","block_context":{"text":"Not\u00edcias de Franca-SP","link":"https:\/\/noticiasribeiraopreto.com.br\/index.php\/category\/noticias-de-ribeirao-preto-sp-e-regiao-ismael-colosi\/noticias-franca-sp\/"},"img":{"alt_text":"","src":"https:\/\/i0.wp.com\/noticiasribeiraopreto.com.br\/wp-content\/uploads\/2025\/05\/limpeza_de_maquina_de_lavar-scaled-1698513435.jpg?fit=1200%2C810&ssl=1&resize=350%2C200","width":350,"height":200,"srcset":"https:\/\/i0.wp.com\/noticiasribeiraopreto.com.br\/wp-content\/uploads\/2025\/05\/limpeza_de_maquina_de_lavar-scaled-1698513435.jpg?fit=1200%2C810&ssl=1&resize=350%2C200 1x, https:\/\/i0.wp.com\/noticiasribeiraopreto.com.br\/wp-content\/uploads\/2025\/05\/limpeza_de_maquina_de_lavar-scaled-1698513435.jpg?fit=1200%2C810&ssl=1&resize=525%2C300 1.5x, https:\/\/i0.wp.com\/noticiasribeiraopreto.com.br\/wp-content\/uploads\/2025\/05\/limpeza_de_maquina_de_lavar-scaled-1698513435.jpg?fit=1200%2C810&ssl=1&resize=700%2C400 2x, https:\/\/i0.wp.com\/noticiasribeiraopreto.com.br\/wp-content\/uploads\/2025\/05\/limpeza_de_maquina_de_lavar-scaled-1698513435.jpg?fit=1200%2C810&ssl=1&resize=1050%2C600 3x"},"classes":[]},{"id":72302,"url":"https:\/\/noticiasribeiraopreto.com.br\/index.php\/2025\/06\/15\/jornal-da-franca-muitos-jovens-ainda-espremem-cravos-e-espinhas-conheca-o-estrago-que-isso-causa\/","url_meta":{"origin":72748,"position":3},"title":"Jornal da Franca &#8211; Muitos jovens ainda espremem cravos e espinhas. Conhe\u00e7a o estrago que isso causa","author":"noticiasribeiraopreto.com.br","date":"15 de June de 2025","format":false,"excerpt":"compartilhar no whatsapp compartilhar no telegram compartilhar no facebook compartilhar no linkedin Os cravos s\u00e3o o pesadelo de muitos adolescentes e, em alguns casos, de adultos tamb\u00e9m Os cravos s\u00e3o o pesadelo de muitos adolescentes e, em alguns casos, de adultos tamb\u00e9m. Cravos e espinhas s\u00e3o um tormento para os\u2026","rel":"","context":"In &quot;Not\u00edcias de Franca-SP&quot;","block_context":{"text":"Not\u00edcias de Franca-SP","link":"https:\/\/noticiasribeiraopreto.com.br\/index.php\/category\/noticias-de-ribeirao-preto-sp-e-regiao-ismael-colosi\/noticias-franca-sp\/"},"img":{"alt_text":"","src":"https:\/\/i0.wp.com\/noticiasribeiraopreto.com.br\/wp-content\/uploads\/2025\/06\/maxresdefault-3-1.jpg?fit=1200%2C675&ssl=1&resize=350%2C200","width":350,"height":200,"srcset":"https:\/\/i0.wp.com\/noticiasribeiraopreto.com.br\/wp-content\/uploads\/2025\/06\/maxresdefault-3-1.jpg?fit=1200%2C675&ssl=1&resize=350%2C200 1x, https:\/\/i0.wp.com\/noticiasribeiraopreto.com.br\/wp-content\/uploads\/2025\/06\/maxresdefault-3-1.jpg?fit=1200%2C675&ssl=1&resize=525%2C300 1.5x, https:\/\/i0.wp.com\/noticiasribeiraopreto.com.br\/wp-content\/uploads\/2025\/06\/maxresdefault-3-1.jpg?fit=1200%2C675&ssl=1&resize=700%2C400 2x, https:\/\/i0.wp.com\/noticiasribeiraopreto.com.br\/wp-content\/uploads\/2025\/06\/maxresdefault-3-1.jpg?fit=1200%2C675&ssl=1&resize=1050%2C600 3x"},"classes":[]},{"id":66643,"url":"https:\/\/noticiasribeiraopreto.com.br\/index.php\/2025\/04\/03\/jornal-da-franca-por-que-as-roupas-nao-ficam-com-cheiro-de-lavadas-apos-tiradas-da-maquina-de-lavar\/","url_meta":{"origin":72748,"position":4},"title":"Jornal da Franca &#8211; Por que as roupas n\u00e3o ficam com cheiro de lavadas ap\u00f3s tiradas da m\u00e1quina de lavar?","author":"noticiasribeiraopreto.com.br","date":"3 de April de 2025","format":false,"excerpt":"compartilhar no whatsapp compartilhar no telegram compartilhar no facebook compartilhar no linkedin Fa\u00e7a o teste nas pr\u00f3ximas lavagens e avalie se as suas roupas ficar\u00e3o com um cheirinho mais agrad\u00e1vel e com o frescor desejado. Voc\u00ea sabe por que as suas roupas n\u00e3o ficam com o cheiro de amaciante ap\u00f3s\u2026","rel":"","context":"In &quot;Not\u00edcias de Franca-SP&quot;","block_context":{"text":"Not\u00edcias de Franca-SP","link":"https:\/\/noticiasribeiraopreto.com.br\/index.php\/category\/noticias-de-ribeirao-preto-sp-e-regiao-ismael-colosi\/noticias-franca-sp\/"},"img":{"alt_text":"","src":"https:\/\/i0.wp.com\/noticiasribeiraopreto.com.br\/wp-content\/uploads\/2025\/04\/22647.jpg?fit=1000%2C667&ssl=1&resize=350%2C200","width":350,"height":200,"srcset":"https:\/\/i0.wp.com\/noticiasribeiraopreto.com.br\/wp-content\/uploads\/2025\/04\/22647.jpg?fit=1000%2C667&ssl=1&resize=350%2C200 1x, https:\/\/i0.wp.com\/noticiasribeiraopreto.com.br\/wp-content\/uploads\/2025\/04\/22647.jpg?fit=1000%2C667&ssl=1&resize=525%2C300 1.5x, https:\/\/i0.wp.com\/noticiasribeiraopreto.com.br\/wp-content\/uploads\/2025\/04\/22647.jpg?fit=1000%2C667&ssl=1&resize=700%2C400 2x"},"classes":[]},{"id":65037,"url":"https:\/\/noticiasribeiraopreto.com.br\/index.php\/2025\/03\/14\/jornal-da-franca-voce-sabe-quando-e-hora-de-lavar-suas-roupas-jeans-descubra-qual-a-frequencia-ideal\/","url_meta":{"origin":72748,"position":5},"title":"Jornal da Franca &#8211; Voc\u00ea sabe quando \u00e9 hora de lavar suas roupas jeans? Descubra qual a frequ\u00eancia ideal","author":"noticiasribeiraopreto.com.br","date":"14 de March de 2025","format":false,"excerpt":"compartilhar no whatsapp compartilhar no telegram compartilhar no facebook compartilhar no linkedin Cada tipo de roupa tem uma forma correta de higienizar; entenda como lavar as pe\u00e7as jeans e com que frequ\u00eancia isso deve ser feito A frequ\u00eancia ideal para lavar seu jeans depende do uso e do contato com\u2026","rel":"","context":"In &quot;Not\u00edcias de Franca-SP&quot;","block_context":{"text":"Not\u00edcias de Franca-SP","link":"https:\/\/noticiasribeiraopreto.com.br\/index.php\/category\/noticias-de-ribeirao-preto-sp-e-regiao-ismael-colosi\/noticias-franca-sp\/"},"img":{"alt_text":"","src":"https:\/\/i0.wp.com\/noticiasribeiraopreto.com.br\/wp-content\/uploads\/2025\/03\/jeans-shutterstock.jpg?fit=1200%2C675&ssl=1&resize=350%2C200","width":350,"height":200,"srcset":"https:\/\/i0.wp.com\/noticiasribeiraopreto.com.br\/wp-content\/uploads\/2025\/03\/jeans-shutterstock.jpg?fit=1200%2C675&ssl=1&resize=350%2C200 1x, https:\/\/i0.wp.com\/noticiasribeiraopreto.com.br\/wp-content\/uploads\/2025\/03\/jeans-shutterstock.jpg?fit=1200%2C675&ssl=1&resize=525%2C300 1.5x, https:\/\/i0.wp.com\/noticiasribeiraopreto.com.br\/wp-content\/uploads\/2025\/03\/jeans-shutterstock.jpg?fit=1200%2C675&ssl=1&resize=700%2C400 2x, https:\/\/i0.wp.com\/noticiasribeiraopreto.com.br\/wp-content\/uploads\/2025\/03\/jeans-shutterstock.jpg?fit=1200%2C675&ssl=1&resize=1050%2C600 3x"},"classes":[]}],"jetpack_sharing_enabled":true,"jetpack_shortlink":"https:\/\/wp.me\/peQAOb-iVm","_links":{"self":[{"href":"https:\/\/noticiasribeiraopreto.com.br\/index.php\/wp-json\/wp\/v2\/posts\/72748","targetHints":{"allow":["GET"]}}],"collection":[{"href":"https:\/\/noticiasribeiraopreto.com.br\/index.php\/wp-json\/wp\/v2\/posts"}],"about":[{"href":"https:\/\/noticiasribeiraopreto.com.br\/index.php\/wp-json\/wp\/v2\/types\/post"}],"author":[{"embeddable":true,"href":"https:\/\/noticiasribeiraopreto.com.br\/index.php\/wp-json\/wp\/v2\/users\/1"}],"replies":[{"embeddable":true,"href":"https:\/\/noticiasribeiraopreto.com.br\/index.php\/wp-json\/wp\/v2\/comments?post=72748"}],"version-history":[{"count":0,"href":"https:\/\/noticiasribeiraopreto.com.br\/index.php\/wp-json\/wp\/v2\/posts\/72748\/revisions"}],"wp:featuredmedia":[{"embeddable":true,"href":"https:\/\/noticiasribeiraopreto.com.br\/index.php\/wp-json\/wp\/v2\/media\/72749"}],"wp:attachment":[{"href":"https:\/\/noticiasribeiraopreto.com.br\/index.php\/wp-json\/wp\/v2\/media?parent=72748"}],"wp:term":[{"taxonomy":"category","embeddable":true,"href":"https:\/\/noticiasribeiraopreto.com.br\/index.php\/wp-json\/wp\/v2\/categories?post=72748"},{"taxonomy":"post_tag","embeddable":true,"href":"https:\/\/noticiasribeiraopreto.com.br\/index.php\/wp-json\/wp\/v2\/tags?post=72748"}],"curies":[{"name":"wp","href":"https:\/\/api.w.org\/{rel}","templated":true}]}}