{"id":72757,"date":"2025-06-20T19:47:11","date_gmt":"2025-06-20T22:47:11","guid":{"rendered":"https:\/\/noticiasribeiraopreto.com.br\/index.php\/2025\/06\/20\/biblioteca-de-ribeirao-tem-festa-junina-gratuita-com-comidas-tipicas-shows-e-atividades-culturais\/"},"modified":"2025-06-20T19:47:11","modified_gmt":"2025-06-20T22:47:11","slug":"biblioteca-de-ribeirao-tem-festa-junina-gratuita-com-comidas-tipicas-shows-e-atividades-culturais","status":"publish","type":"post","link":"https:\/\/noticiasribeiraopreto.com.br\/index.php\/2025\/06\/20\/biblioteca-de-ribeirao-tem-festa-junina-gratuita-com-comidas-tipicas-shows-e-atividades-culturais\/","title":{"rendered":"Biblioteca de Ribeir\u00e3o tem festa junina gratuita com comidas t\u00edpicas, shows e atividades culturais"},"content":{"rendered":"<p> <br \/>\n<\/p>\n<div data-td-block-uid=\"tdi_95\">\n<div class=\"tdb-block-inner td-fix-index\">\n<p>A <strong>Biblioteca Sinh\u00e1 Junqueira<\/strong>, localizada no <strong>Centro<\/strong> de <strong>Ribeir\u00e3o Preto<\/strong> realiza a 2\u00aa edi\u00e7\u00e3o da <strong>Festa Junina BSJ<\/strong>, neste <strong>s\u00e1bado (21)<\/strong>, das <strong>14h \u00e0s 21h<\/strong>. <mark style=\"background-color:#fcb900\" class=\"has-inline-color\">A programa\u00e7\u00e3o gratuita inclui shows, comidas t\u00edpicas, atividades culturais e mais.<\/mark><\/p>\n<p>A maquiadora <strong>Suhelen Tica<\/strong> abre a programa\u00e7\u00e3o da festa com uma oficina de pinturas juninas para crian\u00e7as. As atra\u00e7\u00f5es musicais come\u00e7am \u00e0s <strong>16h<\/strong>, com o show de forr\u00f3 \u201c<strong>Canjunina<\/strong>\u201d, da banda <strong>Canja Caj\u00e1<\/strong>.<\/p>\n<p>\u00c0s <strong>17h<\/strong>, a <strong>Trupe Renda<\/strong> <strong>de Lenda<\/strong> mistura m\u00fasica e brincadeiras na apresenta\u00e7\u00e3o <strong>Balanc\u00ea Brincante<\/strong>. Encerrando a programa\u00e7\u00e3o, a cantora <strong>Kelly Fragiolli<\/strong> apresenta \u201c<strong>Forr\u00f3 Violado<\/strong>\u201d.<\/p>\n<p>Al\u00e9m disso, ao longo de toda a programa\u00e7\u00e3o, haver\u00e1 tamb\u00e9m barracas com alimentos t\u00edpicos e artesanatos produzido por artes\u00e3s da cidade.<\/p>\n<h2 class=\"wp-block-heading\"><strong>Servi\u00e7o<\/strong><\/h2>\n<p><strong><em>Festa Junina BSJ<\/em><\/strong><\/p>\n<p><strong>Quando: <\/strong>21 de junho, s\u00e1bado <strong><br \/>Hor\u00e1rio: <\/strong>Das 14h \u00e0s 21h<strong><br \/>Local: <\/strong>Biblioteca Sinh\u00e1 Junqueira | rua Duque de Caxias, 547 \u2013 Centro <strong><br \/>Entrada gratuita<\/strong><\/p>\n<p>SAIBA MAIS<br \/><strong>Festival da Lua Cheia, teatro e carros antigos: Confira op\u00e7\u00f5es para curtir o fim de semana<\/strong><\/p>\n<h4 class=\"wp-block-heading\"><strong>FIQUE ON<\/strong><\/h4>\n<p>Fique ligado em tudo que acontece em Ribeir\u00e3o Preto e regi\u00e3o. Siga os perfis do <strong>acidade on <\/strong>no <a href=\"https:\/\/www.instagram.com\/acidadeonribeirao\" target=\"_blank\" rel=\"noreferrer noopener\">Instagram<\/a> e no <a href=\"https:\/\/www.facebook.com\/acidadeonribeirao\" target=\"_blank\" rel=\"noreferrer noopener\">Facebook<\/a>.<\/p>\n<p>Receba not\u00edcias do acidade on no WhatsApp. Para entrar no grupo, basta <a href=\"https:\/\/chat.whatsapp.com\/BjKQZ9oJwlz8VVT50NuePq\" target=\"_blank\" rel=\"noreferrer noopener\">clicar aqui<\/a>.<\/p>\n<p>Fa\u00e7a uma den\u00fancia ou sugira uma reportagem sobre Ribeir\u00e3o Preto e regi\u00e3o pelo WhatsApp: 16 99117 7802.<\/p>\n<p>VEJA TAMB\u00c9M<br \/>Quando o BTS vai voltar?<\/p>\n<p><!-- CONTENT END 1 -->\n<\/div>\n<\/div>\n<p><script async src=\"\/\/www.instagram.com\/embed.js\"><\/script><br \/>\n<br \/><br \/>\n<br \/><a href=\"https:\/\/www.acidadeon.com\/ribeiraopreto\/lazer-e-cultura\/biblioteca-de-ribeirao-tem-festa-junina-gratuita-com-comidas-tipicas-shows-e-atividades-culturais\/\">Source link <\/a><\/p>\n","protected":false},"excerpt":{"rendered":"<p>A Biblioteca Sinh\u00e1 Junqueira, localizada no Centro de Ribeir\u00e3o Preto realiza a 2\u00aa edi\u00e7\u00e3o da Festa Junina BSJ, neste s\u00e1bado (21), das 14h \u00e0s 21h&#8230;.<\/p>\n","protected":false},"author":1,"featured_media":72758,"comment_status":"open","ping_status":"open","sticky":false,"template":"","format":"standard","meta":{"advanced_seo_description":"","jetpack_seo_html_title":"","jetpack_seo_noindex":false,"jetpack_post_was_ever_published":false,"_jetpack_newsletter_access":"","_jetpack_dont_email_post_to_subs":false,"_jetpack_newsletter_tier_id":0,"_jetpack_memberships_contains_paywalled_content":false,"_jetpack_memberships_contains_paid_content":false,"footnotes":"","jetpack_publicize_message":"","jetpack_publicize_feature_enabled":true,"jetpack_social_post_already_shared":true,"jetpack_social_options":{"image_generator_settings":{"template":"highway","default_image_id":0,"font":"","enabled":false},"version":2}},"categories":[11],"tags":[],"class_list":["post-72757","post","type-post","status-publish","format-standard","has-post-thumbnail","hentry","category-noticias-de-ribeirao-preto-sp-e-regiao-ismael-colosi"],"jetpack_publicize_connections":[],"jetpack_featured_media_url":"https:\/\/i0.wp.com\/noticiasribeiraopreto.com.br\/wp-content\/uploads\/2025\/06\/biblioteca_sinha_1024x576_18032021112547.jpg?fit=1024%2C576&ssl=1","jetpack-related-posts":[{"id":53417,"url":"https:\/\/noticiasribeiraopreto.com.br\/index.php\/2024\/06\/19\/biblioteca-de-ribeirao-preto-realiza-festa-junina-gratuita-veja-quando\/","url_meta":{"origin":72757,"position":0},"title":"Biblioteca de Ribeir\u00e3o Preto realiza festa junina gratuita; Veja quando","author":"noticiasribeiraopreto.com.br","date":"19 de June de 2024","format":false,"excerpt":"A Biblioteca Sinh\u00e1 Junqueira, no Centro de Ribeir\u00e3o Preto, realiza no pr\u00f3ximo s\u00e1bado (22), a primeira \u201cFesta Junina da BSJ\u201d, das 15h at\u00e9 \u00e0s 20h. A festa \u00e9 aberta ao p\u00fablico e tem entrada gratuita. O evento ter\u00e1 programa\u00e7\u00e3o cultural com m\u00fasicas t\u00edpicas e ao vivo, forr\u00f3 e maquiagem junina\u2026","rel":"","context":"In &quot;Not\u00edcias de Ribeir\u00e3o Preto-SP e Regi\u00e3o&quot;","block_context":{"text":"Not\u00edcias de Ribeir\u00e3o Preto-SP e Regi\u00e3o","link":"https:\/\/noticiasribeiraopreto.com.br\/index.php\/category\/noticias-de-ribeirao-preto-sp-e-regiao-ismael-colosi\/"},"img":{"alt_text":"","src":"https:\/\/i0.wp.com\/noticiasribeiraopreto.com.br\/wp-content\/uploads\/2024\/06\/img-20230615-wa0016.jpg?fit=1200%2C800&ssl=1&resize=350%2C200","width":350,"height":200,"srcset":"https:\/\/i0.wp.com\/noticiasribeiraopreto.com.br\/wp-content\/uploads\/2024\/06\/img-20230615-wa0016.jpg?fit=1200%2C800&ssl=1&resize=350%2C200 1x, https:\/\/i0.wp.com\/noticiasribeiraopreto.com.br\/wp-content\/uploads\/2024\/06\/img-20230615-wa0016.jpg?fit=1200%2C800&ssl=1&resize=525%2C300 1.5x, https:\/\/i0.wp.com\/noticiasribeiraopreto.com.br\/wp-content\/uploads\/2024\/06\/img-20230615-wa0016.jpg?fit=1200%2C800&ssl=1&resize=700%2C400 2x, https:\/\/i0.wp.com\/noticiasribeiraopreto.com.br\/wp-content\/uploads\/2024\/06\/img-20230615-wa0016.jpg?fit=1200%2C800&ssl=1&resize=1050%2C600 3x"},"classes":[]},{"id":70882,"url":"https:\/\/noticiasribeiraopreto.com.br\/index.php\/2025\/05\/30\/festa-musica-e-comidas-tipicas-rota-do-arraia-reune-as-quermesses-que-agitam-ribeirao-e-regiao\/","url_meta":{"origin":72757,"position":1},"title":"Festa, m\u00fasica e comidas t\u00edpicas: Rota do Arrai\u00e1 re\u00fane as quermesses que agitam Ribeir\u00e3o e regi\u00e3o","author":"noticiasribeiraopreto.com.br","date":"30 de May de 2025","format":false,"excerpt":"Entre os dias 30 de maio e 1\u00ba de junho, Ribeir\u00e3o Preto e cidades da regi\u00e3o entram no clima das festas juninas com uma programa\u00e7\u00e3o recheada de quermesses. A Rota do Arrai\u00e1 re\u00fane as celebra\u00e7\u00f5es que acontecem em diferentes bairros e distritos, trazendo comidas t\u00edpicas, m\u00fasica ao vivo, brincadeiras tradicionais\u2026","rel":"","context":"In &quot;Not\u00edcias de Ribeir\u00e3o Preto-SP e Regi\u00e3o&quot;","block_context":{"text":"Not\u00edcias de Ribeir\u00e3o Preto-SP e Regi\u00e3o","link":"https:\/\/noticiasribeiraopreto.com.br\/index.php\/category\/noticias-de-ribeirao-preto-sp-e-regiao-ismael-colosi\/"},"img":{"alt_text":"","src":"https:\/\/i0.wp.com\/noticiasribeiraopreto.com.br\/wp-content\/uploads\/2024\/05\/arraia_mio_di_bao_01_2024-05-31_23-08-24_jpeg_2024-05-31_23-08-24.webp.webp?fit=1200%2C776&ssl=1&resize=350%2C200","width":350,"height":200,"srcset":"https:\/\/i0.wp.com\/noticiasribeiraopreto.com.br\/wp-content\/uploads\/2024\/05\/arraia_mio_di_bao_01_2024-05-31_23-08-24_jpeg_2024-05-31_23-08-24.webp.webp?fit=1200%2C776&ssl=1&resize=350%2C200 1x, https:\/\/i0.wp.com\/noticiasribeiraopreto.com.br\/wp-content\/uploads\/2024\/05\/arraia_mio_di_bao_01_2024-05-31_23-08-24_jpeg_2024-05-31_23-08-24.webp.webp?fit=1200%2C776&ssl=1&resize=525%2C300 1.5x, https:\/\/i0.wp.com\/noticiasribeiraopreto.com.br\/wp-content\/uploads\/2024\/05\/arraia_mio_di_bao_01_2024-05-31_23-08-24_jpeg_2024-05-31_23-08-24.webp.webp?fit=1200%2C776&ssl=1&resize=700%2C400 2x, https:\/\/i0.wp.com\/noticiasribeiraopreto.com.br\/wp-content\/uploads\/2024\/05\/arraia_mio_di_bao_01_2024-05-31_23-08-24_jpeg_2024-05-31_23-08-24.webp.webp?fit=1200%2C776&ssl=1&resize=1050%2C600 3x"},"classes":[]},{"id":51891,"url":"https:\/\/noticiasribeiraopreto.com.br\/index.php\/2024\/05\/31\/festa-junina-em-shopping-de-ribeirao-preto-tem-comidas-tipicas-shows-e-espaco-kids\/","url_meta":{"origin":72757,"position":2},"title":"Festa junina em shopping de Ribeir\u00e3o Preto tem comidas t\u00edpicas, shows e espa\u00e7o kids","author":"noticiasribeiraopreto.com.br","date":"31 de May de 2024","format":false,"excerpt":"A segunda edi\u00e7\u00e3o do Arrai\u00e1 Mio di B\u00e3o come\u00e7ou nesta quinta-feira (30), no estacionamento do Novo Shopping, zona Leste de Ribeir\u00e3o Preto. O evento acontece at\u00e9 o dia 30 de junho. Com entrada e estacionamento gratuitos, a festa junina possui diversas barracas com comidas e bebidas t\u00edpicas, espa\u00e7o kids, shows\u2026","rel":"","context":"In &quot;Not\u00edcias de Ribeir\u00e3o Preto-SP e Regi\u00e3o&quot;","block_context":{"text":"Not\u00edcias de Ribeir\u00e3o Preto-SP e Regi\u00e3o","link":"https:\/\/noticiasribeiraopreto.com.br\/index.php\/category\/noticias-de-ribeirao-preto-sp-e-regiao-ismael-colosi\/"},"img":{"alt_text":"","src":"https:\/\/i0.wp.com\/noticiasribeiraopreto.com.br\/wp-content\/uploads\/2024\/05\/arraia_mio_di_bao_01_2024-05-31_23-08-24_jpeg_2024-05-31_23-08-24.webp.webp?fit=1200%2C776&ssl=1&resize=350%2C200","width":350,"height":200,"srcset":"https:\/\/i0.wp.com\/noticiasribeiraopreto.com.br\/wp-content\/uploads\/2024\/05\/arraia_mio_di_bao_01_2024-05-31_23-08-24_jpeg_2024-05-31_23-08-24.webp.webp?fit=1200%2C776&ssl=1&resize=350%2C200 1x, https:\/\/i0.wp.com\/noticiasribeiraopreto.com.br\/wp-content\/uploads\/2024\/05\/arraia_mio_di_bao_01_2024-05-31_23-08-24_jpeg_2024-05-31_23-08-24.webp.webp?fit=1200%2C776&ssl=1&resize=525%2C300 1.5x, https:\/\/i0.wp.com\/noticiasribeiraopreto.com.br\/wp-content\/uploads\/2024\/05\/arraia_mio_di_bao_01_2024-05-31_23-08-24_jpeg_2024-05-31_23-08-24.webp.webp?fit=1200%2C776&ssl=1&resize=700%2C400 2x, https:\/\/i0.wp.com\/noticiasribeiraopreto.com.br\/wp-content\/uploads\/2024\/05\/arraia_mio_di_bao_01_2024-05-31_23-08-24_jpeg_2024-05-31_23-08-24.webp.webp?fit=1200%2C776&ssl=1&resize=1050%2C600 3x"},"classes":[]},{"id":49148,"url":"https:\/\/noticiasribeiraopreto.com.br\/index.php\/2024\/05\/08\/festa-junina-em-estacionamento-de-shopping-de-ribeirao-preto-tem-entrada-gratuita\/","url_meta":{"origin":72757,"position":3},"title":"Festa Junina em estacionamento de shopping de Ribeir\u00e3o Preto tem entrada gratuita","author":"noticiasribeiraopreto.com.br","date":"8 de May de 2024","format":false,"excerpt":"O segundo \u201cArrai\u00e1 Mio Di B\u00e3o \u2013 Ribeir\u00e3o!\u201d, que re\u00fane shows, comidas t\u00edpicas e a\u00e7\u00f5es solid\u00e1rias, no estacionamento do Novo Shopping, na zona Leste da cidade, acontece de 30 de maio a 30 e junho. Com entrada e estacionamento gratuitos, o evento contar\u00e1 com diversas barracas com comidas e bebidas\u2026","rel":"","context":"In &quot;Not\u00edcias de Ribeir\u00e3o Preto-SP e Regi\u00e3o&quot;","block_context":{"text":"Not\u00edcias de Ribeir\u00e3o Preto-SP e Regi\u00e3o","link":"https:\/\/noticiasribeiraopreto.com.br\/index.php\/category\/noticias-de-ribeirao-preto-sp-e-regiao-ismael-colosi\/"},"img":{"alt_text":"","src":"https:\/\/i0.wp.com\/noticiasribeiraopreto.com.br\/wp-content\/uploads\/2024\/05\/Capturar_2024-05-08_22-00-18_jpg_2024-05-08_22-00-18.webp.webp?fit=774%2C518&ssl=1&resize=350%2C200","width":350,"height":200,"srcset":"https:\/\/i0.wp.com\/noticiasribeiraopreto.com.br\/wp-content\/uploads\/2024\/05\/Capturar_2024-05-08_22-00-18_jpg_2024-05-08_22-00-18.webp.webp?fit=774%2C518&ssl=1&resize=350%2C200 1x, https:\/\/i0.wp.com\/noticiasribeiraopreto.com.br\/wp-content\/uploads\/2024\/05\/Capturar_2024-05-08_22-00-18_jpg_2024-05-08_22-00-18.webp.webp?fit=774%2C518&ssl=1&resize=525%2C300 1.5x, https:\/\/i0.wp.com\/noticiasribeiraopreto.com.br\/wp-content\/uploads\/2024\/05\/Capturar_2024-05-08_22-00-18_jpg_2024-05-08_22-00-18.webp.webp?fit=774%2C518&ssl=1&resize=700%2C400 2x"},"classes":[]},{"id":73173,"url":"https:\/\/noticiasribeiraopreto.com.br\/index.php\/2025\/06\/26\/ribeirao-preto-recebe-o-arraia-veg-com-130-opcoes-de-comidas-e-bebidas-veganas-veja-quando\/","url_meta":{"origin":72757,"position":4},"title":"Ribeir\u00e3o Preto recebe o &#8216;Arrai\u00e1 Veg&#8217; com 130 op\u00e7\u00f5es de comidas e bebidas veganas; Veja quando","author":"noticiasribeiraopreto.com.br","date":"26 de June de 2025","format":false,"excerpt":"Ribeir\u00e3o Preto receber\u00e1 a 7\u00aa edi\u00e7\u00e3o do \u201cArrai\u00e1 Veg\u201d, com del\u00edcias t\u00edpicas das festas juninas em vers\u00f5es veganas. O evento, promovido pela VegRibeir\u00e3o, ser\u00e1 no pr\u00f3ximo domingo (29), a partir das 15h, na Pra\u00e7a do Canh\u00e3o, na rotat\u00f3ria das avenidas Treze de Maio e Castelo Branco, no Parque dos Bandeirantes,\u2026","rel":"","context":"In &quot;Not\u00edcias de Ribeir\u00e3o Preto-SP e Regi\u00e3o&quot;","block_context":{"text":"Not\u00edcias de Ribeir\u00e3o Preto-SP e Regi\u00e3o","link":"https:\/\/noticiasribeiraopreto.com.br\/index.php\/category\/noticias-de-ribeirao-preto-sp-e-regiao-ismael-colosi\/"},"img":{"alt_text":"","src":"https:\/\/i0.wp.com\/noticiasribeiraopreto.com.br\/wp-content\/uploads\/2025\/06\/espetinho-de-morango_2025-06-26_13-19-20.webp.webp?fit=329%2C357&ssl=1&resize=350%2C200","width":350,"height":200},"classes":[]},{"id":74409,"url":"https:\/\/noticiasribeiraopreto.com.br\/index.php\/2025\/07\/22\/viva-ribeirao-2025-confira-a-programacao-do-arraia-com-shows-e-dancas-no-fim-de-semana\/","url_meta":{"origin":72757,"position":5},"title":"Viva Ribeir\u00e3o 2025: Confira a programa\u00e7\u00e3o do arrai\u00e1 com shows e dan\u00e7as no fim de semana","author":"noticiasribeiraopreto.com.br","date":"22 de July de 2025","format":false,"excerpt":"O Arrai\u00e1 Viva Ribeir\u00e3o 2025 acontece no pr\u00f3ximo fim de semana no Parque Maur\u00edlio Biagi. A festa julina tem entrada gratuita e re\u00fane shows, dan\u00e7as, comidas t\u00edpicas e atra\u00e7\u00f5es para todas as idades. Veja todas as quermesses de Ribeir\u00e3o Preto no Rota do Arrai\u00e1 (clique aqui). Al\u00e9m de celebrar a\u2026","rel":"","context":"In &quot;Not\u00edcias de Ribeir\u00e3o Preto-SP e Regi\u00e3o&quot;","block_context":{"text":"Not\u00edcias de Ribeir\u00e3o Preto-SP e Regi\u00e3o","link":"https:\/\/noticiasribeiraopreto.com.br\/index.php\/category\/noticias-de-ribeirao-preto-sp-e-regiao-ismael-colosi\/"},"img":{"alt_text":"","src":"https:\/\/i0.wp.com\/noticiasribeiraopreto.com.br\/wp-content\/uploads\/2025\/07\/parque-maurilio-biagi_2025-07-22_13-13-00.webp.webp?fit=1200%2C800&ssl=1&resize=350%2C200","width":350,"height":200,"srcset":"https:\/\/i0.wp.com\/noticiasribeiraopreto.com.br\/wp-content\/uploads\/2025\/07\/parque-maurilio-biagi_2025-07-22_13-13-00.webp.webp?fit=1200%2C800&ssl=1&resize=350%2C200 1x, https:\/\/i0.wp.com\/noticiasribeiraopreto.com.br\/wp-content\/uploads\/2025\/07\/parque-maurilio-biagi_2025-07-22_13-13-00.webp.webp?fit=1200%2C800&ssl=1&resize=525%2C300 1.5x, https:\/\/i0.wp.com\/noticiasribeiraopreto.com.br\/wp-content\/uploads\/2025\/07\/parque-maurilio-biagi_2025-07-22_13-13-00.webp.webp?fit=1200%2C800&ssl=1&resize=700%2C400 2x, https:\/\/i0.wp.com\/noticiasribeiraopreto.com.br\/wp-content\/uploads\/2025\/07\/parque-maurilio-biagi_2025-07-22_13-13-00.webp.webp?fit=1200%2C800&ssl=1&resize=1050%2C600 3x"},"classes":[]}],"jetpack_sharing_enabled":true,"jetpack_shortlink":"https:\/\/wp.me\/peQAOb-iVv","_links":{"self":[{"href":"https:\/\/noticiasribeiraopreto.com.br\/index.php\/wp-json\/wp\/v2\/posts\/72757","targetHints":{"allow":["GET"]}}],"collection":[{"href":"https:\/\/noticiasribeiraopreto.com.br\/index.php\/wp-json\/wp\/v2\/posts"}],"about":[{"href":"https:\/\/noticiasribeiraopreto.com.br\/index.php\/wp-json\/wp\/v2\/types\/post"}],"author":[{"embeddable":true,"href":"https:\/\/noticiasribeiraopreto.com.br\/index.php\/wp-json\/wp\/v2\/users\/1"}],"replies":[{"embeddable":true,"href":"https:\/\/noticiasribeiraopreto.com.br\/index.php\/wp-json\/wp\/v2\/comments?post=72757"}],"version-history":[{"count":0,"href":"https:\/\/noticiasribeiraopreto.com.br\/index.php\/wp-json\/wp\/v2\/posts\/72757\/revisions"}],"wp:featuredmedia":[{"embeddable":true,"href":"https:\/\/noticiasribeiraopreto.com.br\/index.php\/wp-json\/wp\/v2\/media\/72758"}],"wp:attachment":[{"href":"https:\/\/noticiasribeiraopreto.com.br\/index.php\/wp-json\/wp\/v2\/media?parent=72757"}],"wp:term":[{"taxonomy":"category","embeddable":true,"href":"https:\/\/noticiasribeiraopreto.com.br\/index.php\/wp-json\/wp\/v2\/categories?post=72757"},{"taxonomy":"post_tag","embeddable":true,"href":"https:\/\/noticiasribeiraopreto.com.br\/index.php\/wp-json\/wp\/v2\/tags?post=72757"}],"curies":[{"name":"wp","href":"https:\/\/api.w.org\/{rel}","templated":true}]}}