{"id":72759,"date":"2025-06-20T19:53:35","date_gmt":"2025-06-20T22:53:35","guid":{"rendered":"https:\/\/noticiasribeiraopreto.com.br\/index.php\/2025\/06\/20\/mp-sp-publica-edital-de-concurso-publico-com-salarios-de-r-10-mil\/"},"modified":"2025-06-20T19:53:35","modified_gmt":"2025-06-20T22:53:35","slug":"mp-sp-publica-edital-de-concurso-publico-com-salarios-de-r-10-mil","status":"publish","type":"post","link":"https:\/\/noticiasribeiraopreto.com.br\/index.php\/2025\/06\/20\/mp-sp-publica-edital-de-concurso-publico-com-salarios-de-r-10-mil\/","title":{"rendered":"MP-SP publica edital de concurso p\u00fablico com sal\u00e1rios de R$ 10 mil"},"content":{"rendered":"<p> <br \/>\n<\/p>\n<div data-td-block-uid=\"tdi_95\">\n<div class=\"tdb-block-inner td-fix-index\">\n<p>O <strong>MP-SP (Minist\u00e9rio P\u00fablico de S\u00e3o Paulo)<\/strong> publicou edital de <strong>concurso p\u00fablico<\/strong> com sal\u00e1rios de R$ 10 mil. O \u00f3rg\u00e3o tem o intuito de <strong>formar cadastro <\/strong>para o cargo de<strong> Analista Jur\u00eddico<\/strong>, em diversas regi\u00f5es, inclusive <strong>Ribeir\u00e3o Preto<\/strong>. Confira<\/p>\n<ul class=\"wp-block-list\">\n<li>Capital e Grande S\u00e3o Paulo<\/li>\n<li>Ara\u00e7atuba<\/li>\n<li>Bauru<\/li>\n<li>Campinas<\/li>\n<li>Franca<\/li>\n<li>Piracicaba<\/li>\n<li>Presidente Prudente<\/li>\n<li>Santos<\/li>\n<li>S\u00e3o Jos\u00e9 do Rio Preto<\/li>\n<li>Sorocaba<\/li>\n<li>Taubat\u00e9<\/li>\n<li>Vale do Ribeira<\/li>\n<\/ul>\n<h2 class=\"wp-block-heading\"><strong>Como se inscrever?<\/strong><\/h2>\n<p>As inscri\u00e7\u00f5es devem ser realizadas no per\u00edodo entre \u00e0s 10h do dia 23 de junho at\u00e9 \u00e0s 23h59 de 22 de julho de 2025, no site da Vunesp (<a href=\"https:\/\/www.vunesp.com.br\/MPSP2501\" target=\"_blank\" rel=\"noreferrer noopener\">clique aqui<\/a>). A taxa de inscri\u00e7\u00e3o custa R$ 165.<\/p>\n<p>O edital completo foi publicado na \u00faltima quarta-feira (18) e pode ser conferido <a href=\"https:\/\/www.vunesp.com.br\/MPSP2501\" target=\"_blank\" rel=\"noreferrer noopener\">clicando aqui<\/a>.<\/p>\n<h3 class=\"wp-block-heading\"><strong>Quem pode participar?<\/strong><\/h3>\n<p>Podem participar do concurso os candidatos que possuam curso superior completo em Direito, devidamente reconhecido. N\u00e3o \u00e9 exigida experi\u00eancia profissional nem registro em \u00f3rg\u00e3o de classe. A jornada de trabalho \u00e9 de 40 horas semanais.<\/p>\n<hr class=\"wp-block-separator has-alpha-channel-opacity\"\/>\n<p>SAIBA MAIS<\/p>\n<p>Ribeir\u00e3o Preto s\u00f3 tem mais um feriado prolongado antes do Natal; Veja quando ser\u00e1<\/p>\n<h3 class=\"wp-block-heading\"><strong>FIQUE ON<\/strong><\/h3>\n<p>Quer ficar por dentro de tudo que acontece em Ribeir\u00e3o Preto e regi\u00e3o? Ent\u00e3o siga os perfis do\u202facidade on\u202fno\u202f<a href=\"https:\/\/www.instagram.com\/acidadeonribeirao\" target=\"_blank\" rel=\"noreferrer noopener\">Instagram<\/a>\u202fe no\u202f<a href=\"https:\/\/www.facebook.com\/acidadeonribeirao\/\" target=\"_blank\" rel=\"noreferrer noopener\">Facebook<\/a>.<\/p>\n<p>Al\u00e9m disso, voc\u00ea pode receber as principais not\u00edcias diretamente no WhatsApp. Para isso, basta\u00a0<a href=\"https:\/\/chat.whatsapp.com\/BjKQZ9oJwlz8VVT50NuePq\" target=\"_blank\" rel=\"noreferrer noopener\">entrar no grupo clicando aqui<\/a>.<\/p>\n<p>Por fim, se quiser fazer uma den\u00fancia ou sugerir uma reportagem sobre Ribeir\u00e3o Preto e regi\u00e3o, envie uma mensagem pelo WhatsApp: (16) 99117-7802.<\/p>\n<p>VEJA TAMB\u00c9M<\/p>\n<p>Vote no concurso \u2018Sabores da Rota\u2019<\/p>\n<p><!-- CONTENT END 1 -->\n<\/div>\n<\/div>\n<p><script async src=\"\/\/www.instagram.com\/embed.js\"><\/script><br \/>\n<br \/><br \/>\n<br \/><a href=\"https:\/\/www.acidadeon.com\/ribeiraopreto\/economia\/mp-sp-publica-edital-de-concurso-publico-com-salarios-de-r-10-mil\/\">Source link <\/a><\/p>\n","protected":false},"excerpt":{"rendered":"<p>O MP-SP (Minist\u00e9rio P\u00fablico de S\u00e3o Paulo) publicou edital de concurso p\u00fablico com sal\u00e1rios de R$ 10 mil. O \u00f3rg\u00e3o tem o intuito de formar&#8230;<\/p>\n","protected":false},"author":1,"featured_media":72760,"comment_status":"open","ping_status":"open","sticky":false,"template":"","format":"standard","meta":{"advanced_seo_description":"","jetpack_seo_html_title":"","jetpack_seo_noindex":false,"jetpack_post_was_ever_published":false,"_jetpack_newsletter_access":"","_jetpack_dont_email_post_to_subs":false,"_jetpack_newsletter_tier_id":0,"_jetpack_memberships_contains_paywalled_content":false,"_jetpack_memberships_contains_paid_content":false,"footnotes":"","jetpack_publicize_message":"","jetpack_publicize_feature_enabled":true,"jetpack_social_post_already_shared":true,"jetpack_social_options":{"image_generator_settings":{"template":"highway","default_image_id":0,"font":"","enabled":false},"version":2}},"categories":[11],"tags":[],"class_list":["post-72759","post","type-post","status-publish","format-standard","has-post-thumbnail","hentry","category-noticias-de-ribeirao-preto-sp-e-regiao-ismael-colosi"],"jetpack_publicize_connections":[],"jetpack_featured_media_url":"https:\/\/i0.wp.com\/noticiasribeiraopreto.com.br\/wp-content\/uploads\/2025\/06\/AnyConv.com__concurso-publico-4.webp.webp?fit=1500%2C1000&ssl=1","jetpack-related-posts":[{"id":74419,"url":"https:\/\/noticiasribeiraopreto.com.br\/index.php\/2025\/07\/22\/inscricoes-para-concurso-publico-do-mp-terminam-hoje-salarios-sao-de-r-10-mil\/","url_meta":{"origin":72759,"position":0},"title":"Inscri\u00e7\u00f5es para concurso p\u00fablico do MP terminam hoje; sal\u00e1rios s\u00e3o de R$ 10 mil","author":"noticiasribeiraopreto.com.br","date":"22 de July de 2025","format":false,"excerpt":"As inscri\u00e7\u00f5es para o concurso p\u00fablico do MP-SP (Minist\u00e9rio P\u00fablico de S\u00e3o Paulo) terminam nesta ter\u00e7a-feira (22). As oportunidades s\u00e3o para o cargo de analista jur\u00eddico, com sal\u00e1rios de R$ 10,3 mil. O concurso p\u00fablico forma cadastro de reserva nas seguintes regionais do MP-SP: Capital e Grande S\u00e3o Paulo, Ara\u00e7atuba,\u2026","rel":"","context":"In &quot;Not\u00edcias de Ribeir\u00e3o Preto-SP e Regi\u00e3o&quot;","block_context":{"text":"Not\u00edcias de Ribeir\u00e3o Preto-SP e Regi\u00e3o","link":"https:\/\/noticiasribeiraopreto.com.br\/index.php\/category\/noticias-de-ribeirao-preto-sp-e-regiao-ismael-colosi\/"},"img":{"alt_text":"","src":"https:\/\/i0.wp.com\/noticiasribeiraopreto.com.br\/wp-content\/uploads\/2025\/07\/concurso-publico_2025-07-09_13-50-45.webp.webp?fit=1200%2C798&ssl=1&resize=350%2C200","width":350,"height":200,"srcset":"https:\/\/i0.wp.com\/noticiasribeiraopreto.com.br\/wp-content\/uploads\/2025\/07\/concurso-publico_2025-07-09_13-50-45.webp.webp?fit=1200%2C798&ssl=1&resize=350%2C200 1x, https:\/\/i0.wp.com\/noticiasribeiraopreto.com.br\/wp-content\/uploads\/2025\/07\/concurso-publico_2025-07-09_13-50-45.webp.webp?fit=1200%2C798&ssl=1&resize=525%2C300 1.5x, https:\/\/i0.wp.com\/noticiasribeiraopreto.com.br\/wp-content\/uploads\/2025\/07\/concurso-publico_2025-07-09_13-50-45.webp.webp?fit=1200%2C798&ssl=1&resize=700%2C400 2x, https:\/\/i0.wp.com\/noticiasribeiraopreto.com.br\/wp-content\/uploads\/2025\/07\/concurso-publico_2025-07-09_13-50-45.webp.webp?fit=1200%2C798&ssl=1&resize=1050%2C600 3x"},"classes":[]},{"id":57395,"url":"https:\/\/noticiasribeiraopreto.com.br\/index.php\/2024\/08\/30\/ministerio-publico-de-sp-abre-concurso-publico-com-salarios-de-r-30-mil\/","url_meta":{"origin":72759,"position":1},"title":"Minist\u00e9rio P\u00fablico de SP abre concurso p\u00fablico com sal\u00e1rios de R$ 30 mil","author":"noticiasribeiraopreto.com.br","date":"30 de August de 2024","format":false,"excerpt":"O MP-SP (Minist\u00e9rio P\u00fablico de S\u00e3o Paulo) publicou edital de concurso p\u00fablico com sal\u00e1rios de R$ 30 mil. Ao todo, s\u00e3o 75 vagas para o cargo de promotor de Justi\u00e7a substituto. As inscri\u00e7\u00f5es devem ser realizadas no per\u00edodo entre 9h de 2 de setembro e 19h do dia 1\u00ba de\u2026","rel":"","context":"In &quot;Not\u00edcias de Ribeir\u00e3o Preto-SP e Regi\u00e3o&quot;","block_context":{"text":"Not\u00edcias de Ribeir\u00e3o Preto-SP e Regi\u00e3o","link":"https:\/\/noticiasribeiraopreto.com.br\/index.php\/category\/noticias-de-ribeirao-preto-sp-e-regiao-ismael-colosi\/"},"img":{"alt_text":"","src":"https:\/\/i0.wp.com\/noticiasribeiraopreto.com.br\/wp-content\/uploads\/2024\/08\/concurso-publico-ribeirao-preto_2024-08-13_10-44-40_jpg_2024-08-13_10-44-40.webp.webp?fit=1200%2C800&ssl=1&resize=350%2C200","width":350,"height":200,"srcset":"https:\/\/i0.wp.com\/noticiasribeiraopreto.com.br\/wp-content\/uploads\/2024\/08\/concurso-publico-ribeirao-preto_2024-08-13_10-44-40_jpg_2024-08-13_10-44-40.webp.webp?fit=1200%2C800&ssl=1&resize=350%2C200 1x, https:\/\/i0.wp.com\/noticiasribeiraopreto.com.br\/wp-content\/uploads\/2024\/08\/concurso-publico-ribeirao-preto_2024-08-13_10-44-40_jpg_2024-08-13_10-44-40.webp.webp?fit=1200%2C800&ssl=1&resize=525%2C300 1.5x, https:\/\/i0.wp.com\/noticiasribeiraopreto.com.br\/wp-content\/uploads\/2024\/08\/concurso-publico-ribeirao-preto_2024-08-13_10-44-40_jpg_2024-08-13_10-44-40.webp.webp?fit=1200%2C800&ssl=1&resize=700%2C400 2x, https:\/\/i0.wp.com\/noticiasribeiraopreto.com.br\/wp-content\/uploads\/2024\/08\/concurso-publico-ribeirao-preto_2024-08-13_10-44-40_jpg_2024-08-13_10-44-40.webp.webp?fit=1200%2C800&ssl=1&resize=1050%2C600 3x"},"classes":[]},{"id":76804,"url":"https:\/\/noticiasribeiraopreto.com.br\/index.php\/2025\/09\/05\/concurso-publico-do-mp-sp-tem-13-vagas-e-salarios-de-r-18-mil-veja-como-participar\/","url_meta":{"origin":72759,"position":2},"title":"Concurso p\u00fablico do MP-SP tem 13 vagas e sal\u00e1rios de R$ 18 mil; Veja como participar","author":"noticiasribeiraopreto.com.br","date":"5 de September de 2025","format":false,"excerpt":"O MP-SP (Minist\u00e9rio P\u00fablico de S\u00e3o Paulo) est\u00e1 com as inscri\u00e7\u00f5es abertas para concurso p\u00fablico com 13 vagas para o cargo de Analista T\u00e9cnico Cient\u00edfico. Os sal\u00e1rios para o cargo s\u00e3o de R$ 18.705,85. Al\u00e9m disso, \u00e9 oferecido aux\u00edlio-alimenta\u00e7\u00e3o mensal de R$ 1.450, aux\u00edlio-sa\u00fade mensal de R$ 2.805,87 e aux\u00edlio-transporte\u2026","rel":"","context":"In &quot;Not\u00edcias de Ribeir\u00e3o Preto-SP e Regi\u00e3o&quot;","block_context":{"text":"Not\u00edcias de Ribeir\u00e3o Preto-SP e Regi\u00e3o","link":"https:\/\/noticiasribeiraopreto.com.br\/index.php\/category\/noticias-de-ribeirao-preto-sp-e-regiao-ismael-colosi\/"},"img":{"alt_text":"","src":"https:\/\/i0.wp.com\/noticiasribeiraopreto.com.br\/wp-content\/uploads\/2025\/07\/concurso-publico_2025-07-09_13-50-45.webp.webp?fit=1200%2C798&ssl=1&resize=350%2C200","width":350,"height":200,"srcset":"https:\/\/i0.wp.com\/noticiasribeiraopreto.com.br\/wp-content\/uploads\/2025\/07\/concurso-publico_2025-07-09_13-50-45.webp.webp?fit=1200%2C798&ssl=1&resize=350%2C200 1x, https:\/\/i0.wp.com\/noticiasribeiraopreto.com.br\/wp-content\/uploads\/2025\/07\/concurso-publico_2025-07-09_13-50-45.webp.webp?fit=1200%2C798&ssl=1&resize=525%2C300 1.5x, https:\/\/i0.wp.com\/noticiasribeiraopreto.com.br\/wp-content\/uploads\/2025\/07\/concurso-publico_2025-07-09_13-50-45.webp.webp?fit=1200%2C798&ssl=1&resize=700%2C400 2x, https:\/\/i0.wp.com\/noticiasribeiraopreto.com.br\/wp-content\/uploads\/2025\/07\/concurso-publico_2025-07-09_13-50-45.webp.webp?fit=1200%2C798&ssl=1&resize=1050%2C600 3x"},"classes":[]},{"id":75546,"url":"https:\/\/noticiasribeiraopreto.com.br\/index.php\/2025\/08\/11\/mp-sp-abre-concurso-publico-com-salarios-de-r-13-mil-veja-como-participar\/","url_meta":{"origin":72759,"position":3},"title":"MP-SP abre concurso p\u00fablico com sal\u00e1rios de R$ 13 mil; Veja como participar","author":"noticiasribeiraopreto.com.br","date":"11 de August de 2025","format":false,"excerpt":"O MP-SP (Minist\u00e9rio P\u00fablico de S\u00e3o Paulo) publicou edital de concurso p\u00fablico com 15 vagas para o cargo de analista de promotoria, al\u00e9m de oportunidades para o cadastro de reserva. Os sal\u00e1rios para o cargo s\u00e3o de R$ 13.581,75. As inscri\u00e7\u00f5es devem ser realizadas no site da Funda\u00e7\u00e3o Vunesp (clique\u2026","rel":"","context":"In &quot;Not\u00edcias de Ribeir\u00e3o Preto-SP e Regi\u00e3o&quot;","block_context":{"text":"Not\u00edcias de Ribeir\u00e3o Preto-SP e Regi\u00e3o","link":"https:\/\/noticiasribeiraopreto.com.br\/index.php\/category\/noticias-de-ribeirao-preto-sp-e-regiao-ismael-colosi\/"},"img":{"alt_text":"","src":"https:\/\/i0.wp.com\/noticiasribeiraopreto.com.br\/wp-content\/uploads\/2025\/08\/1754926585_concurso-publico.jpg?fit=1200%2C800&ssl=1&resize=350%2C200","width":350,"height":200,"srcset":"https:\/\/i0.wp.com\/noticiasribeiraopreto.com.br\/wp-content\/uploads\/2025\/08\/1754926585_concurso-publico.jpg?fit=1200%2C800&ssl=1&resize=350%2C200 1x, https:\/\/i0.wp.com\/noticiasribeiraopreto.com.br\/wp-content\/uploads\/2025\/08\/1754926585_concurso-publico.jpg?fit=1200%2C800&ssl=1&resize=525%2C300 1.5x, https:\/\/i0.wp.com\/noticiasribeiraopreto.com.br\/wp-content\/uploads\/2025\/08\/1754926585_concurso-publico.jpg?fit=1200%2C800&ssl=1&resize=700%2C400 2x, https:\/\/i0.wp.com\/noticiasribeiraopreto.com.br\/wp-content\/uploads\/2025\/08\/1754926585_concurso-publico.jpg?fit=1200%2C800&ssl=1&resize=1050%2C600 3x"},"classes":[]},{"id":58404,"url":"https:\/\/noticiasribeiraopreto.com.br\/index.php\/2024\/09\/26\/concurso-publico-com-salarios-de-r-30-mil-tem-inscricoes-prorrogadas\/","url_meta":{"origin":72759,"position":4},"title":"Concurso p\u00fablico com sal\u00e1rios de R$ 30 mil tem inscri\u00e7\u00f5es prorrogadas","author":"noticiasribeiraopreto.com.br","date":"26 de September de 2024","format":false,"excerpt":"O concurso p\u00fablico do MP-SP (Minist\u00e9rio P\u00fablico de S\u00e3o Paulo) para o cargo de promotor de Justi\u00e7a substituto, com sal\u00e1rios de R$ 30 mil, teve as inscri\u00e7\u00f5es prorrogadas. Ao todo, s\u00e3o 75 vagas dispon\u00edveis. As inscri\u00e7\u00f5es devem ser realizadas at\u00e9 o dia 24 de outubro, no site do MP-SP (clique\u2026","rel":"","context":"In &quot;Not\u00edcias de Ribeir\u00e3o Preto-SP e Regi\u00e3o&quot;","block_context":{"text":"Not\u00edcias de Ribeir\u00e3o Preto-SP e Regi\u00e3o","link":"https:\/\/noticiasribeiraopreto.com.br\/index.php\/category\/noticias-de-ribeirao-preto-sp-e-regiao-ismael-colosi\/"},"img":{"alt_text":"","src":"https:\/\/i0.wp.com\/noticiasribeiraopreto.com.br\/wp-content\/uploads\/2024\/08\/concurso-publico-ribeirao-preto_2024-08-13_10-44-40_jpg_2024-08-13_10-44-40.webp.webp?fit=1200%2C800&ssl=1&resize=350%2C200","width":350,"height":200,"srcset":"https:\/\/i0.wp.com\/noticiasribeiraopreto.com.br\/wp-content\/uploads\/2024\/08\/concurso-publico-ribeirao-preto_2024-08-13_10-44-40_jpg_2024-08-13_10-44-40.webp.webp?fit=1200%2C800&ssl=1&resize=350%2C200 1x, https:\/\/i0.wp.com\/noticiasribeiraopreto.com.br\/wp-content\/uploads\/2024\/08\/concurso-publico-ribeirao-preto_2024-08-13_10-44-40_jpg_2024-08-13_10-44-40.webp.webp?fit=1200%2C800&ssl=1&resize=525%2C300 1.5x, https:\/\/i0.wp.com\/noticiasribeiraopreto.com.br\/wp-content\/uploads\/2024\/08\/concurso-publico-ribeirao-preto_2024-08-13_10-44-40_jpg_2024-08-13_10-44-40.webp.webp?fit=1200%2C800&ssl=1&resize=700%2C400 2x, https:\/\/i0.wp.com\/noticiasribeiraopreto.com.br\/wp-content\/uploads\/2024\/08\/concurso-publico-ribeirao-preto_2024-08-13_10-44-40_jpg_2024-08-13_10-44-40.webp.webp?fit=1200%2C800&ssl=1&resize=1050%2C600 3x"},"classes":[]},{"id":73333,"url":"https:\/\/noticiasribeiraopreto.com.br\/index.php\/2025\/06\/30\/mp-sp-publica-edital-de-concurso-publico-com-salarios-de-r-56-mil-veja-como-se-inscrever\/","url_meta":{"origin":72759,"position":5},"title":"MP-SP publica edital de concurso p\u00fablico com sal\u00e1rios de R$ 5,6 mil; Veja como se inscrever","author":"noticiasribeiraopreto.com.br","date":"30 de June de 2025","format":false,"excerpt":"O MP-SP (Minist\u00e9rio P\u00fablico de S\u00e3o Paulo) publicou novo edital de concurso p\u00fablico com cinco vagas de n\u00edvel fundamental, al\u00e9m de cadastro reserva, e sal\u00e1rios de R$ 5.643,14. As oportunidades s\u00e3o para o cargo de auxiliar de promotoria III, na especialidade \u201cmotorista\u201c. \u00a0As vagas s\u00e3o para as macrorregi\u00f5es com sede\u2026","rel":"","context":"In &quot;Not\u00edcias de Ribeir\u00e3o Preto-SP e Regi\u00e3o&quot;","block_context":{"text":"Not\u00edcias de Ribeir\u00e3o Preto-SP e Regi\u00e3o","link":"https:\/\/noticiasribeiraopreto.com.br\/index.php\/category\/noticias-de-ribeirao-preto-sp-e-regiao-ismael-colosi\/"},"img":{"alt_text":"","src":"https:\/\/i0.wp.com\/noticiasribeiraopreto.com.br\/wp-content\/uploads\/2025\/06\/african-american-teen-solving-school-assignment-literature-class-lesson_2025-06-29_15-53-51.webp.webp?fit=1200%2C800&ssl=1&resize=350%2C200","width":350,"height":200,"srcset":"https:\/\/i0.wp.com\/noticiasribeiraopreto.com.br\/wp-content\/uploads\/2025\/06\/african-american-teen-solving-school-assignment-literature-class-lesson_2025-06-29_15-53-51.webp.webp?fit=1200%2C800&ssl=1&resize=350%2C200 1x, https:\/\/i0.wp.com\/noticiasribeiraopreto.com.br\/wp-content\/uploads\/2025\/06\/african-american-teen-solving-school-assignment-literature-class-lesson_2025-06-29_15-53-51.webp.webp?fit=1200%2C800&ssl=1&resize=525%2C300 1.5x, https:\/\/i0.wp.com\/noticiasribeiraopreto.com.br\/wp-content\/uploads\/2025\/06\/african-american-teen-solving-school-assignment-literature-class-lesson_2025-06-29_15-53-51.webp.webp?fit=1200%2C800&ssl=1&resize=700%2C400 2x, https:\/\/i0.wp.com\/noticiasribeiraopreto.com.br\/wp-content\/uploads\/2025\/06\/african-american-teen-solving-school-assignment-literature-class-lesson_2025-06-29_15-53-51.webp.webp?fit=1200%2C800&ssl=1&resize=1050%2C600 3x"},"classes":[]}],"jetpack_sharing_enabled":true,"jetpack_shortlink":"https:\/\/wp.me\/peQAOb-iVx","_links":{"self":[{"href":"https:\/\/noticiasribeiraopreto.com.br\/index.php\/wp-json\/wp\/v2\/posts\/72759","targetHints":{"allow":["GET"]}}],"collection":[{"href":"https:\/\/noticiasribeiraopreto.com.br\/index.php\/wp-json\/wp\/v2\/posts"}],"about":[{"href":"https:\/\/noticiasribeiraopreto.com.br\/index.php\/wp-json\/wp\/v2\/types\/post"}],"author":[{"embeddable":true,"href":"https:\/\/noticiasribeiraopreto.com.br\/index.php\/wp-json\/wp\/v2\/users\/1"}],"replies":[{"embeddable":true,"href":"https:\/\/noticiasribeiraopreto.com.br\/index.php\/wp-json\/wp\/v2\/comments?post=72759"}],"version-history":[{"count":0,"href":"https:\/\/noticiasribeiraopreto.com.br\/index.php\/wp-json\/wp\/v2\/posts\/72759\/revisions"}],"wp:featuredmedia":[{"embeddable":true,"href":"https:\/\/noticiasribeiraopreto.com.br\/index.php\/wp-json\/wp\/v2\/media\/72760"}],"wp:attachment":[{"href":"https:\/\/noticiasribeiraopreto.com.br\/index.php\/wp-json\/wp\/v2\/media?parent=72759"}],"wp:term":[{"taxonomy":"category","embeddable":true,"href":"https:\/\/noticiasribeiraopreto.com.br\/index.php\/wp-json\/wp\/v2\/categories?post=72759"},{"taxonomy":"post_tag","embeddable":true,"href":"https:\/\/noticiasribeiraopreto.com.br\/index.php\/wp-json\/wp\/v2\/tags?post=72759"}],"curies":[{"name":"wp","href":"https:\/\/api.w.org\/{rel}","templated":true}]}}