{"id":72761,"date":"2025-06-20T20:00:16","date_gmt":"2025-06-20T23:00:16","guid":{"rendered":"https:\/\/noticiasribeiraopreto.com.br\/index.php\/2025\/06\/20\/acidente-com-caminhao-deixa-um-morto-e-dois-feridos-na-regiao-de-ribeirao\/"},"modified":"2025-06-20T20:00:16","modified_gmt":"2025-06-20T23:00:16","slug":"acidente-com-caminhao-deixa-um-morto-e-dois-feridos-na-regiao-de-ribeirao","status":"publish","type":"post","link":"https:\/\/noticiasribeiraopreto.com.br\/index.php\/2025\/06\/20\/acidente-com-caminhao-deixa-um-morto-e-dois-feridos-na-regiao-de-ribeirao\/","title":{"rendered":"Acidente com caminh\u00e3o deixa um morto e dois feridos na regi\u00e3o de Ribeir\u00e3o"},"content":{"rendered":"<p> <br \/>\n<\/p>\n<div data-td-block-uid=\"tdi_95\">\n<div class=\"tdb-block-inner td-fix-index\">\n<p>Uma pessoa <strong>morreu <\/strong>e outras duas <strong>ficaram feriadas<\/strong> ap\u00f3s um acidente de tr\u00e2nsito na<strong> rodovia Anna Thereza Villela Roza Rodrigues Alves (SPA-384-334)<\/strong>, em <strong>Restinga<\/strong>, cidade a 80 quil\u00f4metros de<strong> Ribeir\u00e3o Preto<\/strong>.<\/p>\n<p>De acordo com a <strong>Arteris ViaPaulista<\/strong>, concession\u00e1ria respons\u00e1vel pela rodovia, a ocorr\u00eancia envolveu uma colis\u00e3o seguida de <strong>capotamento de um caminh\u00e3o<\/strong> \u2013 ainda n\u00e3o se sabe o que provocou o acidente.<\/p>\n<p>Conforme as informa\u00e7\u00f5es, uma das v\u00edtimas morreu no local, enquanto outra foi socorrida em <strong>estado grave<\/strong> e a terceira sofreu apenas<strong> ferimentos leves<\/strong>. <mark style=\"background-color:#fcb900\" class=\"has-inline-color\">N\u00e3o h\u00e1 informa\u00e7\u00f5es sobre a identidade dos envolvidos.<\/mark><\/p>\n<p>Foi necess\u00e1rio <strong>interditar o acostamento da rodovia<\/strong> devido ao acidente, contudo, n\u00e3o h\u00e1 registro de filas.<\/p>\n<p>Equipes da concession\u00e1ria, PMRv (Pol\u00edcia Militar Rodovi\u00e1ria), Corpo de Bombeiros e a Ambul\u00e2ncia Municipal de Restinga est\u00e3o no local fazendo o atendimento.<\/p>\n<hr class=\"wp-block-separator has-alpha-channel-opacity\"\/>\n<p>SAIBA MAIS<\/p>\n<p>Acidente entre tr\u00eas motociclistas deixa feridos em Ribeir\u00e3o Preto; veja v\u00eddeo<\/p>\n<h3 class=\"wp-block-heading\"><strong>FIQUE ON<\/strong><\/h3>\n<p>Quer ficar por dentro de tudo que acontece em Ribeir\u00e3o Preto e regi\u00e3o? Ent\u00e3o siga os perfis do\u202facidade on\u202fno\u202f<a href=\"https:\/\/www.instagram.com\/acidadeonribeirao\" target=\"_blank\" rel=\"noreferrer noopener\">Instagram<\/a>\u202fe no\u202f<a href=\"https:\/\/www.facebook.com\/acidadeonribeirao\/\" target=\"_blank\" rel=\"noreferrer noopener\">Facebook<\/a>.<\/p>\n<p>Al\u00e9m disso, voc\u00ea pode receber as principais not\u00edcias diretamente no WhatsApp. Para isso, basta\u00a0<a href=\"https:\/\/chat.whatsapp.com\/BjKQZ9oJwlz8VVT50NuePq\" target=\"_blank\" rel=\"noreferrer noopener\">entrar no grupo clicando aqui<\/a>.<\/p>\n<p>Por fim, se quiser fazer uma den\u00fancia ou sugerir uma reportagem sobre Ribeir\u00e3o Preto e regi\u00e3o, envie uma mensagem pelo WhatsApp: (16) 99117-7802.<\/p>\n<p>VEJA TAMB\u00c9M<\/p>\n<p>Vote no concurso \u2018Sabores da Rota\u2019<\/p>\n<p><!-- CONTENT END 1 -->\n<\/div>\n<\/div>\n<p><script async src=\"\/\/www.instagram.com\/embed.js\"><\/script><br \/>\n<br \/><br \/>\n<br \/><a href=\"https:\/\/www.acidadeon.com\/ribeiraopreto\/cotidiano\/acidente-com-caminhao-deixa-um-morto-e-dois-feridos-na-regiao-de-ribeirao\/\">Source link <\/a><\/p>\n","protected":false},"excerpt":{"rendered":"<p>Uma pessoa morreu e outras duas ficaram feriadas ap\u00f3s um acidente de tr\u00e2nsito na rodovia Anna Thereza Villela Roza Rodrigues Alves (SPA-384-334), em Restinga, cidade&#8230;<\/p>\n","protected":false},"author":1,"featured_media":72762,"comment_status":"open","ping_status":"open","sticky":false,"template":"","format":"standard","meta":{"advanced_seo_description":"","jetpack_seo_html_title":"","jetpack_seo_noindex":false,"jetpack_post_was_ever_published":false,"_jetpack_newsletter_access":"","_jetpack_dont_email_post_to_subs":false,"_jetpack_newsletter_tier_id":0,"_jetpack_memberships_contains_paywalled_content":false,"_jetpack_memberships_contains_paid_content":false,"footnotes":"","jetpack_publicize_message":"","jetpack_publicize_feature_enabled":true,"jetpack_social_post_already_shared":true,"jetpack_social_options":{"image_generator_settings":{"template":"highway","default_image_id":0,"font":"","enabled":false},"version":2}},"categories":[11],"tags":[],"class_list":["post-72761","post","type-post","status-publish","format-standard","has-post-thumbnail","hentry","category-noticias-de-ribeirao-preto-sp-e-regiao-ismael-colosi"],"jetpack_publicize_connections":[],"jetpack_featured_media_url":"https:\/\/i0.wp.com\/noticiasribeiraopreto.com.br\/wp-content\/uploads\/2025\/06\/Copia-de-Copia-de-Copia-de-TAMANHO-EXATO-PARA-FOTOS-NO-SISTEMA-NOVO-2025-06-20T175249.599_2025-06-20_20-52-58.webp.webp?fit=1200%2C675&ssl=1","jetpack-related-posts":[{"id":58222,"url":"https:\/\/noticiasribeiraopreto.com.br\/index.php\/2024\/09\/21\/identificado-homem-que-morreu-carbonizado-em-rodovia-da-regiao-de-ribeirao\/","url_meta":{"origin":72761,"position":0},"title":"Identificado homem que morreu carbonizado em rodovia da regi\u00e3o de Ribeir\u00e3o","author":"noticiasribeiraopreto.com.br","date":"21 de September de 2024","format":false,"excerpt":"Foi identificado como Jeronimo Mendon\u00e7a o homem que morreu carbonizado no engavetamento que envolveu tr\u00eas carros e um caminh\u00e3o na rodovia Armando de Sales Oliveira (SP-322), em Pitangueiras, regi\u00e3o de Ribeir\u00e3o Preto, na sexta-feira (20). Conforme apura\u00e7\u00e3o da EPTV, a esposa da v\u00edtima, Marluce Mendonca, segue internada em estado grave\u2026","rel":"","context":"In &quot;Not\u00edcias de Ribeir\u00e3o Preto-SP e Regi\u00e3o&quot;","block_context":{"text":"Not\u00edcias de Ribeir\u00e3o Preto-SP e Regi\u00e3o","link":"https:\/\/noticiasribeiraopreto.com.br\/index.php\/category\/noticias-de-ribeirao-preto-sp-e-regiao-ismael-colosi\/"},"img":{"alt_text":"","src":"https:\/\/i0.wp.com\/noticiasribeiraopreto.com.br\/wp-content\/uploads\/2024\/09\/Copia-de-Copia-de-Copia-de-TAMANHO-EXATO-PARA-FOTOS-NO-SISTEMA-NOVO-33_2024-09-20_15-45-06_png_2024-09-20_15-45-07.webp.webp?fit=1200%2C675&ssl=1&resize=350%2C200","width":350,"height":200,"srcset":"https:\/\/i0.wp.com\/noticiasribeiraopreto.com.br\/wp-content\/uploads\/2024\/09\/Copia-de-Copia-de-Copia-de-TAMANHO-EXATO-PARA-FOTOS-NO-SISTEMA-NOVO-33_2024-09-20_15-45-06_png_2024-09-20_15-45-07.webp.webp?fit=1200%2C675&ssl=1&resize=350%2C200 1x, https:\/\/i0.wp.com\/noticiasribeiraopreto.com.br\/wp-content\/uploads\/2024\/09\/Copia-de-Copia-de-Copia-de-TAMANHO-EXATO-PARA-FOTOS-NO-SISTEMA-NOVO-33_2024-09-20_15-45-06_png_2024-09-20_15-45-07.webp.webp?fit=1200%2C675&ssl=1&resize=525%2C300 1.5x, https:\/\/i0.wp.com\/noticiasribeiraopreto.com.br\/wp-content\/uploads\/2024\/09\/Copia-de-Copia-de-Copia-de-TAMANHO-EXATO-PARA-FOTOS-NO-SISTEMA-NOVO-33_2024-09-20_15-45-06_png_2024-09-20_15-45-07.webp.webp?fit=1200%2C675&ssl=1&resize=700%2C400 2x, https:\/\/i0.wp.com\/noticiasribeiraopreto.com.br\/wp-content\/uploads\/2024\/09\/Copia-de-Copia-de-Copia-de-TAMANHO-EXATO-PARA-FOTOS-NO-SISTEMA-NOVO-33_2024-09-20_15-45-06_png_2024-09-20_15-45-07.webp.webp?fit=1200%2C675&ssl=1&resize=1050%2C600 3x"},"classes":[]},{"id":76609,"url":"https:\/\/noticiasribeiraopreto.com.br\/index.php\/2025\/09\/02\/acidente-entre-onibus-e-caminhao-deixa-um-morto-e-11-feridos-na-regiao-de-ribeirao\/","url_meta":{"origin":72761,"position":1},"title":"Acidente entre \u00f4nibus e caminh\u00e3o deixa um morto e 11 feridos na regi\u00e3o de Ribeir\u00e3o","author":"noticiasribeiraopreto.com.br","date":"2 de September de 2025","format":false,"excerpt":"Uma pessoa morreu e outras 11 foram socorridas ap\u00f3s um acidente envolvendo um \u00f4nibus e um caminh\u00e3o de cana na madrugada desta ter\u00e7a-feira (2), em um acesso \u00e0\u00a0rodovia C\u00e2ndido Portinari (SP-334), em Batatais, cidade na regi\u00e3o de Ribeir\u00e3o Preto. De acordo com as informa\u00e7\u00f5es, o acidente aconteceu pr\u00f3ximo \u00e0 rodovia\u2026","rel":"","context":"In &quot;Not\u00edcias de Ribeir\u00e3o Preto-SP e Regi\u00e3o&quot;","block_context":{"text":"Not\u00edcias de Ribeir\u00e3o Preto-SP e Regi\u00e3o","link":"https:\/\/noticiasribeiraopreto.com.br\/index.php\/category\/noticias-de-ribeirao-preto-sp-e-regiao-ismael-colosi\/"},"img":{"alt_text":"","src":"https:\/\/i0.wp.com\/noticiasribeiraopreto.com.br\/wp-content\/uploads\/2025\/09\/Copia-de-Copia-de-Copia-de-TAMANHO-EXATO-PARA-FOTOS-NO-SISTEMA-NOVO.zip-1_2025-09-02_09-34-03.webp.webp?fit=1200%2C675&ssl=1&resize=350%2C200","width":350,"height":200,"srcset":"https:\/\/i0.wp.com\/noticiasribeiraopreto.com.br\/wp-content\/uploads\/2025\/09\/Copia-de-Copia-de-Copia-de-TAMANHO-EXATO-PARA-FOTOS-NO-SISTEMA-NOVO.zip-1_2025-09-02_09-34-03.webp.webp?fit=1200%2C675&ssl=1&resize=350%2C200 1x, https:\/\/i0.wp.com\/noticiasribeiraopreto.com.br\/wp-content\/uploads\/2025\/09\/Copia-de-Copia-de-Copia-de-TAMANHO-EXATO-PARA-FOTOS-NO-SISTEMA-NOVO.zip-1_2025-09-02_09-34-03.webp.webp?fit=1200%2C675&ssl=1&resize=525%2C300 1.5x, https:\/\/i0.wp.com\/noticiasribeiraopreto.com.br\/wp-content\/uploads\/2025\/09\/Copia-de-Copia-de-Copia-de-TAMANHO-EXATO-PARA-FOTOS-NO-SISTEMA-NOVO.zip-1_2025-09-02_09-34-03.webp.webp?fit=1200%2C675&ssl=1&resize=700%2C400 2x, https:\/\/i0.wp.com\/noticiasribeiraopreto.com.br\/wp-content\/uploads\/2025\/09\/Copia-de-Copia-de-Copia-de-TAMANHO-EXATO-PARA-FOTOS-NO-SISTEMA-NOVO.zip-1_2025-09-02_09-34-03.webp.webp?fit=1200%2C675&ssl=1&resize=1050%2C600 3x"},"classes":[]},{"id":62564,"url":"https:\/\/noticiasribeiraopreto.com.br\/index.php\/2025\/01\/17\/motorista-morre-apos-acidente-entre-caminhao-e-van-em-rodovia-na-regiao-de-ribeirao-preto\/","url_meta":{"origin":72761,"position":2},"title":"Motorista morre ap\u00f3s acidente entre caminh\u00e3o e van em rodovia na regi\u00e3o de Ribeir\u00e3o Preto","author":"noticiasribeiraopreto.com.br","date":"17 de January de 2025","format":false,"excerpt":"Um homem morreu ap\u00f3s um acidente de tr\u00e2nsito pr\u00f3ximo ao km 399 da rodovia Armando Salles de Oliveira, em Bebedouro, cidade na regi\u00e3o de Ribeir\u00e3o Preto, na manh\u00e3 desta sexta-feira (17). De acordo com o DER (Departamento de Estradas de Rodagem do Estado de S\u00e3o Paulo), o acidente aconteceu por\u2026","rel":"","context":"In &quot;Not\u00edcias de Ribeir\u00e3o Preto-SP e Regi\u00e3o&quot;","block_context":{"text":"Not\u00edcias de Ribeir\u00e3o Preto-SP e Regi\u00e3o","link":"https:\/\/noticiasribeiraopreto.com.br\/index.php\/category\/noticias-de-ribeirao-preto-sp-e-regiao-ismael-colosi\/"},"img":{"alt_text":"","src":"https:\/\/i0.wp.com\/noticiasribeiraopreto.com.br\/wp-content\/uploads\/2025\/01\/Copia-de-Copia-de-Copia-de-TAMANHO-EXATO-PARA-FOTOS-NO-SISTEMA-NOVO-2025-01-17T152357.324_2025-01-17_18-24-04_png_2025-01-17_18-24-04.webp.webp?fit=1200%2C675&ssl=1&resize=350%2C200","width":350,"height":200,"srcset":"https:\/\/i0.wp.com\/noticiasribeiraopreto.com.br\/wp-content\/uploads\/2025\/01\/Copia-de-Copia-de-Copia-de-TAMANHO-EXATO-PARA-FOTOS-NO-SISTEMA-NOVO-2025-01-17T152357.324_2025-01-17_18-24-04_png_2025-01-17_18-24-04.webp.webp?fit=1200%2C675&ssl=1&resize=350%2C200 1x, https:\/\/i0.wp.com\/noticiasribeiraopreto.com.br\/wp-content\/uploads\/2025\/01\/Copia-de-Copia-de-Copia-de-TAMANHO-EXATO-PARA-FOTOS-NO-SISTEMA-NOVO-2025-01-17T152357.324_2025-01-17_18-24-04_png_2025-01-17_18-24-04.webp.webp?fit=1200%2C675&ssl=1&resize=525%2C300 1.5x, https:\/\/i0.wp.com\/noticiasribeiraopreto.com.br\/wp-content\/uploads\/2025\/01\/Copia-de-Copia-de-Copia-de-TAMANHO-EXATO-PARA-FOTOS-NO-SISTEMA-NOVO-2025-01-17T152357.324_2025-01-17_18-24-04_png_2025-01-17_18-24-04.webp.webp?fit=1200%2C675&ssl=1&resize=700%2C400 2x, https:\/\/i0.wp.com\/noticiasribeiraopreto.com.br\/wp-content\/uploads\/2025\/01\/Copia-de-Copia-de-Copia-de-TAMANHO-EXATO-PARA-FOTOS-NO-SISTEMA-NOVO-2025-01-17T152357.324_2025-01-17_18-24-04_png_2025-01-17_18-24-04.webp.webp?fit=1200%2C675&ssl=1&resize=1050%2C600 3x"},"classes":[]},{"id":67792,"url":"https:\/\/noticiasribeiraopreto.com.br\/index.php\/2025\/04\/18\/motorista-de-caminhao-morre-apos-acidente-em-rodovia-na-regiao-de-ribeirao\/","url_meta":{"origin":72761,"position":3},"title":"Motorista de caminh\u00e3o morre ap\u00f3s acidente em rodovia na regi\u00e3o de Ribeir\u00e3o","author":"noticiasribeiraopreto.com.br","date":"18 de April de 2025","format":false,"excerpt":"Um motorista de caminh\u00e3o morreu, na madrugada desta sexta-feira (18), ap\u00f3s um acidente de tr\u00e2nsito na rodovia C\u00e2ndido Portinari (SP-334), em Pedregulho, cidade a cerca de 125 quil\u00f4metros de Ribeir\u00e3o Preto. >>>FIQUE POR DENTRO: Mulher morre ap\u00f3s sofrer mal s\u00fabito em rodovia de Ribeir\u00e3o Benedito Jos\u00e9 Teixeira, de 72 anos,\u2026","rel":"","context":"In &quot;Not\u00edcias de Ribeir\u00e3o Preto-SP e Regi\u00e3o&quot;","block_context":{"text":"Not\u00edcias de Ribeir\u00e3o Preto-SP e Regi\u00e3o","link":"https:\/\/noticiasribeiraopreto.com.br\/index.php\/category\/noticias-de-ribeirao-preto-sp-e-regiao-ismael-colosi\/"},"img":{"alt_text":"","src":"https:\/\/i0.wp.com\/noticiasribeiraopreto.com.br\/wp-content\/uploads\/2025\/04\/Copia-de-Copia-de-Copia-de-TAMANHO-EXATO-PARA-FOTOS-NO-SISTEMA-NOVO-2025-04-18T111241.484_2025-04-18_14-12-49.webp.webp?fit=1200%2C675&ssl=1&resize=350%2C200","width":350,"height":200,"srcset":"https:\/\/i0.wp.com\/noticiasribeiraopreto.com.br\/wp-content\/uploads\/2025\/04\/Copia-de-Copia-de-Copia-de-TAMANHO-EXATO-PARA-FOTOS-NO-SISTEMA-NOVO-2025-04-18T111241.484_2025-04-18_14-12-49.webp.webp?fit=1200%2C675&ssl=1&resize=350%2C200 1x, https:\/\/i0.wp.com\/noticiasribeiraopreto.com.br\/wp-content\/uploads\/2025\/04\/Copia-de-Copia-de-Copia-de-TAMANHO-EXATO-PARA-FOTOS-NO-SISTEMA-NOVO-2025-04-18T111241.484_2025-04-18_14-12-49.webp.webp?fit=1200%2C675&ssl=1&resize=525%2C300 1.5x, https:\/\/i0.wp.com\/noticiasribeiraopreto.com.br\/wp-content\/uploads\/2025\/04\/Copia-de-Copia-de-Copia-de-TAMANHO-EXATO-PARA-FOTOS-NO-SISTEMA-NOVO-2025-04-18T111241.484_2025-04-18_14-12-49.webp.webp?fit=1200%2C675&ssl=1&resize=700%2C400 2x, https:\/\/i0.wp.com\/noticiasribeiraopreto.com.br\/wp-content\/uploads\/2025\/04\/Copia-de-Copia-de-Copia-de-TAMANHO-EXATO-PARA-FOTOS-NO-SISTEMA-NOVO-2025-04-18T111241.484_2025-04-18_14-12-49.webp.webp?fit=1200%2C675&ssl=1&resize=1050%2C600 3x"},"classes":[]},{"id":61329,"url":"https:\/\/noticiasribeiraopreto.com.br\/index.php\/2024\/12\/09\/acidente-entre-carro-e-caminhao-deixa-um-morto-em-rodovia-na-regiao-de-ribeirao\/","url_meta":{"origin":72761,"position":4},"title":"Acidente entre carro e caminh\u00e3o deixa um morto em rodovia na regi\u00e3o de Ribeir\u00e3o","author":"noticiasribeiraopreto.com.br","date":"9 de December de 2024","format":false,"excerpt":"Um acidente, na tarde desta segunda-feira (9), envolvendo um carro e um caminh\u00e3o, deixou uma pessoa morta na rodovia Abr\u00e3o Assed, em Cajuru, na regi\u00e3o de Ribeir\u00e3o Preto. Segundo testemunhas, o motorista do utilit\u00e1rio n\u00e3o resistiu e morreu no local. N\u00e3o foi divulgada a identidade da v\u00edtima. Em nota, o\u2026","rel":"","context":"In &quot;Not\u00edcias de Ribeir\u00e3o Preto-SP e Regi\u00e3o&quot;","block_context":{"text":"Not\u00edcias de Ribeir\u00e3o Preto-SP e Regi\u00e3o","link":"https:\/\/noticiasribeiraopreto.com.br\/index.php\/category\/noticias-de-ribeirao-preto-sp-e-regiao-ismael-colosi\/"},"img":{"alt_text":"","src":"https:\/\/i0.wp.com\/noticiasribeiraopreto.com.br\/wp-content\/uploads\/2024\/12\/Copia-de-Copia-de-Copia-de-TAMANHO-EXATO-PARA-FOTOS-NO-SISTEMA-NOVO-2024-12-09T190604.578_2024-12-09_22-13-11_png_2024-12-09_22-13-12.webp.webp?fit=1200%2C675&ssl=1&resize=350%2C200","width":350,"height":200,"srcset":"https:\/\/i0.wp.com\/noticiasribeiraopreto.com.br\/wp-content\/uploads\/2024\/12\/Copia-de-Copia-de-Copia-de-TAMANHO-EXATO-PARA-FOTOS-NO-SISTEMA-NOVO-2024-12-09T190604.578_2024-12-09_22-13-11_png_2024-12-09_22-13-12.webp.webp?fit=1200%2C675&ssl=1&resize=350%2C200 1x, https:\/\/i0.wp.com\/noticiasribeiraopreto.com.br\/wp-content\/uploads\/2024\/12\/Copia-de-Copia-de-Copia-de-TAMANHO-EXATO-PARA-FOTOS-NO-SISTEMA-NOVO-2024-12-09T190604.578_2024-12-09_22-13-11_png_2024-12-09_22-13-12.webp.webp?fit=1200%2C675&ssl=1&resize=525%2C300 1.5x, https:\/\/i0.wp.com\/noticiasribeiraopreto.com.br\/wp-content\/uploads\/2024\/12\/Copia-de-Copia-de-Copia-de-TAMANHO-EXATO-PARA-FOTOS-NO-SISTEMA-NOVO-2024-12-09T190604.578_2024-12-09_22-13-11_png_2024-12-09_22-13-12.webp.webp?fit=1200%2C675&ssl=1&resize=700%2C400 2x, https:\/\/i0.wp.com\/noticiasribeiraopreto.com.br\/wp-content\/uploads\/2024\/12\/Copia-de-Copia-de-Copia-de-TAMANHO-EXATO-PARA-FOTOS-NO-SISTEMA-NOVO-2024-12-09T190604.578_2024-12-09_22-13-11_png_2024-12-09_22-13-12.webp.webp?fit=1200%2C675&ssl=1&resize=1050%2C600 3x"},"classes":[]},{"id":68719,"url":"https:\/\/noticiasribeiraopreto.com.br\/index.php\/2025\/04\/28\/motorista-morre-apos-acidente-com-caminhao-no-anel-viario-norte-em-ribeirao-preto\/","url_meta":{"origin":72761,"position":5},"title":"Motorista morre ap\u00f3s acidente com caminh\u00e3o no Anel Vi\u00e1rio Norte em Ribeir\u00e3o Preto","author":"noticiasribeiraopreto.com.br","date":"28 de April de 2025","format":false,"excerpt":"O motorista de um carro morreu no in\u00edcio da tarde desta segunda-feira (28) ap\u00f3s se envolver em um acidente na rodovia Alexandre Balbo (Anel Vi\u00e1rio Norte), em Ribeir\u00e3o Preto. O carro dirigido pela v\u00edtima colidiu com a traseira de um caminh\u00e3o, que seguia no sentido da rodovia Anhanguera. O acidente\u2026","rel":"","context":"In &quot;Not\u00edcias de Ribeir\u00e3o Preto-SP e Regi\u00e3o&quot;","block_context":{"text":"Not\u00edcias de Ribeir\u00e3o Preto-SP e Regi\u00e3o","link":"https:\/\/noticiasribeiraopreto.com.br\/index.php\/category\/noticias-de-ribeirao-preto-sp-e-regiao-ismael-colosi\/"},"img":{"alt_text":"","src":"https:\/\/i0.wp.com\/noticiasribeiraopreto.com.br\/wp-content\/uploads\/2025\/04\/imagem-mostra-acidente-carro-caminhao_2025-04-28_16-24-54.webp.webp?fit=1200%2C900&ssl=1&resize=350%2C200","width":350,"height":200,"srcset":"https:\/\/i0.wp.com\/noticiasribeiraopreto.com.br\/wp-content\/uploads\/2025\/04\/imagem-mostra-acidente-carro-caminhao_2025-04-28_16-24-54.webp.webp?fit=1200%2C900&ssl=1&resize=350%2C200 1x, https:\/\/i0.wp.com\/noticiasribeiraopreto.com.br\/wp-content\/uploads\/2025\/04\/imagem-mostra-acidente-carro-caminhao_2025-04-28_16-24-54.webp.webp?fit=1200%2C900&ssl=1&resize=525%2C300 1.5x, https:\/\/i0.wp.com\/noticiasribeiraopreto.com.br\/wp-content\/uploads\/2025\/04\/imagem-mostra-acidente-carro-caminhao_2025-04-28_16-24-54.webp.webp?fit=1200%2C900&ssl=1&resize=700%2C400 2x, https:\/\/i0.wp.com\/noticiasribeiraopreto.com.br\/wp-content\/uploads\/2025\/04\/imagem-mostra-acidente-carro-caminhao_2025-04-28_16-24-54.webp.webp?fit=1200%2C900&ssl=1&resize=1050%2C600 3x"},"classes":[]}],"jetpack_sharing_enabled":true,"jetpack_shortlink":"https:\/\/wp.me\/peQAOb-iVz","_links":{"self":[{"href":"https:\/\/noticiasribeiraopreto.com.br\/index.php\/wp-json\/wp\/v2\/posts\/72761","targetHints":{"allow":["GET"]}}],"collection":[{"href":"https:\/\/noticiasribeiraopreto.com.br\/index.php\/wp-json\/wp\/v2\/posts"}],"about":[{"href":"https:\/\/noticiasribeiraopreto.com.br\/index.php\/wp-json\/wp\/v2\/types\/post"}],"author":[{"embeddable":true,"href":"https:\/\/noticiasribeiraopreto.com.br\/index.php\/wp-json\/wp\/v2\/users\/1"}],"replies":[{"embeddable":true,"href":"https:\/\/noticiasribeiraopreto.com.br\/index.php\/wp-json\/wp\/v2\/comments?post=72761"}],"version-history":[{"count":0,"href":"https:\/\/noticiasribeiraopreto.com.br\/index.php\/wp-json\/wp\/v2\/posts\/72761\/revisions"}],"wp:featuredmedia":[{"embeddable":true,"href":"https:\/\/noticiasribeiraopreto.com.br\/index.php\/wp-json\/wp\/v2\/media\/72762"}],"wp:attachment":[{"href":"https:\/\/noticiasribeiraopreto.com.br\/index.php\/wp-json\/wp\/v2\/media?parent=72761"}],"wp:term":[{"taxonomy":"category","embeddable":true,"href":"https:\/\/noticiasribeiraopreto.com.br\/index.php\/wp-json\/wp\/v2\/categories?post=72761"},{"taxonomy":"post_tag","embeddable":true,"href":"https:\/\/noticiasribeiraopreto.com.br\/index.php\/wp-json\/wp\/v2\/tags?post=72761"}],"curies":[{"name":"wp","href":"https:\/\/api.w.org\/{rel}","templated":true}]}}