{"id":72765,"date":"2025-06-20T20:13:51","date_gmt":"2025-06-20T23:13:51","guid":{"rendered":"https:\/\/noticiasribeiraopreto.com.br\/index.php\/2025\/06\/20\/pantera-no-mundial-site-espanhol-troca-escudo-e-usa-simbolo-de-time-de-ribeirao-preto\/"},"modified":"2025-06-20T20:13:51","modified_gmt":"2025-06-20T23:13:51","slug":"pantera-no-mundial-site-espanhol-troca-escudo-e-usa-simbolo-de-time-de-ribeirao-preto","status":"publish","type":"post","link":"https:\/\/noticiasribeiraopreto.com.br\/index.php\/2025\/06\/20\/pantera-no-mundial-site-espanhol-troca-escudo-e-usa-simbolo-de-time-de-ribeirao-preto\/","title":{"rendered":"Pantera no Mundial? Site espanhol troca escudo e usa s\u00edmbolo de time de Ribeir\u00e3o Preto"},"content":{"rendered":"<p> <br \/>\n<\/p>\n<div data-td-block-uid=\"tdi_95\">\n<div class=\"tdb-block-inner td-fix-index\">\n<p>O jornal esportivo espanhol <em>Mundo Deportivo<\/em>, com sede em Barcelona, <strong>utilizou o escudo do Botafogo de Ribeir\u00e3o Preto no lugar do s\u00edmbolo do Botafogo do Rio de Janeiro<\/strong> em sua cobertura da Copa do Mundo de Clubes. <\/p>\n<p>A troca ocorreu na tabela de classifica\u00e7\u00e3o e em uma reportagem sobre a vit\u00f3ria por 1 a 0 sobre o Paris Saint-Germain, na noite de quinta-feira (19).<\/p>\n<figure class=\"wp-block-image size-full\"><img data-recalc-dims=\"1\" fetchpriority=\"high\" decoding=\"async\" width=\"984\" height=\"441\" src=\"https:\/\/i0.wp.com\/cdn.media-acidadeon.com.br\/ribeiraopreto\/wp-content\/uploads\/sites\/3\/2025\/06\/image_2025-06-20_19-47-26.webp?resize=984%2C441&#038;ssl=1\" alt=\"\" class=\"wp-image-120444\" srcset=\"https:\/\/cdn.media-acidadeon.com.br\/ribeiraopreto\/wp-content\/uploads\/sites\/3\/2025\/06\/image_2025-06-20_19-47-26.webp 984w, https:\/\/cdn.media-acidadeon.com.br\/ribeiraopreto\/wp-content\/uploads\/sites\/3\/2025\/06\/image_2025-06-20_19-47-26-300x134.webp 300w, https:\/\/cdn.media-acidadeon.com.br\/ribeiraopreto\/wp-content\/uploads\/sites\/3\/2025\/06\/image_2025-06-20_19-47-26-768x344.webp 768w, https:\/\/cdn.media-acidadeon.com.br\/ribeiraopreto\/wp-content\/uploads\/sites\/3\/2025\/06\/image_2025-06-20_19-47-26-696x312.webp 696w\" sizes=\"(max-width: 984px) 100vw, 984px\"\/><figcaption class=\"wp-element-caption\">Reprodu\u00e7\u00e3o<\/figcaption><\/figure>\n<p>A imagem do escudo do clube paulista, que disputa a S\u00e9rie B do Campeonato Brasileiro, permaneceu no site at\u00e9 as 15h desta sexta-feira (20).<\/p>\n<div class=\"wp-block-image\">\n<figure class=\"aligncenter size-full\"><img data-recalc-dims=\"1\" loading=\"lazy\" decoding=\"async\" width=\"984\" height=\"329\" src=\"https:\/\/i0.wp.com\/cdn.media-acidadeon.com.br\/ribeiraopreto\/wp-content\/uploads\/sites\/3\/2025\/06\/image_2025-06-20_19-48-37.webp?resize=984%2C329&#038;ssl=1\" alt=\"\" class=\"wp-image-120445\" srcset=\"https:\/\/cdn.media-acidadeon.com.br\/ribeiraopreto\/wp-content\/uploads\/sites\/3\/2025\/06\/image_2025-06-20_19-48-37.webp 984w, https:\/\/cdn.media-acidadeon.com.br\/ribeiraopreto\/wp-content\/uploads\/sites\/3\/2025\/06\/image_2025-06-20_19-48-37-300x100.webp 300w, https:\/\/cdn.media-acidadeon.com.br\/ribeiraopreto\/wp-content\/uploads\/sites\/3\/2025\/06\/image_2025-06-20_19-48-37-768x257.webp 768w, https:\/\/cdn.media-acidadeon.com.br\/ribeiraopreto\/wp-content\/uploads\/sites\/3\/2025\/06\/image_2025-06-20_19-48-37-696x233.webp 696w\" sizes=\"auto, (max-width: 984px) 100vw, 984px\"\/><\/figure>\n<\/div>\n<h3 class=\"wp-block-heading\"><strong>Novamente?<\/strong><\/h3>\n<p>N\u00e3o \u00e9 a primeira vez que sites internacionais confundem os dois clubes. Em dezembro de 2023, durante a Copa Intercontinental, a plataforma de estat\u00edsticas Sofascore tamb\u00e9m usou o s\u00edmbolo do Botafogo como se fosse do time carioca em um jogo contra o Pachuca. <\/p>\n<figure class=\"wp-block-image size-full\"><img data-recalc-dims=\"1\" loading=\"lazy\" decoding=\"async\" width=\"984\" height=\"708\" src=\"https:\/\/i0.wp.com\/cdn.media-acidadeon.com.br\/ribeiraopreto\/wp-content\/uploads\/sites\/3\/2025\/06\/image_2025-06-20_19-48-55.webp?resize=984%2C708&#038;ssl=1\" alt=\"\" class=\"wp-image-120446\" srcset=\"https:\/\/cdn.media-acidadeon.com.br\/ribeiraopreto\/wp-content\/uploads\/sites\/3\/2025\/06\/image_2025-06-20_19-48-55.webp 984w, https:\/\/cdn.media-acidadeon.com.br\/ribeiraopreto\/wp-content\/uploads\/sites\/3\/2025\/06\/image_2025-06-20_19-48-55-300x216.webp 300w, https:\/\/cdn.media-acidadeon.com.br\/ribeiraopreto\/wp-content\/uploads\/sites\/3\/2025\/06\/image_2025-06-20_19-48-55-768x553.webp 768w, https:\/\/cdn.media-acidadeon.com.br\/ribeiraopreto\/wp-content\/uploads\/sites\/3\/2025\/06\/image_2025-06-20_19-48-55-696x501.webp 696w\" sizes=\"auto, (max-width: 984px) 100vw, 984px\"\/><\/figure>\n<p>Naquela ocasi\u00e3o, o Botafogo do Rio foi derrotado por 3 a 0.<\/p>\n<hr class=\"wp-block-separator has-alpha-channel-opacity\"\/>\n<p>SAIBA MAIS<\/p>\n<p>Camisas de futebol s\u00e3o tema de encontro in\u00e9dito em Ribeir\u00e3o neste fim de semana<\/p>\n<h2 class=\"wp-block-heading\"><strong>FIQUE ON<\/strong><\/h2>\n<p>Quer ficar por dentro de tudo que acontece em Ribeir\u00e3o Preto e regi\u00e3o? Ent\u00e3o siga os perfis do\u202facidade on\u202fno\u202f<a href=\"https:\/\/www.instagram.com\/acidadeonribeirao\" target=\"_blank\" rel=\"noreferrer noopener\">Instagram<\/a>\u202fe no\u202f<a href=\"https:\/\/www.facebook.com\/acidadeonribeirao\/\" target=\"_blank\" rel=\"noreferrer noopener\">Facebook<\/a>.<\/p>\n<p>Al\u00e9m disso, voc\u00ea pode receber as principais not\u00edcias diretamente no WhatsApp. Para isso, basta\u00a0<a href=\"https:\/\/chat.whatsapp.com\/BjKQZ9oJwlz8VVT50NuePq\" target=\"_blank\" rel=\"noreferrer noopener\">entrar no grupo clicando aqui<\/a>.<\/p>\n<p>Por fim, se quiser fazer uma den\u00fancia ou sugerir uma reportagem sobre Ribeir\u00e3o Preto e regi\u00e3o, envie uma mensagem pelo WhatsApp: (16) 99117-7802.<\/p>\n<p>VEJA TAMB\u00c9M<\/p>\n<p>In\u00edcio do inverno: como a esta\u00e7\u00e3o mais fria do ano impacta as lavouras<\/p>\n<p><!-- CONTENT END 1 -->\n<\/div>\n<\/div>\n<p><script async src=\"\/\/www.instagram.com\/embed.js\"><\/script><br \/>\n<br \/><br \/>\n<br \/><a href=\"https:\/\/www.acidadeon.com\/ribeiraopreto\/esportes\/pantera-no-mundial-site-espanhol-troca-escudo-e-usa-simbolo-de-time-de-ribeirao-preto\/\">Source link <\/a><\/p>\n","protected":false},"excerpt":{"rendered":"<p>O jornal esportivo espanhol Mundo Deportivo, com sede em Barcelona, utilizou o escudo do Botafogo de Ribeir\u00e3o Preto no lugar do s\u00edmbolo do Botafogo do&#8230;<\/p>\n","protected":false},"author":1,"featured_media":72766,"comment_status":"open","ping_status":"open","sticky":false,"template":"","format":"standard","meta":{"advanced_seo_description":"","jetpack_seo_html_title":"","jetpack_seo_noindex":false,"jetpack_post_was_ever_published":false,"_jetpack_newsletter_access":"","_jetpack_dont_email_post_to_subs":false,"_jetpack_newsletter_tier_id":0,"_jetpack_memberships_contains_paywalled_content":false,"_jetpack_memberships_contains_paid_content":false,"footnotes":"","jetpack_publicize_message":"","jetpack_publicize_feature_enabled":true,"jetpack_social_post_already_shared":true,"jetpack_social_options":{"image_generator_settings":{"template":"highway","default_image_id":0,"font":"","enabled":false},"version":2}},"categories":[11],"tags":[],"class_list":["post-72765","post","type-post","status-publish","format-standard","has-post-thumbnail","hentry","category-noticias-de-ribeirao-preto-sp-e-regiao-ismael-colosi"],"jetpack_publicize_connections":[],"jetpack_featured_media_url":"https:\/\/i0.wp.com\/noticiasribeiraopreto.com.br\/wp-content\/uploads\/2025\/06\/Copia-de-Copia-de-Copia-de-TAMANHO-EXATO-PARA-FOTOS-NO-SISTEMA-NOVO-2025-06-20T164933.459_2025-06-20_19-49-43.webp.webp?fit=1200%2C675&ssl=1","jetpack-related-posts":[{"id":82082,"url":"https:\/\/noticiasribeiraopreto.com.br\/index.php\/2026\/02\/03\/jogador-do-botafogo-e-emprestado-a-time-espanhol\/","url_meta":{"origin":72765,"position":0},"title":"Jogador do Botafogo \u00e9 emprestado a time espanhol","author":"noticiasribeiraopreto.com.br","date":"3 de February de 2026","format":false,"excerpt":"O Botafogo anunciou o empr\u00e9stimo do meia Jo\u00e3o Costa, de 20 anos, para o Real Murcia, da Espanha. O v\u00ednculo com o time espanhol vai at\u00e9 dezembro de 2026. Hist\u00f3rico Formado nas categorias de base do Pantera, Jo\u00e3o Costa tem contrato com o clube at\u00e9 mar\u00e7o de 2028. Na temporada\u2026","rel":"","context":"In &quot;Not\u00edcias de Ribeir\u00e3o Preto-SP e Regi\u00e3o&quot;","block_context":{"text":"Not\u00edcias de Ribeir\u00e3o Preto-SP e Regi\u00e3o","link":"https:\/\/noticiasribeiraopreto.com.br\/index.php\/category\/noticias-de-ribeirao-preto-sp-e-regiao-ismael-colosi\/"},"img":{"alt_text":"","src":"https:\/\/i0.wp.com\/noticiasribeiraopreto.com.br\/wp-content\/uploads\/2026\/02\/domingo-2026-02-02T182528.127_2026-02-02_21-25-45.webp.webp?fit=1200%2C675&ssl=1&resize=350%2C200","width":350,"height":200,"srcset":"https:\/\/i0.wp.com\/noticiasribeiraopreto.com.br\/wp-content\/uploads\/2026\/02\/domingo-2026-02-02T182528.127_2026-02-02_21-25-45.webp.webp?fit=1200%2C675&ssl=1&resize=350%2C200 1x, https:\/\/i0.wp.com\/noticiasribeiraopreto.com.br\/wp-content\/uploads\/2026\/02\/domingo-2026-02-02T182528.127_2026-02-02_21-25-45.webp.webp?fit=1200%2C675&ssl=1&resize=525%2C300 1.5x, https:\/\/i0.wp.com\/noticiasribeiraopreto.com.br\/wp-content\/uploads\/2026\/02\/domingo-2026-02-02T182528.127_2026-02-02_21-25-45.webp.webp?fit=1200%2C675&ssl=1&resize=700%2C400 2x, https:\/\/i0.wp.com\/noticiasribeiraopreto.com.br\/wp-content\/uploads\/2026\/02\/domingo-2026-02-02T182528.127_2026-02-02_21-25-45.webp.webp?fit=1200%2C675&ssl=1&resize=1050%2C600 3x"},"classes":[]},{"id":41301,"url":"https:\/\/noticiasribeiraopreto.com.br\/index.php\/2024\/03\/07\/botafogo-e-ribeirao-fut7-anunciam-parceria\/","url_meta":{"origin":72765,"position":1},"title":"Botafogo e Ribeir\u00e3o FUT7 anunciam parceria\u00a0\u00a0","author":"noticiasribeiraopreto.com.br","date":"7 de March de 2024","format":false,"excerpt":"7 de mar\u00e7o de 2024 | 13:307 de mar\u00e7o de 2024 | 11:22 0Com o objetivo de expandir a marca e apoiar outros esportes, o Botafogo ter\u00e1 agora um time de futebol 7, modalidade que vem crescendo e ganhando espa\u00e7o com a chegada de equipes tradicionais do futebol brasileiro.\u00a0Em parceria\u2026","rel":"","context":"In &quot;Not\u00edcias de Ribeir\u00e3o Preto-SP e Regi\u00e3o&quot;","block_context":{"text":"Not\u00edcias de Ribeir\u00e3o Preto-SP e Regi\u00e3o","link":"https:\/\/noticiasribeiraopreto.com.br\/index.php\/category\/noticias-de-ribeirao-preto-sp-e-regiao-ismael-colosi\/"},"img":{"alt_text":"","src":"https:\/\/i0.wp.com\/noticiasribeiraopreto.com.br\/wp-content\/uploads\/2024\/03\/Botafogo-2-19.jpg?fit=960%2C539&ssl=1&resize=350%2C200","width":350,"height":200,"srcset":"https:\/\/i0.wp.com\/noticiasribeiraopreto.com.br\/wp-content\/uploads\/2024\/03\/Botafogo-2-19.jpg?fit=960%2C539&ssl=1&resize=350%2C200 1x, https:\/\/i0.wp.com\/noticiasribeiraopreto.com.br\/wp-content\/uploads\/2024\/03\/Botafogo-2-19.jpg?fit=960%2C539&ssl=1&resize=525%2C300 1.5x, https:\/\/i0.wp.com\/noticiasribeiraopreto.com.br\/wp-content\/uploads\/2024\/03\/Botafogo-2-19.jpg?fit=960%2C539&ssl=1&resize=700%2C400 2x"},"classes":[]},{"id":77626,"url":"https:\/\/noticiasribeiraopreto.com.br\/index.php\/2025\/09\/22\/fundacao-em-homenagem-a-filha-de-campeao-da-champions-vence-premio-socrates\/","url_meta":{"origin":72765,"position":2},"title":"Funda\u00e7\u00e3o em homenagem \u00e0 filha de campe\u00e3o da Champions vence Pr\u00eamio S\u00f3crates","author":"noticiasribeiraopreto.com.br","date":"22 de September de 2025","format":false,"excerpt":"O Pr\u00eamio S\u00f3crates, criado em refer\u00eancia ao \u00eddolo do Botafogo de Ribeir\u00e3o Preto e do Corinthians, foi vencido em 2025 pela Xana Fundac\u00edon, organiza\u00e7\u00e3o criada em homenagem \u00e0 filha do t\u00e9cnico espanhol Luis Enrique, treinador campe\u00e3o da Champions League pelo PSG-FRA. O pr\u00eamio foi entregue nesta segunda-feira (22), em Paris,\u2026","rel":"","context":"In &quot;Not\u00edcias de Ribeir\u00e3o Preto-SP e Regi\u00e3o&quot;","block_context":{"text":"Not\u00edcias de Ribeir\u00e3o Preto-SP e Regi\u00e3o","link":"https:\/\/noticiasribeiraopreto.com.br\/index.php\/category\/noticias-de-ribeirao-preto-sp-e-regiao-ismael-colosi\/"},"img":{"alt_text":"","src":"https:\/\/i0.wp.com\/noticiasribeiraopreto.com.br\/wp-content\/uploads\/2025\/09\/socrates-2.jpg?fit=1200%2C675&ssl=1&resize=350%2C200","width":350,"height":200,"srcset":"https:\/\/i0.wp.com\/noticiasribeiraopreto.com.br\/wp-content\/uploads\/2025\/09\/socrates-2.jpg?fit=1200%2C675&ssl=1&resize=350%2C200 1x, https:\/\/i0.wp.com\/noticiasribeiraopreto.com.br\/wp-content\/uploads\/2025\/09\/socrates-2.jpg?fit=1200%2C675&ssl=1&resize=525%2C300 1.5x, https:\/\/i0.wp.com\/noticiasribeiraopreto.com.br\/wp-content\/uploads\/2025\/09\/socrates-2.jpg?fit=1200%2C675&ssl=1&resize=700%2C400 2x, https:\/\/i0.wp.com\/noticiasribeiraopreto.com.br\/wp-content\/uploads\/2025\/09\/socrates-2.jpg?fit=1200%2C675&ssl=1&resize=1050%2C600 3x"},"classes":[]},{"id":60641,"url":"https:\/\/noticiasribeiraopreto.com.br\/index.php\/2024\/11\/20\/time-de-ribeirao-lanca-camisa-em-homenagem-ao-dia-da-consciencia-negra\/","url_meta":{"origin":72765,"position":3},"title":"Time de Ribeir\u00e3o lan\u00e7a camisa em homenagem ao Dia da Consci\u00eancia Negra","author":"noticiasribeiraopreto.com.br","date":"20 de November de 2024","format":false,"excerpt":"O Botafogo lan\u00e7ou, nesta quarta-feira (20), seu novo uniforme em homenagem ao Dia da Consci\u00eancia Negra. Esta \u00e9 a terceira vez consecutiva que o clube apresenta uma camisa especial para celebrar a data. O modelo de 2024 traz as cores preta e cinza, com detalhes vermelhos nas mangas e gola.\u2026","rel":"","context":"In &quot;Not\u00edcias de Ribeir\u00e3o Preto-SP e Regi\u00e3o&quot;","block_context":{"text":"Not\u00edcias de Ribeir\u00e3o Preto-SP e Regi\u00e3o","link":"https:\/\/noticiasribeiraopreto.com.br\/index.php\/category\/noticias-de-ribeirao-preto-sp-e-regiao-ismael-colosi\/"},"img":{"alt_text":"","src":"https:\/\/i0.wp.com\/noticiasribeiraopreto.com.br\/wp-content\/uploads\/2024\/11\/Copia-de-Copia-de-Copia-de-TAMANHO-EXATO-PARA-FOTOS-NO-SISTEMA-NOVO-2024-11-20T152021.868_2024-11-20_18-24-45_png_2024-11-20_18-24-45.webp.webp?fit=1200%2C675&ssl=1&resize=350%2C200","width":350,"height":200,"srcset":"https:\/\/i0.wp.com\/noticiasribeiraopreto.com.br\/wp-content\/uploads\/2024\/11\/Copia-de-Copia-de-Copia-de-TAMANHO-EXATO-PARA-FOTOS-NO-SISTEMA-NOVO-2024-11-20T152021.868_2024-11-20_18-24-45_png_2024-11-20_18-24-45.webp.webp?fit=1200%2C675&ssl=1&resize=350%2C200 1x, https:\/\/i0.wp.com\/noticiasribeiraopreto.com.br\/wp-content\/uploads\/2024\/11\/Copia-de-Copia-de-Copia-de-TAMANHO-EXATO-PARA-FOTOS-NO-SISTEMA-NOVO-2024-11-20T152021.868_2024-11-20_18-24-45_png_2024-11-20_18-24-45.webp.webp?fit=1200%2C675&ssl=1&resize=525%2C300 1.5x, https:\/\/i0.wp.com\/noticiasribeiraopreto.com.br\/wp-content\/uploads\/2024\/11\/Copia-de-Copia-de-Copia-de-TAMANHO-EXATO-PARA-FOTOS-NO-SISTEMA-NOVO-2024-11-20T152021.868_2024-11-20_18-24-45_png_2024-11-20_18-24-45.webp.webp?fit=1200%2C675&ssl=1&resize=700%2C400 2x, https:\/\/i0.wp.com\/noticiasribeiraopreto.com.br\/wp-content\/uploads\/2024\/11\/Copia-de-Copia-de-Copia-de-TAMANHO-EXATO-PARA-FOTOS-NO-SISTEMA-NOVO-2024-11-20T152021.868_2024-11-20_18-24-45_png_2024-11-20_18-24-45.webp.webp?fit=1200%2C675&ssl=1&resize=1050%2C600 3x"},"classes":[]},{"id":84684,"url":"https:\/\/noticiasribeiraopreto.com.br\/index.php\/2026\/04\/14\/morre-paulinho-gandula-torcedor-simbolo-do-botafogo-aos-66-anos\/","url_meta":{"origin":72765,"position":4},"title":"Morre Paulinho Gandula, torcedor s\u00edmbolo do Botafogo, aos 66 anos","author":"noticiasribeiraopreto.com.br","date":"14 de April de 2026","format":false,"excerpt":"Ler o resumo da not\u00edcia Paulinho Gandula, torcedor s\u00edmbolo do Botafogo, morreu aos 66 anos em Ribeir\u00e3o Preto nesta ter\u00e7a-feira (14). Ele estava internado desde 4 de fevereiro ap\u00f3s ser diagnosticado com trombose na perna e faleceu por fal\u00eancia m\u00faltipla dos \u00f3rg\u00e3os. Paulinho trabalho por quase tr\u00eas d\u00e9cadas como gandula\u2026","rel":"","context":"In &quot;Not\u00edcias de Ribeir\u00e3o Preto-SP e Regi\u00e3o&quot;","block_context":{"text":"Not\u00edcias de Ribeir\u00e3o Preto-SP e Regi\u00e3o","link":"https:\/\/noticiasribeiraopreto.com.br\/index.php\/category\/noticias-de-ribeirao-preto-sp-e-regiao-ismael-colosi\/"},"img":{"alt_text":"","src":"https:\/\/i0.wp.com\/noticiasribeiraopreto.com.br\/wp-content\/uploads\/2026\/04\/paulinho-gandula_2026-04-14_12-51-25.webp.webp?fit=1200%2C674&ssl=1&resize=350%2C200","width":350,"height":200,"srcset":"https:\/\/i0.wp.com\/noticiasribeiraopreto.com.br\/wp-content\/uploads\/2026\/04\/paulinho-gandula_2026-04-14_12-51-25.webp.webp?fit=1200%2C674&ssl=1&resize=350%2C200 1x, https:\/\/i0.wp.com\/noticiasribeiraopreto.com.br\/wp-content\/uploads\/2026\/04\/paulinho-gandula_2026-04-14_12-51-25.webp.webp?fit=1200%2C674&ssl=1&resize=525%2C300 1.5x, https:\/\/i0.wp.com\/noticiasribeiraopreto.com.br\/wp-content\/uploads\/2026\/04\/paulinho-gandula_2026-04-14_12-51-25.webp.webp?fit=1200%2C674&ssl=1&resize=700%2C400 2x, https:\/\/i0.wp.com\/noticiasribeiraopreto.com.br\/wp-content\/uploads\/2026\/04\/paulinho-gandula_2026-04-14_12-51-25.webp.webp?fit=1200%2C674&ssl=1&resize=1050%2C600 3x"},"classes":[]},{"id":69909,"url":"https:\/\/noticiasribeiraopreto.com.br\/index.php\/2025\/05\/10\/botafogo-divulga-novo-uniforme-principal-para-disputa-da-temporada-2025\/","url_meta":{"origin":72765,"position":5},"title":"Botafogo divulga novo uniforme principal para disputa da temporada 2025","author":"noticiasribeiraopreto.com.br","date":"10 de May de 2025","format":false,"excerpt":"O Botafogo lan\u00e7ou oficialmente nesta sexta-feira (9) o novo uniforme principal para a temporada 2025. O novo manto da equipe de Ribeir\u00e3o Preto ser\u00e1 vendido nas lojas f\u00edsicas oficiais e pela internet por R$ 299,99. De acordo com a diretoria do Pantera, \u201ca camisa combina inova\u00e7\u00e3o tecnol\u00f3gica com elementos cl\u00e1ssicos\u2026","rel":"","context":"In &quot;Not\u00edcias de Ribeir\u00e3o Preto-SP e Regi\u00e3o&quot;","block_context":{"text":"Not\u00edcias de Ribeir\u00e3o Preto-SP e Regi\u00e3o","link":"https:\/\/noticiasribeiraopreto.com.br\/index.php\/category\/noticias-de-ribeirao-preto-sp-e-regiao-ismael-colosi\/"},"img":{"alt_text":"","src":"https:\/\/i0.wp.com\/noticiasribeiraopreto.com.br\/wp-content\/uploads\/2025\/05\/nova-camisa-botafogo_2025-05-10_14-21-10.webp.webp?fit=1200%2C799&ssl=1&resize=350%2C200","width":350,"height":200,"srcset":"https:\/\/i0.wp.com\/noticiasribeiraopreto.com.br\/wp-content\/uploads\/2025\/05\/nova-camisa-botafogo_2025-05-10_14-21-10.webp.webp?fit=1200%2C799&ssl=1&resize=350%2C200 1x, https:\/\/i0.wp.com\/noticiasribeiraopreto.com.br\/wp-content\/uploads\/2025\/05\/nova-camisa-botafogo_2025-05-10_14-21-10.webp.webp?fit=1200%2C799&ssl=1&resize=525%2C300 1.5x, https:\/\/i0.wp.com\/noticiasribeiraopreto.com.br\/wp-content\/uploads\/2025\/05\/nova-camisa-botafogo_2025-05-10_14-21-10.webp.webp?fit=1200%2C799&ssl=1&resize=700%2C400 2x, https:\/\/i0.wp.com\/noticiasribeiraopreto.com.br\/wp-content\/uploads\/2025\/05\/nova-camisa-botafogo_2025-05-10_14-21-10.webp.webp?fit=1200%2C799&ssl=1&resize=1050%2C600 3x"},"classes":[]}],"jetpack_sharing_enabled":true,"jetpack_shortlink":"https:\/\/wp.me\/peQAOb-iVD","_links":{"self":[{"href":"https:\/\/noticiasribeiraopreto.com.br\/index.php\/wp-json\/wp\/v2\/posts\/72765","targetHints":{"allow":["GET"]}}],"collection":[{"href":"https:\/\/noticiasribeiraopreto.com.br\/index.php\/wp-json\/wp\/v2\/posts"}],"about":[{"href":"https:\/\/noticiasribeiraopreto.com.br\/index.php\/wp-json\/wp\/v2\/types\/post"}],"author":[{"embeddable":true,"href":"https:\/\/noticiasribeiraopreto.com.br\/index.php\/wp-json\/wp\/v2\/users\/1"}],"replies":[{"embeddable":true,"href":"https:\/\/noticiasribeiraopreto.com.br\/index.php\/wp-json\/wp\/v2\/comments?post=72765"}],"version-history":[{"count":0,"href":"https:\/\/noticiasribeiraopreto.com.br\/index.php\/wp-json\/wp\/v2\/posts\/72765\/revisions"}],"wp:featuredmedia":[{"embeddable":true,"href":"https:\/\/noticiasribeiraopreto.com.br\/index.php\/wp-json\/wp\/v2\/media\/72766"}],"wp:attachment":[{"href":"https:\/\/noticiasribeiraopreto.com.br\/index.php\/wp-json\/wp\/v2\/media?parent=72765"}],"wp:term":[{"taxonomy":"category","embeddable":true,"href":"https:\/\/noticiasribeiraopreto.com.br\/index.php\/wp-json\/wp\/v2\/categories?post=72765"},{"taxonomy":"post_tag","embeddable":true,"href":"https:\/\/noticiasribeiraopreto.com.br\/index.php\/wp-json\/wp\/v2\/tags?post=72765"}],"curies":[{"name":"wp","href":"https:\/\/api.w.org\/{rel}","templated":true}]}}