{"id":72767,"date":"2025-06-20T20:36:44","date_gmt":"2025-06-20T23:36:44","guid":{"rendered":"https:\/\/noticiasribeiraopreto.com.br\/index.php\/2025\/06\/20\/jornal-da-franca-veja-os-alimentos-que-mais-causam-inchacos-e-gases-e-como-evitar-o-desconforto\/"},"modified":"2025-06-20T20:36:44","modified_gmt":"2025-06-20T23:36:44","slug":"jornal-da-franca-veja-os-alimentos-que-mais-causam-inchacos-e-gases-e-como-evitar-o-desconforto","status":"publish","type":"post","link":"https:\/\/noticiasribeiraopreto.com.br\/index.php\/2025\/06\/20\/jornal-da-franca-veja-os-alimentos-que-mais-causam-inchacos-e-gases-e-como-evitar-o-desconforto\/","title":{"rendered":"Jornal da Franca &#8211; Veja os alimentos que mais causam incha\u00e7os e gases e como evitar o desconforto"},"content":{"rendered":"<div class='code-block code-block-1' style='margin: 8px 0 8px auto; text-align: right; display: block; clear: both;'>\n<p><a href=\"https:\/\/wa.link\/vpicfd\"><img data-recalc-dims=\"1\" class=\"wp-image-4922\" style=\"aspect-ratio: 2.0253164556962027; width: 561px; height: auto;\" src=\"https:\/\/i0.wp.com\/ismaelcolosi.com.br\/wp-content\/uploads\/2023\/11\/grupo-de-empregos-whatsapp-e-facebook-ismael-colosi-vagas.jpg?ssl=1\" alt=\"\" \/><\/a><\/p>\n<!-- \/wp:image -->\n<\/div>\n<p> <br \/>\n<\/p>\n<div>\n<p>Especialista explica por que alguns alimentos \u201cexplodem\u201d no intestino e d\u00e1 dicas pr\u00e1ticas para aliviar a quest\u00e3o de muitos gases<\/p>\n<\/p><\/div>\n<p>Muitas pessoas sofrem com estufamento, barriga inchada ou desconforto abdominal com frequ\u00eancia, e a culpa pode estar no que se coloca no prato.<\/p>\n<p>De acordo com Cintya Bassi, coordenadora de nutri\u00e7\u00e3o e diet\u00e9tica do S\u00e3o Crist\u00f3v\u00e3o Sa\u00fade, muitos alimentos comuns do dia a dia s\u00e3o verdadeiros catalisadores de gases \u2014 tudo por conta da fermenta\u00e7\u00e3o feita pelas bact\u00e9rias no intestino grosso.<\/p>\n<div>\n<p>\u201cIsso acontece especialmente com alimentos ricos em fibras e certos tipos de carboidratos que n\u00e3o s\u00e3o totalmente digeridos no est\u00f4mago\u201d, explica a nutricionista. Ao chegar ao intestino grosso, esses componentes sofrem fermenta\u00e7\u00e3o e liberam gases, e quase sempre, causam algum desconforto.<\/p>\n<p>Entre os campe\u00f5es da produ\u00e7\u00e3o de gases est\u00e3o os vegetais cruc\u00edferos, como br\u00f3colis, couve-flor, couve-de-bruxelas e repolho, ricos em enxofre e a\u00e7\u00facares n\u00e3o diger\u00edveis.<\/p>\n<p>Leguminosas como feij\u00e3o, lentilha, ervilha e gr\u00e3o-de-bico tamb\u00e9m entram na lista, assim como cereais (aveia, cevada), frutas (ma\u00e7\u00e3, pera, manga, melancia, p\u00eassego) e at\u00e9 prote\u00ednas animais em excesso, que favorecem a prolifera\u00e7\u00e3o de bact\u00e9rias \u201cruins\u201d no intestino.<\/p>\n<p><strong>Nem todo mundo reage igual<\/strong><\/p>\n<p>A sensibilidade a esses alimentos varia de pessoa para pessoa. \u201cAlimenta\u00e7\u00e3o desbalanceada, intoler\u00e2ncias alimentares, digest\u00e3o ineficiente e at\u00e9 altera\u00e7\u00f5es hormonais \u2014 como as que ocorrem durante a menstrua\u00e7\u00e3o \u2014 podem piorar o quadro\u201d, destaca Cintya.<\/p>\n<p>H\u00e1bitos simples, como falar enquanto come, usar canudo ou mascar chiclete, tamb\u00e9m colaboram com a forma\u00e7\u00e3o de gases ao aumentar a entrada de ar no trato digestivo.<\/p>\n<p>Alguns alimentos, quando consumidos juntos, potencializam o efeito bomba. \u201cCombinar feij\u00e3o com br\u00f3colis em uma mesma refei\u00e7\u00e3o, por exemplo, ou uma sopa s\u00f3 com alimentos ferment\u00e1veis, aumenta as chances de desconforto\u201d, alerta. Misturas como leite com aveia ou iogurte zero com frutas como manga tamb\u00e9m podem piorar o problema.<\/p>\n<p><strong>Estilo de vida pesa (literalmente)<\/strong><\/p>\n<p>Al\u00e9m da alimenta\u00e7\u00e3o, fatores como estresse, sedentarismo, uso de medicamentos, noites mal dormidas e at\u00e9 ansiedade podem alterar o funcionamento intestinal. \u201cA falta de atividade f\u00edsica reduz a motilidade do intestino, favorecendo o ac\u00famulo de gases\u201d, diz.<\/p>\n<p>Quem sofre com gases frequentes pode adotar algumas estrat\u00e9gias para amenizar o problema:<\/p>\n<p>01. Cozinhar bem os alimentos ferment\u00e1veis<\/p>\n<p>02. Evitar frutas at\u00e9 2 horas ap\u00f3s as grandes refei\u00e7\u00f5es<\/p>\n<p>03. Mastigar devagar e evitar bebidas durante as refei\u00e7\u00f5es<\/p>\n<p>04. Utilizar enzimas digestivas em casos de intoler\u00e2ncia<\/p>\n<p>05. Probi\u00f3ticos e prebi\u00f3ticos: aliados do bem-estar<\/p>\n<p>Segundo Cintya, o uso de probi\u00f3ticos (como os encontrados em iogurtes naturais, kefir e kombuch\u00e1) e prebi\u00f3ticos (fibras presentes em frutas, legumes e verduras) ajudam a equilibrar a flora intestinal.<\/p>\n<p>\u201cD\u00ea prefer\u00eancia a alimentos menos fermentadores, como mam\u00e3o, mel\u00e3o, morango, alface, escarola e ab\u00f3bora\u201d, orienta.<\/p>\n<p><strong>Quando procurar ajuda m\u00e9dica?<\/strong><\/p>\n<p>O alerta vermelho acende quando os gases v\u00eam acompanhados de dor abdominal intensa, incha\u00e7o persistente, odor muito forte ou altera\u00e7\u00e3o no h\u00e1bito intestinal.<\/p>\n<p>\u201cNesses casos, o ideal \u00e9 buscar avalia\u00e7\u00e3o m\u00e9dica para investigar poss\u00edveis disfun\u00e7\u00f5es digestivas ou doen\u00e7as mais s\u00e9rias\u201d, conclui.<\/p>\n<\/div>\n<p><br \/>\n<br \/><a href=\"https:\/\/www.jornaldafranca.com.br\/veja-os-alimentos-que-mais-causam-inchacos-e-gases-e-como-evitar-o-desconforto\/\">Source link <\/a><\/p>\n<!-- CONTENT END 1 -->\n","protected":false},"excerpt":{"rendered":"<p>Especialista explica por que alguns alimentos \u201cexplodem\u201d no intestino e d\u00e1 dicas pr\u00e1ticas para aliviar a quest\u00e3o de muitos gases Muitas pessoas sofrem com estufamento,&#8230;<\/p>\n","protected":false},"author":1,"featured_media":72768,"comment_status":"open","ping_status":"open","sticky":false,"template":"","format":"standard","meta":{"advanced_seo_description":"","jetpack_seo_html_title":"","jetpack_seo_noindex":false,"jetpack_post_was_ever_published":false,"_jetpack_newsletter_access":"","_jetpack_dont_email_post_to_subs":false,"_jetpack_newsletter_tier_id":0,"_jetpack_memberships_contains_paywalled_content":false,"_jetpack_memberships_contains_paid_content":false,"footnotes":"","jetpack_publicize_message":"","jetpack_publicize_feature_enabled":true,"jetpack_social_post_already_shared":true,"jetpack_social_options":{"image_generator_settings":{"template":"highway","default_image_id":0,"font":"","enabled":false},"version":2}},"categories":[3597],"tags":[],"class_list":["post-72767","post","type-post","status-publish","format-standard","has-post-thumbnail","hentry","category-noticias-franca-sp"],"jetpack_publicize_connections":[],"jetpack_featured_media_url":"https:\/\/i0.wp.com\/noticiasribeiraopreto.com.br\/wp-content\/uploads\/2025\/06\/peido.jpg?fit=1000%2C667&ssl=1","jetpack-related-posts":[{"id":70697,"url":"https:\/\/noticiasribeiraopreto.com.br\/index.php\/2025\/05\/29\/jornal-da-franca-veja-os-cinco-alimentos-que-mais-geram-gases-flatulencias-e-inchaco-abdominal\/","url_meta":{"origin":72767,"position":0},"title":"Jornal da Franca &#8211; Veja os cinco alimentos que mais geram gases, flatul\u00eancias e incha\u00e7o abdominal","author":"noticiasribeiraopreto.com.br","date":"29 de May de 2025","format":false,"excerpt":"compartilhar no whatsapp compartilhar no telegram compartilhar no facebook compartilhar no linkedin Veja quais alimentos aumentam a produ\u00e7\u00e3o de gases e podem provocar desconforto no intestino, segundo informa\u00e7\u00f5es de uma nutricionista Uma\u00a0dieta saud\u00e1vel deve ser variada, o que implica consumir v\u00e1rios tipos de alimentos. Alguns deles podem provocar mais flatul\u00eancia\u2026","rel":"","context":"In &quot;Not\u00edcias de Franca-SP&quot;","block_context":{"text":"Not\u00edcias de Franca-SP","link":"https:\/\/noticiasribeiraopreto.com.br\/index.php\/category\/noticias-de-ribeirao-preto-sp-e-regiao-ismael-colosi\/noticias-franca-sp\/"},"img":{"alt_text":"","src":"https:\/\/i0.wp.com\/noticiasribeiraopreto.com.br\/wp-content\/uploads\/2025\/05\/3947.jpg?fit=1000%2C667&ssl=1&resize=350%2C200","width":350,"height":200,"srcset":"https:\/\/i0.wp.com\/noticiasribeiraopreto.com.br\/wp-content\/uploads\/2025\/05\/3947.jpg?fit=1000%2C667&ssl=1&resize=350%2C200 1x, https:\/\/i0.wp.com\/noticiasribeiraopreto.com.br\/wp-content\/uploads\/2025\/05\/3947.jpg?fit=1000%2C667&ssl=1&resize=525%2C300 1.5x, https:\/\/i0.wp.com\/noticiasribeiraopreto.com.br\/wp-content\/uploads\/2025\/05\/3947.jpg?fit=1000%2C667&ssl=1&resize=700%2C400 2x"},"classes":[]},{"id":65923,"url":"https:\/\/noticiasribeiraopreto.com.br\/index.php\/2025\/03\/25\/jornal-da-franca-intestino-solto-e-inchaco-abdominal-saiba-o-que-causa-esses-sintomas\/","url_meta":{"origin":72767,"position":1},"title":"Jornal da Franca &#8211; Intestino solto e incha\u00e7o abdominal? Saiba o que causa esses sintomas","author":"noticiasribeiraopreto.com.br","date":"25 de March de 2025","format":false,"excerpt":"compartilhar no whatsapp compartilhar no telegram compartilhar no facebook compartilhar no linkedin Desconfortos como intestino solto e estufamento do abd\u00f4men podem estar associados a problemas como intoler\u00e2ncia alimentar Problemas intestinais acabam refletindo em todo o organismo \u2013 foto Arquivo \u00a0 O intestino \u00e9 considerado o segundo c\u00e9rebro do nosso corpo.\u2026","rel":"","context":"In &quot;Not\u00edcias de Franca-SP&quot;","block_context":{"text":"Not\u00edcias de Franca-SP","link":"https:\/\/noticiasribeiraopreto.com.br\/index.php\/category\/noticias-de-ribeirao-preto-sp-e-regiao-ismael-colosi\/noticias-franca-sp\/"},"img":{"alt_text":"","src":"https:\/\/i0.wp.com\/noticiasribeiraopreto.com.br\/wp-content\/uploads\/2025\/03\/dor-de-barriga-scaled.jpg?fit=1200%2C800&ssl=1&resize=350%2C200","width":350,"height":200,"srcset":"https:\/\/i0.wp.com\/noticiasribeiraopreto.com.br\/wp-content\/uploads\/2025\/03\/dor-de-barriga-scaled.jpg?fit=1200%2C800&ssl=1&resize=350%2C200 1x, https:\/\/i0.wp.com\/noticiasribeiraopreto.com.br\/wp-content\/uploads\/2025\/03\/dor-de-barriga-scaled.jpg?fit=1200%2C800&ssl=1&resize=525%2C300 1.5x, https:\/\/i0.wp.com\/noticiasribeiraopreto.com.br\/wp-content\/uploads\/2025\/03\/dor-de-barriga-scaled.jpg?fit=1200%2C800&ssl=1&resize=700%2C400 2x, https:\/\/i0.wp.com\/noticiasribeiraopreto.com.br\/wp-content\/uploads\/2025\/03\/dor-de-barriga-scaled.jpg?fit=1200%2C800&ssl=1&resize=1050%2C600 3x"},"classes":[]},{"id":70658,"url":"https:\/\/noticiasribeiraopreto.com.br\/index.php\/2025\/05\/28\/jornal-da-franca-comer-e-correr-pro-banho-faz-mal-confira-8-mitos-e-verdades-sobre-a-saude-digestiva\/","url_meta":{"origin":72767,"position":2},"title":"Jornal da Franca &#8211; Comer e correr pro banho faz mal? Confira 8 mitos e verdades sobre a sa\u00fade digestiva","author":"noticiasribeiraopreto.com.br","date":"28 de May de 2025","format":false,"excerpt":"Especialista esclarece d\u00favidas comuns sobre o funcionamento do intestino, o papel da microbiota e os exames preventivos No Dia Mundial da Sa\u00fade Digestiva (29\/05), \u00e9 importante lembrar que o cuidado com o sistema gastrointestinal vai muito al\u00e9m de evitar desconfortos pontuais.Segundo a Organiza\u00e7\u00e3o Mundial de Gastroenterologia, cerca de 20% da\u2026","rel":"","context":"In &quot;Not\u00edcias de Franca-SP&quot;","block_context":{"text":"Not\u00edcias de Franca-SP","link":"https:\/\/noticiasribeiraopreto.com.br\/index.php\/category\/noticias-de-ribeirao-preto-sp-e-regiao-ismael-colosi\/noticias-franca-sp\/"},"img":{"alt_text":"","src":"https:\/\/i0.wp.com\/noticiasribeiraopreto.com.br\/wp-content\/uploads\/2025\/05\/essa-30.jpg?fit=1200%2C674&ssl=1&resize=350%2C200","width":350,"height":200,"srcset":"https:\/\/i0.wp.com\/noticiasribeiraopreto.com.br\/wp-content\/uploads\/2025\/05\/essa-30.jpg?fit=1200%2C674&ssl=1&resize=350%2C200 1x, https:\/\/i0.wp.com\/noticiasribeiraopreto.com.br\/wp-content\/uploads\/2025\/05\/essa-30.jpg?fit=1200%2C674&ssl=1&resize=525%2C300 1.5x, https:\/\/i0.wp.com\/noticiasribeiraopreto.com.br\/wp-content\/uploads\/2025\/05\/essa-30.jpg?fit=1200%2C674&ssl=1&resize=700%2C400 2x, https:\/\/i0.wp.com\/noticiasribeiraopreto.com.br\/wp-content\/uploads\/2025\/05\/essa-30.jpg?fit=1200%2C674&ssl=1&resize=1050%2C600 3x"},"classes":[]},{"id":71108,"url":"https:\/\/noticiasribeiraopreto.com.br\/index.php\/2025\/06\/02\/jornal-da-franca-especialistas-dao-a-dica-alimentos-podem-ajudar-a-curar-pessoas-com-intestino-preso\/","url_meta":{"origin":72767,"position":3},"title":"Jornal da Franca &#8211; Especialistas d\u00e3o a dica: alimentos podem ajudar a curar pessoas com intestino preso","author":"noticiasribeiraopreto.com.br","date":"2 de June de 2025","format":false,"excerpt":"compartilhar no whatsapp compartilhar no telegram compartilhar no facebook compartilhar no linkedin Muita gente tem que tomar rem\u00e9dios para controlar o fluxo de fezes, mas controle natural \u00e9 melhor Muita gente tem que tomar rem\u00e9dios para controlar o fluxo de fezes, mas controle natural \u00e9 melhor Quem tem, no dia\u2026","rel":"","context":"In &quot;Not\u00edcias de Franca-SP&quot;","block_context":{"text":"Not\u00edcias de Franca-SP","link":"https:\/\/noticiasribeiraopreto.com.br\/index.php\/category\/noticias-de-ribeirao-preto-sp-e-regiao-ismael-colosi\/noticias-franca-sp\/"},"img":{"alt_text":"","src":"https:\/\/i0.wp.com\/noticiasribeiraopreto.com.br\/wp-content\/uploads\/2025\/06\/frutas-citricas.jpg?fit=1200%2C738&ssl=1&resize=350%2C200","width":350,"height":200,"srcset":"https:\/\/i0.wp.com\/noticiasribeiraopreto.com.br\/wp-content\/uploads\/2025\/06\/frutas-citricas.jpg?fit=1200%2C738&ssl=1&resize=350%2C200 1x, https:\/\/i0.wp.com\/noticiasribeiraopreto.com.br\/wp-content\/uploads\/2025\/06\/frutas-citricas.jpg?fit=1200%2C738&ssl=1&resize=525%2C300 1.5x, https:\/\/i0.wp.com\/noticiasribeiraopreto.com.br\/wp-content\/uploads\/2025\/06\/frutas-citricas.jpg?fit=1200%2C738&ssl=1&resize=700%2C400 2x, https:\/\/i0.wp.com\/noticiasribeiraopreto.com.br\/wp-content\/uploads\/2025\/06\/frutas-citricas.jpg?fit=1200%2C738&ssl=1&resize=1050%2C600 3x"},"classes":[]},{"id":72244,"url":"https:\/\/noticiasribeiraopreto.com.br\/index.php\/2025\/06\/15\/jornal-da-franca-personal-ensina-seis-dicas-para-eliminar-a-indesejada-gordura-abdominal\/","url_meta":{"origin":72767,"position":4},"title":"Jornal da Franca &#8211; Personal ensina seis dicas para eliminar a indesejada gordura abdominal","author":"noticiasribeiraopreto.com.br","date":"15 de June de 2025","format":false,"excerpt":"compartilhar no whatsapp compartilhar no telegram compartilhar no facebook compartilhar no linkedin Especialista em nutri\u00e7\u00e3o explica por que fazer in\u00fameras s\u00e9ries de abdominais n\u00e3o ajuda a reduzir as medidas da barriga Algumas pessoas acreditam que as in\u00fameras s\u00e9ries de abdominais ajudam a reduzir as medidas da barriga. No entanto, Amanda\u2026","rel":"","context":"In &quot;Not\u00edcias de Franca-SP&quot;","block_context":{"text":"Not\u00edcias de Franca-SP","link":"https:\/\/noticiasribeiraopreto.com.br\/index.php\/category\/noticias-de-ribeirao-preto-sp-e-regiao-ismael-colosi\/noticias-franca-sp\/"},"img":{"alt_text":"","src":"https:\/\/i0.wp.com\/noticiasribeiraopreto.com.br\/wp-content\/uploads\/2025\/06\/medico-medindo-a-gordura-corporal-do-paciente.jpg?fit=1000%2C687&ssl=1&resize=350%2C200","width":350,"height":200,"srcset":"https:\/\/i0.wp.com\/noticiasribeiraopreto.com.br\/wp-content\/uploads\/2025\/06\/medico-medindo-a-gordura-corporal-do-paciente.jpg?fit=1000%2C687&ssl=1&resize=350%2C200 1x, https:\/\/i0.wp.com\/noticiasribeiraopreto.com.br\/wp-content\/uploads\/2025\/06\/medico-medindo-a-gordura-corporal-do-paciente.jpg?fit=1000%2C687&ssl=1&resize=525%2C300 1.5x, https:\/\/i0.wp.com\/noticiasribeiraopreto.com.br\/wp-content\/uploads\/2025\/06\/medico-medindo-a-gordura-corporal-do-paciente.jpg?fit=1000%2C687&ssl=1&resize=700%2C400 2x"},"classes":[]},{"id":64311,"url":"https:\/\/noticiasribeiraopreto.com.br\/index.php\/2025\/03\/06\/jornal-da-franca-melhorar-o-intestino-ajuda-em-quase-todas-as-doencas-cronicas-diz-especialista\/","url_meta":{"origin":72767,"position":5},"title":"Jornal da Franca &#8211; Melhorar o intestino ajuda em quase todas as doen\u00e7as cr\u00f4nicas, diz especialista","author":"noticiasribeiraopreto.com.br","date":"6 de March de 2025","format":false,"excerpt":"compartilhar no whatsapp compartilhar no telegram compartilhar no facebook compartilhar no linkedin Com uma alimenta\u00e7\u00e3o mais natural o intestino funciona bem e ajuda na preven\u00e7\u00e3o e tratamento de doen\u00e7as cr\u00f4nicas, diz m\u00e9dico Na Gr\u00e9cia Antiga, o fil\u00f3sofo Hip\u00f3crates alertava: \u201cToda doen\u00e7a come\u00e7a no intestino\u201d. Nada mudou de l\u00e1 para c\u00e1,\u2026","rel":"","context":"In &quot;Not\u00edcias de Franca-SP&quot;","block_context":{"text":"Not\u00edcias de Franca-SP","link":"https:\/\/noticiasribeiraopreto.com.br\/index.php\/category\/noticias-de-ribeirao-preto-sp-e-regiao-ismael-colosi\/noticias-franca-sp\/"},"img":{"alt_text":"","src":"https:\/\/i0.wp.com\/noticiasribeiraopreto.com.br\/wp-content\/uploads\/2025\/03\/2148381253.jpg?fit=1000%2C667&ssl=1&resize=350%2C200","width":350,"height":200,"srcset":"https:\/\/i0.wp.com\/noticiasribeiraopreto.com.br\/wp-content\/uploads\/2025\/03\/2148381253.jpg?fit=1000%2C667&ssl=1&resize=350%2C200 1x, https:\/\/i0.wp.com\/noticiasribeiraopreto.com.br\/wp-content\/uploads\/2025\/03\/2148381253.jpg?fit=1000%2C667&ssl=1&resize=525%2C300 1.5x, https:\/\/i0.wp.com\/noticiasribeiraopreto.com.br\/wp-content\/uploads\/2025\/03\/2148381253.jpg?fit=1000%2C667&ssl=1&resize=700%2C400 2x"},"classes":[]}],"jetpack_sharing_enabled":true,"jetpack_shortlink":"https:\/\/wp.me\/peQAOb-iVF","_links":{"self":[{"href":"https:\/\/noticiasribeiraopreto.com.br\/index.php\/wp-json\/wp\/v2\/posts\/72767","targetHints":{"allow":["GET"]}}],"collection":[{"href":"https:\/\/noticiasribeiraopreto.com.br\/index.php\/wp-json\/wp\/v2\/posts"}],"about":[{"href":"https:\/\/noticiasribeiraopreto.com.br\/index.php\/wp-json\/wp\/v2\/types\/post"}],"author":[{"embeddable":true,"href":"https:\/\/noticiasribeiraopreto.com.br\/index.php\/wp-json\/wp\/v2\/users\/1"}],"replies":[{"embeddable":true,"href":"https:\/\/noticiasribeiraopreto.com.br\/index.php\/wp-json\/wp\/v2\/comments?post=72767"}],"version-history":[{"count":0,"href":"https:\/\/noticiasribeiraopreto.com.br\/index.php\/wp-json\/wp\/v2\/posts\/72767\/revisions"}],"wp:featuredmedia":[{"embeddable":true,"href":"https:\/\/noticiasribeiraopreto.com.br\/index.php\/wp-json\/wp\/v2\/media\/72768"}],"wp:attachment":[{"href":"https:\/\/noticiasribeiraopreto.com.br\/index.php\/wp-json\/wp\/v2\/media?parent=72767"}],"wp:term":[{"taxonomy":"category","embeddable":true,"href":"https:\/\/noticiasribeiraopreto.com.br\/index.php\/wp-json\/wp\/v2\/categories?post=72767"},{"taxonomy":"post_tag","embeddable":true,"href":"https:\/\/noticiasribeiraopreto.com.br\/index.php\/wp-json\/wp\/v2\/tags?post=72767"}],"curies":[{"name":"wp","href":"https:\/\/api.w.org\/{rel}","templated":true}]}}