{"id":72769,"date":"2025-06-20T21:31:33","date_gmt":"2025-06-21T00:31:33","guid":{"rendered":"https:\/\/noticiasribeiraopreto.com.br\/index.php\/2025\/06\/20\/botafogo-marca-no-final-e-vence-chapecoense\/"},"modified":"2025-06-20T21:31:33","modified_gmt":"2025-06-21T00:31:33","slug":"botafogo-marca-no-final-e-vence-chapecoense","status":"publish","type":"post","link":"https:\/\/noticiasribeiraopreto.com.br\/index.php\/2025\/06\/20\/botafogo-marca-no-final-e-vence-chapecoense\/","title":{"rendered":"Botafogo marca no final e vence Chapecoense"},"content":{"rendered":"<div class='code-block code-block-1' style='margin: 8px 0 8px auto; text-align: right; display: block; clear: both;'>\n<p><a href=\"https:\/\/wa.link\/vpicfd\"><img data-recalc-dims=\"1\" class=\"wp-image-4922\" style=\"aspect-ratio: 2.0253164556962027; width: 561px; height: auto;\" src=\"https:\/\/i0.wp.com\/ismaelcolosi.com.br\/wp-content\/uploads\/2023\/11\/grupo-de-empregos-whatsapp-e-facebook-ismael-colosi-vagas.jpg?ssl=1\" alt=\"\" \/><\/a><\/p>\n<!-- \/wp:image -->\n<\/div>\n<p> <br \/>\n<\/p>\n<div id=\"\">\n<h2 class=\"penci-post-subtitle\">Em jogo movimentado, Pantera cria mais chances e aproveita para deixar Z-4<\/h2>\n<p>\n\t\t\t\t\t\t\t\t\t<span class=\"entry-meta-item penci-posted-on\"><i class=\"fa fa-clock-o\"\/><time class=\"entry-date published updated\" datetime=\"2025-06-20T21:24:24-03:00\">20 de junho de 2025 21:24<\/time><\/span><span class=\"entry-meta-item penci-post-countview\"><span class=\"entry-meta-item penci-post-countview penci_post-meta_item\"><i class=\"fa fa-eye\"\/><span class=\"penci-post-countview-number penci-post-countview-p429260\">4<\/span><\/span><\/span>\t\t\t\t\t\t\t\t<\/p>\n<p><!-- .entry-meta --><br \/>\n\t\t\t\t\t\t\t\t<span class=\"penci-social-buttons penci-social-share-footer\"><span class=\"penci-social-share-text\">Compartilhar<\/span><a href=\"#\" class=\"penci-post-like penci_post-meta_item  single-like-button penci-social-item like\" data-post_id=\"429260\" title=\"Like\" data-like=\"Like\" data-unlike=\"Unlike\"><i class=\"fa fa-thumbs-o-up\"\/><span class=\"penci-share-number\">1<\/span><\/a><i class=\"fa fa-facebook\"\/><a class=\"penci-social-item twitter\" target=\"_blank\" rel=\"noopener\" title=\"\" href=\"https:\/\/twitter.com\/intent\/tweet?text=Botafogo%20marca%20no%20final%20e%20vence%20Chapecoense%20-%20https:\/\/www.tribunaribeirao.com.br\/botafogo-marca-no-final-e-vence-chapecoense\/\"><i class=\"fa fa-twitter\"\/><\/a><i class=\"fa fa-linkedin\"\/><i class=\"fa fa-whatsapp\"\/><i class=\"fa fa-telegram\"\/><i class=\"fa fa-envelope\"\/><\/span>\t\t\t\t\t\t\t<\/div>\n<div>\n<p><strong><em>Por Hugo Luque<\/em><\/strong><\/p>\n<p>O Botafogo venceu a Chapecoense por 1 a 0 no apagar das luzes desta sexta-feira (20), no Est\u00e1dio Santa Cruz\/Arena Nicnet, pela 13\u00aa rodada da S\u00e9rie B do Campeonato Brasileiro. O gol saiu nos acr\u00e9scimos do segundo tempo, contra, de Bruno Leonardo.<\/p>\n<p>Como se fosse inspirada pelas boas apresenta\u00e7\u00f5es da Copa do Mundo de Clubes da Fifa, que acontece nos Estados Unidos, a partida foi movimentada, com chances para os dois lados e dom\u00ednio mandante. Quando parecia que a press\u00e3o tricolor n\u00e3o daria resultado, o defensor advers\u00e1rio deu uma ajuda para fechar a noite de forma feliz para os ribeir\u00e3o-pretanos.<\/p>\n<p>Com o triunfo \u2013 o segundo sob comando de Allan Aal \u2013, o Pantera deixou a zona de rebaixamento, pelo menos por enquanto, j\u00e1 que a rodada ainda est\u00e1 no come\u00e7o. A equipe agora soma 13 pontos e subiu para a 16\u00aa posi\u00e7\u00e3o.<\/p>\n<p>Pela S\u00e9rie B, o pr\u00f3ximo desafio \u00e9 fora de casa, no dia 30, \u00e0s 21h, na Arena Pantanal, contra o Cuiab\u00e1. Antes, o time alternativo recebe o Uni\u00e3o S\u00e3o Jo\u00e3o pela Copa Paulista, na quarta-feira, \u00e0s 15h.<\/p>\n<p><strong>O jogo<\/strong><\/p>\n<p>Os dois times mostraram vontade de jogar na primeira etapa. Como j\u00e1 indicou, Allan Aal gosta da posse de bola e, no in\u00edcio, tentou neutralizar a Chapecoense por meio da troca de passes.<\/p>\n<p>Por\u00e9m, as primeiras chegadas ao ataque foram dos visitantes. Aos 35, Giovanni Augusto soltou bateu forte para boa defesa de Victor Souza. Do outro lado, Carlos Eduardo desperdi\u00e7ou boa chance aos 41. Nos minutos finais, o Botafogo tentou pressionar, mas n\u00e3o balan\u00e7ou a rede.<\/p>\n<p>Na volta do vesti\u00e1rio, a falta de efetividade botafoguense voltou a preocupar os 1.605 torcedores que compareceram ao Santa Cruz. Para piorar, a Chape foi quem levou mais perigo no in\u00edcio. Jefferson Nem quase mudou a hist\u00f3ria para o Pantera, mas n\u00e3o alcan\u00e7ou passe para completar para o gol.<\/p>\n<p>Alexandre Jesus tamb\u00e9m desperdi\u00e7ou grande oportunidade. Por\u00e9m, quando tudo parecia perdido, Wallison aproveitou cobran\u00e7a de escanteio para encher o p\u00e9. Mesmo sem o rumo do gol, o chute do lateral-direito explodiu em Bruno Leonardo e parou dentro da meta.<\/p>\n<\/div>\n<p><script async src=\"\/\/platform.twitter.com\/widgets.js\" charset=\"utf-8\"><\/script><br \/>\n<br \/><br \/>\n<br \/><a href=\"https:\/\/www.tribunaribeirao.com.br\/botafogo-marca-no-final-e-vence-chapecoense\/\">Source link <\/a><\/p>\n<!-- CONTENT END 1 -->\n","protected":false},"excerpt":{"rendered":"<p>Em jogo movimentado, Pantera cria mais chances e aproveita para deixar Z-4 20 de junho de 2025 21:244 Compartilhar1 Por Hugo Luque O Botafogo venceu&#8230;<\/p>\n","protected":false},"author":1,"featured_media":72770,"comment_status":"open","ping_status":"open","sticky":false,"template":"","format":"standard","meta":{"advanced_seo_description":"","jetpack_seo_html_title":"","jetpack_seo_noindex":false,"jetpack_post_was_ever_published":false,"_jetpack_newsletter_access":"","_jetpack_dont_email_post_to_subs":false,"_jetpack_newsletter_tier_id":0,"_jetpack_memberships_contains_paywalled_content":false,"_jetpack_memberships_contains_paid_content":false,"footnotes":"","jetpack_publicize_message":"","jetpack_publicize_feature_enabled":true,"jetpack_social_post_already_shared":true,"jetpack_social_options":{"image_generator_settings":{"template":"highway","default_image_id":0,"font":"","enabled":false},"version":2}},"categories":[11],"tags":[],"class_list":["post-72769","post","type-post","status-publish","format-standard","has-post-thumbnail","hentry","category-noticias-de-ribeirao-preto-sp-e-regiao-ismael-colosi"],"jetpack_publicize_connections":[],"jetpack_featured_media_url":"https:\/\/i0.wp.com\/noticiasribeiraopreto.com.br\/wp-content\/uploads\/2025\/06\/1-Botafogo-x-Chapecoense-Raul-Ramos-scaled.jpg?fit=800%2C533&ssl=1","jetpack-related-posts":[{"id":13616,"url":"https:\/\/noticiasribeiraopreto.com.br\/index.php\/2023\/12\/10\/vagas-offshore-para-operador-de-producao-enfermeiro-marinheiro-de-conves-coordenador-de-operacoes-hse-e-coordenador-de-perfuracao-sao-iniciadas-pela-brunel\/","url_meta":{"origin":72769,"position":0},"title":"Vagas offshore para Operador de Produ\u00e7\u00e3o, Enfermeiro, Marinheiro de Conv\u00e9s, Coordenador de Opera\u00e7\u00f5es, HSE e Coordenador de Perfura\u00e7\u00e3o s\u00e3o iniciadas pela Brunel","author":"noticiasribeiraopreto.com.br","date":"10 de December de 2023","format":false,"excerpt":"A Brunel, uma das principais empresas de recrutamento e sele\u00e7\u00e3o no setor de petr\u00f3leo e g\u00e1s, anunciou a abertura de diversas vagas na \u00e1rea offshore no dia 08\/12\/2023, uma oportunidade imperd\u00edvel para profissionais que buscam desafios e desenvolvimento em um setor din\u00e2mico e em constante evolu\u00e7\u00e3o. As vagas dispon\u00edveis s\u00e3o\u2026","rel":"","context":"In &quot;Vagas de Emprego em Ribeir\u00e3o Preto-SP&quot;","block_context":{"text":"Vagas de Emprego em Ribeir\u00e3o Preto-SP","link":"https:\/\/noticiasribeiraopreto.com.br\/index.php\/category\/empregos-classificados-vagas-trabalho\/vagas-de-empregos-em-ribeirao-preto-regiao-brasil\/"},"img":{"alt_text":"","src":"https:\/\/i0.wp.com\/noticiasribeiraopreto.com.br\/wp-content\/uploads\/2023\/12\/banner03-1-830x450.jpg?fit=830%2C450&ssl=1&resize=350%2C200","width":350,"height":200,"srcset":"https:\/\/i0.wp.com\/noticiasribeiraopreto.com.br\/wp-content\/uploads\/2023\/12\/banner03-1-830x450.jpg?fit=830%2C450&ssl=1&resize=350%2C200 1x, https:\/\/i0.wp.com\/noticiasribeiraopreto.com.br\/wp-content\/uploads\/2023\/12\/banner03-1-830x450.jpg?fit=830%2C450&ssl=1&resize=525%2C300 1.5x, https:\/\/i0.wp.com\/noticiasribeiraopreto.com.br\/wp-content\/uploads\/2023\/12\/banner03-1-830x450.jpg?fit=830%2C450&ssl=1&resize=700%2C400 2x"},"classes":[]},{"id":16216,"url":"https:\/\/noticiasribeiraopreto.com.br\/index.php\/2023\/12\/15\/urgente-publicado-edital-para-144-vagas-e-cadastros-de-analistas-2\/","url_meta":{"origin":72769,"position":1},"title":"Urgente! Publicado edital para 144 vagas e cadastros de analistas","author":"noticiasribeiraopreto.com.br","date":"15 de December de 2023","format":false,"excerpt":"Foi publicado, no di\u00e1rio oficial da Uni\u00e3o desta sexta-feira, 15 de dezembro, o edital do novo concurso Capes (Coordena\u00e7\u00e3o de Aperfei\u00e7oamento de Pessoal de N\u00edvel Superior). A sele\u00e7\u00e3o j\u00e1 contava com contrato assinado com a banca desde o \u00faltimo dia 1 de dezembro e conta com oferta de 144 vagas,\u2026","rel":"","context":"In &quot;Vagas de Emprego em Ribeir\u00e3o Preto-SP&quot;","block_context":{"text":"Vagas de Emprego em Ribeir\u00e3o Preto-SP","link":"https:\/\/noticiasribeiraopreto.com.br\/index.php\/category\/empregos-classificados-vagas-trabalho\/vagas-de-empregos-em-ribeirao-preto-regiao-brasil\/"},"img":{"alt_text":"cap1","src":"https:\/\/i0.wp.com\/jcconcursos.com.br\/media\/uploads\/cap1.jpg?resize=350%2C200&ssl=1","width":350,"height":200,"srcset":"https:\/\/i0.wp.com\/jcconcursos.com.br\/media\/uploads\/cap1.jpg?resize=350%2C200&ssl=1 1x, https:\/\/i0.wp.com\/jcconcursos.com.br\/media\/uploads\/cap1.jpg?resize=525%2C300&ssl=1 1.5x, https:\/\/i0.wp.com\/jcconcursos.com.br\/media\/uploads\/cap1.jpg?resize=700%2C400&ssl=1 2x"},"classes":[]},{"id":83670,"url":"https:\/\/noticiasribeiraopreto.com.br\/index.php\/2026\/03\/23\/hotelaria-de-ribeirao-mostra-forca-mas-enfrenta-desafios-de-mao-de-obra-e-acessibilidade\/","url_meta":{"origin":72769,"position":2},"title":"Hotelaria de Ribeir\u00e3o mostra for\u00e7a, mas enfrenta desafios de m\u00e3o de obra e acessibilidade","author":"noticiasribeiraopreto.com.br","date":"23 de March de 2026","format":false,"excerpt":"Pesquisa foi realizada entre os dias 6 e 16 de fevereiro de 2026 e contou com a participa\u00e7\u00e3o de 54 estabelecimentos, de um total de 59 hot\u00e9is ativos na cidade A hotelaria de Ribeir\u00e3o Preto vive um momento de consolida\u00e7\u00e3o e crescimento, mas ainda enfrenta desafios importantes, especialmente nas \u00e1reas\u2026","rel":"","context":"In &quot;Not\u00edcias de Ribeir\u00e3o Preto-SP e Regi\u00e3o&quot;","block_context":{"text":"Not\u00edcias de Ribeir\u00e3o Preto-SP e Regi\u00e3o","link":"https:\/\/noticiasribeiraopreto.com.br\/index.php\/category\/noticias-de-ribeirao-preto-sp-e-regiao-ismael-colosi\/"},"img":{"alt_text":"","src":"https:\/\/i0.wp.com\/noticiasribeiraopreto.com.br\/wp-content\/uploads\/2026\/03\/observatorio-turismo-scaled.jpeg?fit=1170%2C780&ssl=1&resize=350%2C200","width":350,"height":200,"srcset":"https:\/\/i0.wp.com\/noticiasribeiraopreto.com.br\/wp-content\/uploads\/2026\/03\/observatorio-turismo-scaled.jpeg?fit=1170%2C780&ssl=1&resize=350%2C200 1x, https:\/\/i0.wp.com\/noticiasribeiraopreto.com.br\/wp-content\/uploads\/2026\/03\/observatorio-turismo-scaled.jpeg?fit=1170%2C780&ssl=1&resize=525%2C300 1.5x, https:\/\/i0.wp.com\/noticiasribeiraopreto.com.br\/wp-content\/uploads\/2026\/03\/observatorio-turismo-scaled.jpeg?fit=1170%2C780&ssl=1&resize=700%2C400 2x, https:\/\/i0.wp.com\/noticiasribeiraopreto.com.br\/wp-content\/uploads\/2026\/03\/observatorio-turismo-scaled.jpeg?fit=1170%2C780&ssl=1&resize=1050%2C600 3x"},"classes":[]},{"id":42074,"url":"https:\/\/noticiasribeiraopreto.com.br\/index.php\/2024\/03\/12\/sonar-solucoes-em-engenharia-e-individualizacao-qualidade-e-seguranca-em-primeiro-lugar\/","url_meta":{"origin":72769,"position":3},"title":"Sonar Solu\u00e7\u00f5es em Engenharia e Individualiza\u00e7\u00e3o: Qualidade e Seguran\u00e7a em Primeiro Lugar","author":"noticiasribeiraopreto.com.br","date":"12 de March de 2024","format":false,"excerpt":"Sonar Solu\u00e7\u00f5es em Engenharia e Individualiza\u00e7\u00e3o:Qualidade e Seguran\u00e7a em Primeiro LugarA Sonar Solu\u00e7\u00f5es em Engenharia \u00e9 uma empresa dedicada a oferecer servi\u00e7os de alta qualidade e seguran\u00e7a para seus clientes. Com profissionais graduados em Engenharia de Seguran\u00e7a do Trabalho, Mec\u00e2nica e El\u00e9trica, a empresa conta com uma equipe experiente e\u2026","rel":"","context":"In &quot;Not\u00edcias de Ribeir\u00e3o Preto-SP e Regi\u00e3o&quot;","block_context":{"text":"Not\u00edcias de Ribeir\u00e3o Preto-SP e Regi\u00e3o","link":"https:\/\/noticiasribeiraopreto.com.br\/index.php\/category\/noticias-de-ribeirao-preto-sp-e-regiao-ismael-colosi\/"},"img":{"alt_text":"","src":"https:\/\/i0.wp.com\/noticiasribeiraopreto.com.br\/wp-content\/uploads\/2024\/03\/imagem1-1-scaled.jpg?fit=1000%2C439&ssl=1&resize=350%2C200","width":350,"height":200,"srcset":"https:\/\/i0.wp.com\/noticiasribeiraopreto.com.br\/wp-content\/uploads\/2024\/03\/imagem1-1-scaled.jpg?fit=1000%2C439&ssl=1&resize=350%2C200 1x, https:\/\/i0.wp.com\/noticiasribeiraopreto.com.br\/wp-content\/uploads\/2024\/03\/imagem1-1-scaled.jpg?fit=1000%2C439&ssl=1&resize=525%2C300 1.5x, https:\/\/i0.wp.com\/noticiasribeiraopreto.com.br\/wp-content\/uploads\/2024\/03\/imagem1-1-scaled.jpg?fit=1000%2C439&ssl=1&resize=700%2C400 2x"},"classes":[]},{"id":40392,"url":"https:\/\/noticiasribeiraopreto.com.br\/index.php\/2024\/03\/03\/arquivo-recebeu-mais-de-13-mil-pedidos-de-certidoes-de-imigracao\/","url_meta":{"origin":72769,"position":4},"title":"Arquivo recebeu mais de 13 mil pedidos de certid\u00f5es de imigra\u00e7\u00e3o\u00a0","author":"noticiasribeiraopreto.com.br","date":"3 de March de 2024","format":false,"excerpt":"3 de mar\u00e7o de 2024 | 11:002 de mar\u00e7o de 2024 | 11:56 0O Arquivo P\u00fablico do Estado de S\u00e3o Paulo (APESP) recebeu 13.372 requerimentos de certid\u00f5es de imigra\u00e7\u00e3o em 2023. Desse total, quase 60% foram de descendentes italianos em busca de mais informa\u00e7\u00f5es sobre os familiares. Desde 2011, os\u2026","rel":"","context":"In &quot;Not\u00edcias de Ribeir\u00e3o Preto-SP e Regi\u00e3o&quot;","block_context":{"text":"Not\u00edcias de Ribeir\u00e3o Preto-SP e Regi\u00e3o","link":"https:\/\/noticiasribeiraopreto.com.br\/index.php\/category\/noticias-de-ribeirao-preto-sp-e-regiao-ismael-colosi\/"},"img":{"alt_text":"","src":"https:\/\/i0.wp.com\/noticiasribeiraopreto.com.br\/wp-content\/uploads\/2024\/03\/fotoarquivopublicodoestadodesaopaulo-creditoreproducao-scaled.jpg?fit=967%2C645&ssl=1&resize=350%2C200","width":350,"height":200,"srcset":"https:\/\/i0.wp.com\/noticiasribeiraopreto.com.br\/wp-content\/uploads\/2024\/03\/fotoarquivopublicodoestadodesaopaulo-creditoreproducao-scaled.jpg?fit=967%2C645&ssl=1&resize=350%2C200 1x, https:\/\/i0.wp.com\/noticiasribeiraopreto.com.br\/wp-content\/uploads\/2024\/03\/fotoarquivopublicodoestadodesaopaulo-creditoreproducao-scaled.jpg?fit=967%2C645&ssl=1&resize=525%2C300 1.5x, https:\/\/i0.wp.com\/noticiasribeiraopreto.com.br\/wp-content\/uploads\/2024\/03\/fotoarquivopublicodoestadodesaopaulo-creditoreproducao-scaled.jpg?fit=967%2C645&ssl=1&resize=700%2C400 2x"},"classes":[]},{"id":14654,"url":"https:\/\/noticiasribeiraopreto.com.br\/index.php\/2023\/12\/12\/concurso-do-lna-abre-inscricao-para-13-vagas-de-pesquisador-e-tecnologista\/","url_meta":{"origin":72769,"position":5},"title":"Concurso do LNA abre inscri\u00e7\u00e3o para 13 vagas de pesquisador e tecnologista","author":"noticiasribeiraopreto.com.br","date":"12 de December de 2023","format":false,"excerpt":"Entra em vigor nesta ter\u00e7a-feira, dia 12 de dezembro, o prazo de inscri\u00e7\u00e3o dos dois editais do concurso do LNA (Laborat\u00f3rio Nacional de Astrof\u00edsica), unidade de Pesquisa integrante da estrutura do Minist\u00e9rio da Ci\u00eancia, Tecnologia e Inova\u00e7\u00e3o \u2013 MCTI. O certame oferece 13 vagas, sendo cinco para carreira de pesquisador\u2026","rel":"","context":"In &quot;Vagas de Emprego em Ribeir\u00e3o Preto-SP&quot;","block_context":{"text":"Vagas de Emprego em Ribeir\u00e3o Preto-SP","link":"https:\/\/noticiasribeiraopreto.com.br\/index.php\/category\/empregos-classificados-vagas-trabalho\/vagas-de-empregos-em-ribeirao-preto-regiao-brasil\/"},"img":{"alt_text":"","src":"https:\/\/i0.wp.com\/noticiasribeiraopreto.com.br\/wp-content\/uploads\/2023\/12\/concurso-lna-foto-telescopio-russo-divulgacao.jpg?fit=1200%2C675&ssl=1&resize=350%2C200","width":350,"height":200,"srcset":"https:\/\/i0.wp.com\/noticiasribeiraopreto.com.br\/wp-content\/uploads\/2023\/12\/concurso-lna-foto-telescopio-russo-divulgacao.jpg?fit=1200%2C675&ssl=1&resize=350%2C200 1x, https:\/\/i0.wp.com\/noticiasribeiraopreto.com.br\/wp-content\/uploads\/2023\/12\/concurso-lna-foto-telescopio-russo-divulgacao.jpg?fit=1200%2C675&ssl=1&resize=525%2C300 1.5x, https:\/\/i0.wp.com\/noticiasribeiraopreto.com.br\/wp-content\/uploads\/2023\/12\/concurso-lna-foto-telescopio-russo-divulgacao.jpg?fit=1200%2C675&ssl=1&resize=700%2C400 2x, https:\/\/i0.wp.com\/noticiasribeiraopreto.com.br\/wp-content\/uploads\/2023\/12\/concurso-lna-foto-telescopio-russo-divulgacao.jpg?fit=1200%2C675&ssl=1&resize=1050%2C600 3x"},"classes":[]}],"jetpack_sharing_enabled":true,"jetpack_shortlink":"https:\/\/wp.me\/peQAOb-iVH","_links":{"self":[{"href":"https:\/\/noticiasribeiraopreto.com.br\/index.php\/wp-json\/wp\/v2\/posts\/72769","targetHints":{"allow":["GET"]}}],"collection":[{"href":"https:\/\/noticiasribeiraopreto.com.br\/index.php\/wp-json\/wp\/v2\/posts"}],"about":[{"href":"https:\/\/noticiasribeiraopreto.com.br\/index.php\/wp-json\/wp\/v2\/types\/post"}],"author":[{"embeddable":true,"href":"https:\/\/noticiasribeiraopreto.com.br\/index.php\/wp-json\/wp\/v2\/users\/1"}],"replies":[{"embeddable":true,"href":"https:\/\/noticiasribeiraopreto.com.br\/index.php\/wp-json\/wp\/v2\/comments?post=72769"}],"version-history":[{"count":0,"href":"https:\/\/noticiasribeiraopreto.com.br\/index.php\/wp-json\/wp\/v2\/posts\/72769\/revisions"}],"wp:featuredmedia":[{"embeddable":true,"href":"https:\/\/noticiasribeiraopreto.com.br\/index.php\/wp-json\/wp\/v2\/media\/72770"}],"wp:attachment":[{"href":"https:\/\/noticiasribeiraopreto.com.br\/index.php\/wp-json\/wp\/v2\/media?parent=72769"}],"wp:term":[{"taxonomy":"category","embeddable":true,"href":"https:\/\/noticiasribeiraopreto.com.br\/index.php\/wp-json\/wp\/v2\/categories?post=72769"},{"taxonomy":"post_tag","embeddable":true,"href":"https:\/\/noticiasribeiraopreto.com.br\/index.php\/wp-json\/wp\/v2\/tags?post=72769"}],"curies":[{"name":"wp","href":"https:\/\/api.w.org\/{rel}","templated":true}]}}