{"id":72775,"date":"2025-06-20T22:51:27","date_gmt":"2025-06-21T01:51:27","guid":{"rendered":"https:\/\/noticiasribeiraopreto.com.br\/index.php\/2025\/06\/20\/botafogo-vence-chapecoense-e-deixa-a-zona-de-rebaixamento-na-serie-b\/"},"modified":"2025-06-20T22:51:27","modified_gmt":"2025-06-21T01:51:27","slug":"botafogo-vence-chapecoense-e-deixa-a-zona-de-rebaixamento-na-serie-b","status":"publish","type":"post","link":"https:\/\/noticiasribeiraopreto.com.br\/index.php\/2025\/06\/20\/botafogo-vence-chapecoense-e-deixa-a-zona-de-rebaixamento-na-serie-b\/","title":{"rendered":"Botafogo vence Chapecoense e deixa a zona de rebaixamento na S\u00e9rie B"},"content":{"rendered":"<p> <br \/>\n<\/p>\n<div data-td-block-uid=\"tdi_95\">\n<div class=\"tdb-block-inner td-fix-index\">\n<p>O <strong>Botafogo <\/strong>venceu por 1 a 0 a <strong>Chapecoense<\/strong>, durante partida realizada na noite desta sexta-feira (20), no Est\u00e1dio Santa Cruz Arena Nicnet, em <strong>Ribeir\u00e3o Preto<\/strong>, pela <strong>13\u00aa rodada da S\u00e9rie B do Campeonato Brasileiro<\/strong>.<\/p>\n<p>O <strong>\u00fanico gol da partida<\/strong> foi marcado j\u00e1 na <strong>reta final<\/strong>, aos 49 minutos do segundo tempo, pelo lateral-direto <strong>Wallison<\/strong>. <strong><mark style=\"background-color:#fcb900\" class=\"has-inline-color\">Com o resultado, o Pantera sai da zona de rebaixamento da S\u00e9rie B.<\/mark><\/strong><\/p>\n<p>Com a vit\u00f3ria, o <strong>time de Ribeir\u00e3o Preto<\/strong> chega aos <strong>13 pontos<\/strong> na competi\u00e7\u00e3o e ocupa a <strong>16\u00aa coloca\u00e7\u00e3o na tabela<\/strong>. O Chape, por\u00e9m, tem 19 pontos e continua na oitava posi\u00e7\u00e3o.<\/p>\n<h2 class=\"wp-block-heading\"><strong>Qual \u00e9 o pr\u00f3ximo jogo?<\/strong><\/h2>\n<p>O pr\u00f3ximo jogo do <strong>Botafogo <\/strong>acontece no dia <strong>30 de junho<\/strong>, \u00e0s 21h. O <strong>Tricolor <\/strong>vai encarar o <strong>Cuiab\u00e1<\/strong>, na Arena Pantanal.<\/p>\n<hr class=\"wp-block-separator has-alpha-channel-opacity\"\/>\n<p>SAIBA MAIS<\/p>\n<p>Biblioteca de Ribeir\u00e3o tem festa junina gratuita com comidas t\u00edpicas, shows e atividades culturais<\/p>\n<h4 class=\"wp-block-heading\"><strong>FIQUE ON<\/strong><\/h4>\n<p>Fique ligado em tudo que acontece em Ribeir\u00e3o Preto e regi\u00e3o. Siga os perfis do\u00a0<strong>acidade on\u00a0<\/strong>no\u00a0<a href=\"https:\/\/www.instagram.com\/acidadeonribeirao\" target=\"_blank\" rel=\"noreferrer noopener\">Instagram<\/a>\u00a0e no\u00a0<a href=\"https:\/\/www.facebook.com\/acidadeonribeirao\" target=\"_blank\" rel=\"noreferrer noopener\">Facebook<\/a>.<\/p>\n<p>Receba not\u00edcias do acidade on no WhatsApp. Para entrar no grupo, basta\u00a0<a href=\"https:\/\/chat.whatsapp.com\/BjKQZ9oJwlz8VVT50NuePq\" target=\"_blank\" rel=\"noreferrer noopener\">clicar aqui<\/a>.<\/p>\n<p>Fa\u00e7a uma den\u00fancia ou sugira uma reportagem sobre Ribeir\u00e3o Preto e regi\u00e3o pelo WhatsApp: 16 99117 7802.<\/p>\n<p>VEJA TAMB\u00c9M<\/p>\n<p><!-- CONTENT END 1 -->\n<\/div>\n<\/div>\n<p><script async src=\"\/\/www.instagram.com\/embed.js\"><\/script><br \/>\n<br \/><br \/>\n<br \/><a href=\"https:\/\/www.acidadeon.com\/ribeiraopreto\/esportes\/botafogo-vence-chapecoense-e-deixa-a-zona-de-rebaixamento-na-serie-b\/\">Source link <\/a><\/p>\n","protected":false},"excerpt":{"rendered":"<p>O Botafogo venceu por 1 a 0 a Chapecoense, durante partida realizada na noite desta sexta-feira (20), no Est\u00e1dio Santa Cruz Arena Nicnet, em Ribeir\u00e3o&#8230;<\/p>\n","protected":false},"author":1,"featured_media":72776,"comment_status":"open","ping_status":"open","sticky":false,"template":"","format":"standard","meta":{"advanced_seo_description":"","jetpack_seo_html_title":"","jetpack_seo_noindex":false,"jetpack_post_was_ever_published":false,"_jetpack_newsletter_access":"","_jetpack_dont_email_post_to_subs":false,"_jetpack_newsletter_tier_id":0,"_jetpack_memberships_contains_paywalled_content":false,"_jetpack_memberships_contains_paid_content":false,"footnotes":"","jetpack_publicize_message":"","jetpack_publicize_feature_enabled":true,"jetpack_social_post_already_shared":true,"jetpack_social_options":{"image_generator_settings":{"template":"highway","default_image_id":0,"font":"","enabled":false},"version":2}},"categories":[11],"tags":[],"class_list":["post-72775","post","type-post","status-publish","format-standard","has-post-thumbnail","hentry","category-noticias-de-ribeirao-preto-sp-e-regiao-ismael-colosi"],"jetpack_publicize_connections":[],"jetpack_featured_media_url":"https:\/\/i0.wp.com\/noticiasribeiraopreto.com.br\/wp-content\/uploads\/2025\/06\/WhatsApp-Image-2025-06-20-at-20.03.38_2025-06-21_00-13-18.webp.webp?fit=1200%2C800&ssl=1","jetpack-related-posts":[{"id":78619,"url":"https:\/\/noticiasribeiraopreto.com.br\/index.php\/2025\/10\/14\/botafogo-marca-leva-gol-nos-acrescimos-e-empata-com-a-chapecoense\/","url_meta":{"origin":72775,"position":0},"title":"Botafogo marca, leva gol nos acr\u00e9scimos e empata com a Chapecoense","author":"noticiasribeiraopreto.com.br","date":"14 de October de 2025","format":false,"excerpt":"O Botafogo-SP empatou em 1 a 1 com a Chapecoense na noite desta ter\u00e7a-feira (14), na Arena Cond\u00e1, em Chapec\u00f3, em partida v\u00e1lida pela 32\u00aa rodada da S\u00e9rie B do Campeonato Brasileiro. No final da partida, o lateral Gabriel Risso marcou um gol contra, mas o lance foi anulado porque\u2026","rel":"","context":"In &quot;Not\u00edcias de Ribeir\u00e3o Preto-SP e Regi\u00e3o&quot;","block_context":{"text":"Not\u00edcias de Ribeir\u00e3o Preto-SP e Regi\u00e3o","link":"https:\/\/noticiasribeiraopreto.com.br\/index.php\/category\/noticias-de-ribeirao-preto-sp-e-regiao-ismael-colosi\/"},"img":{"alt_text":"","src":"https:\/\/i0.wp.com\/noticiasribeiraopreto.com.br\/wp-content\/uploads\/2025\/10\/WhatsApp-Image-2025-10-14-at-20.28.26_2025-10-15_00-05-24.webp.webp?fit=1200%2C823&ssl=1&resize=350%2C200","width":350,"height":200,"srcset":"https:\/\/i0.wp.com\/noticiasribeiraopreto.com.br\/wp-content\/uploads\/2025\/10\/WhatsApp-Image-2025-10-14-at-20.28.26_2025-10-15_00-05-24.webp.webp?fit=1200%2C823&ssl=1&resize=350%2C200 1x, https:\/\/i0.wp.com\/noticiasribeiraopreto.com.br\/wp-content\/uploads\/2025\/10\/WhatsApp-Image-2025-10-14-at-20.28.26_2025-10-15_00-05-24.webp.webp?fit=1200%2C823&ssl=1&resize=525%2C300 1.5x, https:\/\/i0.wp.com\/noticiasribeiraopreto.com.br\/wp-content\/uploads\/2025\/10\/WhatsApp-Image-2025-10-14-at-20.28.26_2025-10-15_00-05-24.webp.webp?fit=1200%2C823&ssl=1&resize=700%2C400 2x, https:\/\/i0.wp.com\/noticiasribeiraopreto.com.br\/wp-content\/uploads\/2025\/10\/WhatsApp-Image-2025-10-14-at-20.28.26_2025-10-15_00-05-24.webp.webp?fit=1200%2C823&ssl=1&resize=1050%2C600 3x"},"classes":[]},{"id":59779,"url":"https:\/\/noticiasribeiraopreto.com.br\/index.php\/2024\/10\/30\/botafogo-vence-amazonas-fora-de-casa-e-sai-da-zona-de-rebaixamento-na-serie-b\/","url_meta":{"origin":72775,"position":1},"title":"Botafogo vence Amazonas fora de casa e sai da zona de rebaixamento na S\u00e9rie B","author":"noticiasribeiraopreto.com.br","date":"30 de October de 2024","format":false,"excerpt":"O Botafogo venceu o Amazonas por 1 a 0 e saiu da zona de rebaixamento do Campeonato Brasileiro da S\u00e9rie B. A partida foi realizada na noite desta ter\u00e7a-feira (29), na Arena da Amaz\u00f4nia, em Manaus. O Botafogo abriu o placar aos 11 minutos do segundo tempo com o capit\u00e3o\u2026","rel":"","context":"In &quot;Not\u00edcias de Ribeir\u00e3o Preto-SP e Regi\u00e3o&quot;","block_context":{"text":"Not\u00edcias de Ribeir\u00e3o Preto-SP e Regi\u00e3o","link":"https:\/\/noticiasribeiraopreto.com.br\/index.php\/category\/noticias-de-ribeirao-preto-sp-e-regiao-ismael-colosi\/"},"img":{"alt_text":"","src":"https:\/\/i0.wp.com\/noticiasribeiraopreto.com.br\/wp-content\/uploads\/2024\/10\/botafogo-amazonas_2024-10-30_02-14-01_jpeg_2024-10-30_02-14-02.webp.webp?fit=1200%2C800&ssl=1&resize=350%2C200","width":350,"height":200,"srcset":"https:\/\/i0.wp.com\/noticiasribeiraopreto.com.br\/wp-content\/uploads\/2024\/10\/botafogo-amazonas_2024-10-30_02-14-01_jpeg_2024-10-30_02-14-02.webp.webp?fit=1200%2C800&ssl=1&resize=350%2C200 1x, https:\/\/i0.wp.com\/noticiasribeiraopreto.com.br\/wp-content\/uploads\/2024\/10\/botafogo-amazonas_2024-10-30_02-14-01_jpeg_2024-10-30_02-14-02.webp.webp?fit=1200%2C800&ssl=1&resize=525%2C300 1.5x, https:\/\/i0.wp.com\/noticiasribeiraopreto.com.br\/wp-content\/uploads\/2024\/10\/botafogo-amazonas_2024-10-30_02-14-01_jpeg_2024-10-30_02-14-02.webp.webp?fit=1200%2C800&ssl=1&resize=700%2C400 2x, https:\/\/i0.wp.com\/noticiasribeiraopreto.com.br\/wp-content\/uploads\/2024\/10\/botafogo-amazonas_2024-10-30_02-14-01_jpeg_2024-10-30_02-14-02.webp.webp?fit=1200%2C800&ssl=1&resize=1050%2C600 3x"},"classes":[]},{"id":50160,"url":"https:\/\/noticiasribeiraopreto.com.br\/index.php\/2024\/05\/14\/botafogo-empata-com-a-chapecoense-em-partida-realizada-em-ribeirao-preto\/","url_meta":{"origin":72775,"position":2},"title":"Botafogo empata com a Chapecoense em partida realizada em Ribeir\u00e3o Preto","author":"noticiasribeiraopreto.com.br","date":"14 de May de 2024","format":false,"excerpt":"O Botafogo empatou em 0 a 0 com a Chapecoense, na noite desta ter\u00e7a-feira (14), em disputa realizada no est\u00e1dio Santa Cruz Arena NicNet, em Ribeir\u00e3o Preto. Essa foi a quinta rodada do Campeonato Brasileiro S\u00e9rie B. O Tricolor n\u00e3o possui nenhuma vit\u00f3ria na competi\u00e7\u00e3o e ocupa o 16\u00b0 lugar\u2026","rel":"","context":"In &quot;Not\u00edcias de Ribeir\u00e3o Preto-SP e Regi\u00e3o&quot;","block_context":{"text":"Not\u00edcias de Ribeir\u00e3o Preto-SP e Regi\u00e3o","link":"https:\/\/noticiasribeiraopreto.com.br\/index.php\/category\/noticias-de-ribeirao-preto-sp-e-regiao-ismael-colosi\/"},"img":{"alt_text":"","src":"https:\/\/i0.wp.com\/noticiasribeiraopreto.com.br\/wp-content\/uploads\/2024\/05\/WhatsApp-Image-2024-05-14-at-22.29.34_2024-05-15_02-12-55_jpeg_2024-05-15_02-12-55.webp.webp?fit=1200%2C800&ssl=1&resize=350%2C200","width":350,"height":200,"srcset":"https:\/\/i0.wp.com\/noticiasribeiraopreto.com.br\/wp-content\/uploads\/2024\/05\/WhatsApp-Image-2024-05-14-at-22.29.34_2024-05-15_02-12-55_jpeg_2024-05-15_02-12-55.webp.webp?fit=1200%2C800&ssl=1&resize=350%2C200 1x, https:\/\/i0.wp.com\/noticiasribeiraopreto.com.br\/wp-content\/uploads\/2024\/05\/WhatsApp-Image-2024-05-14-at-22.29.34_2024-05-15_02-12-55_jpeg_2024-05-15_02-12-55.webp.webp?fit=1200%2C800&ssl=1&resize=525%2C300 1.5x, https:\/\/i0.wp.com\/noticiasribeiraopreto.com.br\/wp-content\/uploads\/2024\/05\/WhatsApp-Image-2024-05-14-at-22.29.34_2024-05-15_02-12-55_jpeg_2024-05-15_02-12-55.webp.webp?fit=1200%2C800&ssl=1&resize=700%2C400 2x, https:\/\/i0.wp.com\/noticiasribeiraopreto.com.br\/wp-content\/uploads\/2024\/05\/WhatsApp-Image-2024-05-14-at-22.29.34_2024-05-15_02-12-55_jpeg_2024-05-15_02-12-55.webp.webp?fit=1200%2C800&ssl=1&resize=1050%2C600 3x"},"classes":[]},{"id":69320,"url":"https:\/\/noticiasribeiraopreto.com.br\/index.php\/2025\/05\/04\/botafogo-goleia-athletico-pr-fora-de-casa-pela-serie-b-do-brasileiro\/","url_meta":{"origin":72775,"position":3},"title":"Botafogo goleia Athletico-PR fora de casa pela S\u00e9rie B do Brasileiro","author":"noticiasribeiraopreto.com.br","date":"4 de May de 2025","format":false,"excerpt":"O Botafogo goleou por 4 a 1 o Athletico-PR fora de casa, na noite deste domingo (4). A partida disputada na Ligga Arena, em Curitiba, foi v\u00e1lida pela sexta rodada do Campeonato Brasileiro da S\u00e9rie B 2025. A equipe de Ribeir\u00e3o Preto conquistou a primeira vit\u00f3ria na disputa de virada.\u2026","rel":"","context":"In &quot;Not\u00edcias de Ribeir\u00e3o Preto-SP e Regi\u00e3o&quot;","block_context":{"text":"Not\u00edcias de Ribeir\u00e3o Preto-SP e Regi\u00e3o","link":"https:\/\/noticiasribeiraopreto.com.br\/index.php\/category\/noticias-de-ribeirao-preto-sp-e-regiao-ismael-colosi\/"},"img":{"alt_text":"","src":"https:\/\/i0.wp.com\/noticiasribeiraopreto.com.br\/wp-content\/uploads\/2025\/05\/leandro-maciel_2025-05-04_23-20-25.webp.webp?fit=1200%2C800&ssl=1&resize=350%2C200","width":350,"height":200,"srcset":"https:\/\/i0.wp.com\/noticiasribeiraopreto.com.br\/wp-content\/uploads\/2025\/05\/leandro-maciel_2025-05-04_23-20-25.webp.webp?fit=1200%2C800&ssl=1&resize=350%2C200 1x, https:\/\/i0.wp.com\/noticiasribeiraopreto.com.br\/wp-content\/uploads\/2025\/05\/leandro-maciel_2025-05-04_23-20-25.webp.webp?fit=1200%2C800&ssl=1&resize=525%2C300 1.5x, https:\/\/i0.wp.com\/noticiasribeiraopreto.com.br\/wp-content\/uploads\/2025\/05\/leandro-maciel_2025-05-04_23-20-25.webp.webp?fit=1200%2C800&ssl=1&resize=700%2C400 2x, https:\/\/i0.wp.com\/noticiasribeiraopreto.com.br\/wp-content\/uploads\/2025\/05\/leandro-maciel_2025-05-04_23-20-25.webp.webp?fit=1200%2C800&ssl=1&resize=1050%2C600 3x"},"classes":[]},{"id":57436,"url":"https:\/\/noticiasribeiraopreto.com.br\/index.php\/2024\/08\/31\/chapecoense-sai-na-frente-mas-faz-gol-contra-e-empata-com-o-botafogo\/","url_meta":{"origin":72775,"position":4},"title":"Chapecoense sai na frente, mas faz gol contra e empata com o Botafogo","author":"noticiasribeiraopreto.com.br","date":"31 de August de 2024","format":false,"excerpt":"O Botafogo empatou em 1 a 1 com a Chapecoense na tarde deste s\u00e1bado (31) em disputa realizada na Arena Cond\u00e1, em Chapec\u00f3-SC, pela 24\u00aa rodada do Campeonato Brasileiro S\u00e9rie B. O atacante Rafael Carvalheira foi quem abriu o placar para os donos da casa aos 24 minutos da partida.\u2026","rel":"","context":"In &quot;Not\u00edcias de Ribeir\u00e3o Preto-SP e Regi\u00e3o&quot;","block_context":{"text":"Not\u00edcias de Ribeir\u00e3o Preto-SP e Regi\u00e3o","link":"https:\/\/noticiasribeiraopreto.com.br\/index.php\/category\/noticias-de-ribeirao-preto-sp-e-regiao-ismael-colosi\/"},"img":{"alt_text":"","src":"https:\/\/i0.wp.com\/noticiasribeiraopreto.com.br\/wp-content\/uploads\/2024\/08\/WhatsApp-Image-2024-08-31-at-17.48.29_2024-08-31_22-14-28_jpeg_2024-08-31_22-14-28.webp.webp?fit=1200%2C800&ssl=1&resize=350%2C200","width":350,"height":200,"srcset":"https:\/\/i0.wp.com\/noticiasribeiraopreto.com.br\/wp-content\/uploads\/2024\/08\/WhatsApp-Image-2024-08-31-at-17.48.29_2024-08-31_22-14-28_jpeg_2024-08-31_22-14-28.webp.webp?fit=1200%2C800&ssl=1&resize=350%2C200 1x, https:\/\/i0.wp.com\/noticiasribeiraopreto.com.br\/wp-content\/uploads\/2024\/08\/WhatsApp-Image-2024-08-31-at-17.48.29_2024-08-31_22-14-28_jpeg_2024-08-31_22-14-28.webp.webp?fit=1200%2C800&ssl=1&resize=525%2C300 1.5x, https:\/\/i0.wp.com\/noticiasribeiraopreto.com.br\/wp-content\/uploads\/2024\/08\/WhatsApp-Image-2024-08-31-at-17.48.29_2024-08-31_22-14-28_jpeg_2024-08-31_22-14-28.webp.webp?fit=1200%2C800&ssl=1&resize=700%2C400 2x, https:\/\/i0.wp.com\/noticiasribeiraopreto.com.br\/wp-content\/uploads\/2024\/08\/WhatsApp-Image-2024-08-31-at-17.48.29_2024-08-31_22-14-28_jpeg_2024-08-31_22-14-28.webp.webp?fit=1200%2C800&ssl=1&resize=1050%2C600 3x"},"classes":[]},{"id":60400,"url":"https:\/\/noticiasribeiraopreto.com.br\/index.php\/2024\/11\/12\/serie-b-botafogo-e-goleado-pelo-ceara-em-ribeirao-preto\/","url_meta":{"origin":72775,"position":5},"title":"S\u00e9rie B: Botafogo \u00e9 goleado pelo Cear\u00e1 em Ribeir\u00e3o Preto","author":"noticiasribeiraopreto.com.br","date":"12 de November de 2024","format":false,"excerpt":"O Botafogo foi goleado por 4 a 1 pelo Cear\u00e1 na noite desta ter\u00e7a-feira (12), na Arena Nicnet\/est\u00e1dio Santa Cruz, em Ribeir\u00e3o Preto. A partida foi v\u00e1lida pela 36\u00aa rodada do Campeonato Brasileiro da S\u00e9rie B. Os gols do Cear\u00e1 na partida foram marcados por Saulo Mineiro, aos 38 minutos\u2026","rel":"","context":"In &quot;Not\u00edcias de Ribeir\u00e3o Preto-SP e Regi\u00e3o&quot;","block_context":{"text":"Not\u00edcias de Ribeir\u00e3o Preto-SP e Regi\u00e3o","link":"https:\/\/noticiasribeiraopreto.com.br\/index.php\/category\/noticias-de-ribeirao-preto-sp-e-regiao-ismael-colosi\/"},"img":{"alt_text":"","src":"https:\/\/i0.wp.com\/noticiasribeiraopreto.com.br\/wp-content\/uploads\/2024\/11\/botafogo-ceara_2024-11-13_02-27-43_jpeg_2024-11-13_02-27-43.webp.webp?fit=1200%2C800&ssl=1&resize=350%2C200","width":350,"height":200,"srcset":"https:\/\/i0.wp.com\/noticiasribeiraopreto.com.br\/wp-content\/uploads\/2024\/11\/botafogo-ceara_2024-11-13_02-27-43_jpeg_2024-11-13_02-27-43.webp.webp?fit=1200%2C800&ssl=1&resize=350%2C200 1x, https:\/\/i0.wp.com\/noticiasribeiraopreto.com.br\/wp-content\/uploads\/2024\/11\/botafogo-ceara_2024-11-13_02-27-43_jpeg_2024-11-13_02-27-43.webp.webp?fit=1200%2C800&ssl=1&resize=525%2C300 1.5x, https:\/\/i0.wp.com\/noticiasribeiraopreto.com.br\/wp-content\/uploads\/2024\/11\/botafogo-ceara_2024-11-13_02-27-43_jpeg_2024-11-13_02-27-43.webp.webp?fit=1200%2C800&ssl=1&resize=700%2C400 2x, https:\/\/i0.wp.com\/noticiasribeiraopreto.com.br\/wp-content\/uploads\/2024\/11\/botafogo-ceara_2024-11-13_02-27-43_jpeg_2024-11-13_02-27-43.webp.webp?fit=1200%2C800&ssl=1&resize=1050%2C600 3x"},"classes":[]}],"jetpack_sharing_enabled":true,"jetpack_shortlink":"https:\/\/wp.me\/peQAOb-iVN","_links":{"self":[{"href":"https:\/\/noticiasribeiraopreto.com.br\/index.php\/wp-json\/wp\/v2\/posts\/72775","targetHints":{"allow":["GET"]}}],"collection":[{"href":"https:\/\/noticiasribeiraopreto.com.br\/index.php\/wp-json\/wp\/v2\/posts"}],"about":[{"href":"https:\/\/noticiasribeiraopreto.com.br\/index.php\/wp-json\/wp\/v2\/types\/post"}],"author":[{"embeddable":true,"href":"https:\/\/noticiasribeiraopreto.com.br\/index.php\/wp-json\/wp\/v2\/users\/1"}],"replies":[{"embeddable":true,"href":"https:\/\/noticiasribeiraopreto.com.br\/index.php\/wp-json\/wp\/v2\/comments?post=72775"}],"version-history":[{"count":0,"href":"https:\/\/noticiasribeiraopreto.com.br\/index.php\/wp-json\/wp\/v2\/posts\/72775\/revisions"}],"wp:featuredmedia":[{"embeddable":true,"href":"https:\/\/noticiasribeiraopreto.com.br\/index.php\/wp-json\/wp\/v2\/media\/72776"}],"wp:attachment":[{"href":"https:\/\/noticiasribeiraopreto.com.br\/index.php\/wp-json\/wp\/v2\/media?parent=72775"}],"wp:term":[{"taxonomy":"category","embeddable":true,"href":"https:\/\/noticiasribeiraopreto.com.br\/index.php\/wp-json\/wp\/v2\/categories?post=72775"},{"taxonomy":"post_tag","embeddable":true,"href":"https:\/\/noticiasribeiraopreto.com.br\/index.php\/wp-json\/wp\/v2\/tags?post=72775"}],"curies":[{"name":"wp","href":"https:\/\/api.w.org\/{rel}","templated":true}]}}