{"id":72785,"date":"2025-06-21T08:30:21","date_gmt":"2025-06-21T11:30:21","guid":{"rendered":"https:\/\/noticiasribeiraopreto.com.br\/index.php\/2025\/06\/21\/inverno-chega-com-a-noite-mais-longa\/"},"modified":"2025-06-21T08:30:21","modified_gmt":"2025-06-21T11:30:21","slug":"inverno-chega-com-a-noite-mais-longa","status":"publish","type":"post","link":"https:\/\/noticiasribeiraopreto.com.br\/index.php\/2025\/06\/21\/inverno-chega-com-a-noite-mais-longa\/","title":{"rendered":"Inverno chega com a noite mais longa"},"content":{"rendered":"<div class='code-block code-block-1' style='margin: 8px 0 8px auto; text-align: right; display: block; clear: both;'>\n<p><a href=\"https:\/\/wa.link\/vpicfd\"><img data-recalc-dims=\"1\" class=\"wp-image-4922\" style=\"aspect-ratio: 2.0253164556962027; width: 561px; height: auto;\" src=\"https:\/\/i0.wp.com\/ismaelcolosi.com.br\/wp-content\/uploads\/2023\/11\/grupo-de-empregos-whatsapp-e-facebook-ismael-colosi-vagas.jpg?ssl=1\" alt=\"\" \/><\/a><\/p>\n<!-- \/wp:image -->\n<\/div>\n<p> <br \/>\n<\/p>\n<div>\n<p>Apesar de o frio j\u00e1 ter chegado em Ribeir\u00e3o Preto e boa parte do Brasil, o inverno come\u00e7ou no Hemisf\u00e9rio Sul oficialmente \u00e0s 23h42 desta sexta-feira, 20 de junho, no hor\u00e1rio de Bras\u00edlia. A mudan\u00e7a do outono para a esta\u00e7\u00e3o mais fria do ano \u00e9 marcada por um fen\u00f4meno chamado de solst\u00edcio, em que o planeta atinge o ponto mais distante em rela\u00e7\u00e3o ao Sol.<\/p>\n<p>Em junho, o Hemisf\u00e9rio Sul \u00e9 quem recebe menos incid\u00eancia solar e, por isso, a noite de ontem foi a mais longa do ano. A pr\u00f3pria palavra solst\u00edcio retoma o significado da express\u00e3o Sol parado, em latim, exatamente pelo fato de que, ao ser observado a olho nu, o astro parece concluir sua trajet\u00f3ria quando atinge esse ponto. A mudan\u00e7a na posi\u00e7\u00e3o a cada nascer ou p\u00f4r do Sol n\u00e3o \u00e9 vista nesse dia.<\/p>\n<p>Segundo o astr\u00f4nomo e diretor do Observat\u00f3rio do Valongo, da Universidade Federal do Rio de Janeiro, Thiago Gon\u00e7alves, o solst\u00edcio ocorre duas vezes ao ano \u2013 uma em junho e outra em dezembro \u2013 e, por causa da inclina\u00e7\u00e3o do eixo da Terra, um hemisf\u00e9rio do globo fica mais exposto \u00e0 luz solar quando come\u00e7a o ver\u00e3o, enquanto o outro fica menos, onde passa a ser inverno.<\/p>\n<p>\u201cAp\u00f3s seis meses, a gente pode imaginar que a Terra est\u00e1 do outro lado do Sol e, com essa inclina\u00e7\u00e3o, \u00e9 o outro lado que estar\u00e1 virado para o Sol\u201d, explica. Segundo o astr\u00f4nomo, conforme o planeta e o Sol v\u00e3o se aproximando novamente, a dura\u00e7\u00e3o das noites vai diminuindo at\u00e9 que as trajet\u00f3rias atinjam o ponto mais pr\u00f3ximo da Terra, quando dia e noite t\u00eam exatamente a mesma dura\u00e7\u00e3o e os dois hemisf\u00e9rios s\u00e3o igualmente iluminados.<\/p>\n<p>Gon\u00e7alves explica, ainda, que esse fen\u00f4meno \u00e9 chamado equin\u00f3cio e tamb\u00e9m ocorre duas vezes ao ano \u2013 uma em setembro e outra em mar\u00e7o \u2013 quando come\u00e7am o outono e a primavera. Todas as transforma\u00e7\u00f5es observadas no globo terrestre em rela\u00e7\u00e3o \u00e0 temperatura e vegeta\u00e7\u00e3o de cada per\u00edodo do ano dependem do quanto cada regi\u00e3o recebe de luz solar.<\/p>\n<p>Por isso, as regi\u00f5es mais pr\u00f3ximas \u00e0 Linha do Equador \u2013 como o Norte e o Nordeste brasileiro \u2013 sofrem menos mudan\u00e7as. Gon\u00e7alves diz que os extremos \u2013 Polos Sul e Norte \u2013 pela inclina\u00e7\u00e3o ficam mais perto ou distantes do Sol. \u201cSe voc\u00ea viajasse do Rio Grande do Sul ao Amap\u00e1, por exemplo, voc\u00ea estaria se aproximando cada vez mais da parte da Terra que, neste solst\u00edcio, est\u00e1 mais diretamente iluminada\u201d, argumenta.<\/p>\n<p>A dura\u00e7\u00e3o do ciclo completo at\u00e9 o pr\u00f3ximo solst\u00edcio de inverno acontece em 365 dias, 48 minutos e 46 segundos. Por causa dos minutos e segundos a mais, o calend\u00e1rio precisa ser ajustado a cada quatro anos, quando o ano bissexto soma 366 dias.<\/p>\n<p><strong>Previs\u00e3o do tempo \u2013 <\/strong>A chegada de uma frente fria far\u00e1 a temperatura despencar em Ribeir\u00e3o Preto na pr\u00f3xima semana. Segundo a Climatempo, a m\u00ednima pode chegar a 10 graus Celsius na ter\u00e7a (24) e a 7\u00baC na quarta-feira (25), com sensa\u00e7\u00e3o t\u00e9rmica de at\u00e9 4\u00baC. Por\u00e9m, a semana ter\u00e1 c\u00e9u azul e tamb\u00e9m nublado em alguns per\u00edodos, sol e at\u00e9 chuva isolada na segunda (23), quando s\u00e3o esperados cerca de 10 mil\u00edmetros.<\/p>\n<p>O morador de Ribeir\u00e3o Preto pode se preparar para tirar cobertor e edredom, agasalho, cachecol, gorro, luva, meia de l\u00e3 e at\u00e9 guarda-chuva do arm\u00e1rio. Neste final de semana, o clima deve ser mais seco. Defesa Civil Estadual e Instituto Nacional de Meteorologia (Inmet) ainda n\u00e3o emitiram alerta amarelo de queda dr\u00e1stica de temperatura para a regi\u00e3o.<\/p>\n<p>A m\u00e9dia para junho \u00e9 de 27\u00baC em Ribeir\u00e3o Preto. O inverno vai at\u00e9 22 de setembro, quando chega a primavera. O cen\u00e1rio pode mudar de uma hora para outra, de acordo com as informa\u00e7\u00f5es que chegam via sat\u00e9lite. Os dados da Climatempo foram atualizados \u00e0s 18 horas de ontem.<\/p>\n<p>Neste s\u00e1bado (21), a temperatura deve oscilar entre m\u00ednima de 14 graus e m\u00e1xima de 29\u00baC, com umidade relativa do ar em cerca de 40%. No domingo (22), os term\u00f4metros podem marcar entre 15\u00baC e 30\u00baC, com umidade em 34%. Nesta sexta-feira, ficou entre 15\u00baC e 28\u00baC, com umidade em 37%. Ribeir\u00e3o Preto registrou, entre a madrugada e a manh\u00e3 de 30 de maio, a menor temperatura do ano at\u00e9 agora. Chegou a 7 graus Celsius, recorde do ano.<\/p>\n<p>A temperatura m\u00e1xima prevista para esta semana est\u00e1 bem abaixo do teto de 36\u00baC do in\u00edcio de mar\u00e7o. Segundo dados da Climatempo, a m\u00e9dia de chuva para maio \u00e9 de 47 mil\u00edmetros e choveu oito mm, 17% do esperado. Para junho eram esperados 28 mm, mas j\u00e1 chegou a 55 mm, 96,43% acima.<\/p>\n<p>A umidade relativa do ar deve cair nesta semana com a estiagem t\u00edpica desta \u00e9poca do ano. Segundo a Climatempo, pode ficar abaixo de 50% at\u00e9 sexta-feira. S\u00e1bado e domingo pode chegar a 37%. O n\u00edvel considerado ideal \u00e9 de 60%.<\/p>\n<p>Segundo a Organiza\u00e7\u00e3o Mundial de Sa\u00fade (OMS), quando a umidade relativa do ar fica abaixo de 30% o munic\u00edpio entra em estado de aten\u00e7\u00e3o. Quando o \u00edndice \u00e9 inferior a 20% a situa\u00e7\u00e3o \u00e9 de alerta. Abaixo de 12% j\u00e1 \u00e9 considerado caso de emerg\u00eancia.<\/p>\n<\/div>\n<p><br \/>\n<br \/><a href=\"https:\/\/www.tribunaribeirao.com.br\/inverno-chega-com-a-noite-mais-longa\/\">Source link <\/a><\/p>\n<!-- CONTENT END 1 -->\n","protected":false},"excerpt":{"rendered":"<p>Apesar de o frio j\u00e1 ter chegado em Ribeir\u00e3o Preto e boa parte do Brasil, o inverno come\u00e7ou no Hemisf\u00e9rio Sul oficialmente \u00e0s 23h42 desta&#8230;<\/p>\n","protected":false},"author":1,"featured_media":72786,"comment_status":"open","ping_status":"open","sticky":false,"template":"","format":"standard","meta":{"advanced_seo_description":"","jetpack_seo_html_title":"","jetpack_seo_noindex":false,"jetpack_post_was_ever_published":false,"_jetpack_newsletter_access":"","_jetpack_dont_email_post_to_subs":false,"_jetpack_newsletter_tier_id":0,"_jetpack_memberships_contains_paywalled_content":false,"_jetpack_memberships_contains_paid_content":false,"footnotes":"","jetpack_publicize_message":"","jetpack_publicize_feature_enabled":true,"jetpack_social_post_already_shared":true,"jetpack_social_options":{"image_generator_settings":{"template":"highway","default_image_id":0,"font":"","enabled":false},"version":2}},"categories":[11],"tags":[],"class_list":["post-72785","post","type-post","status-publish","format-standard","has-post-thumbnail","hentry","category-noticias-de-ribeirao-preto-sp-e-regiao-ismael-colosi"],"jetpack_publicize_connections":[],"jetpack_featured_media_url":"https:\/\/i0.wp.com\/noticiasribeiraopreto.com.br\/wp-content\/uploads\/2025\/06\/Inverno-Alfredo-Risk-scaled.jpg?fit=750%2C500&ssl=1","jetpack-related-posts":[{"id":19312,"url":"https:\/\/noticiasribeiraopreto.com.br\/index.php\/2023\/12\/22\/revelado-saiba-por-que-essa-sexta-22-sera-o-dia-mais-longo-do-ano\/","url_meta":{"origin":72785,"position":0},"title":"REVELADO! Saiba por que essa SEXTA (22) ser\u00e1 o dia mais longo do ano!","author":"noticiasribeiraopreto.com.br","date":"22 de December de 2023","format":false,"excerpt":"O solst\u00edcio de ver\u00e3o \u00e9 um fen\u00f4meno astron\u00f4mico que desperta diferentes emo\u00e7\u00f5es em cada indiv\u00edduo. Enquanto alguns aguardam ansiosamente pela chegada do calor e das f\u00e9rias, outros preferem as esta\u00e7\u00f5es mais frias. O nome \u201csolst\u00edcio\u201d prov\u00e9m do latim e significa \u201cSol parado\u201d, fazendo refer\u00eancia \u00e0 posi\u00e7\u00e3o do Sol no c\u00e9u\u2026","rel":"","context":"In &quot;Vagas de Emprego em Ribeir\u00e3o Preto-SP&quot;","block_context":{"text":"Vagas de Emprego em Ribeir\u00e3o Preto-SP","link":"https:\/\/noticiasribeiraopreto.com.br\/index.php\/category\/empregos-classificados-vagas-trabalho\/vagas-de-empregos-em-ribeirao-preto-regiao-brasil\/"},"img":{"alt_text":"","src":"","width":0,"height":0},"classes":[]},{"id":17216,"url":"https:\/\/noticiasribeiraopreto.com.br\/index.php\/2023\/12\/17\/com-inicio-do-verao-semana-tera-o-dia-mais-longo-do-ano-entenda-o-fenomeno-2\/","url_meta":{"origin":72785,"position":1},"title":"Com in\u00edcio do ver\u00e3o, semana ter\u00e1 o dia mais longo do ano; Entenda o fen\u00f4meno","author":"noticiasribeiraopreto.com.br","date":"17 de December de 2023","format":false,"excerpt":"A pen\u00faltima semana completa de 2023 traz consigo um aguardado evento para os amantes da esta\u00e7\u00e3o que evoca calor e f\u00e9rias. O in\u00edcio do ver\u00e3o neste ano ser\u00e1 no dia 22 de dezembro, precisamente \u00e0s 0h27, marcando n\u00e3o apenas a transi\u00e7\u00e3o de esta\u00e7\u00e3o, mas tamb\u00e9m o dia mais longo do\u2026","rel":"","context":"In &quot;Vagas de Emprego em Ribeir\u00e3o Preto-SP&quot;","block_context":{"text":"Vagas de Emprego em Ribeir\u00e3o Preto-SP","link":"https:\/\/noticiasribeiraopreto.com.br\/index.php\/category\/empregos-classificados-vagas-trabalho\/vagas-de-empregos-em-ribeirao-preto-regiao-brasil\/"},"img":{"alt_text":"","src":"https:\/\/i0.wp.com\/noticiasribeiraopreto.com.br\/wp-content\/uploads\/2023\/12\/calor_onda_de_calor_sol__-_foto_canvajc_concursos.jpg?fit=1200%2C675&ssl=1&resize=350%2C200","width":350,"height":200,"srcset":"https:\/\/i0.wp.com\/noticiasribeiraopreto.com.br\/wp-content\/uploads\/2023\/12\/calor_onda_de_calor_sol__-_foto_canvajc_concursos.jpg?fit=1200%2C675&ssl=1&resize=350%2C200 1x, https:\/\/i0.wp.com\/noticiasribeiraopreto.com.br\/wp-content\/uploads\/2023\/12\/calor_onda_de_calor_sol__-_foto_canvajc_concursos.jpg?fit=1200%2C675&ssl=1&resize=525%2C300 1.5x, https:\/\/i0.wp.com\/noticiasribeiraopreto.com.br\/wp-content\/uploads\/2023\/12\/calor_onda_de_calor_sol__-_foto_canvajc_concursos.jpg?fit=1200%2C675&ssl=1&resize=700%2C400 2x, https:\/\/i0.wp.com\/noticiasribeiraopreto.com.br\/wp-content\/uploads\/2023\/12\/calor_onda_de_calor_sol__-_foto_canvajc_concursos.jpg?fit=1200%2C675&ssl=1&resize=1050%2C600 3x"},"classes":[]},{"id":53498,"url":"https:\/\/noticiasribeiraopreto.com.br\/index.php\/2024\/06\/20\/massas-de-ar-frio-e-temperatura-acima-da-media-devem-marcar-o-inverno-no-interior-de-sp\/","url_meta":{"origin":72785,"position":2},"title":"Massas de ar frio e temperatura acima da m\u00e9dia devem marcar o inverno no interior de SP","author":"noticiasribeiraopreto.com.br","date":"20 de June de 2024","format":false,"excerpt":"O Inmet (Instituto Nacional de Meteorologia) aponta que o interior de S\u00e3o Paulo deve receber massas de ar frio no inverno 2024, mas as temperaturas devem ficar acima da m\u00e9dia. O \u00f3rg\u00e3o informa que a previs\u00e3o para o inverno indica predom\u00ednio de chuva abaixo da m\u00e9dia, por\u00e9m n\u00e3o se descarta\u2026","rel":"","context":"In &quot;Not\u00edcias de Ribeir\u00e3o Preto-SP e Regi\u00e3o&quot;","block_context":{"text":"Not\u00edcias de Ribeir\u00e3o Preto-SP e Regi\u00e3o","link":"https:\/\/noticiasribeiraopreto.com.br\/index.php\/category\/noticias-de-ribeirao-preto-sp-e-regiao-ismael-colosi\/"},"img":{"alt_text":"","src":"https:\/\/i0.wp.com\/noticiasribeiraopreto.com.br\/wp-content\/uploads\/2024\/06\/AnyConv.com__inverno_2024-06-20_17-55-25.webp.webp?fit=1200%2C800&ssl=1&resize=350%2C200","width":350,"height":200,"srcset":"https:\/\/i0.wp.com\/noticiasribeiraopreto.com.br\/wp-content\/uploads\/2024\/06\/AnyConv.com__inverno_2024-06-20_17-55-25.webp.webp?fit=1200%2C800&ssl=1&resize=350%2C200 1x, https:\/\/i0.wp.com\/noticiasribeiraopreto.com.br\/wp-content\/uploads\/2024\/06\/AnyConv.com__inverno_2024-06-20_17-55-25.webp.webp?fit=1200%2C800&ssl=1&resize=525%2C300 1.5x, https:\/\/i0.wp.com\/noticiasribeiraopreto.com.br\/wp-content\/uploads\/2024\/06\/AnyConv.com__inverno_2024-06-20_17-55-25.webp.webp?fit=1200%2C800&ssl=1&resize=700%2C400 2x, https:\/\/i0.wp.com\/noticiasribeiraopreto.com.br\/wp-content\/uploads\/2024\/06\/AnyConv.com__inverno_2024-06-20_17-55-25.webp.webp?fit=1200%2C800&ssl=1&resize=1050%2C600 3x"},"classes":[]},{"id":71856,"url":"https:\/\/noticiasribeiraopreto.com.br\/index.php\/2025\/06\/10\/jornal-da-franca-madrugada-desta-quarta-dia-11-sera-palco-de-evento-lunar-que-nao-ocorre-ha-anos\/","url_meta":{"origin":72785,"position":3},"title":"Jornal da Franca &#8211; Madrugada desta quarta (dia 11) ser\u00e1 palco de evento lunar que n\u00e3o ocorre h\u00e1 anos","author":"noticiasribeiraopreto.com.br","date":"10 de June de 2025","format":false,"excerpt":"compartilhar no whatsapp compartilhar no telegram compartilhar no facebook compartilhar no linkedin O evento de 2025 representa uma oportunidade rara para observar de perto a intera\u00e7\u00e3o entre diferentes fen\u00f4menos astron\u00f4micos Na madrugada de 11 de junho de 2025\u00a0o c\u00e9u ser\u00e1 palco de um fen\u00f4meno astron\u00f4mico raro e aguardado: a lua\u2026","rel":"","context":"In &quot;Not\u00edcias de Franca-SP&quot;","block_context":{"text":"Not\u00edcias de Franca-SP","link":"https:\/\/noticiasribeiraopreto.com.br\/index.php\/category\/noticias-de-ribeirao-preto-sp-e-regiao-ismael-colosi\/noticias-franca-sp\/"},"img":{"alt_text":"","src":"https:\/\/i0.wp.com\/noticiasribeiraopreto.com.br\/wp-content\/uploads\/2025\/06\/29392.jpg?fit=1000%2C667&ssl=1&resize=350%2C200","width":350,"height":200,"srcset":"https:\/\/i0.wp.com\/noticiasribeiraopreto.com.br\/wp-content\/uploads\/2025\/06\/29392.jpg?fit=1000%2C667&ssl=1&resize=350%2C200 1x, https:\/\/i0.wp.com\/noticiasribeiraopreto.com.br\/wp-content\/uploads\/2025\/06\/29392.jpg?fit=1000%2C667&ssl=1&resize=525%2C300 1.5x, https:\/\/i0.wp.com\/noticiasribeiraopreto.com.br\/wp-content\/uploads\/2025\/06\/29392.jpg?fit=1000%2C667&ssl=1&resize=700%2C400 2x"},"classes":[]},{"id":72322,"url":"https:\/\/noticiasribeiraopreto.com.br\/index.php\/2025\/06\/16\/jornal-da-franca-olhos-para-o-ceu-estamos-na-melhor-epoca-do-ano-para-visualizar-a-via-lactea\/","url_meta":{"origin":72785,"position":4},"title":"Jornal da Franca &#8211; Olhos para o c\u00e9u! Estamos na melhor \u00e9poca do ano para visualizar a Via L\u00e1ctea","author":"noticiasribeiraopreto.com.br","date":"16 de June de 2025","format":false,"excerpt":"compartilhar no whatsapp compartilhar no telegram compartilhar no facebook compartilhar no linkedin Quanto mais ao sul do globo, melhor ser\u00e1 a visibilidade do chamado n\u00facleo gal\u00e1ctico \u2013 a parte mais brilhante da Via L\u00e1ctea Foto da Via L\u00e1ctea feita na Serra da Canastra por Daniel Rodrigues Costa Mello Junho chegou\u2026","rel":"","context":"In &quot;Not\u00edcias de Franca-SP&quot;","block_context":{"text":"Not\u00edcias de Franca-SP","link":"https:\/\/noticiasribeiraopreto.com.br\/index.php\/category\/noticias-de-ribeirao-preto-sp-e-regiao-ismael-colosi\/noticias-franca-sp\/"},"img":{"alt_text":"","src":"https:\/\/i0.wp.com\/noticiasribeiraopreto.com.br\/wp-content\/uploads\/2025\/06\/essa-16.jpg?fit=1024%2C576&ssl=1&resize=350%2C200","width":350,"height":200,"srcset":"https:\/\/i0.wp.com\/noticiasribeiraopreto.com.br\/wp-content\/uploads\/2025\/06\/essa-16.jpg?fit=1024%2C576&ssl=1&resize=350%2C200 1x, https:\/\/i0.wp.com\/noticiasribeiraopreto.com.br\/wp-content\/uploads\/2025\/06\/essa-16.jpg?fit=1024%2C576&ssl=1&resize=525%2C300 1.5x, https:\/\/i0.wp.com\/noticiasribeiraopreto.com.br\/wp-content\/uploads\/2025\/06\/essa-16.jpg?fit=1024%2C576&ssl=1&resize=700%2C400 2x"},"classes":[]},{"id":65424,"url":"https:\/\/noticiasribeiraopreto.com.br\/index.php\/2025\/03\/20\/jornal-da-franca-dia-e-noite-com-a-mesma-duracao-equinocio-de-outono-2025-acontece-nesta-quinta-20\/","url_meta":{"origin":72785,"position":5},"title":"Jornal da Franca &#8211; Dia e noite com a mesma dura\u00e7\u00e3o: equin\u00f3cio de Outono 2025 acontece nesta quinta (20)","author":"noticiasribeiraopreto.com.br","date":"20 de March de 2025","format":false,"excerpt":"compartilhar no whatsapp compartilhar no telegram compartilhar no facebook compartilhar no linkedin Nesta quinta feira, dia 20 de mar\u00e7o, \u00e0s 06 horas e 01 minuto, inicia-se o outono no hemisf\u00e9rio sul e a primavera no hemisf\u00e9rio norte O equin\u00f3cio de outubro registrado em mar\u00e7o de 2022 (Foto: Prof. Marcos Calil)\u2026","rel":"","context":"In &quot;Not\u00edcias de Franca-SP&quot;","block_context":{"text":"Not\u00edcias de Franca-SP","link":"https:\/\/noticiasribeiraopreto.com.br\/index.php\/category\/noticias-de-ribeirao-preto-sp-e-regiao-ismael-colosi\/noticias-franca-sp\/"},"img":{"alt_text":"","src":"https:\/\/i0.wp.com\/noticiasribeiraopreto.com.br\/wp-content\/uploads\/2025\/03\/Imagem-do-WhatsApp-de-2025-03-18-a-s-16.36.38-3d8db2f2.jpg?fit=1200%2C675&ssl=1&resize=350%2C200","width":350,"height":200,"srcset":"https:\/\/i0.wp.com\/noticiasribeiraopreto.com.br\/wp-content\/uploads\/2025\/03\/Imagem-do-WhatsApp-de-2025-03-18-a-s-16.36.38-3d8db2f2.jpg?fit=1200%2C675&ssl=1&resize=350%2C200 1x, https:\/\/i0.wp.com\/noticiasribeiraopreto.com.br\/wp-content\/uploads\/2025\/03\/Imagem-do-WhatsApp-de-2025-03-18-a-s-16.36.38-3d8db2f2.jpg?fit=1200%2C675&ssl=1&resize=525%2C300 1.5x, https:\/\/i0.wp.com\/noticiasribeiraopreto.com.br\/wp-content\/uploads\/2025\/03\/Imagem-do-WhatsApp-de-2025-03-18-a-s-16.36.38-3d8db2f2.jpg?fit=1200%2C675&ssl=1&resize=700%2C400 2x, https:\/\/i0.wp.com\/noticiasribeiraopreto.com.br\/wp-content\/uploads\/2025\/03\/Imagem-do-WhatsApp-de-2025-03-18-a-s-16.36.38-3d8db2f2.jpg?fit=1200%2C675&ssl=1&resize=1050%2C600 3x"},"classes":[]}],"jetpack_sharing_enabled":true,"jetpack_shortlink":"https:\/\/wp.me\/peQAOb-iVX","_links":{"self":[{"href":"https:\/\/noticiasribeiraopreto.com.br\/index.php\/wp-json\/wp\/v2\/posts\/72785","targetHints":{"allow":["GET"]}}],"collection":[{"href":"https:\/\/noticiasribeiraopreto.com.br\/index.php\/wp-json\/wp\/v2\/posts"}],"about":[{"href":"https:\/\/noticiasribeiraopreto.com.br\/index.php\/wp-json\/wp\/v2\/types\/post"}],"author":[{"embeddable":true,"href":"https:\/\/noticiasribeiraopreto.com.br\/index.php\/wp-json\/wp\/v2\/users\/1"}],"replies":[{"embeddable":true,"href":"https:\/\/noticiasribeiraopreto.com.br\/index.php\/wp-json\/wp\/v2\/comments?post=72785"}],"version-history":[{"count":0,"href":"https:\/\/noticiasribeiraopreto.com.br\/index.php\/wp-json\/wp\/v2\/posts\/72785\/revisions"}],"wp:featuredmedia":[{"embeddable":true,"href":"https:\/\/noticiasribeiraopreto.com.br\/index.php\/wp-json\/wp\/v2\/media\/72786"}],"wp:attachment":[{"href":"https:\/\/noticiasribeiraopreto.com.br\/index.php\/wp-json\/wp\/v2\/media?parent=72785"}],"wp:term":[{"taxonomy":"category","embeddable":true,"href":"https:\/\/noticiasribeiraopreto.com.br\/index.php\/wp-json\/wp\/v2\/categories?post=72785"},{"taxonomy":"post_tag","embeddable":true,"href":"https:\/\/noticiasribeiraopreto.com.br\/index.php\/wp-json\/wp\/v2\/tags?post=72785"}],"curies":[{"name":"wp","href":"https:\/\/api.w.org\/{rel}","templated":true}]}}