{"id":72787,"date":"2025-06-21T08:59:29","date_gmt":"2025-06-21T11:59:29","guid":{"rendered":"https:\/\/noticiasribeiraopreto.com.br\/index.php\/2025\/06\/21\/jornal-da-franca-por-que-o-inverno-de-2025-deve-ser-mais-frio-que-o-de-anos-anteriores\/"},"modified":"2025-06-21T08:59:29","modified_gmt":"2025-06-21T11:59:29","slug":"jornal-da-franca-por-que-o-inverno-de-2025-deve-ser-mais-frio-que-o-de-anos-anteriores","status":"publish","type":"post","link":"https:\/\/noticiasribeiraopreto.com.br\/index.php\/2025\/06\/21\/jornal-da-franca-por-que-o-inverno-de-2025-deve-ser-mais-frio-que-o-de-anos-anteriores\/","title":{"rendered":"Jornal da Franca &#8211; Por que o inverno de 2025 deve ser mais frio que o de anos anteriores"},"content":{"rendered":"<p> <br \/>\n<\/p>\n<div>\n\t                            <a class=\"mb-1\" href=\"https:\/\/api.whatsapp.com\/send?text=Olha essa Not\u00edcia no Jornal da Franca.%0D%0D*Por que o inverno de 2025 deve ser mais frio que o de anos anteriores*%0D%0Dclique na url abaixo%0Dhttps:\/\/www.jornaldafranca.com.br\/por-que-o-inverno-de-2025-deve-ser-mais-frio-que-o-de-anos-anteriores\/\" target=\"_blank\"><span class=\"text-12 badge badge-pill badge-success\"><i class=\"fa fa-whatsapp\"\/> compartilhar no whatsapp<\/span><\/a><\/p>\n<p>\t                            <a class=\"mb-1\" href=\"https:\/\/telegram.me\/share\/url?url=https:\/\/www.jornaldafranca.com.br\/por-que-o-inverno-de-2025-deve-ser-mais-frio-que-o-de-anos-anteriores\/&amp;text=Olha essa Not\u00edcia no Jornal da Franca.\" target=\"_blank\"><span class=\"text-12 badge badge-pill badge-info\"><i class=\"fa fa-telegram\"\/> compartilhar no telegram<\/span><\/a><\/p>\n<p>\t                            <a class=\"mb-1\" href=\"https:\/\/www.facebook.com\/sharer\/sharer.php?u=https:\/\/www.jornaldafranca.com.br\/por-que-o-inverno-de-2025-deve-ser-mais-frio-que-o-de-anos-anteriores\/\" target=\"_blank\"><span class=\"text-12 badge badge-pill badge-primary\"><i class=\"fa fa-facebook\"\/> compartilhar no facebook<\/span><\/a><\/p>\n<p>\t                            <a class=\"mb-1\" href=\"https:\/\/www.linkedin.com\/shareArticle?mini=true&amp;url=https:\/\/www.jornaldafranca.com.br\/por-que-o-inverno-de-2025-deve-ser-mais-frio-que-o-de-anos-anteriores\/&amp;title=Por que o inverno de 2025 deve ser mais frio que o de anos anteriores&amp;source=JORNAL DA FRANCA\" target=\"_blank\"><span class=\"text-12 badge badge-pill badge-secondary\"><i class=\"fa fa-linkedin\"\/> compartilhar no linkedin<\/span><\/a><\/p>\n<div class=\"lead text-20\">\n<p>De acordo dom a Defesa Civil do Estado de S\u00e3o Paulo, o inverno ter\u00e1 neutralidade das condi\u00e7\u00f5es no Oceano Pac\u00edfico, sem a atua\u00e7\u00e3o dos fen\u00f4menos El Ni\u00f1o e La Ni\u00f1a<\/p>\n<\/p><\/div>\n<p><img data-recalc-dims=\"1\" decoding=\"async\" src=\"https:\/\/i0.wp.com\/www.jornaldafranca.com.br\/wp-content\/uploads\/2021\/07\/mulheres-com-frio.jpg?ssl=1\" alt=\"\"\/><\/p>\n<h6>Inverno, que come\u00e7ou na \u00faltima sexta-feira, 20, deve ter frio intenso \u2013 foto Arquivo<\/h6>\n<p>\u00a0<\/p>\n<p>O Inverno de 2025, que se iniciou na \u00faltima sexta-feira (20), ter\u00e1 dias de frio intenso e altern\u00e2ncia entre per\u00edodos \u00famidos e secos, de acordo com a Defesa Civil do Estado de S\u00e3o Paulo.<\/p>\n<p>A esta\u00e7\u00e3o, que termina em 22 de setembro, \u00e9 caracterizada pelas incurs\u00f5es de massas de ar frio oriundas do sul do continente, que provocam queda na temperatura do ar.<\/p>\n<p>De acordo com a Defesa Civil do estado de S\u00e3o Paulo, o per\u00edodo ter\u00e1 a neutralidade das condi\u00e7\u00f5es do Oceano Pac\u00edfico, ou seja, sem a atua\u00e7\u00e3o dos fen\u00f4menos El Ni\u00f1o e La Ni\u00f1a, o que far\u00e1 com que o frio seja mais intenso do que em anos anteriores.<\/p>\n<p>Ao longo da esta\u00e7\u00e3o, s\u00e3o esperados valores m\u00e9dios inferiores a 22\u00baC sobre a parte leste das regi\u00f5es Sul e Sudeste do Brasil, com possibilidade de geada na regi\u00e3o Sul, Sudeste e no Estado do Mato Grosso do Sul.<\/p>\n<p>Al\u00e9m das geadas, existe a possibilidade de neve em \u00e1reas serranas e planaltos na Regi\u00e3o Sul, al\u00e9m de epis\u00f3dios de friagem nos Estados do Mato grosso, Rond\u00f4nia, Acre e no sul do Amazonas.<\/p>\n<p>\u201cA chance de nevar no inverno de 2025 \u00e9 muito maior do que nos invernos de 2023 e 2024.\u201d, afirma o Climatempo.<\/p>\n<p>No estado de S\u00e3o Paulo, s\u00e3o esperadas temperaturas abaixo de 10\u00b0C em diversas regi\u00f5es ao longo da esta\u00e7\u00e3o, especialmente durante a passagem de frentes frias.<\/p>\n<p>A previs\u00e3o tamb\u00e9m indica chuvas ocasionais associadas a essas frentes, com destaque para o m\u00eas de julho.<\/p>\n<p>Al\u00e9m da neve, ser\u00e1 comum a forma\u00e7\u00e3o de nevoeiros e n\u00e9voas \u00famidas nas regi\u00f5es Sul, Sudeste e Centro-Oeste em fun\u00e7\u00e3o das invers\u00f5es t\u00e9rmicas no per\u00edodo da manh\u00e3, \u201ccom redu\u00e7\u00e3o de visibilidade, especialmente em estradas, \u00e1reas serranas e aeroportos\u201d, de acordo instituto Nacional de Meteorologia (Inmet).<\/p>\n<p><strong>Chuvas<\/strong><\/p>\n<p>Somente no norte de Roraima, noroeste do Par\u00e1 e Amap\u00e1, a previs\u00e3o indica condi\u00e7\u00f5es favor\u00e1veis para chuvas acima da m\u00e9dia.<\/p>\n<p>No entanto, a chuva tamb\u00e9m ser\u00e1 recorrente na costa leste do Nordeste, com menor frequ\u00eancia daquelas muito fortes e volumosas como ocorreu no outono.<\/p>\n<p>Com a passagem de frentes frias, o sul da Bahia deve ter um pouco mais de chuva do que o normal.<\/p>\n<p>Algumas \u00e1reas no leste de Santa Catarina, leste de S\u00e3o Paulo, Rio de Janeiro e Esp\u00edrito Santo tamb\u00e9m concentrar\u00e3o chuvas acima da normalidade.<\/p>\n<p>\u00a0<\/p>\n<p>Fonte: <em><strong>CNN<\/strong><\/em><\/p>\n<p><!-- CONTENT END 1 --><\/p>\n<hr\/><\/div>\n<p><br \/>\n<br \/><a href=\"https:\/\/www.jornaldafranca.com.br\/por-que-o-inverno-de-2025-deve-ser-mais-frio-que-o-de-anos-anteriores\/\">Source link <\/a><\/p>\n","protected":false},"excerpt":{"rendered":"<p>compartilhar no whatsapp compartilhar no telegram compartilhar no facebook compartilhar no linkedin De acordo dom a Defesa Civil do Estado de S\u00e3o Paulo, o inverno&#8230;<\/p>\n","protected":false},"author":1,"featured_media":72788,"comment_status":"open","ping_status":"open","sticky":false,"template":"","format":"standard","meta":{"advanced_seo_description":"","jetpack_seo_html_title":"","jetpack_seo_noindex":false,"jetpack_post_was_ever_published":false,"_jetpack_newsletter_access":"","_jetpack_dont_email_post_to_subs":false,"_jetpack_newsletter_tier_id":0,"_jetpack_memberships_contains_paywalled_content":false,"_jetpack_memberships_contains_paid_content":false,"footnotes":"","jetpack_publicize_message":"","jetpack_publicize_feature_enabled":true,"jetpack_social_post_already_shared":true,"jetpack_social_options":{"image_generator_settings":{"template":"highway","default_image_id":0,"font":"","enabled":false},"version":2}},"categories":[3597],"tags":[],"class_list":["post-72787","post","type-post","status-publish","format-standard","has-post-thumbnail","hentry","category-noticias-franca-sp"],"jetpack_publicize_connections":[],"jetpack_featured_media_url":"https:\/\/i0.wp.com\/noticiasribeiraopreto.com.br\/wp-content\/uploads\/2025\/06\/mulheres-com-frio.jpg?fit=1200%2C675&ssl=1","jetpack-related-posts":[{"id":69340,"url":"https:\/\/noticiasribeiraopreto.com.br\/index.php\/2025\/05\/05\/jornal-da-franca-implantacao-de-escola-civico-militar-em-franca-e-tema-de-debates-na-camara-municipal\/","url_meta":{"origin":72787,"position":0},"title":"Jornal da Franca &#8211; Implanta\u00e7\u00e3o de escola c\u00edvico-militar em Franca \u00e9 tema de debates na C\u00e2mara Municipal","author":"noticiasribeiraopreto.com.br","date":"5 de May de 2025","format":false,"excerpt":"compartilhar no whatsapp compartilhar no telegram compartilhar no facebook compartilhar no linkedin Mun\u00edcipe agradece apoio de vereadores e parlamentares para que Franca fosse contemplada com o modelo educacional A implanta\u00e7\u00e3o do Programa das Escolas C\u00edvico-Militares em Franca, pauta defendida pela direita, foi tema abordado durante a sess\u00e3o ordin\u00e1ria da C\u00e2mara\u2026","rel":"","context":"In &quot;Not\u00edcias de Franca-SP&quot;","block_context":{"text":"Not\u00edcias de Franca-SP","link":"https:\/\/noticiasribeiraopreto.com.br\/index.php\/category\/noticias-de-ribeirao-preto-sp-e-regiao-ismael-colosi\/noticias-franca-sp\/"},"img":{"alt_text":"","src":"https:\/\/i0.wp.com\/noticiasribeiraopreto.com.br\/wp-content\/uploads\/2025\/05\/1746449336_plenariodiagonal_0.jpg?fit=930%2C558&ssl=1&resize=350%2C200","width":350,"height":200,"srcset":"https:\/\/i0.wp.com\/noticiasribeiraopreto.com.br\/wp-content\/uploads\/2025\/05\/1746449336_plenariodiagonal_0.jpg?fit=930%2C558&ssl=1&resize=350%2C200 1x, https:\/\/i0.wp.com\/noticiasribeiraopreto.com.br\/wp-content\/uploads\/2025\/05\/1746449336_plenariodiagonal_0.jpg?fit=930%2C558&ssl=1&resize=525%2C300 1.5x, https:\/\/i0.wp.com\/noticiasribeiraopreto.com.br\/wp-content\/uploads\/2025\/05\/1746449336_plenariodiagonal_0.jpg?fit=930%2C558&ssl=1&resize=700%2C400 2x"},"classes":[]},{"id":67863,"url":"https:\/\/noticiasribeiraopreto.com.br\/index.php\/2025\/04\/19\/jornal-da-franca-sesi-franca-quer-vencer-o-cordoba-e-deixar-a-champions-league-de-cabeca-erguida\/","url_meta":{"origin":72787,"position":1},"title":"Jornal da Franca &#8211; Sesi Franca quer vencer o C\u00f3rdoba e deixar a Champions League de cabe\u00e7a erguida","author":"noticiasribeiraopreto.com.br","date":"19 de April de 2025","format":false,"excerpt":"compartilhar no whatsapp compartilhar no telegram compartilhar no facebook compartilhar no linkedin Jogo de hoje servir\u00e1 para a equipe se reencontrar e encerrar campeonato honrosamente O Sesi Franca ainda procura se reencontrar ap\u00f3s a elimina\u00e7\u00e3o contra o Flamengo pelas semifinais da Champions League, por 91 a 65, na noite desta\u2026","rel":"","context":"In &quot;Not\u00edcias de Franca-SP&quot;","block_context":{"text":"Not\u00edcias de Franca-SP","link":"https:\/\/noticiasribeiraopreto.com.br\/index.php\/category\/noticias-de-ribeirao-preto-sp-e-regiao-ismael-colosi\/noticias-franca-sp\/"},"img":{"alt_text":"","src":"https:\/\/i0.wp.com\/noticiasribeiraopreto.com.br\/wp-content\/uploads\/2025\/04\/IMG_20250418_111654.jpg?fit=1080%2C710&ssl=1&resize=350%2C200","width":350,"height":200,"srcset":"https:\/\/i0.wp.com\/noticiasribeiraopreto.com.br\/wp-content\/uploads\/2025\/04\/IMG_20250418_111654.jpg?fit=1080%2C710&ssl=1&resize=350%2C200 1x, https:\/\/i0.wp.com\/noticiasribeiraopreto.com.br\/wp-content\/uploads\/2025\/04\/IMG_20250418_111654.jpg?fit=1080%2C710&ssl=1&resize=525%2C300 1.5x, https:\/\/i0.wp.com\/noticiasribeiraopreto.com.br\/wp-content\/uploads\/2025\/04\/IMG_20250418_111654.jpg?fit=1080%2C710&ssl=1&resize=700%2C400 2x, https:\/\/i0.wp.com\/noticiasribeiraopreto.com.br\/wp-content\/uploads\/2025\/04\/IMG_20250418_111654.jpg?fit=1080%2C710&ssl=1&resize=1050%2C600 3x"},"classes":[]},{"id":68730,"url":"https:\/\/noticiasribeiraopreto.com.br\/index.php\/2025\/04\/28\/jornal-da-franca-sesi-franca-busca-consolidar-vantagem-contra-o-pato-basquete-no-pedrocao\/","url_meta":{"origin":72787,"position":2},"title":"Jornal da Franca &#8211; Sesi Franca busca consolidar vantagem contra o Pato Basquete no Pedroc\u00e3o\u00a0","author":"noticiasribeiraopreto.com.br","date":"28 de April de 2025","format":false,"excerpt":"compartilhar no whatsapp compartilhar no telegram compartilhar no facebook compartilhar no linkedin Segunda partida do playoff de oitavas de final do NBB ser\u00e1 disputada na noite desta ter\u00e7a-feira O Sesi Franca, atual tricampe\u00e3o do NBB, recebe o Pato Basquete na noite desta ter\u00e7a-feira, dia 30, no gin\u00e1sio Pedroc\u00e3o, em busca\u2026","rel":"","context":"In &quot;Not\u00edcias de Franca-SP&quot;","block_context":{"text":"Not\u00edcias de Franca-SP","link":"https:\/\/noticiasribeiraopreto.com.br\/index.php\/category\/noticias-de-ribeirao-preto-sp-e-regiao-ismael-colosi\/noticias-franca-sp\/"},"img":{"alt_text":"","src":"https:\/\/i0.wp.com\/noticiasribeiraopreto.com.br\/wp-content\/uploads\/2025\/04\/1745863888_IMG-20250424-WA0042.jpg?fit=1200%2C800&ssl=1&resize=350%2C200","width":350,"height":200,"srcset":"https:\/\/i0.wp.com\/noticiasribeiraopreto.com.br\/wp-content\/uploads\/2025\/04\/1745863888_IMG-20250424-WA0042.jpg?fit=1200%2C800&ssl=1&resize=350%2C200 1x, https:\/\/i0.wp.com\/noticiasribeiraopreto.com.br\/wp-content\/uploads\/2025\/04\/1745863888_IMG-20250424-WA0042.jpg?fit=1200%2C800&ssl=1&resize=525%2C300 1.5x, https:\/\/i0.wp.com\/noticiasribeiraopreto.com.br\/wp-content\/uploads\/2025\/04\/1745863888_IMG-20250424-WA0042.jpg?fit=1200%2C800&ssl=1&resize=700%2C400 2x, https:\/\/i0.wp.com\/noticiasribeiraopreto.com.br\/wp-content\/uploads\/2025\/04\/1745863888_IMG-20250424-WA0042.jpg?fit=1200%2C800&ssl=1&resize=1050%2C600 3x"},"classes":[]},{"id":69085,"url":"https:\/\/noticiasribeiraopreto.com.br\/index.php\/2025\/05\/02\/jornal-da-franca-sesi-franca-basquete-varre-o-pato-por-3-a-0-e-avanca-as-quartas-de-final-do-nbb\/","url_meta":{"origin":72787,"position":3},"title":"Jornal da Franca &#8211; Sesi Franca Basquete varre o Pato por 3 a 0 e avan\u00e7a \u00e0s quartas de final do NBB","author":"noticiasribeiraopreto.com.br","date":"2 de May de 2025","format":false,"excerpt":"compartilhar no whatsapp compartilhar no telegram compartilhar no facebook compartilhar no linkedin Time venceu o Pato Basquete por 3 a 0 na s\u00e9rie melhor de cinco e setembro classificou O Sesi Franca Basquete avan\u00e7ou \u00e0s quartas de final do NBB 2024\/2025 ap\u00f3s vencer o Pato Basquete de forma incontest\u00e1vel por\u2026","rel":"","context":"In &quot;Not\u00edcias de Franca-SP&quot;","block_context":{"text":"Not\u00edcias de Franca-SP","link":"https:\/\/noticiasribeiraopreto.com.br\/index.php\/category\/noticias-de-ribeirao-preto-sp-e-regiao-ismael-colosi\/noticias-franca-sp\/"},"img":{"alt_text":"","src":"https:\/\/i0.wp.com\/noticiasribeiraopreto.com.br\/wp-content\/uploads\/2025\/05\/IMG_20250502_043552.jpg?fit=1080%2C712&ssl=1&resize=350%2C200","width":350,"height":200,"srcset":"https:\/\/i0.wp.com\/noticiasribeiraopreto.com.br\/wp-content\/uploads\/2025\/05\/IMG_20250502_043552.jpg?fit=1080%2C712&ssl=1&resize=350%2C200 1x, https:\/\/i0.wp.com\/noticiasribeiraopreto.com.br\/wp-content\/uploads\/2025\/05\/IMG_20250502_043552.jpg?fit=1080%2C712&ssl=1&resize=525%2C300 1.5x, https:\/\/i0.wp.com\/noticiasribeiraopreto.com.br\/wp-content\/uploads\/2025\/05\/IMG_20250502_043552.jpg?fit=1080%2C712&ssl=1&resize=700%2C400 2x, https:\/\/i0.wp.com\/noticiasribeiraopreto.com.br\/wp-content\/uploads\/2025\/05\/IMG_20250502_043552.jpg?fit=1080%2C712&ssl=1&resize=1050%2C600 3x"},"classes":[]},{"id":72627,"url":"https:\/\/noticiasribeiraopreto.com.br\/index.php\/2025\/06\/19\/jornal-da-franca-torcedores-do-sesi-franca-aguardam-confirmacao-de-carreata-para-comemorar-o-tetra\/","url_meta":{"origin":72787,"position":4},"title":"Jornal da Franca &#8211; Torcedores do Sesi Franca aguardam confirma\u00e7\u00e3o de carreata para comemorar o tetra","author":"noticiasribeiraopreto.com.br","date":"19 de June de 2025","format":false,"excerpt":"compartilhar no whatsapp compartilhar no telegram compartilhar no facebook compartilhar no linkedin Time tradicionalmente comemora titulos desfilando em carro aberto pela cidade Os torcedores do Sesi Franca aguardam que o clube confirme a realiza\u00e7\u00e3o de uma carreata para comemorar o t\u00edtulo do tetracampeonato do NBB \u2013 Novo Basquete Brasil, conquistado\u2026","rel":"","context":"In &quot;Not\u00edcias de Franca-SP&quot;","block_context":{"text":"Not\u00edcias de Franca-SP","link":"https:\/\/noticiasribeiraopreto.com.br\/index.php\/category\/noticias-de-ribeirao-preto-sp-e-regiao-ismael-colosi\/noticias-franca-sp\/"},"img":{"alt_text":"","src":"https:\/\/i0.wp.com\/noticiasribeiraopreto.com.br\/wp-content\/uploads\/2025\/06\/basq-scaled.jpg?fit=1200%2C800&ssl=1&resize=350%2C200","width":350,"height":200,"srcset":"https:\/\/i0.wp.com\/noticiasribeiraopreto.com.br\/wp-content\/uploads\/2025\/06\/basq-scaled.jpg?fit=1200%2C800&ssl=1&resize=350%2C200 1x, https:\/\/i0.wp.com\/noticiasribeiraopreto.com.br\/wp-content\/uploads\/2025\/06\/basq-scaled.jpg?fit=1200%2C800&ssl=1&resize=525%2C300 1.5x, https:\/\/i0.wp.com\/noticiasribeiraopreto.com.br\/wp-content\/uploads\/2025\/06\/basq-scaled.jpg?fit=1200%2C800&ssl=1&resize=700%2C400 2x, https:\/\/i0.wp.com\/noticiasribeiraopreto.com.br\/wp-content\/uploads\/2025\/06\/basq-scaled.jpg?fit=1200%2C800&ssl=1&resize=1050%2C600 3x"},"classes":[]},{"id":66296,"url":"https:\/\/noticiasribeiraopreto.com.br\/index.php\/2025\/03\/30\/jornal-da-franca-camara-vota-regularizacao-de-utilidade-publica-da-associacao-dos-surdos-de-franca\/","url_meta":{"origin":72787,"position":5},"title":"Jornal da Franca &#8211; C\u00e2mara vota regulariza\u00e7\u00e3o de utilidade p\u00fablica da Associa\u00e7\u00e3o dos Surdos de Franca\u00a0","author":"noticiasribeiraopreto.com.br","date":"30 de March de 2025","format":false,"excerpt":"compartilhar no whatsapp compartilhar no telegram compartilhar no facebook compartilhar no linkedin Objetivo \u00e9 fazer a adequa\u00e7\u00e3o no nome da entidade, que tem utilidade p\u00fablica reconhecida \u00a0 De autoria do vereador Donizete da Farm\u00e1cia (MDB) ser\u00e1 votado na sess\u00e3o da pr\u00f3xima ter\u00e7a-feira o Projeto de Lei Ordin\u00e1ria n\u00ba 31\/2025, que\u2026","rel":"","context":"In &quot;Not\u00edcias de Franca-SP&quot;","block_context":{"text":"Not\u00edcias de Franca-SP","link":"https:\/\/noticiasribeiraopreto.com.br\/index.php\/category\/noticias-de-ribeirao-preto-sp-e-regiao-ismael-colosi\/noticias-franca-sp\/"},"img":{"alt_text":"","src":"https:\/\/i0.wp.com\/noticiasribeiraopreto.com.br\/wp-content\/uploads\/2025\/03\/1743353625_pLENARIO-21.jpg?fit=930%2C558&ssl=1&resize=350%2C200","width":350,"height":200,"srcset":"https:\/\/i0.wp.com\/noticiasribeiraopreto.com.br\/wp-content\/uploads\/2025\/03\/1743353625_pLENARIO-21.jpg?fit=930%2C558&ssl=1&resize=350%2C200 1x, https:\/\/i0.wp.com\/noticiasribeiraopreto.com.br\/wp-content\/uploads\/2025\/03\/1743353625_pLENARIO-21.jpg?fit=930%2C558&ssl=1&resize=525%2C300 1.5x, https:\/\/i0.wp.com\/noticiasribeiraopreto.com.br\/wp-content\/uploads\/2025\/03\/1743353625_pLENARIO-21.jpg?fit=930%2C558&ssl=1&resize=700%2C400 2x"},"classes":[]}],"jetpack_sharing_enabled":true,"jetpack_shortlink":"https:\/\/wp.me\/peQAOb-iVZ","_links":{"self":[{"href":"https:\/\/noticiasribeiraopreto.com.br\/index.php\/wp-json\/wp\/v2\/posts\/72787","targetHints":{"allow":["GET"]}}],"collection":[{"href":"https:\/\/noticiasribeiraopreto.com.br\/index.php\/wp-json\/wp\/v2\/posts"}],"about":[{"href":"https:\/\/noticiasribeiraopreto.com.br\/index.php\/wp-json\/wp\/v2\/types\/post"}],"author":[{"embeddable":true,"href":"https:\/\/noticiasribeiraopreto.com.br\/index.php\/wp-json\/wp\/v2\/users\/1"}],"replies":[{"embeddable":true,"href":"https:\/\/noticiasribeiraopreto.com.br\/index.php\/wp-json\/wp\/v2\/comments?post=72787"}],"version-history":[{"count":0,"href":"https:\/\/noticiasribeiraopreto.com.br\/index.php\/wp-json\/wp\/v2\/posts\/72787\/revisions"}],"wp:featuredmedia":[{"embeddable":true,"href":"https:\/\/noticiasribeiraopreto.com.br\/index.php\/wp-json\/wp\/v2\/media\/72788"}],"wp:attachment":[{"href":"https:\/\/noticiasribeiraopreto.com.br\/index.php\/wp-json\/wp\/v2\/media?parent=72787"}],"wp:term":[{"taxonomy":"category","embeddable":true,"href":"https:\/\/noticiasribeiraopreto.com.br\/index.php\/wp-json\/wp\/v2\/categories?post=72787"},{"taxonomy":"post_tag","embeddable":true,"href":"https:\/\/noticiasribeiraopreto.com.br\/index.php\/wp-json\/wp\/v2\/tags?post=72787"}],"curies":[{"name":"wp","href":"https:\/\/api.w.org\/{rel}","templated":true}]}}