{"id":72791,"date":"2025-06-21T09:37:27","date_gmt":"2025-06-21T12:37:27","guid":{"rendered":"https:\/\/noticiasribeiraopreto.com.br\/index.php\/2025\/06\/21\/colker-traz-obra-de-stravinsky-para-rp-2\/"},"modified":"2025-06-21T09:37:27","modified_gmt":"2025-06-21T12:37:27","slug":"colker-traz-obra-de-stravinsky-para-rp-2","status":"publish","type":"post","link":"https:\/\/noticiasribeiraopreto.com.br\/index.php\/2025\/06\/21\/colker-traz-obra-de-stravinsky-para-rp-2\/","title":{"rendered":"Colker traz obra de Stravinsky para RP"},"content":{"rendered":"<div class='code-block code-block-1' style='margin: 8px 0 8px auto; text-align: right; display: block; clear: both;'>\n<p><a href=\"https:\/\/wa.link\/vpicfd\"><img data-recalc-dims=\"1\" class=\"wp-image-4922\" style=\"aspect-ratio: 2.0253164556962027; width: 561px; height: auto;\" src=\"https:\/\/i0.wp.com\/ismaelcolosi.com.br\/wp-content\/uploads\/2023\/11\/grupo-de-empregos-whatsapp-e-facebook-ismael-colosi-vagas.jpg?ssl=1\" alt=\"\" \/><\/a><\/p>\n<!-- \/wp:image -->\n<\/div>\n<p> <br \/>\n<\/p>\n<div>\n<p>Deborah Colker traz ao p\u00fablico uma nova obra inspirada no cl\u00e1ssico \u201cA Sagra\u00e7\u00e3o da Primavera\u201d de Igor Stravinsky (1882-1971), em busca de sagrar os caminhos evolutivos. O mais novo espet\u00e1culo da companhia fecha uma trilogia onde cada obra explora aspectos distintos da experi\u00eancia humana.<\/p>\n<p>Passa pelas paisagens nordestinas e a luta contra a ignor\u00e2ncia em \u2018C\u00e3o sem Plumas\u2019 (2017), passando pela busca da cura do que n\u00e3o tem cura atrav\u00e9s da f\u00e9 e da ci\u00eancia em \u201cCura\u201d (2021), e agora, na celebra\u00e7\u00e3o dos caminhos evolutivos em \u201cSagra\u00e7\u00e3o da Primavera\u201d, um convite para mergulhar em uma jornada pelo Brasil que une o cl\u00e1ssico, o ancestral e o contempor\u00e2neo.<\/p>\n<p>A Companhia de Dan\u00e7a Deborah Colker estar\u00e1 no Theatro Pedro II, em Ribeir\u00e3o Preto, neste final de semana, dias 21 e 22 de junho, \u00e0s 20 horas de s\u00e1bado e \u00e0s 19 horas de domingo.\u00a0 Criado a partir do cl\u00e1ssico \u201cA Sagra\u00e7\u00e3o da Primavera\u201d, o espet\u00e1culo adiciona sons e ritmos brasileiros \u00e0 partitura de Igor Stravinsky e conta com a energia, vigor e originalidade da linguagem que Deborah Colker desenvolve desde o in\u00edcio da companhia (1994).<\/p>\n<p>Em \u00fanico ato, \u201cSagra\u00e7\u00e3o da Primavera\u201d mergulha numa reflex\u00e3o sobre nossa origem, evolu\u00e7\u00e3o e continuidade no planeta Terra. As composi\u00e7\u00f5es do russo se encontram com ritmos brasileiros para revelar caminhos evolutivos. O trabalho celebra os 30 anos da companhia.<\/p>\n<p>\u201cMeu foco era chegar no Brasil antes de 1500. Queria falar sobre a cria\u00e7\u00e3o do mundo, j\u00e1 que o Stravinsky fala disso. Acho que consegui fazer a minha \u2018Sagra\u00e7\u00e3o\u2019, a minha vers\u00e3o \u2013 uma vers\u00e3o brasileira\u201d, explicou a core\u00f3grafa Deborah Colker \u00e0 imprensa e,m entrevista recente.<\/p>\n<p>Com dramaturgia do rabino Nilton Bonder, o espet\u00e1culo \u00e9 uma adapta\u00e7\u00e3o de A Sagra\u00e7\u00e3o da Primavera, obra de Stravinsky que ganhou proje\u00e7\u00e3o em montagem que estreou em Paris em 1913. Na obra cl\u00e1ssica, o russo apresenta um ritual pag\u00e3o de camponeses que oferecem uma jovem em sacrif\u00edcio a uma divindade da primavera para o ciclo da vida ter continuidade.<\/p>\n<p>A composi\u00e7\u00e3o inclui estruturas r\u00edtmicas e harm\u00f4nicas nunca antes utilizadas em partituras, que romperam com os padr\u00f5es estabelecidos at\u00e9 ent\u00e3o. \u201cA m\u00fasica fez muito parte de mim at\u00e9 eu entrar no mundo da dan\u00e7a. Conhecia Stravinsky, j\u00e1 sabia da import\u00e2ncia dessa obra e a bagun\u00e7a que fez\u201d, diz a cor\u00f3grafa.<\/p>\n<p>\u201cEle comp\u00f4s \u2018A Sagra\u00e7\u00e3o da Primavera\u2019 para ser dan\u00e7ada, e eu tinha isso dentro de mim quando comecei a dan\u00e7ar. Eu sabia: um dia terei que fazer a minha Sagra\u00e7\u00e3o\u201d, explica Deborah Colker. O desenvolvimento do espet\u00e1culo durou dois anos e meio.<\/p>\n<p>Foi em uma viagem ao Xingu, durante o ritual Kuarup, na conviv\u00eancia com as aldeias ind\u00edgenas Kalapalo e Kuikuro, que Deborah Colker teve contato direto com m\u00fasicas, dan\u00e7as, lutas, pinturas e hist\u00f3rias ind\u00edgenas \u2013 elementos que foram fundamentais para a cria\u00e7\u00e3o de \u201cA Sagra\u00e7\u00e3o da Primavera\u201d.<\/p>\n<p>O espet\u00e1culo \u00e9 dividido em 14 cenas: Av\u00f3 do Mundo; Bact\u00e9rias; Herb\u00edvoros; Quadr\u00fapedes; Ca\u00e7a e Origem do Fogo; Abra\u00e3o; O Viajante; Serpentes e Parto; Eva e Serpentes; Reconhecimento do Corpo; Agricultura; Conflito; Av\u00f3 do Mundo; Destrui\u00e7\u00e3o; e Sonho.<\/p>\n<p>Englobando cosmovis\u00f5es ind\u00edgenas, b\u00edblicas e judaicas e o evolucionismo de Darwin, a dramaturgia do espet\u00e1culo traz mitos e teorias que refletem sobre a exist\u00eancia da vida no planeta. \u201cSagra\u00e7\u00e3o\u201d inicia com a av\u00f3 do mundo, personagem importante para os povos origin\u00e1rios, que traz a luz para a terra, representando tamb\u00e9m o mito da origem do fogo, o mito b\u00edblico de Abra\u00e3o e Eva, perpassando por diversos caminhos evolutivos.<\/p>\n<p>\u201cEu trago uma Eva sem Ad\u00e3o\u201d, brinca a core\u00f3grafa. \u201cTrago uma Eva negra, que rompe, que transgride. Quando sai do para\u00edso, ela n\u00e3o comete o pecado, ela tem uma desobedi\u00eancia evolutiva, de expans\u00e3o da mente. \u00c9 muito legal olhar essa personagem de outro jeito.\u201d<\/p>\n<p>\u201cSagra\u00e7\u00e3o\u201d completa a trilogia da companhia e d\u00e1 sequ\u00eancia \u00e0 parceria com Claudia Kopke, que foi figurinista dos dois espet\u00e1culos. \u201cEm C\u00e3o sem plumas constru\u00edmos uma pele de lama, e em \u2018Cura\u2019, uma pele em carne viva\u201d, doz a core\u00f3grafa<\/p>\n<p>\u201cNa cria\u00e7\u00e3o de Sagra\u00e7\u00e3o, perguntei \u00e0 Claudia, como \u00e9 a pele de uma bact\u00e9ria? Como seria a pele de uma esp\u00e9cie evolutiva em transforma\u00e7\u00e3o? Levamos em conta muitos aspectos da natureza, tentando representar um pouco da sua perfei\u00e7\u00e3o\u201d, afirma Deborah Colker.<\/p>\n<p>A Companhia de Dan\u00e7a Deborah Colker criou um conjunto de obras ic\u00f4nicas ao longo dos anos. Algumas das principais pe\u00e7as incluem \u201cMix\u201d (1995), \u201cRota\u201d (1997), \u201cCasa\u201d (1999), \u201c4 x 4\u201d (2002), \u201cN\u00f3\u201d (2005), \u201cD\u00ednamo\u201d (2006), \u201cCruel\u201d (2008), \u201cTatyana\u201d (2011), \u201cBelle\u201d (2014), \u201cC\u00e3o sem plumas\u201d (2017) e \u201cCura\u201d (2021).<\/p>\n<p><strong>Ingressos <\/strong><strong>\u2013 <\/strong>Os ingressos custam R$ 200 (plateia e frisa), R$ 140 (balc\u00e3o nobre) e R$ 40 (balc\u00e3o simples, pre\u00e7o \u00fanico).\u00a0 A meia-entrada para os dopis primeiros setores saem por R$ 100 e R$ 70, respectivamente. Est\u00e3o \u00e0 venda no guich\u00ea do teatro e no site do Mega Bilheteria (megabilheteria.com).<\/p>\n<p>Importante ressaltar que n\u00e3o ser\u00e1 permitida em nenhuma hip\u00f3tese a entrada ap\u00f3s o in\u00edcio do espet\u00e1culo, n\u00e3o havendo troca de ingresso e nem devolu\u00e7\u00e3o do dinheiro. A pe\u00e7a ter\u00e1 in\u00edcio no hor\u00e1rio marcado. Para melhor conserva\u00e7\u00e3o do Theatro Pedro II \u00e9 proibido o consumo de bebidas e alimentos dentro das salas de espet\u00e1culos.<\/p>\n<p>Fica na\u00a0rua\u00a0\u00c1lvares Cabral n\u00ba 370, no Quarteir\u00e3o Paulista, Centro\u00a0Hist\u00f3rico de Ribeir\u00e3o Preto. O local tem capacidade para 1.588 pessoas, mas parte foi interditada por seguran\u00e7a. Atualmente conta com 1.200 lugares. O telefone para mais informa\u00e7\u00f5es \u00e9 (16) 3977-8111.<\/p>\n<p>Ou acesse o site oficial do Theatro Pedro II (<a href=\"http:\/\/www.theatropedro2.com.br\">www.theatropedro2.com.br<\/a>). O espet\u00e1culo n\u00e3o \u00e9 recomendado para menores de 12 anos devido ao hor\u00e1rio.\u00a0O espa\u00e7o \u00e9 o terceiro maior teatro de \u00f3pera do Brasil. O uso de m\u00e1scara \u00e9 opcional.<\/p>\n<p><strong>Servi\u00e7o<br \/>Espet\u00e1culo:<\/strong>\u201cA Sagra\u00e7\u00e3oda Primavera<strong><br \/>Autor:<\/strong> IgorStravinsky(1882-1971)<br \/><strong>Coreografia:<\/strong>DeborahColker<br \/><strong>Dramaturgia:<\/strong>Nilton Bonder<br \/><strong>Com:<\/strong> Cia de Dan\u00e7a Deborah Colker<br \/><strong>Dias e hor\u00e1rio<br \/>S\u00e1bado, 21de junho:<br \/><\/strong>20 horas<strong><br \/>Domingo, 22 de junho:<br \/><\/strong>19 horas<br \/><strong>Ingressos<br \/>Plateia e frisa<br \/><\/strong>R$ 200 (inteira)<br \/>e R$ 100 (meia)\u00a0)\u00a0<strong><br \/>Balc\u00e3o nobre<br \/><\/strong>R$ 140 (inteira)<br \/>e R$ 70 (meia)\u00a0<strong><br \/>Balc\u00e3o simples<br \/><\/strong>R$ 40 (pre\u00e7o<br \/>\u00fanico)<br \/><strong>Onde: <\/strong>Theatro Pedro II<br \/><strong>Endere\u00e7o: <\/strong>rua \u00c1lvares Cabral n\u00ba 370, Centro<br \/><strong>Capacidade:<\/strong><br \/>1.200 pessoas<br \/><strong>Telefone:<\/strong> (16)<br \/>3977-8111<strong><br \/>Classifica\u00e7\u00e3o:<\/strong><br \/>12 anos<br \/><strong>Vendas:<\/strong><br \/>guich\u00ea do<br \/>teatro e site<br \/><a href=\"http:\/\/www.megabilheteria.com\">www.megabilheteria.com<\/a><br \/><strong>Bilheteria:<\/strong> a partir<br \/>das 14 horas<br \/><strong>Informa\u00e7\u00f5es:<\/strong> (16)<br \/>3977-8111 ou<br \/><a href=\"http:\/\/www.theatropedro2.com.br\">www.theatropedro2.com.br<\/a><\/p>\n<p>\u00a0<\/p>\n<p>\u00a0<\/p>\n<\/div>\n<p><br \/>\n<br \/><a href=\"https:\/\/www.tribunaribeirao.com.br\/colker-traz-obra-de-stravinsky-para-rp-2\/\">Source link <\/a><\/p>\n<!-- CONTENT END 1 -->\n","protected":false},"excerpt":{"rendered":"<p>Deborah Colker traz ao p\u00fablico uma nova obra inspirada no cl\u00e1ssico \u201cA Sagra\u00e7\u00e3o da Primavera\u201d de Igor Stravinsky (1882-1971), em busca de sagrar os caminhos&#8230;<\/p>\n","protected":false},"author":1,"featured_media":72792,"comment_status":"open","ping_status":"open","sticky":false,"template":"","format":"standard","meta":{"advanced_seo_description":"","jetpack_seo_html_title":"","jetpack_seo_noindex":false,"jetpack_post_was_ever_published":false,"_jetpack_newsletter_access":"","_jetpack_dont_email_post_to_subs":false,"_jetpack_newsletter_tier_id":0,"_jetpack_memberships_contains_paywalled_content":false,"_jetpack_memberships_contains_paid_content":false,"footnotes":"","jetpack_publicize_message":"","jetpack_publicize_feature_enabled":true,"jetpack_social_post_already_shared":true,"jetpack_social_options":{"image_generator_settings":{"template":"highway","default_image_id":0,"font":"","enabled":false},"version":2}},"categories":[11],"tags":[],"class_list":["post-72791","post","type-post","status-publish","format-standard","has-post-thumbnail","hentry","category-noticias-de-ribeirao-preto-sp-e-regiao-ismael-colosi"],"jetpack_publicize_connections":[],"jetpack_featured_media_url":"https:\/\/i0.wp.com\/noticiasribeiraopreto.com.br\/wp-content\/uploads\/2025\/06\/Colker-Lac-Flavio-Colker-scaled.jpg?fit=800%2C699&ssl=1","jetpack-related-posts":[{"id":71838,"url":"https:\/\/noticiasribeiraopreto.com.br\/index.php\/2025\/06\/10\/colker-traz-obra-de-stravinsky-para-rp\/","url_meta":{"origin":72791,"position":0},"title":"Colker traz obra de Stravinsky para RP","author":"noticiasribeiraopreto.com.br","date":"10 de June de 2025","format":false,"excerpt":"Core\u00f3grafa traz para Ribeir\u00e3o Preto \u201cA Sagra\u00e7\u00e3o da Primavera\u201d, de Igor Stravinsky (1882-1971), em busca de sagrar os caminhos evolutivos Deborah Colker traz ao p\u00fablico uma nova obra inspirada no cl\u00e1ssico \u201cA Sagra\u00e7\u00e3o da Primavera\u201d de Igor Stravinsky (1882-1971), em busca de sagrar os caminhos evolutivos. O mais novo espet\u00e1culo\u2026","rel":"","context":"In &quot;Not\u00edcias de Ribeir\u00e3o Preto-SP e Regi\u00e3o&quot;","block_context":{"text":"Not\u00edcias de Ribeir\u00e3o Preto-SP e Regi\u00e3o","link":"https:\/\/noticiasribeiraopreto.com.br\/index.php\/category\/noticias-de-ribeirao-preto-sp-e-regiao-ismael-colosi\/"},"img":{"alt_text":"","src":"https:\/\/i0.wp.com\/noticiasribeiraopreto.com.br\/wp-content\/uploads\/2025\/06\/Colker-Fio-Flavio-Colker-Divulgacao-04-scaled.jpg?fit=794%2C500&ssl=1&resize=350%2C200","width":350,"height":200,"srcset":"https:\/\/i0.wp.com\/noticiasribeiraopreto.com.br\/wp-content\/uploads\/2025\/06\/Colker-Fio-Flavio-Colker-Divulgacao-04-scaled.jpg?fit=794%2C500&ssl=1&resize=350%2C200 1x, https:\/\/i0.wp.com\/noticiasribeiraopreto.com.br\/wp-content\/uploads\/2025\/06\/Colker-Fio-Flavio-Colker-Divulgacao-04-scaled.jpg?fit=794%2C500&ssl=1&resize=525%2C300 1.5x, https:\/\/i0.wp.com\/noticiasribeiraopreto.com.br\/wp-content\/uploads\/2025\/06\/Colker-Fio-Flavio-Colker-Divulgacao-04-scaled.jpg?fit=794%2C500&ssl=1&resize=700%2C400 2x"},"classes":[]},{"id":72378,"url":"https:\/\/noticiasribeiraopreto.com.br\/index.php\/2025\/06\/16\/companhia-de-danca-debora-colker-chega-a-ribeirao-preto-veja-quando\/","url_meta":{"origin":72791,"position":1},"title":"Companhia de dan\u00e7a Debora Colker chega a Ribeir\u00e3o Preto; veja quando","author":"noticiasribeiraopreto.com.br","date":"16 de June de 2025","format":false,"excerpt":"A companhia de dan\u00e7a Debora Colker traz para o palco do Theatro Pedro II, em Ribeir\u00e3o Preto, a apresenta\u00e7\u00e3o de \u201cSagra\u00e7\u00e3o\u201d, um espet\u00e1culo de dan\u00e7a sobre a origem do mundo a partir de vis\u00f5es ancestrais. Sess\u00f5es acontecem dias 21 e 22 de junho, \u00e0s 20h e 19h, respectivamente. Estreado em\u2026","rel":"","context":"In &quot;Not\u00edcias de Ribeir\u00e3o Preto-SP e Regi\u00e3o&quot;","block_context":{"text":"Not\u00edcias de Ribeir\u00e3o Preto-SP e Regi\u00e3o","link":"https:\/\/noticiasribeiraopreto.com.br\/index.php\/category\/noticias-de-ribeirao-preto-sp-e-regiao-ismael-colosi\/"},"img":{"alt_text":"","src":"https:\/\/i0.wp.com\/noticiasribeiraopreto.com.br\/wp-content\/uploads\/2025\/06\/Fts_Sagracao_Flavio-Colker_2_2025-06-16_13-00-03.webp.webp?fit=1200%2C735&ssl=1&resize=350%2C200","width":350,"height":200,"srcset":"https:\/\/i0.wp.com\/noticiasribeiraopreto.com.br\/wp-content\/uploads\/2025\/06\/Fts_Sagracao_Flavio-Colker_2_2025-06-16_13-00-03.webp.webp?fit=1200%2C735&ssl=1&resize=350%2C200 1x, https:\/\/i0.wp.com\/noticiasribeiraopreto.com.br\/wp-content\/uploads\/2025\/06\/Fts_Sagracao_Flavio-Colker_2_2025-06-16_13-00-03.webp.webp?fit=1200%2C735&ssl=1&resize=525%2C300 1.5x, https:\/\/i0.wp.com\/noticiasribeiraopreto.com.br\/wp-content\/uploads\/2025\/06\/Fts_Sagracao_Flavio-Colker_2_2025-06-16_13-00-03.webp.webp?fit=1200%2C735&ssl=1&resize=700%2C400 2x, https:\/\/i0.wp.com\/noticiasribeiraopreto.com.br\/wp-content\/uploads\/2025\/06\/Fts_Sagracao_Flavio-Colker_2_2025-06-16_13-00-03.webp.webp?fit=1200%2C735&ssl=1&resize=1050%2C600 3x"},"classes":[]},{"id":70544,"url":"https:\/\/noticiasribeiraopreto.com.br\/index.php\/2025\/05\/27\/theatro-pedro-ii-saiba-como-garantir-entrada-gratuita-com-o-projeto-ingresso-social\/","url_meta":{"origin":72791,"position":2},"title":"Theatro Pedro II: saiba como garantir entrada gratuita com o projeto &#8216;Ingresso Social&#8217;","author":"noticiasribeiraopreto.com.br","date":"27 de May de 2025","format":false,"excerpt":"A Funda\u00e7\u00e3o Dom Pedro II, em parceria com a prefeitura, lan\u00e7ou nesta ter\u00e7a-feira (27) o projeto \u201cIngresso Social\u201d para que pessoas de baixa renda recebam ingressos gratuitos para espet\u00e1culos no Theatro Pedro II, em Ribeir\u00e3o Preto. Os ingressos s\u00e3o destinados aos inscritos no Cad\u00danico (Cadastro \u00danico para Programas Sociais) do\u2026","rel":"","context":"In &quot;Not\u00edcias de Ribeir\u00e3o Preto-SP e Regi\u00e3o&quot;","block_context":{"text":"Not\u00edcias de Ribeir\u00e3o Preto-SP e Regi\u00e3o","link":"https:\/\/noticiasribeiraopreto.com.br\/index.php\/category\/noticias-de-ribeirao-preto-sp-e-regiao-ismael-colosi\/"},"img":{"alt_text":"","src":"https:\/\/i0.wp.com\/noticiasribeiraopreto.com.br\/wp-content\/uploads\/2025\/02\/limpeza_lustre_theatro_-_foto_fernando_gonzaga12_2025-02-24_20-18-04_jpg_2025-02-24_20-18-04.webp.webp?fit=1200%2C800&ssl=1&resize=350%2C200","width":350,"height":200,"srcset":"https:\/\/i0.wp.com\/noticiasribeiraopreto.com.br\/wp-content\/uploads\/2025\/02\/limpeza_lustre_theatro_-_foto_fernando_gonzaga12_2025-02-24_20-18-04_jpg_2025-02-24_20-18-04.webp.webp?fit=1200%2C800&ssl=1&resize=350%2C200 1x, https:\/\/i0.wp.com\/noticiasribeiraopreto.com.br\/wp-content\/uploads\/2025\/02\/limpeza_lustre_theatro_-_foto_fernando_gonzaga12_2025-02-24_20-18-04_jpg_2025-02-24_20-18-04.webp.webp?fit=1200%2C800&ssl=1&resize=525%2C300 1.5x, https:\/\/i0.wp.com\/noticiasribeiraopreto.com.br\/wp-content\/uploads\/2025\/02\/limpeza_lustre_theatro_-_foto_fernando_gonzaga12_2025-02-24_20-18-04_jpg_2025-02-24_20-18-04.webp.webp?fit=1200%2C800&ssl=1&resize=700%2C400 2x, https:\/\/i0.wp.com\/noticiasribeiraopreto.com.br\/wp-content\/uploads\/2025\/02\/limpeza_lustre_theatro_-_foto_fernando_gonzaga12_2025-02-24_20-18-04_jpg_2025-02-24_20-18-04.webp.webp?fit=1200%2C800&ssl=1&resize=1050%2C600 3x"},"classes":[]},{"id":8970,"url":"https:\/\/noticiasribeiraopreto.com.br\/index.php\/2023\/12\/01\/everli-siffoni-lanca-obras-psicografadas\/","url_meta":{"origin":72791,"position":3},"title":"Everli Siffoni lan\u00e7a obras psicografadas \u00a0","author":"noticiasribeiraopreto.com.br","date":"1 de December de 2023","format":false,"excerpt":"1 de dezembro de 2023 | 9:251 de dezembro de 2023 | 9:24 0\u201cCaminho para a cura\u201d e \u201cPor tr\u00e1s da escrita\u201d s\u00e3o os t\u00edtulos dos novos livros psicografados por Everli Siffoni, que ser\u00e3o lan\u00e7ados nesta sexta-feira, 1\u00ba de dezembro, das 18h30 \u00e0s 21 horas, no sal\u00e3o nobre do Centro\u2026","rel":"","context":"In &quot;Not\u00edcias de Ribeir\u00e3o Preto-SP e Regi\u00e3o&quot;","block_context":{"text":"Not\u00edcias de Ribeir\u00e3o Preto-SP e Regi\u00e3o","link":"https:\/\/noticiasribeiraopreto.com.br\/index.php\/category\/noticias-de-ribeirao-preto-sp-e-regiao-ismael-colosi\/"},"img":{"alt_text":"","src":"https:\/\/i0.wp.com\/noticiasribeiraopreto.com.br\/wp-content\/uploads\/2023\/12\/palace.jpg?fit=768%2C512&ssl=1&resize=350%2C200","width":350,"height":200,"srcset":"https:\/\/i0.wp.com\/noticiasribeiraopreto.com.br\/wp-content\/uploads\/2023\/12\/palace.jpg?fit=768%2C512&ssl=1&resize=350%2C200 1x, https:\/\/i0.wp.com\/noticiasribeiraopreto.com.br\/wp-content\/uploads\/2023\/12\/palace.jpg?fit=768%2C512&ssl=1&resize=525%2C300 1.5x, https:\/\/i0.wp.com\/noticiasribeiraopreto.com.br\/wp-content\/uploads\/2023\/12\/palace.jpg?fit=768%2C512&ssl=1&resize=700%2C400 2x"},"classes":[]},{"id":72729,"url":"https:\/\/noticiasribeiraopreto.com.br\/index.php\/2025\/06\/20\/festival-da-lua-cheia-teatro-e-carros-antigos-confira-opcoes-para-curtir-o-fim-de-semana\/","url_meta":{"origin":72791,"position":4},"title":"Festival da Lua Cheia, teatro e carros antigos: Confira op\u00e7\u00f5es para curtir o fim de semana","author":"noticiasribeiraopreto.com.br","date":"20 de June de 2025","format":false,"excerpt":"O fim de semana chegou, e para quem quer aproveitar fora de casa, Ribeir\u00e3o Preto e regi\u00e3o contam com uma programa\u00e7\u00e3o cheia de atividades culturais, entre elas, o Festival da Lua Cheia, o mon\u00f3logo \u201cN\u00e3o Conta Pra Ningu\u00e9m\u201d e uma exposi\u00e7\u00e3o de carros antigos. Festival da Lua Cheia O tradicional\u2026","rel":"","context":"In &quot;Not\u00edcias de Ribeir\u00e3o Preto-SP e Regi\u00e3o&quot;","block_context":{"text":"Not\u00edcias de Ribeir\u00e3o Preto-SP e Regi\u00e3o","link":"https:\/\/noticiasribeiraopreto.com.br\/index.php\/category\/noticias-de-ribeirao-preto-sp-e-regiao-ismael-colosi\/"},"img":{"alt_text":"","src":"https:\/\/i0.wp.com\/noticiasribeiraopreto.com.br\/wp-content\/uploads\/2025\/06\/WhatsApp-Image-2025-02-28-at-12.25.40_2025-03-11_20-43-24_jpeg_2025-03-11_20-43-24.webp.webp?fit=1200%2C800&ssl=1&resize=350%2C200","width":350,"height":200,"srcset":"https:\/\/i0.wp.com\/noticiasribeiraopreto.com.br\/wp-content\/uploads\/2025\/06\/WhatsApp-Image-2025-02-28-at-12.25.40_2025-03-11_20-43-24_jpeg_2025-03-11_20-43-24.webp.webp?fit=1200%2C800&ssl=1&resize=350%2C200 1x, https:\/\/i0.wp.com\/noticiasribeiraopreto.com.br\/wp-content\/uploads\/2025\/06\/WhatsApp-Image-2025-02-28-at-12.25.40_2025-03-11_20-43-24_jpeg_2025-03-11_20-43-24.webp.webp?fit=1200%2C800&ssl=1&resize=525%2C300 1.5x, https:\/\/i0.wp.com\/noticiasribeiraopreto.com.br\/wp-content\/uploads\/2025\/06\/WhatsApp-Image-2025-02-28-at-12.25.40_2025-03-11_20-43-24_jpeg_2025-03-11_20-43-24.webp.webp?fit=1200%2C800&ssl=1&resize=700%2C400 2x, https:\/\/i0.wp.com\/noticiasribeiraopreto.com.br\/wp-content\/uploads\/2025\/06\/WhatsApp-Image-2025-02-28-at-12.25.40_2025-03-11_20-43-24_jpeg_2025-03-11_20-43-24.webp.webp?fit=1200%2C800&ssl=1&resize=1050%2C600 3x"},"classes":[]},{"id":80325,"url":"https:\/\/noticiasribeiraopreto.com.br\/index.php\/2025\/11\/19\/empresario-de-ribeirao-preto-lanca-obra-que-integra-literatura-musica-e-espiritualidade\/","url_meta":{"origin":72791,"position":5},"title":"Empres\u00e1rio de Ribeir\u00e3o Preto lan\u00e7a obra que integra literatura, m\u00fasica e espiritualidade","author":"noticiasribeiraopreto.com.br","date":"19 de November de 2025","format":false,"excerpt":"O empres\u00e1rio Al\u00ea Balbo lan\u00e7a, na pr\u00f3xima ter\u00e7a-feira (25), o livro ilustrado \u201cO Elemental \u2013 No Caminho da For\u00e7a\u201d. O lan\u00e7amento ser\u00e1 acompanhado de sess\u00e3o de aut\u00f3grafos na Livraria da Travessa, no Ribeir\u00e3o Shopping, na zona Sul da cidade, a partir das 19h. A obra prop\u00f5e uma experi\u00eancia imersiva e\u2026","rel":"","context":"In &quot;Not\u00edcias de Ribeir\u00e3o Preto-SP e Regi\u00e3o&quot;","block_context":{"text":"Not\u00edcias de Ribeir\u00e3o Preto-SP e Regi\u00e3o","link":"https:\/\/noticiasribeiraopreto.com.br\/index.php\/category\/noticias-de-ribeirao-preto-sp-e-regiao-ismael-colosi\/"},"img":{"alt_text":"","src":"https:\/\/i0.wp.com\/noticiasribeiraopreto.com.br\/wp-content\/uploads\/2025\/11\/palace-58_2025-11-19_19-04-15.webp.webp?fit=1200%2C675&ssl=1&resize=350%2C200","width":350,"height":200,"srcset":"https:\/\/i0.wp.com\/noticiasribeiraopreto.com.br\/wp-content\/uploads\/2025\/11\/palace-58_2025-11-19_19-04-15.webp.webp?fit=1200%2C675&ssl=1&resize=350%2C200 1x, https:\/\/i0.wp.com\/noticiasribeiraopreto.com.br\/wp-content\/uploads\/2025\/11\/palace-58_2025-11-19_19-04-15.webp.webp?fit=1200%2C675&ssl=1&resize=525%2C300 1.5x, https:\/\/i0.wp.com\/noticiasribeiraopreto.com.br\/wp-content\/uploads\/2025\/11\/palace-58_2025-11-19_19-04-15.webp.webp?fit=1200%2C675&ssl=1&resize=700%2C400 2x, https:\/\/i0.wp.com\/noticiasribeiraopreto.com.br\/wp-content\/uploads\/2025\/11\/palace-58_2025-11-19_19-04-15.webp.webp?fit=1200%2C675&ssl=1&resize=1050%2C600 3x"},"classes":[]}],"jetpack_sharing_enabled":true,"jetpack_shortlink":"https:\/\/wp.me\/peQAOb-iW3","_links":{"self":[{"href":"https:\/\/noticiasribeiraopreto.com.br\/index.php\/wp-json\/wp\/v2\/posts\/72791","targetHints":{"allow":["GET"]}}],"collection":[{"href":"https:\/\/noticiasribeiraopreto.com.br\/index.php\/wp-json\/wp\/v2\/posts"}],"about":[{"href":"https:\/\/noticiasribeiraopreto.com.br\/index.php\/wp-json\/wp\/v2\/types\/post"}],"author":[{"embeddable":true,"href":"https:\/\/noticiasribeiraopreto.com.br\/index.php\/wp-json\/wp\/v2\/users\/1"}],"replies":[{"embeddable":true,"href":"https:\/\/noticiasribeiraopreto.com.br\/index.php\/wp-json\/wp\/v2\/comments?post=72791"}],"version-history":[{"count":0,"href":"https:\/\/noticiasribeiraopreto.com.br\/index.php\/wp-json\/wp\/v2\/posts\/72791\/revisions"}],"wp:featuredmedia":[{"embeddable":true,"href":"https:\/\/noticiasribeiraopreto.com.br\/index.php\/wp-json\/wp\/v2\/media\/72792"}],"wp:attachment":[{"href":"https:\/\/noticiasribeiraopreto.com.br\/index.php\/wp-json\/wp\/v2\/media?parent=72791"}],"wp:term":[{"taxonomy":"category","embeddable":true,"href":"https:\/\/noticiasribeiraopreto.com.br\/index.php\/wp-json\/wp\/v2\/categories?post=72791"},{"taxonomy":"post_tag","embeddable":true,"href":"https:\/\/noticiasribeiraopreto.com.br\/index.php\/wp-json\/wp\/v2\/tags?post=72791"}],"curies":[{"name":"wp","href":"https:\/\/api.w.org\/{rel}","templated":true}]}}