{"id":72797,"date":"2025-06-21T11:08:13","date_gmt":"2025-06-21T14:08:13","guid":{"rendered":"https:\/\/noticiasribeiraopreto.com.br\/index.php\/2025\/06\/21\/ribeirao-preto-registra-mais-de-mil-acidentes-e-42-mortes-no-transito-em-cinco-meses\/"},"modified":"2025-06-21T11:08:13","modified_gmt":"2025-06-21T14:08:13","slug":"ribeirao-preto-registra-mais-de-mil-acidentes-e-42-mortes-no-transito-em-cinco-meses","status":"publish","type":"post","link":"https:\/\/noticiasribeiraopreto.com.br\/index.php\/2025\/06\/21\/ribeirao-preto-registra-mais-de-mil-acidentes-e-42-mortes-no-transito-em-cinco-meses\/","title":{"rendered":"Ribeir\u00e3o Preto registra mais de mil acidentes e 42 mortes no tr\u00e2nsito em cinco meses"},"content":{"rendered":"<p> <br \/>\n<\/p>\n<div data-td-block-uid=\"tdi_95\">\n<div class=\"tdb-block-inner td-fix-index\">\n<p>De janeiro a maio de 2025,<strong> Ribeir\u00e3o Preto contabilizou 1.041 acidentes de tr\u00e2nsito e 42 mortes<\/strong>, segundo dados do Infosiga. No mesmo per\u00edodo, <strong>111.878 motoristas foram multados por desrespeito \u00e0s leis de tr\u00e2nsito<\/strong>, de acordo com a RP Mobi, empresa respons\u00e1vel pela gest\u00e3o do tr\u00e1fego na cidade.<\/p>\n<p>As infra\u00e7\u00f5es mais registradas foram<strong> excesso de velocidade <\/strong>em at\u00e9 20% acima do permitido (<strong>27.383 autua\u00e7\u00f5es<\/strong>) e <strong>avan\u00e7o do sinal vermelho<\/strong> (<strong>9.855<\/strong>). Deixar de usar <strong>cinto de seguran\u00e7a<\/strong> (<strong>8.446<\/strong>) e dirigir segurando o <strong>celular <\/strong>(<strong>6.675<\/strong>) tamb\u00e9m est\u00e3o entre os principais registros.<\/p>\n<p>A <strong>avenida Marechal Costa e Silva lidera o ranking de autua\u00e7\u00f5es<\/strong>, com <strong>9.517 infra\u00e7\u00f5es<\/strong>. Em seguida aparecem a <strong>avenida Thomaz Alberto Whately<\/strong> (<strong>4.832<\/strong>), <strong>Luiz Galv\u00e3o C\u00e9sar<\/strong> (<strong>3.470<\/strong>), <strong>Presidente Vargas<\/strong> (<strong>1.919<\/strong>) e<strong> Le\u00e3o XIII<\/strong> (<strong>1.854<\/strong>).<\/p>\n<p>Para o advogado especialista em tr\u00e2nsito Rodrigo Paschoalotto, o cen\u00e1rio aponta para um problema de comportamento, aliado \u00e0 falta de fiscaliza\u00e7\u00e3o presencial.<\/p>\n<figure class=\"wp-block-pullquote\">\n<blockquote>\n<p>Tem conhecimento do que \u00e9 correto? Tem. Mas por que n\u00e3o fazem? Porque a impunidade est\u00e1 a\u00ed \u00e0 solta. Ent\u00e3o esta impunidade tem de ser coibida<\/p>\n<p><cite>afirma<\/cite><\/p><\/blockquote>\n<\/figure>\n<p>Segundo ele, <strong>seriam necess\u00e1rios ao menos 500 novos agentes para cobrir a demanda atual nas vias da cidade.<\/strong><\/p>\n<hr class=\"wp-block-separator has-alpha-channel-opacity\"\/>\n<p>SAIBA MAIS<\/p>\n<p>Inverno come\u00e7a com frio? Confira a previs\u00e3o do tempo<\/p>\n<h4 class=\"wp-block-heading\"><strong>FIQUE ON<\/strong><\/h4>\n<p>Fique ligado em tudo que acontece em Ribeir\u00e3o Preto e regi\u00e3o. Siga os perfis do\u00a0<strong>acidade on\u00a0<\/strong>no\u00a0<a href=\"https:\/\/www.instagram.com\/acidadeonribeirao\" target=\"_blank\" rel=\"noreferrer noopener\">Instagram<\/a>\u00a0e no\u00a0<a href=\"https:\/\/www.facebook.com\/acidadeonribeirao\" target=\"_blank\" rel=\"noreferrer noopener\">Facebook<\/a>.<\/p>\n<p>Receba not\u00edcias do acidade on no WhatsApp. Para entrar no grupo, basta\u00a0<a href=\"https:\/\/chat.whatsapp.com\/BjKQZ9oJwlz8VVT50NuePq\" target=\"_blank\" rel=\"noreferrer noopener\">clicar aqui<\/a>.<\/p>\n<p>Fa\u00e7a uma den\u00fancia ou sugira uma reportagem sobre Ribeir\u00e3o Preto e regi\u00e3o pelo WhatsApp: 16 99117 7802.<\/p>\n<p><strong>VEJA TAMB\u00c9M<\/strong><\/p>\n<p>Primeira onda de frio do inverno tem data para chegar ao estado de SP; Veja quando<\/p>\n<p><!-- CONTENT END 1 -->\n<\/div>\n<\/div>\n<p><script async src=\"\/\/www.instagram.com\/embed.js\"><\/script><br \/>\n<br \/><br \/>\n<br \/><a href=\"https:\/\/www.acidadeon.com\/ribeiraopreto\/cotidiano\/ribeiraopreto-registra-mais-de-mil-acidentes-e-42-mortes-no-transito-em-cinco-meses\/\">Source link <\/a><\/p>\n","protected":false},"excerpt":{"rendered":"<p>De janeiro a maio de 2025, Ribeir\u00e3o Preto contabilizou 1.041 acidentes de tr\u00e2nsito e 42 mortes, segundo dados do Infosiga. No mesmo per\u00edodo, 111.878 motoristas&#8230;<\/p>\n","protected":false},"author":1,"featured_media":72798,"comment_status":"open","ping_status":"open","sticky":false,"template":"","format":"standard","meta":{"advanced_seo_description":"","jetpack_seo_html_title":"","jetpack_seo_noindex":false,"jetpack_post_was_ever_published":false,"_jetpack_newsletter_access":"","_jetpack_dont_email_post_to_subs":false,"_jetpack_newsletter_tier_id":0,"_jetpack_memberships_contains_paywalled_content":false,"_jetpack_memberships_contains_paid_content":false,"footnotes":"","jetpack_publicize_message":"","jetpack_publicize_feature_enabled":true,"jetpack_social_post_already_shared":true,"jetpack_social_options":{"image_generator_settings":{"template":"highway","default_image_id":0,"font":"","enabled":false},"version":2}},"categories":[11],"tags":[],"class_list":["post-72797","post","type-post","status-publish","format-standard","has-post-thumbnail","hentry","category-noticias-de-ribeirao-preto-sp-e-regiao-ismael-colosi"],"jetpack_publicize_connections":[],"jetpack_featured_media_url":"https:\/\/i0.wp.com\/noticiasribeiraopreto.com.br\/wp-content\/uploads\/2025\/06\/WhatsApp-Image-2025-05-20-at-08.14.03_2025-05-20_11-57-06.webp.webp?fit=1200%2C900&ssl=1","jetpack-related-posts":[{"id":82699,"url":"https:\/\/noticiasribeiraopreto.com.br\/index.php\/2026\/02\/24\/ribeirao-encerra-janeiro-com-22-216-multas-de-transito\/","url_meta":{"origin":72797,"position":0},"title":"Ribeir\u00e3o encerra janeiro \u2028com 22.216 multas de tr\u00e2nsito","author":"noticiasribeiraopreto.com.br","date":"24 de February de 2026","format":false,"excerpt":"Infra\u00e7\u00e3o mais cometida foi transitar em velocidade superior \u00e0 m\u00e1xima permitida, com 5.567 autua\u00e7\u00f5es Em janeiro deste ano, a RP Mobi \u2013 Empresa de Mobilidade Urbana de Ribeir\u00e3o Preto S.A, a antiga Transerp, respons\u00e1vel pelos servi\u00e7os de tr\u00e2nsito e transporte naa cidade \u2013 registrou 22.216 multas aplicadas contra motoristas da\u2026","rel":"","context":"In &quot;Not\u00edcias de Ribeir\u00e3o Preto-SP e Regi\u00e3o&quot;","block_context":{"text":"Not\u00edcias de Ribeir\u00e3o Preto-SP e Regi\u00e3o","link":"https:\/\/noticiasribeiraopreto.com.br\/index.php\/category\/noticias-de-ribeirao-preto-sp-e-regiao-ismael-colosi\/"},"img":{"alt_text":"","src":"https:\/\/i0.wp.com\/noticiasribeiraopreto.com.br\/wp-content\/uploads\/2026\/02\/MultaRP-Alfredo-Risk-Arquivo-scaled.jpg?fit=1200%2C674&ssl=1&resize=350%2C200","width":350,"height":200,"srcset":"https:\/\/i0.wp.com\/noticiasribeiraopreto.com.br\/wp-content\/uploads\/2026\/02\/MultaRP-Alfredo-Risk-Arquivo-scaled.jpg?fit=1200%2C674&ssl=1&resize=350%2C200 1x, https:\/\/i0.wp.com\/noticiasribeiraopreto.com.br\/wp-content\/uploads\/2026\/02\/MultaRP-Alfredo-Risk-Arquivo-scaled.jpg?fit=1200%2C674&ssl=1&resize=525%2C300 1.5x, https:\/\/i0.wp.com\/noticiasribeiraopreto.com.br\/wp-content\/uploads\/2026\/02\/MultaRP-Alfredo-Risk-Arquivo-scaled.jpg?fit=1200%2C674&ssl=1&resize=700%2C400 2x, https:\/\/i0.wp.com\/noticiasribeiraopreto.com.br\/wp-content\/uploads\/2026\/02\/MultaRP-Alfredo-Risk-Arquivo-scaled.jpg?fit=1200%2C674&ssl=1&resize=1050%2C600 3x"},"classes":[]},{"id":76282,"url":"https:\/\/noticiasribeiraopreto.com.br\/index.php\/2025\/08\/26\/autuacoes-nos-corredores-de-onibus-superam-total-de-2024\/","url_meta":{"origin":72797,"position":1},"title":"Autua\u00e7\u00f5es nos corredores de \u00f4nibus superam total de 2024","author":"noticiasribeiraopreto.com.br","date":"26 de August de 2025","format":false,"excerpt":"26 de agosto de 2025 08:0926 de agosto de 2025 08:081 Compartilhar0 Dados da RP Mobi RP Mobi \u2013 Empresa de Mobilidade Urbana de Ribeir\u00e3o Preto S.A, a antiga Transerp, respons\u00e1vel pelo tr\u00e2nsito e transporte \u2013 revelam que, de janeiro a julho deste ano, 730 motoristas foram autuados por transitar\u2026","rel":"","context":"In &quot;Not\u00edcias de Ribeir\u00e3o Preto-SP e Regi\u00e3o&quot;","block_context":{"text":"Not\u00edcias de Ribeir\u00e3o Preto-SP e Regi\u00e3o","link":"https:\/\/noticiasribeiraopreto.com.br\/index.php\/category\/noticias-de-ribeirao-preto-sp-e-regiao-ismael-colosi\/"},"img":{"alt_text":"","src":"https:\/\/i0.wp.com\/noticiasribeiraopreto.com.br\/wp-content\/uploads\/2025\/08\/OnibusRP-Alfredo-Risk-scaled.jpg?fit=1170%2C780&ssl=1&resize=350%2C200","width":350,"height":200,"srcset":"https:\/\/i0.wp.com\/noticiasribeiraopreto.com.br\/wp-content\/uploads\/2025\/08\/OnibusRP-Alfredo-Risk-scaled.jpg?fit=1170%2C780&ssl=1&resize=350%2C200 1x, https:\/\/i0.wp.com\/noticiasribeiraopreto.com.br\/wp-content\/uploads\/2025\/08\/OnibusRP-Alfredo-Risk-scaled.jpg?fit=1170%2C780&ssl=1&resize=525%2C300 1.5x, https:\/\/i0.wp.com\/noticiasribeiraopreto.com.br\/wp-content\/uploads\/2025\/08\/OnibusRP-Alfredo-Risk-scaled.jpg?fit=1170%2C780&ssl=1&resize=700%2C400 2x, https:\/\/i0.wp.com\/noticiasribeiraopreto.com.br\/wp-content\/uploads\/2025\/08\/OnibusRP-Alfredo-Risk-scaled.jpg?fit=1170%2C780&ssl=1&resize=1050%2C600 3x"},"classes":[]},{"id":70641,"url":"https:\/\/noticiasribeiraopreto.com.br\/index.php\/2025\/05\/28\/detran-sp-multa-53-motoristas-durante-operacao-em-ribeirao-preto-e-sertaozinho\/","url_meta":{"origin":72797,"position":2},"title":"Detran-SP multa 53 motoristas durante opera\u00e7\u00e3o em Ribeir\u00e3o Preto e Sert\u00e3ozinho","author":"noticiasribeiraopreto.com.br","date":"28 de May de 2025","format":false,"excerpt":"Uma opera\u00e7\u00e3o do Detran-SP realizada no \u00faltimo fim de semana contra embriaguez ao volante autuou 53 motoristas em Ribeir\u00e3o Preto e Sert\u00e3ozinho. O Detran-SP informou que em Ribeir\u00e3o foram 15 autua\u00e7\u00f5es, na avenida Luiz Galv\u00e3o C\u00e9sar. J\u00e1 em Sert\u00e3ozinho, 38 motoristas foram multados na rodovia Att\u00edlio Balbo (SP-322), pr\u00f3ximo ao\u2026","rel":"","context":"In &quot;Not\u00edcias de Ribeir\u00e3o Preto-SP e Regi\u00e3o&quot;","block_context":{"text":"Not\u00edcias de Ribeir\u00e3o Preto-SP e Regi\u00e3o","link":"https:\/\/noticiasribeiraopreto.com.br\/index.php\/category\/noticias-de-ribeirao-preto-sp-e-regiao-ismael-colosi\/"},"img":{"alt_text":"","src":"https:\/\/i0.wp.com\/noticiasribeiraopreto.com.br\/wp-content\/uploads\/2025\/05\/teste-do-bafometro.jpg?fit=1200%2C845&ssl=1&resize=350%2C200","width":350,"height":200,"srcset":"https:\/\/i0.wp.com\/noticiasribeiraopreto.com.br\/wp-content\/uploads\/2025\/05\/teste-do-bafometro.jpg?fit=1200%2C845&ssl=1&resize=350%2C200 1x, https:\/\/i0.wp.com\/noticiasribeiraopreto.com.br\/wp-content\/uploads\/2025\/05\/teste-do-bafometro.jpg?fit=1200%2C845&ssl=1&resize=525%2C300 1.5x, https:\/\/i0.wp.com\/noticiasribeiraopreto.com.br\/wp-content\/uploads\/2025\/05\/teste-do-bafometro.jpg?fit=1200%2C845&ssl=1&resize=700%2C400 2x, https:\/\/i0.wp.com\/noticiasribeiraopreto.com.br\/wp-content\/uploads\/2025\/05\/teste-do-bafometro.jpg?fit=1200%2C845&ssl=1&resize=1050%2C600 3x"},"classes":[]},{"id":76716,"url":"https:\/\/noticiasribeiraopreto.com.br\/index.php\/2025\/09\/04\/ribeirao-ja-tem-137-610-multas-em-2025\/","url_meta":{"origin":72797,"position":3},"title":"Ribeir\u00e3o j\u00e1 tem 137.610 \u2028multas em 2025","author":"noticiasribeiraopreto.com.br","date":"4 de September de 2025","format":false,"excerpt":"Somente no primeiro semestre deste ano, de 1\u00ba de janeiro a 30 de junho de maio, a RP Mobi \u2013 Empresa de Mobilidade Urbana de Ribeir\u00e3o Preto S.A, a antiga Transerp \u2013 registrou 137.610 infra\u00e7\u00f5es de tr\u00e2nsito praticadas por motoristas nas ruas e avenidas da cidade, m\u00e9dia di\u00e1ria de 760,\u2026","rel":"","context":"In &quot;Not\u00edcias de Ribeir\u00e3o Preto-SP e Regi\u00e3o&quot;","block_context":{"text":"Not\u00edcias de Ribeir\u00e3o Preto-SP e Regi\u00e3o","link":"https:\/\/noticiasribeiraopreto.com.br\/index.php\/category\/noticias-de-ribeirao-preto-sp-e-regiao-ismael-colosi\/"},"img":{"alt_text":"","src":"https:\/\/i0.wp.com\/noticiasribeiraopreto.com.br\/wp-content\/uploads\/2025\/09\/00-31-out-2023-moviment-estradas-Foto-Alfredo-Risk-scaled-1.jpg?fit=968%2C645&ssl=1&resize=350%2C200","width":350,"height":200,"srcset":"https:\/\/i0.wp.com\/noticiasribeiraopreto.com.br\/wp-content\/uploads\/2025\/09\/00-31-out-2023-moviment-estradas-Foto-Alfredo-Risk-scaled-1.jpg?fit=968%2C645&ssl=1&resize=350%2C200 1x, https:\/\/i0.wp.com\/noticiasribeiraopreto.com.br\/wp-content\/uploads\/2025\/09\/00-31-out-2023-moviment-estradas-Foto-Alfredo-Risk-scaled-1.jpg?fit=968%2C645&ssl=1&resize=525%2C300 1.5x, https:\/\/i0.wp.com\/noticiasribeiraopreto.com.br\/wp-content\/uploads\/2025\/09\/00-31-out-2023-moviment-estradas-Foto-Alfredo-Risk-scaled-1.jpg?fit=968%2C645&ssl=1&resize=700%2C400 2x"},"classes":[]},{"id":33797,"url":"https:\/\/noticiasribeiraopreto.com.br\/index.php\/2024\/01\/30\/rp-mobi-multou-119-motoristas-em-estacionamentos-de-shoppings-em-ribeirao-entenda\/","url_meta":{"origin":72797,"position":4},"title":"RP Mobi multou 119 motoristas em estacionamentos de shoppings em Ribeir\u00e3o; Entenda","author":"noticiasribeiraopreto.com.br","date":"30 de January de 2024","format":false,"excerpt":"A RP Mobi (empresa que gerencia o tr\u00e2nsito e o transporte urbano de Ribeir\u00e3o Preto) multou 119 motoristas no ano de 2023, devido ao uso indevido de vagas exclusivas nos shoppings da cidade. Os dados obtidos pelo portal acidade on, junto a Prefeitura de Ribeir\u00e3o Preto, levam em considera\u00e7\u00e3o os\u2026","rel":"","context":"In &quot;Not\u00edcias de Ribeir\u00e3o Preto-SP e Regi\u00e3o&quot;","block_context":{"text":"Not\u00edcias de Ribeir\u00e3o Preto-SP e Regi\u00e3o","link":"https:\/\/noticiasribeiraopreto.com.br\/index.php\/category\/noticias-de-ribeirao-preto-sp-e-regiao-ismael-colosi\/"},"img":{"alt_text":"","src":"https:\/\/i0.wp.com\/noticiasribeiraopreto.com.br\/wp-content\/uploads\/2024\/01\/resumo-borrao-de-estacionamento-scaled.jpg?fit=1200%2C800&ssl=1&resize=350%2C200","width":350,"height":200,"srcset":"https:\/\/i0.wp.com\/noticiasribeiraopreto.com.br\/wp-content\/uploads\/2024\/01\/resumo-borrao-de-estacionamento-scaled.jpg?fit=1200%2C800&ssl=1&resize=350%2C200 1x, https:\/\/i0.wp.com\/noticiasribeiraopreto.com.br\/wp-content\/uploads\/2024\/01\/resumo-borrao-de-estacionamento-scaled.jpg?fit=1200%2C800&ssl=1&resize=525%2C300 1.5x, https:\/\/i0.wp.com\/noticiasribeiraopreto.com.br\/wp-content\/uploads\/2024\/01\/resumo-borrao-de-estacionamento-scaled.jpg?fit=1200%2C800&ssl=1&resize=700%2C400 2x, https:\/\/i0.wp.com\/noticiasribeiraopreto.com.br\/wp-content\/uploads\/2024\/01\/resumo-borrao-de-estacionamento-scaled.jpg?fit=1200%2C800&ssl=1&resize=1050%2C600 3x"},"classes":[]},{"id":81734,"url":"https:\/\/noticiasribeiraopreto.com.br\/index.php\/2026\/01\/15\/blitz-da-lei-seca-registra-23-autuacoes-por-recusa-ao-bafometro-em-ribeirao-preto\/","url_meta":{"origin":72797,"position":5},"title":"Blitz da Lei Seca registra 23 autua\u00e7\u00f5es por recusa ao baf\u00f4metro em Ribeir\u00e3o Preto","author":"noticiasribeiraopreto.com.br","date":"15 de January de 2026","format":false,"excerpt":"A blitz da Lei Seca multou 23 motoristas de Ribeir\u00e3o Preto ap\u00f3s eles se recusaram a realizar o teste do baf\u00f4metro. As opera\u00e7\u00f5es, realizadas pelo Detran-SP, aconteceram nas avenidas Henry Nestl\u00e9 e Jer\u00f4nimo Gon\u00e7alves, na \u00faltima sexta-feira (9). Ao todo, 1.062 motoristas foram fiscalizados durante a a\u00e7\u00e3o, que tem como\u2026","rel":"","context":"In &quot;Not\u00edcias de Ribeir\u00e3o Preto-SP e Regi\u00e3o&quot;","block_context":{"text":"Not\u00edcias de Ribeir\u00e3o Preto-SP e Regi\u00e3o","link":"https:\/\/noticiasribeiraopreto.com.br\/index.php\/category\/noticias-de-ribeirao-preto-sp-e-regiao-ismael-colosi\/"},"img":{"alt_text":"","src":"https:\/\/i0.wp.com\/noticiasribeiraopreto.com.br\/wp-content\/uploads\/2026\/01\/domingo-92_2026-01-14_19-25-47.webp.webp?fit=1200%2C675&ssl=1&resize=350%2C200","width":350,"height":200,"srcset":"https:\/\/i0.wp.com\/noticiasribeiraopreto.com.br\/wp-content\/uploads\/2026\/01\/domingo-92_2026-01-14_19-25-47.webp.webp?fit=1200%2C675&ssl=1&resize=350%2C200 1x, https:\/\/i0.wp.com\/noticiasribeiraopreto.com.br\/wp-content\/uploads\/2026\/01\/domingo-92_2026-01-14_19-25-47.webp.webp?fit=1200%2C675&ssl=1&resize=525%2C300 1.5x, https:\/\/i0.wp.com\/noticiasribeiraopreto.com.br\/wp-content\/uploads\/2026\/01\/domingo-92_2026-01-14_19-25-47.webp.webp?fit=1200%2C675&ssl=1&resize=700%2C400 2x, https:\/\/i0.wp.com\/noticiasribeiraopreto.com.br\/wp-content\/uploads\/2026\/01\/domingo-92_2026-01-14_19-25-47.webp.webp?fit=1200%2C675&ssl=1&resize=1050%2C600 3x"},"classes":[]}],"jetpack_sharing_enabled":true,"jetpack_shortlink":"https:\/\/wp.me\/peQAOb-iW9","_links":{"self":[{"href":"https:\/\/noticiasribeiraopreto.com.br\/index.php\/wp-json\/wp\/v2\/posts\/72797","targetHints":{"allow":["GET"]}}],"collection":[{"href":"https:\/\/noticiasribeiraopreto.com.br\/index.php\/wp-json\/wp\/v2\/posts"}],"about":[{"href":"https:\/\/noticiasribeiraopreto.com.br\/index.php\/wp-json\/wp\/v2\/types\/post"}],"author":[{"embeddable":true,"href":"https:\/\/noticiasribeiraopreto.com.br\/index.php\/wp-json\/wp\/v2\/users\/1"}],"replies":[{"embeddable":true,"href":"https:\/\/noticiasribeiraopreto.com.br\/index.php\/wp-json\/wp\/v2\/comments?post=72797"}],"version-history":[{"count":0,"href":"https:\/\/noticiasribeiraopreto.com.br\/index.php\/wp-json\/wp\/v2\/posts\/72797\/revisions"}],"wp:featuredmedia":[{"embeddable":true,"href":"https:\/\/noticiasribeiraopreto.com.br\/index.php\/wp-json\/wp\/v2\/media\/72798"}],"wp:attachment":[{"href":"https:\/\/noticiasribeiraopreto.com.br\/index.php\/wp-json\/wp\/v2\/media?parent=72797"}],"wp:term":[{"taxonomy":"category","embeddable":true,"href":"https:\/\/noticiasribeiraopreto.com.br\/index.php\/wp-json\/wp\/v2\/categories?post=72797"},{"taxonomy":"post_tag","embeddable":true,"href":"https:\/\/noticiasribeiraopreto.com.br\/index.php\/wp-json\/wp\/v2\/tags?post=72797"}],"curies":[{"name":"wp","href":"https:\/\/api.w.org\/{rel}","templated":true}]}}