{"id":72799,"date":"2025-06-21T11:15:55","date_gmt":"2025-06-21T14:15:55","guid":{"rendered":"https:\/\/noticiasribeiraopreto.com.br\/index.php\/2025\/06\/21\/pedala-ribeirao-abre-inscricoes-veja-como-participar-do-evento-gratuito\/"},"modified":"2025-06-21T11:15:55","modified_gmt":"2025-06-21T14:15:55","slug":"pedala-ribeirao-abre-inscricoes-veja-como-participar-do-evento-gratuito","status":"publish","type":"post","link":"https:\/\/noticiasribeiraopreto.com.br\/index.php\/2025\/06\/21\/pedala-ribeirao-abre-inscricoes-veja-como-participar-do-evento-gratuito\/","title":{"rendered":"Pedala Ribeir\u00e3o abre inscri\u00e7\u00f5es; veja como participar do evento gratuito"},"content":{"rendered":"<p> <br \/>\n<\/p>\n<div data-td-block-uid=\"tdi_95\">\n<div class=\"tdb-block-inner td-fix-index\">\n<p>J\u00e1 est\u00e3o abertas as inscri\u00e7\u00f5es para a <strong>12\u00aa edi\u00e7\u00e3o do Pedala Ribeir\u00e3o<\/strong>, tradicional passeio cicl\u00edstico de Ribeir\u00e3o Preto. O evento, gratuito, a<strong>contece no dia 7 de julho<\/strong> e faz parte das comemora\u00e7\u00f5es pelos 169 anos do munic\u00edpio. <mark style=\"background-color:#fcb900\" class=\"has-inline-color\">Os interessados j\u00e1 podem se inscrever online<\/mark> \u2013<a href=\"https:\/\/linktr.ee\/PedalaRibeirao\"> clique aqui. <\/a><\/p>\n<p>A concentra\u00e7\u00e3o ser\u00e1 no Parque Doutor Lu\u00eds Carlos Raya, <strong>com in\u00edcio das atividades \u00e0s 7h.<\/strong> A largada oficial est\u00e1 marcada para as 9h, em um <strong>trajeto de seis quil\u00f4metros pelas ruas da cidade<\/strong>.<\/p>\n<p>Al\u00e9m do percurso, o evento contar\u00e1 com diversas atra\u00e7\u00f5es paralelas, como <strong>aquecimento <\/strong>com instrutores da Pacer Academia, <strong>espa\u00e7o kids<\/strong>, <strong>atividades f\u00edsicas<\/strong>, <strong>sorteios<\/strong>, <strong>premia\u00e7\u00f5es <\/strong>e <strong>show ao vivo com a banda 5 Minutos<\/strong>. Haver\u00e1 ainda workshops com dicas de posicionamento na bicicleta e a participa\u00e7\u00e3o dos atletas da Equipe de Base de Ciclismo de Ribeir\u00e3o Preto.<\/p>\n<p>O <strong>Pedala Kids<\/strong>, voltado para o p\u00fablico infantil, <strong>tamb\u00e9m est\u00e1 confirmado na programa\u00e7\u00e3o.<\/strong><\/p>\n<hr class=\"wp-block-separator has-alpha-channel-opacity\"\/>\n<p>SAIBA MAIS<\/p>\n<p>Inverno come\u00e7a com frio? Confira a previs\u00e3o do tempo<\/p>\n<h4 class=\"wp-block-heading\"><strong>FIQUE ON<\/strong><\/h4>\n<p>Fique ligado em tudo que acontece em Ribeir\u00e3o Preto e regi\u00e3o. Siga os perfis do\u00a0<strong>acidade on\u00a0<\/strong>no\u00a0<a href=\"https:\/\/www.instagram.com\/acidadeonribeirao\" target=\"_blank\" rel=\"noreferrer noopener\">Instagram<\/a>\u00a0e no\u00a0<a href=\"https:\/\/www.facebook.com\/acidadeonribeirao\" target=\"_blank\" rel=\"noreferrer noopener\">Facebook<\/a>.<\/p>\n<p>Receba not\u00edcias do acidade on no WhatsApp. Para entrar no grupo, basta\u00a0<a href=\"https:\/\/chat.whatsapp.com\/BjKQZ9oJwlz8VVT50NuePq\" target=\"_blank\" rel=\"noreferrer noopener\">clicar aqui<\/a>.<\/p>\n<p>Fa\u00e7a uma den\u00fancia ou sugira uma reportagem sobre Ribeir\u00e3o Preto e regi\u00e3o pelo WhatsApp: 16 99117 7802.<\/p>\n<p><strong>VEJA TAMB\u00c9M<\/strong><\/p>\n<p>Primeira onda de frio do inverno tem data para chegar ao estado de SP; Veja quando<\/p>\n<p><!-- CONTENT END 1 -->\n<\/div>\n<\/div>\n<p><script async src=\"\/\/www.instagram.com\/embed.js\"><\/script><br \/>\n<br \/><br \/>\n<br \/><a href=\"https:\/\/www.acidadeon.com\/ribeiraopreto\/lazer-e-cultura\/pedala-ribeirao-abre-inscricoes-veja-como-participar-do-evento-gratuito\/\">Source link <\/a><\/p>\n","protected":false},"excerpt":{"rendered":"<p>J\u00e1 est\u00e3o abertas as inscri\u00e7\u00f5es para a 12\u00aa edi\u00e7\u00e3o do Pedala Ribeir\u00e3o, tradicional passeio cicl\u00edstico de Ribeir\u00e3o Preto. O evento, gratuito, acontece no dia 7&#8230;<\/p>\n","protected":false},"author":1,"featured_media":71428,"comment_status":"open","ping_status":"open","sticky":false,"template":"","format":"standard","meta":{"advanced_seo_description":"","jetpack_seo_html_title":"","jetpack_seo_noindex":false,"jetpack_post_was_ever_published":false,"_jetpack_newsletter_access":"","_jetpack_dont_email_post_to_subs":false,"_jetpack_newsletter_tier_id":0,"_jetpack_memberships_contains_paywalled_content":false,"_jetpack_memberships_contains_paid_content":false,"footnotes":"","jetpack_publicize_message":"","jetpack_publicize_feature_enabled":true,"jetpack_social_post_already_shared":true,"jetpack_social_options":{"image_generator_settings":{"template":"highway","default_image_id":0,"font":"","enabled":false},"version":2}},"categories":[11],"tags":[],"class_list":["post-72799","post","type-post","status-publish","format-standard","has-post-thumbnail","hentry","category-noticias-de-ribeirao-preto-sp-e-regiao-ismael-colosi"],"jetpack_publicize_connections":[],"jetpack_featured_media_url":"https:\/\/i0.wp.com\/noticiasribeiraopreto.com.br\/wp-content\/uploads\/2025\/06\/Copia-de-Copia-de-Copia-de-TAMANHO-EXATO-PARA-FOTOS-NO-SISTEMA-NOVO-2025-06-05T165538.469_2025-06-05_19-55-55.webp.webp?fit=1200%2C675&ssl=1","jetpack-related-posts":[{"id":71427,"url":"https:\/\/noticiasribeiraopreto.com.br\/index.php\/2025\/06\/05\/curte-pedalar-veja-quando-abrem-as-inscricoes-para-a-12a-edicao-do-pedala-ribeirao\/","url_meta":{"origin":72799,"position":0},"title":"Curte pedalar? Veja quando abrem as inscri\u00e7\u00f5es para a 12\u00aa edi\u00e7\u00e3o do Pedala Ribeir\u00e3o","author":"noticiasribeiraopreto.com.br","date":"5 de June de 2025","format":false,"excerpt":"A 12\u00aa edi\u00e7\u00e3o do Pedala Ribeir\u00e3o abre inscri\u00e7\u00f5es no dia 18 de junho. O evento integra o calend\u00e1rio oficial de anivers\u00e1rio de Ribeir\u00e3o Preto e acontece no dia 29 de junho, com sa\u00edda e chegada no Parque Doutor Lu\u00eds Carlos Raya. A organiza\u00e7\u00e3o oferece inscri\u00e7\u00f5es gratuitas, que o p\u00fablico poder\u00e1\u2026","rel":"","context":"In &quot;Not\u00edcias de Ribeir\u00e3o Preto-SP e Regi\u00e3o&quot;","block_context":{"text":"Not\u00edcias de Ribeir\u00e3o Preto-SP e Regi\u00e3o","link":"https:\/\/noticiasribeiraopreto.com.br\/index.php\/category\/noticias-de-ribeirao-preto-sp-e-regiao-ismael-colosi\/"},"img":{"alt_text":"","src":"https:\/\/i0.wp.com\/noticiasribeiraopreto.com.br\/wp-content\/uploads\/2025\/06\/Copia-de-Copia-de-Copia-de-TAMANHO-EXATO-PARA-FOTOS-NO-SISTEMA-NOVO-2025-06-05T165538.469_2025-06-05_19-55-55.webp.webp?fit=1200%2C675&ssl=1&resize=350%2C200","width":350,"height":200,"srcset":"https:\/\/i0.wp.com\/noticiasribeiraopreto.com.br\/wp-content\/uploads\/2025\/06\/Copia-de-Copia-de-Copia-de-TAMANHO-EXATO-PARA-FOTOS-NO-SISTEMA-NOVO-2025-06-05T165538.469_2025-06-05_19-55-55.webp.webp?fit=1200%2C675&ssl=1&resize=350%2C200 1x, https:\/\/i0.wp.com\/noticiasribeiraopreto.com.br\/wp-content\/uploads\/2025\/06\/Copia-de-Copia-de-Copia-de-TAMANHO-EXATO-PARA-FOTOS-NO-SISTEMA-NOVO-2025-06-05T165538.469_2025-06-05_19-55-55.webp.webp?fit=1200%2C675&ssl=1&resize=525%2C300 1.5x, https:\/\/i0.wp.com\/noticiasribeiraopreto.com.br\/wp-content\/uploads\/2025\/06\/Copia-de-Copia-de-Copia-de-TAMANHO-EXATO-PARA-FOTOS-NO-SISTEMA-NOVO-2025-06-05T165538.469_2025-06-05_19-55-55.webp.webp?fit=1200%2C675&ssl=1&resize=700%2C400 2x, https:\/\/i0.wp.com\/noticiasribeiraopreto.com.br\/wp-content\/uploads\/2025\/06\/Copia-de-Copia-de-Copia-de-TAMANHO-EXATO-PARA-FOTOS-NO-SISTEMA-NOVO-2025-06-05T165538.469_2025-06-05_19-55-55.webp.webp?fit=1200%2C675&ssl=1&resize=1050%2C600 3x"},"classes":[]},{"id":72667,"url":"https:\/\/noticiasribeiraopreto.com.br\/index.php\/2025\/06\/19\/inscricoes-para-o-pedala-ribeirao-estao-abertas-saiba-como-participar\/","url_meta":{"origin":72799,"position":1},"title":"Inscri\u00e7\u00f5es para o &#8216;Pedala Ribeir\u00e3o&#8217; est\u00e3o abertas; saiba como participar","author":"noticiasribeiraopreto.com.br","date":"19 de June de 2025","format":false,"excerpt":"Est\u00e3o abertas as inscri\u00e7\u00f5es para a 12\u00aa edi\u00e7\u00e3o do Pedala Ribeir\u00e3o, que acontece no dia 29 de junho. A largada do passeio cicl\u00edstico est\u00e1 marcada para as 9h, no Parque Doutor Lu\u00eds Carlos Raya um dos cart\u00f5es postais de Ribeir\u00e3o Preto \u2013 a chegada acontece no mesmo local. Os interessados\u2026","rel":"","context":"In &quot;Not\u00edcias de Ribeir\u00e3o Preto-SP e Regi\u00e3o&quot;","block_context":{"text":"Not\u00edcias de Ribeir\u00e3o Preto-SP e Regi\u00e3o","link":"https:\/\/noticiasribeiraopreto.com.br\/index.php\/category\/noticias-de-ribeirao-preto-sp-e-regiao-ismael-colosi\/"},"img":{"alt_text":"","src":"https:\/\/i0.wp.com\/noticiasribeiraopreto.com.br\/wp-content\/uploads\/2025\/06\/pedala-ribeirao_2025-05-29_20-54-13.webp.webp?fit=1020%2C774&ssl=1&resize=350%2C200","width":350,"height":200,"srcset":"https:\/\/i0.wp.com\/noticiasribeiraopreto.com.br\/wp-content\/uploads\/2025\/06\/pedala-ribeirao_2025-05-29_20-54-13.webp.webp?fit=1020%2C774&ssl=1&resize=350%2C200 1x, https:\/\/i0.wp.com\/noticiasribeiraopreto.com.br\/wp-content\/uploads\/2025\/06\/pedala-ribeirao_2025-05-29_20-54-13.webp.webp?fit=1020%2C774&ssl=1&resize=525%2C300 1.5x, https:\/\/i0.wp.com\/noticiasribeiraopreto.com.br\/wp-content\/uploads\/2025\/06\/pedala-ribeirao_2025-05-29_20-54-13.webp.webp?fit=1020%2C774&ssl=1&resize=700%2C400 2x"},"classes":[]},{"id":73199,"url":"https:\/\/noticiasribeiraopreto.com.br\/index.php\/2025\/06\/26\/pedala-ribeirao-tem-inscricoes-abertas-ate-esta-quinta-feira-veja-como-participar\/","url_meta":{"origin":72799,"position":2},"title":"Pedala Ribeir\u00e3o tem inscri\u00e7\u00f5es abertas at\u00e9 esta quinta-feira; veja como participar","author":"noticiasribeiraopreto.com.br","date":"26 de June de 2025","format":false,"excerpt":"As inscri\u00e7\u00f5es para a 12\u00aa edi\u00e7\u00e3o do Pedala Ribeir\u00e3o terminam nesta quinta-feira (26). O passeio cicl\u00edstico ser\u00e1 realizado neste domingo, com largada e chegada no Parque Doutor Lu\u00eds Carlos Raya, a partir das 9h. O evento conta com atra\u00e7\u00f5es para todas as idades, incluindo um circuito cicl\u00edstico especial para crian\u00e7as.\u2026","rel":"","context":"In &quot;Not\u00edcias de Ribeir\u00e3o Preto-SP e Regi\u00e3o&quot;","block_context":{"text":"Not\u00edcias de Ribeir\u00e3o Preto-SP e Regi\u00e3o","link":"https:\/\/noticiasribeiraopreto.com.br\/index.php\/category\/noticias-de-ribeirao-preto-sp-e-regiao-ismael-colosi\/"},"img":{"alt_text":"","src":"https:\/\/i0.wp.com\/noticiasribeiraopreto.com.br\/wp-content\/uploads\/2025\/06\/Copia-de-Copia-de-Copia-de-TAMANHO-EXATO-PARA-FOTOS-NO-SISTEMA-NOVO-2025-06-26T173937.111_2025-06-26_20-43-40.webp.webp?fit=1200%2C675&ssl=1&resize=350%2C200","width":350,"height":200,"srcset":"https:\/\/i0.wp.com\/noticiasribeiraopreto.com.br\/wp-content\/uploads\/2025\/06\/Copia-de-Copia-de-Copia-de-TAMANHO-EXATO-PARA-FOTOS-NO-SISTEMA-NOVO-2025-06-26T173937.111_2025-06-26_20-43-40.webp.webp?fit=1200%2C675&ssl=1&resize=350%2C200 1x, https:\/\/i0.wp.com\/noticiasribeiraopreto.com.br\/wp-content\/uploads\/2025\/06\/Copia-de-Copia-de-Copia-de-TAMANHO-EXATO-PARA-FOTOS-NO-SISTEMA-NOVO-2025-06-26T173937.111_2025-06-26_20-43-40.webp.webp?fit=1200%2C675&ssl=1&resize=525%2C300 1.5x, https:\/\/i0.wp.com\/noticiasribeiraopreto.com.br\/wp-content\/uploads\/2025\/06\/Copia-de-Copia-de-Copia-de-TAMANHO-EXATO-PARA-FOTOS-NO-SISTEMA-NOVO-2025-06-26T173937.111_2025-06-26_20-43-40.webp.webp?fit=1200%2C675&ssl=1&resize=700%2C400 2x, https:\/\/i0.wp.com\/noticiasribeiraopreto.com.br\/wp-content\/uploads\/2025\/06\/Copia-de-Copia-de-Copia-de-TAMANHO-EXATO-PARA-FOTOS-NO-SISTEMA-NOVO-2025-06-26T173937.111_2025-06-26_20-43-40.webp.webp?fit=1200%2C675&ssl=1&resize=1050%2C600 3x"},"classes":[]},{"id":70766,"url":"https:\/\/noticiasribeiraopreto.com.br\/index.php\/2025\/05\/29\/12a-edicao-do-pedala-ribeirao-acontece-no-dia-29-de-junho-veja-como-participar\/","url_meta":{"origin":72799,"position":3},"title":"12\u00aa edi\u00e7\u00e3o do Pedala Ribeir\u00e3o acontece no dia 29 de junho; Veja como participar","author":"noticiasribeiraopreto.com.br","date":"29 de May de 2025","format":false,"excerpt":"Os apaixonados por bicicleta j\u00e1 t\u00eam compromisso marcado para o dia 29 de junho, quando Ribeir\u00e3o Preto recebe mais uma edi\u00e7\u00e3o do Pedala Ribeir\u00e3o, um dos eventos em comemora\u00e7\u00e3o ao anivers\u00e1rio de 169 anos da cidade \u2013 comemorado em 19 de junho. O passeio cicl\u00edstico ter\u00e1 a largada e a\u2026","rel":"","context":"In &quot;Not\u00edcias de Ribeir\u00e3o Preto-SP e Regi\u00e3o&quot;","block_context":{"text":"Not\u00edcias de Ribeir\u00e3o Preto-SP e Regi\u00e3o","link":"https:\/\/noticiasribeiraopreto.com.br\/index.php\/category\/noticias-de-ribeirao-preto-sp-e-regiao-ismael-colosi\/"},"img":{"alt_text":"","src":"https:\/\/i0.wp.com\/noticiasribeiraopreto.com.br\/wp-content\/uploads\/2025\/05\/pedala-ribeirao_2025-05-29_20-54-13.webp.webp?fit=1020%2C774&ssl=1&resize=350%2C200","width":350,"height":200,"srcset":"https:\/\/i0.wp.com\/noticiasribeiraopreto.com.br\/wp-content\/uploads\/2025\/05\/pedala-ribeirao_2025-05-29_20-54-13.webp.webp?fit=1020%2C774&ssl=1&resize=350%2C200 1x, https:\/\/i0.wp.com\/noticiasribeiraopreto.com.br\/wp-content\/uploads\/2025\/05\/pedala-ribeirao_2025-05-29_20-54-13.webp.webp?fit=1020%2C774&ssl=1&resize=525%2C300 1.5x, https:\/\/i0.wp.com\/noticiasribeiraopreto.com.br\/wp-content\/uploads\/2025\/05\/pedala-ribeirao_2025-05-29_20-54-13.webp.webp?fit=1020%2C774&ssl=1&resize=700%2C400 2x"},"classes":[]},{"id":73404,"url":"https:\/\/noticiasribeiraopreto.com.br\/index.php\/2025\/07\/01\/passeio-ciclistico-reune-mais-de-mil-inscritos-no-final-de-semana-em-ribeirao-preto\/","url_meta":{"origin":72799,"position":4},"title":"Passeio cicl\u00edstico re\u00fane mais de mil inscritos no final de semana em Ribeir\u00e3o Preto","author":"noticiasribeiraopreto.com.br","date":"1 de July de 2025","format":false,"excerpt":"A 12\u00aa Edi\u00e7\u00e3o do Pedala Ribeir\u00e3o, que aconteceu no \u00faltimo domingo (29), com largada e chegada no Parque Doutor Lu\u00eds Carlos Raya, zona Sul do munic\u00edpio, reuniu cerca de tr\u00eas mil pessoas e contou com 1.383 inscritos. De acordo com a organiza\u00e7\u00e3o, o tradicional passeio cicl\u00edstico contou com participantes de\u2026","rel":"","context":"In &quot;Not\u00edcias de Ribeir\u00e3o Preto-SP e Regi\u00e3o&quot;","block_context":{"text":"Not\u00edcias de Ribeir\u00e3o Preto-SP e Regi\u00e3o","link":"https:\/\/noticiasribeiraopreto.com.br\/index.php\/category\/noticias-de-ribeirao-preto-sp-e-regiao-ismael-colosi\/"},"img":{"alt_text":"","src":"https:\/\/i0.wp.com\/noticiasribeiraopreto.com.br\/wp-content\/uploads\/2025\/07\/Copia-de-Copia-de-Copia-de-TAMANHO-EXATO-PARA-FOTOS-NO-SISTEMA-NOVO-2025-07-01T173712.008_2025-07-01_20-37-19.webp.webp?fit=1200%2C675&ssl=1&resize=350%2C200","width":350,"height":200,"srcset":"https:\/\/i0.wp.com\/noticiasribeiraopreto.com.br\/wp-content\/uploads\/2025\/07\/Copia-de-Copia-de-Copia-de-TAMANHO-EXATO-PARA-FOTOS-NO-SISTEMA-NOVO-2025-07-01T173712.008_2025-07-01_20-37-19.webp.webp?fit=1200%2C675&ssl=1&resize=350%2C200 1x, https:\/\/i0.wp.com\/noticiasribeiraopreto.com.br\/wp-content\/uploads\/2025\/07\/Copia-de-Copia-de-Copia-de-TAMANHO-EXATO-PARA-FOTOS-NO-SISTEMA-NOVO-2025-07-01T173712.008_2025-07-01_20-37-19.webp.webp?fit=1200%2C675&ssl=1&resize=525%2C300 1.5x, https:\/\/i0.wp.com\/noticiasribeiraopreto.com.br\/wp-content\/uploads\/2025\/07\/Copia-de-Copia-de-Copia-de-TAMANHO-EXATO-PARA-FOTOS-NO-SISTEMA-NOVO-2025-07-01T173712.008_2025-07-01_20-37-19.webp.webp?fit=1200%2C675&ssl=1&resize=700%2C400 2x, https:\/\/i0.wp.com\/noticiasribeiraopreto.com.br\/wp-content\/uploads\/2025\/07\/Copia-de-Copia-de-Copia-de-TAMANHO-EXATO-PARA-FOTOS-NO-SISTEMA-NOVO-2025-07-01T173712.008_2025-07-01_20-37-19.webp.webp?fit=1200%2C675&ssl=1&resize=1050%2C600 3x"},"classes":[]},{"id":73124,"url":"https:\/\/noticiasribeiraopreto.com.br\/index.php\/2025\/06\/25\/pedala-ribeirao-acontece-neste-final-de-semana-veja-a-programacao\/","url_meta":{"origin":72799,"position":5},"title":"&#8216;Pedala Ribeir\u00e3o&#8217; acontece neste final de semana; Veja a programa\u00e7\u00e3o","author":"noticiasribeiraopreto.com.br","date":"25 de June de 2025","format":false,"excerpt":"A 12\u00b0 edi\u00e7\u00e3o do \u2018Pedala Ribeir\u00e3o\u2019 acontece neste domingo (29), no Parque Dr. Lu\u00eds Carlos Raya, na zona Sul de Ribeir\u00e3o Preto, a partir das 9h30. Os interessados em participar do evento podem se inscrever de forma on-line (clique aqui), at\u00e9 est\u00e1 quinta-feira (26). O passeio cicl\u00edstico contar\u00e1 com a\u2026","rel":"","context":"In &quot;Not\u00edcias de Ribeir\u00e3o Preto-SP e Regi\u00e3o&quot;","block_context":{"text":"Not\u00edcias de Ribeir\u00e3o Preto-SP e Regi\u00e3o","link":"https:\/\/noticiasribeiraopreto.com.br\/index.php\/category\/noticias-de-ribeirao-preto-sp-e-regiao-ismael-colosi\/"},"img":{"alt_text":"","src":"https:\/\/i0.wp.com\/noticiasribeiraopreto.com.br\/wp-content\/uploads\/2025\/06\/PEDALA-RIBEIRAO-Vale-este.jpg?fit=1200%2C800&ssl=1&resize=350%2C200","width":350,"height":200,"srcset":"https:\/\/i0.wp.com\/noticiasribeiraopreto.com.br\/wp-content\/uploads\/2025\/06\/PEDALA-RIBEIRAO-Vale-este.jpg?fit=1200%2C800&ssl=1&resize=350%2C200 1x, https:\/\/i0.wp.com\/noticiasribeiraopreto.com.br\/wp-content\/uploads\/2025\/06\/PEDALA-RIBEIRAO-Vale-este.jpg?fit=1200%2C800&ssl=1&resize=525%2C300 1.5x, https:\/\/i0.wp.com\/noticiasribeiraopreto.com.br\/wp-content\/uploads\/2025\/06\/PEDALA-RIBEIRAO-Vale-este.jpg?fit=1200%2C800&ssl=1&resize=700%2C400 2x, https:\/\/i0.wp.com\/noticiasribeiraopreto.com.br\/wp-content\/uploads\/2025\/06\/PEDALA-RIBEIRAO-Vale-este.jpg?fit=1200%2C800&ssl=1&resize=1050%2C600 3x"},"classes":[]}],"jetpack_sharing_enabled":true,"jetpack_shortlink":"https:\/\/wp.me\/peQAOb-iWb","_links":{"self":[{"href":"https:\/\/noticiasribeiraopreto.com.br\/index.php\/wp-json\/wp\/v2\/posts\/72799","targetHints":{"allow":["GET"]}}],"collection":[{"href":"https:\/\/noticiasribeiraopreto.com.br\/index.php\/wp-json\/wp\/v2\/posts"}],"about":[{"href":"https:\/\/noticiasribeiraopreto.com.br\/index.php\/wp-json\/wp\/v2\/types\/post"}],"author":[{"embeddable":true,"href":"https:\/\/noticiasribeiraopreto.com.br\/index.php\/wp-json\/wp\/v2\/users\/1"}],"replies":[{"embeddable":true,"href":"https:\/\/noticiasribeiraopreto.com.br\/index.php\/wp-json\/wp\/v2\/comments?post=72799"}],"version-history":[{"count":0,"href":"https:\/\/noticiasribeiraopreto.com.br\/index.php\/wp-json\/wp\/v2\/posts\/72799\/revisions"}],"wp:featuredmedia":[{"embeddable":true,"href":"https:\/\/noticiasribeiraopreto.com.br\/index.php\/wp-json\/wp\/v2\/media\/71428"}],"wp:attachment":[{"href":"https:\/\/noticiasribeiraopreto.com.br\/index.php\/wp-json\/wp\/v2\/media?parent=72799"}],"wp:term":[{"taxonomy":"category","embeddable":true,"href":"https:\/\/noticiasribeiraopreto.com.br\/index.php\/wp-json\/wp\/v2\/categories?post=72799"},{"taxonomy":"post_tag","embeddable":true,"href":"https:\/\/noticiasribeiraopreto.com.br\/index.php\/wp-json\/wp\/v2\/tags?post=72799"}],"curies":[{"name":"wp","href":"https:\/\/api.w.org\/{rel}","templated":true}]}}