{"id":72800,"date":"2025-06-21T11:23:03","date_gmt":"2025-06-21T14:23:03","guid":{"rendered":"https:\/\/noticiasribeiraopreto.com.br\/index.php\/2025\/06\/21\/inverno-comeca-com-frio-confira-a-previsao-do-tempo\/"},"modified":"2025-06-21T11:23:03","modified_gmt":"2025-06-21T14:23:03","slug":"inverno-comeca-com-frio-confira-a-previsao-do-tempo","status":"publish","type":"post","link":"https:\/\/noticiasribeiraopreto.com.br\/index.php\/2025\/06\/21\/inverno-comeca-com-frio-confira-a-previsao-do-tempo\/","title":{"rendered":"Inverno come\u00e7a com frio? Confira a previs\u00e3o do tempo"},"content":{"rendered":"<p> <br \/>\n<\/p>\n<div>\n<p><strong>O primeiro dia oficial do inverno come\u00e7a com tempo firme em Ribeir\u00e3o Preto.<\/strong> A previs\u00e3o para este s\u00e1bado (21) \u00e9 de <strong>sol com muitas nuvens ao longo do dia<\/strong> e <strong>per\u00edodos de c\u00e9u nublado<\/strong>. \u00c0 noite, a nebulosidade continua predominando, mas sem risco de chuva.<\/p>\n<p>As temperaturas seguem amenas, <strong>com m\u00ednima de 14\u00b0C e m\u00e1xima de 28\u00b0C.<\/strong> A umidade relativa do ar varia entre 40% e 81%,mas n\u00e3o h\u00e1 previs\u00e3o de chuva \u2014 a estimativa \u00e9 de 0,0 mm, com probabilidade de 0%. <\/p>\n<h3 class=\"wp-block-heading\"><strong>Primeira frente fria do inverno <\/strong><\/h3>\n<p>Apesar do clima est\u00e1vel neste in\u00edcio de esta\u00e7\u00e3o, uma forte onda de frio est\u00e1 prevista para os pr\u00f3ximos dias e deve atingir o Centro-Sul do Brasil, incluindo o estado de S\u00e3o Paulo. Segundo a <em>Climatempo<\/em>, a <strong>terceira frente fria do ano<\/strong> \u2014 e a <strong>primeira do inverno<\/strong> \u2014 come\u00e7a a avan\u00e7ar na segunda-feira (23) e se estende at\u00e9 a sexta-feira (27).<\/p>\n<p>A previs\u00e3o indica que as temperaturas podem<strong> cair at\u00e9 5\u00b0C abaixo da m\u00e9dia no per\u00edodo<\/strong>, afetando todas as regi\u00f5es paulistas. O frio chega primeiro ao Sul do pa\u00eds e Mato Grosso do Sul, no in\u00edcio da semana, e avan\u00e7a para S\u00e3o Paulo, Tri\u00e2ngulo Mineiro, Sul de Minas Gerais e parte de Mato Grosso a partir de ter\u00e7a-feira (24).<\/p>\n<p><strong>A expectativa \u00e9 de frio intenso<\/strong>, e h\u00e1 at\u00e9 possibilidade de neve nas \u00e1reas serranas de Santa Catarina. Em Ribeir\u00e3o Preto, a previs\u00e3o detalhada com os novos valores de temperatura deve ser divulgada nos pr\u00f3ximos boletins meteorol\u00f3gicos.<\/p>\n<hr class=\"wp-block-separator has-alpha-channel-opacity\"\/>\n<p>SAIBA MAIS<\/p>\n<p>Biblioteca de Ribeir\u00e3o tem festa junina gratuita com comidas t\u00edpicas, shows e atividades culturais<\/p>\n<h4 class=\"wp-block-heading\"><strong>FIQUE ON<\/strong><\/h4>\n<p>Fique ligado em tudo que acontece em Ribeir\u00e3o Preto e regi\u00e3o. Siga os perfis do\u00a0<strong>acidade on\u00a0<\/strong>no\u00a0<a href=\"https:\/\/www.instagram.com\/acidadeonribeirao\" target=\"_blank\" rel=\"noreferrer noopener\">Instagram<\/a>\u00a0e no\u00a0<a href=\"https:\/\/www.facebook.com\/acidadeonribeirao\" target=\"_blank\" rel=\"noreferrer noopener\">Facebook<\/a>.<\/p>\n<p>Receba not\u00edcias do acidade on no WhatsApp. Para entrar no grupo, basta\u00a0<a href=\"https:\/\/chat.whatsapp.com\/BjKQZ9oJwlz8VVT50NuePq\" target=\"_blank\" rel=\"noreferrer noopener\">clicar aqui<\/a>.<\/p>\n<p>Fa\u00e7a uma den\u00fancia ou sugira uma reportagem sobre Ribeir\u00e3o Preto e regi\u00e3o pelo WhatsApp: 16 99117 7802.<\/p>\n<p><strong>VEJA TAMB\u00c9M<\/strong><\/p>\n<p>Primeira onda de frio do inverno tem data para chegar ao estado de SP; Veja quando<\/p>\n<p><!-- CONTENT END 1 -->\n<\/div>\n<p><script async src=\"\/\/www.instagram.com\/embed.js\"><\/script><br \/>\n<br \/><br \/>\n<br \/><a href=\"https:\/\/www.acidadeon.com\/ribeiraopreto\/cotidiano\/inverno-comeca-com-frio-confira-a-previsao-do-tempo\/\">Source link <\/a><\/p>\n","protected":false},"excerpt":{"rendered":"<p>O primeiro dia oficial do inverno come\u00e7a com tempo firme em Ribeir\u00e3o Preto. A previs\u00e3o para este s\u00e1bado (21) \u00e9 de sol com muitas nuvens&#8230;<\/p>\n","protected":false},"author":1,"featured_media":72801,"comment_status":"open","ping_status":"open","sticky":false,"template":"","format":"standard","meta":{"advanced_seo_description":"","jetpack_seo_html_title":"","jetpack_seo_noindex":false,"jetpack_post_was_ever_published":false,"_jetpack_newsletter_access":"","_jetpack_dont_email_post_to_subs":false,"_jetpack_newsletter_tier_id":0,"_jetpack_memberships_contains_paywalled_content":false,"_jetpack_memberships_contains_paid_content":false,"footnotes":"","jetpack_publicize_message":"","jetpack_publicize_feature_enabled":true,"jetpack_social_post_already_shared":true,"jetpack_social_options":{"image_generator_settings":{"template":"highway","default_image_id":0,"font":"","enabled":false},"version":2}},"categories":[11],"tags":[],"class_list":["post-72800","post","type-post","status-publish","format-standard","has-post-thumbnail","hentry","category-noticias-de-ribeirao-preto-sp-e-regiao-ismael-colosi"],"jetpack_publicize_connections":[],"jetpack_featured_media_url":"https:\/\/i0.wp.com\/noticiasribeiraopreto.com.br\/wp-content\/uploads\/2025\/06\/WhatsApp-Image-2025-01-28-at-07.06.17_2025-01-28_10-21-07_jpeg_2025-01-28_10-21-07.webp.webp?fit=1600%2C1200&ssl=1","jetpack-related-posts":[{"id":72695,"url":"https:\/\/noticiasribeiraopreto.com.br\/index.php\/2025\/06\/20\/inverno-comeca-nesta-sexta-veja-previsao-do-tempo-no-fim-de-semana-em-ribeirao-preto\/","url_meta":{"origin":72800,"position":0},"title":"Inverno come\u00e7a nesta sexta; Veja previs\u00e3o do tempo no fim de semana em Ribeir\u00e3o Preto","author":"noticiasribeiraopreto.com.br","date":"20 de June de 2025","format":false,"excerpt":"O outono se despede nesta sexta-feira (20) para dar lugar ao inverno 2025, que tem in\u00edcio \u00e0s 23h42. LEIA MAIS \u2013 Frente fria deve trazer chuva e geada ao estado de SP; Veja quando Segundo a Climatempo, o primeiro fim de semana da nova esta\u00e7\u00e3o deve ser marcado pelo tempo\u2026","rel":"","context":"In &quot;Not\u00edcias de Ribeir\u00e3o Preto-SP e Regi\u00e3o&quot;","block_context":{"text":"Not\u00edcias de Ribeir\u00e3o Preto-SP e Regi\u00e3o","link":"https:\/\/noticiasribeiraopreto.com.br\/index.php\/category\/noticias-de-ribeirao-preto-sp-e-regiao-ismael-colosi\/"},"img":{"alt_text":"","src":"https:\/\/i0.wp.com\/noticiasribeiraopreto.com.br\/wp-content\/uploads\/2025\/06\/WhatsApp-Image-2025-06-20-at-06.51.42-1_2025-06-20_09-52-54.webp.webp?fit=1200%2C540&ssl=1&resize=350%2C200","width":350,"height":200,"srcset":"https:\/\/i0.wp.com\/noticiasribeiraopreto.com.br\/wp-content\/uploads\/2025\/06\/WhatsApp-Image-2025-06-20-at-06.51.42-1_2025-06-20_09-52-54.webp.webp?fit=1200%2C540&ssl=1&resize=350%2C200 1x, https:\/\/i0.wp.com\/noticiasribeiraopreto.com.br\/wp-content\/uploads\/2025\/06\/WhatsApp-Image-2025-06-20-at-06.51.42-1_2025-06-20_09-52-54.webp.webp?fit=1200%2C540&ssl=1&resize=525%2C300 1.5x, https:\/\/i0.wp.com\/noticiasribeiraopreto.com.br\/wp-content\/uploads\/2025\/06\/WhatsApp-Image-2025-06-20-at-06.51.42-1_2025-06-20_09-52-54.webp.webp?fit=1200%2C540&ssl=1&resize=700%2C400 2x, https:\/\/i0.wp.com\/noticiasribeiraopreto.com.br\/wp-content\/uploads\/2025\/06\/WhatsApp-Image-2025-06-20-at-06.51.42-1_2025-06-20_09-52-54.webp.webp?fit=1200%2C540&ssl=1&resize=1050%2C600 3x"},"classes":[]},{"id":54016,"url":"https:\/\/noticiasribeiraopreto.com.br\/index.php\/2024\/06\/27\/saiba-tudo-sobre-a-primeira-onda-de-frio-do-inverno-que-vai-atingir-ate-o-interior-de-sp\/","url_meta":{"origin":72800,"position":1},"title":"Saiba tudo sobre a primeira onda de frio do inverno que vai atingir at\u00e9 o interior de SP","author":"noticiasribeiraopreto.com.br","date":"27 de June de 2024","format":false,"excerpt":"A primeira onda de frio do inverno 2024 come\u00e7a nesta sexta-feira (28) com chegada de uma forte frente fria. A previs\u00e3o de dura\u00e7\u00e3o deste sistema \u00e9 at\u00e9 o dia 2 de julho. Segundo a Climatempo, esta ser\u00e1 a primeira queda acentuada de temperatura no inverno deste ano, com destaque para\u2026","rel":"","context":"In &quot;Not\u00edcias de Ribeir\u00e3o Preto-SP e Regi\u00e3o&quot;","block_context":{"text":"Not\u00edcias de Ribeir\u00e3o Preto-SP e Regi\u00e3o","link":"https:\/\/noticiasribeiraopreto.com.br\/index.php\/category\/noticias-de-ribeirao-preto-sp-e-regiao-ismael-colosi\/"},"img":{"alt_text":"","src":"https:\/\/i0.wp.com\/noticiasribeiraopreto.com.br\/wp-content\/uploads\/2024\/06\/ONDA-DE-FRIO-3_2024-06-27_10-36-21_jpg_2024-06-27_10-36-21.webp.webp?fit=1200%2C758&ssl=1&resize=350%2C200","width":350,"height":200,"srcset":"https:\/\/i0.wp.com\/noticiasribeiraopreto.com.br\/wp-content\/uploads\/2024\/06\/ONDA-DE-FRIO-3_2024-06-27_10-36-21_jpg_2024-06-27_10-36-21.webp.webp?fit=1200%2C758&ssl=1&resize=350%2C200 1x, https:\/\/i0.wp.com\/noticiasribeiraopreto.com.br\/wp-content\/uploads\/2024\/06\/ONDA-DE-FRIO-3_2024-06-27_10-36-21_jpg_2024-06-27_10-36-21.webp.webp?fit=1200%2C758&ssl=1&resize=525%2C300 1.5x, https:\/\/i0.wp.com\/noticiasribeiraopreto.com.br\/wp-content\/uploads\/2024\/06\/ONDA-DE-FRIO-3_2024-06-27_10-36-21_jpg_2024-06-27_10-36-21.webp.webp?fit=1200%2C758&ssl=1&resize=700%2C400 2x, https:\/\/i0.wp.com\/noticiasribeiraopreto.com.br\/wp-content\/uploads\/2024\/06\/ONDA-DE-FRIO-3_2024-06-27_10-36-21_jpg_2024-06-27_10-36-21.webp.webp?fit=1200%2C758&ssl=1&resize=1050%2C600 3x"},"classes":[]},{"id":72746,"url":"https:\/\/noticiasribeiraopreto.com.br\/index.php\/2025\/06\/20\/primeira-onda-de-frio-do-inverno-tem-data-para-chegar-ao-estado-de-sp-veja-quando\/","url_meta":{"origin":72800,"position":2},"title":"Primeira onda de frio do inverno tem data para chegar ao estado de SP; Veja quando","author":"noticiasribeiraopreto.com.br","date":"20 de June de 2025","format":false,"excerpt":"A primeira onda de frio do inverno 2025 \u2013 a terceira do ano \u2013 est\u00e1 prevista para atingir o Centro-Sul do Brasil nos pr\u00f3ximos dias. Segundo a Climatempo, a nova onda de frio deve come\u00e7ar na pr\u00f3xima segunda-feira (23) e se estende at\u00e9 a sexta-feira (27). O inverno tem in\u00edcio\u2026","rel":"","context":"In &quot;Not\u00edcias de Ribeir\u00e3o Preto-SP e Regi\u00e3o&quot;","block_context":{"text":"Not\u00edcias de Ribeir\u00e3o Preto-SP e Regi\u00e3o","link":"https:\/\/noticiasribeiraopreto.com.br\/index.php\/category\/noticias-de-ribeirao-preto-sp-e-regiao-ismael-colosi\/"},"img":{"alt_text":"","src":"https:\/\/i0.wp.com\/noticiasribeiraopreto.com.br\/wp-content\/uploads\/2025\/06\/1750450353_calcadao_ribeirao_1024x576_22052020190437.jpg?fit=1024%2C576&ssl=1&resize=350%2C200","width":350,"height":200,"srcset":"https:\/\/i0.wp.com\/noticiasribeiraopreto.com.br\/wp-content\/uploads\/2025\/06\/1750450353_calcadao_ribeirao_1024x576_22052020190437.jpg?fit=1024%2C576&ssl=1&resize=350%2C200 1x, https:\/\/i0.wp.com\/noticiasribeiraopreto.com.br\/wp-content\/uploads\/2025\/06\/1750450353_calcadao_ribeirao_1024x576_22052020190437.jpg?fit=1024%2C576&ssl=1&resize=525%2C300 1.5x, https:\/\/i0.wp.com\/noticiasribeiraopreto.com.br\/wp-content\/uploads\/2025\/06\/1750450353_calcadao_ribeirao_1024x576_22052020190437.jpg?fit=1024%2C576&ssl=1&resize=700%2C400 2x"},"classes":[]},{"id":58059,"url":"https:\/\/noticiasribeiraopreto.com.br\/index.php\/2024\/09\/17\/inverno-deve-terminar-com-frente-fria-e-chuva-no-estado-de-sp-veja-previsao\/","url_meta":{"origin":72800,"position":3},"title":"Inverno deve terminar com frente fria e chuva no estado de SP; Veja previs\u00e3o","author":"noticiasribeiraopreto.com.br","date":"17 de September de 2024","format":false,"excerpt":"A \u00faltima semana do Inverno ser\u00e1 marcada por oscila\u00e7\u00f5es clim\u00e1ticas em diversas regi\u00f5es do Centro-Sul do Brasil, inclusive no estado de S\u00e3o Paulo. A primavera de 2024 come\u00e7a astronomicamente neste domingo (22), \u00e0s 9h44. A semana come\u00e7ou com o registro de chuva fraca, garoa e temperaturas mais amenas em algumas\u2026","rel":"","context":"In &quot;Not\u00edcias de Ribeir\u00e3o Preto-SP e Regi\u00e3o&quot;","block_context":{"text":"Not\u00edcias de Ribeir\u00e3o Preto-SP e Regi\u00e3o","link":"https:\/\/noticiasribeiraopreto.com.br\/index.php\/category\/noticias-de-ribeirao-preto-sp-e-regiao-ismael-colosi\/"},"img":{"alt_text":"","src":"https:\/\/i0.wp.com\/noticiasribeiraopreto.com.br\/wp-content\/uploads\/2024\/09\/chuva_na_cidade_de_campinas_sp_cxdigo_19_170676.jpg?fit=1200%2C800&ssl=1&resize=350%2C200","width":350,"height":200,"srcset":"https:\/\/i0.wp.com\/noticiasribeiraopreto.com.br\/wp-content\/uploads\/2024\/09\/chuva_na_cidade_de_campinas_sp_cxdigo_19_170676.jpg?fit=1200%2C800&ssl=1&resize=350%2C200 1x, https:\/\/i0.wp.com\/noticiasribeiraopreto.com.br\/wp-content\/uploads\/2024\/09\/chuva_na_cidade_de_campinas_sp_cxdigo_19_170676.jpg?fit=1200%2C800&ssl=1&resize=525%2C300 1.5x, https:\/\/i0.wp.com\/noticiasribeiraopreto.com.br\/wp-content\/uploads\/2024\/09\/chuva_na_cidade_de_campinas_sp_cxdigo_19_170676.jpg?fit=1200%2C800&ssl=1&resize=700%2C400 2x, https:\/\/i0.wp.com\/noticiasribeiraopreto.com.br\/wp-content\/uploads\/2024\/09\/chuva_na_cidade_de_campinas_sp_cxdigo_19_170676.jpg?fit=1200%2C800&ssl=1&resize=1050%2C600 3x"},"classes":[]},{"id":54100,"url":"https:\/\/noticiasribeiraopreto.com.br\/index.php\/2024\/06\/28\/onda-de-frio-vem-com-tudo-veja-as-temperaturas-previstas-no-interior-de-sp\/","url_meta":{"origin":72800,"position":4},"title":"Onda de frio vem com tudo; Veja as temperaturas previstas no interior de SP","author":"noticiasribeiraopreto.com.br","date":"28 de June de 2024","format":false,"excerpt":"A primeira onda de frio do inverno 2024 come\u00e7a nesta sexta-feira (28) e tem previs\u00e3o de seguir pelos pr\u00f3ximos cinco dias, at\u00e9 2 de julho. A Climatempo indica uma forte frente fria\u00a0e queda acentuada de temperatura, especialmente na regi\u00e3o Sul do Brasil. Os efeitos da onda de frio poder\u00e3o ser\u2026","rel":"","context":"In &quot;Not\u00edcias de Ribeir\u00e3o Preto-SP e Regi\u00e3o&quot;","block_context":{"text":"Not\u00edcias de Ribeir\u00e3o Preto-SP e Regi\u00e3o","link":"https:\/\/noticiasribeiraopreto.com.br\/index.php\/category\/noticias-de-ribeirao-preto-sp-e-regiao-ismael-colosi\/"},"img":{"alt_text":"","src":"https:\/\/i0.wp.com\/noticiasribeiraopreto.com.br\/wp-content\/uploads\/2024\/06\/calcadao_ribeirao_1024x576_22052020190437.jpg?fit=1024%2C576&ssl=1&resize=350%2C200","width":350,"height":200,"srcset":"https:\/\/i0.wp.com\/noticiasribeiraopreto.com.br\/wp-content\/uploads\/2024\/06\/calcadao_ribeirao_1024x576_22052020190437.jpg?fit=1024%2C576&ssl=1&resize=350%2C200 1x, https:\/\/i0.wp.com\/noticiasribeiraopreto.com.br\/wp-content\/uploads\/2024\/06\/calcadao_ribeirao_1024x576_22052020190437.jpg?fit=1024%2C576&ssl=1&resize=525%2C300 1.5x, https:\/\/i0.wp.com\/noticiasribeiraopreto.com.br\/wp-content\/uploads\/2024\/06\/calcadao_ribeirao_1024x576_22052020190437.jpg?fit=1024%2C576&ssl=1&resize=700%2C400 2x"},"classes":[]},{"id":53065,"url":"https:\/\/noticiasribeiraopreto.com.br\/index.php\/2024\/06\/15\/inverno-comeca-na-proxima-semana-com-frente-fria-no-estado-de-sp-veja-a-data\/","url_meta":{"origin":72800,"position":5},"title":"Inverno come\u00e7a na pr\u00f3xima semana com frente fria no estado de SP; Veja a data","author":"noticiasribeiraopreto.com.br","date":"15 de June de 2024","format":false,"excerpt":"O inverno 2024 come\u00e7a \u00e0s 17h51 da pr\u00f3xima sexta-feira (21) e a data pode ser marcada pelo retorno das chuvas ao estado de S\u00e3o Paulo. Segundo a Meteored, a tend\u00eancia \u00e9 que o bloqueio atmosf\u00e9rico seja rompido e uma frente fria consiga avan\u00e7ar a partir de 21 de junho. \u201cAs\u2026","rel":"","context":"In &quot;Not\u00edcias de Ribeir\u00e3o Preto-SP e Regi\u00e3o&quot;","block_context":{"text":"Not\u00edcias de Ribeir\u00e3o Preto-SP e Regi\u00e3o","link":"https:\/\/noticiasribeiraopreto.com.br\/index.php\/category\/noticias-de-ribeirao-preto-sp-e-regiao-ismael-colosi\/"},"img":{"alt_text":"","src":"https:\/\/i0.wp.com\/noticiasribeiraopreto.com.br\/wp-content\/uploads\/2024\/06\/InmetemitealertadechuvasintensasparaolitoraleinteriordeSoPaulo_Tamanho_2_image.jpg?fit=1200%2C900&ssl=1&resize=350%2C200","width":350,"height":200,"srcset":"https:\/\/i0.wp.com\/noticiasribeiraopreto.com.br\/wp-content\/uploads\/2024\/06\/InmetemitealertadechuvasintensasparaolitoraleinteriordeSoPaulo_Tamanho_2_image.jpg?fit=1200%2C900&ssl=1&resize=350%2C200 1x, https:\/\/i0.wp.com\/noticiasribeiraopreto.com.br\/wp-content\/uploads\/2024\/06\/InmetemitealertadechuvasintensasparaolitoraleinteriordeSoPaulo_Tamanho_2_image.jpg?fit=1200%2C900&ssl=1&resize=525%2C300 1.5x, https:\/\/i0.wp.com\/noticiasribeiraopreto.com.br\/wp-content\/uploads\/2024\/06\/InmetemitealertadechuvasintensasparaolitoraleinteriordeSoPaulo_Tamanho_2_image.jpg?fit=1200%2C900&ssl=1&resize=700%2C400 2x, https:\/\/i0.wp.com\/noticiasribeiraopreto.com.br\/wp-content\/uploads\/2024\/06\/InmetemitealertadechuvasintensasparaolitoraleinteriordeSoPaulo_Tamanho_2_image.jpg?fit=1200%2C900&ssl=1&resize=1050%2C600 3x"},"classes":[]}],"jetpack_sharing_enabled":true,"jetpack_shortlink":"https:\/\/wp.me\/peQAOb-iWc","_links":{"self":[{"href":"https:\/\/noticiasribeiraopreto.com.br\/index.php\/wp-json\/wp\/v2\/posts\/72800","targetHints":{"allow":["GET"]}}],"collection":[{"href":"https:\/\/noticiasribeiraopreto.com.br\/index.php\/wp-json\/wp\/v2\/posts"}],"about":[{"href":"https:\/\/noticiasribeiraopreto.com.br\/index.php\/wp-json\/wp\/v2\/types\/post"}],"author":[{"embeddable":true,"href":"https:\/\/noticiasribeiraopreto.com.br\/index.php\/wp-json\/wp\/v2\/users\/1"}],"replies":[{"embeddable":true,"href":"https:\/\/noticiasribeiraopreto.com.br\/index.php\/wp-json\/wp\/v2\/comments?post=72800"}],"version-history":[{"count":0,"href":"https:\/\/noticiasribeiraopreto.com.br\/index.php\/wp-json\/wp\/v2\/posts\/72800\/revisions"}],"wp:featuredmedia":[{"embeddable":true,"href":"https:\/\/noticiasribeiraopreto.com.br\/index.php\/wp-json\/wp\/v2\/media\/72801"}],"wp:attachment":[{"href":"https:\/\/noticiasribeiraopreto.com.br\/index.php\/wp-json\/wp\/v2\/media?parent=72800"}],"wp:term":[{"taxonomy":"category","embeddable":true,"href":"https:\/\/noticiasribeiraopreto.com.br\/index.php\/wp-json\/wp\/v2\/categories?post=72800"},{"taxonomy":"post_tag","embeddable":true,"href":"https:\/\/noticiasribeiraopreto.com.br\/index.php\/wp-json\/wp\/v2\/tags?post=72800"}],"curies":[{"name":"wp","href":"https:\/\/api.w.org\/{rel}","templated":true}]}}