{"id":72811,"date":"2025-06-21T14:09:23","date_gmt":"2025-06-21T17:09:23","guid":{"rendered":"https:\/\/noticiasribeiraopreto.com.br\/index.php\/2025\/06\/21\/tj-mantem-decisao-que-obriga-devolucao-de-saldo-de-vale-transporte-a-usuaria-em-ribeirao-preto\/"},"modified":"2025-06-21T14:09:23","modified_gmt":"2025-06-21T17:09:23","slug":"tj-mantem-decisao-que-obriga-devolucao-de-saldo-de-vale-transporte-a-usuaria-em-ribeirao-preto","status":"publish","type":"post","link":"https:\/\/noticiasribeiraopreto.com.br\/index.php\/2025\/06\/21\/tj-mantem-decisao-que-obriga-devolucao-de-saldo-de-vale-transporte-a-usuaria-em-ribeirao-preto\/","title":{"rendered":"TJ mant\u00e9m decis\u00e3o que obriga devolu\u00e7\u00e3o de saldo de vale-transporte \u00e0 usu\u00e1ria em Ribeir\u00e3o Preto"},"content":{"rendered":"<p> <br \/>\n<\/p>\n<div data-td-block-uid=\"tdi_95\">\n<div class=\"tdb-block-inner td-fix-index\">\n<p>A <strong>Justi\u00e7a determinou que a Prefeitura de Ribeir\u00e3o Preto devolva R$ 1.084,05 em cr\u00e9ditos de vale-transporte<\/strong> a uma usu\u00e1ria do sistema municipal. A decis\u00e3o estabelece prazo de <strong>24 horas para o restabelecimento do valor no cart\u00e3o eletr\u00f4nico.<\/strong><\/p>\n<p>A usu\u00e1ria acionou o Judici\u00e1rio ap\u00f3s perder o saldo sem receber aviso pr\u00e9vio sobre a expira\u00e7\u00e3o. Segundo a a\u00e7\u00e3o, <strong>nem a administra\u00e7\u00e3o municipal nem a concession\u00e1ria respons\u00e1vel comunicaram o vencimento dos cr\u00e9ditos<\/strong>, o que prejudicou sua rotina e comprometeu o or\u00e7amento pessoal.<\/p>\n<p>A Prefeitura recorreu ao Tribunal de Justi\u00e7a de S\u00e3o Paulo (TJ-SP) e argumentou que a perda do saldo segue a Lei Complementar Municipal n\u00ba 3.150\/22, que fixa o prazo de validade dos cr\u00e9ditos em dois anos. No recurso, a <strong>gest\u00e3o municipal alegou que a decis\u00e3o interfere na pol\u00edtica tarif\u00e1ria local e pode gerar inseguran\u00e7a jur\u00eddica<\/strong>.<\/p>\n<p>A desembargadora Paola Lorena, relatora do caso, avaliou que a primeira decis\u00e3o se baseou em documentos que comprovaram o valor expirado e a falta de comunica\u00e7\u00e3o \u00e0 usu\u00e1ria. <strong>Ela destacou que o reembolso n\u00e3o causa dano irrevers\u00edvel ao sistema <\/strong>e <strong>considerou injustificado suspender a liminar.<\/strong><\/p>\n<p>O <strong>TJ-SP negou o pedido da Prefeitura para suspender a decis\u00e3o. <\/strong>A Justi\u00e7a fixou, ainda, <strong>multa di\u00e1ria de R$ 100, limitada a R$ 10 mil<\/strong>, em caso de descumprimento.<\/p>\n<p>A reportagem do <strong><em>acidade on<\/em><\/strong> entrou em contato com a <strong>Prefeitura de Ribeir\u00e3o Preto<\/strong>, que informou n\u00e3o ter sido notificada e, por isso, n\u00e3o pode se manifestar sobre o caso.<\/p>\n<hr class=\"wp-block-separator has-alpha-channel-opacity\"\/>\n<p>SAIBA MAIS<\/p>\n<p>Ribeir\u00e3o Preto registra mais de mil acidentes e 42 mortes no tr\u00e2nsito em cinco meses<\/p>\n<h4 class=\"wp-block-heading\"><strong>FIQUE ON<\/strong><\/h4>\n<p>Fique ligado em tudo que acontece em Ribeir\u00e3o Preto e regi\u00e3o. Siga os perfis do\u00a0<strong>acidade on\u00a0<\/strong>no\u00a0<a href=\"https:\/\/www.instagram.com\/acidadeonribeirao\" target=\"_blank\" rel=\"noreferrer noopener\">Instagram<\/a>\u00a0e no\u00a0<a href=\"https:\/\/www.facebook.com\/acidadeonribeirao\" target=\"_blank\" rel=\"noreferrer noopener\">Facebook<\/a>.<\/p>\n<p>Receba not\u00edcias do acidade on no WhatsApp. Para entrar no grupo, basta\u00a0<a href=\"https:\/\/chat.whatsapp.com\/BjKQZ9oJwlz8VVT50NuePq\" target=\"_blank\" rel=\"noreferrer noopener\">clicar aqui<\/a>.<\/p>\n<p>Fa\u00e7a uma den\u00fancia ou sugira uma reportagem sobre Ribeir\u00e3o Preto e regi\u00e3o pelo WhatsApp: 16 99117 7802.<\/p>\n<p><strong>VEJA TAMB\u00c9M<\/strong><\/p>\n<p>Primeira onda de frio do inverno tem data para chegar ao estado de SP; Veja quando<\/p>\n<p><!-- CONTENT END 1 -->\n<\/div>\n<\/div>\n<p><script async src=\"\/\/www.instagram.com\/embed.js\"><\/script><br \/>\n<br \/><br \/>\n<br \/><a href=\"https:\/\/www.acidadeon.com\/ribeiraopreto\/politica\/tj-mantem-decisao-que-obriga-devolucao-de-saldo-de-vale-transporte-a-usuaria-em-ribeirao-preto\/\">Source link <\/a><\/p>\n","protected":false},"excerpt":{"rendered":"<p>A Justi\u00e7a determinou que a Prefeitura de Ribeir\u00e3o Preto devolva R$ 1.084,05 em cr\u00e9ditos de vale-transporte a uma usu\u00e1ria do sistema municipal. A decis\u00e3o estabelece&#8230;<\/p>\n","protected":false},"author":1,"featured_media":71749,"comment_status":"open","ping_status":"open","sticky":false,"template":"","format":"standard","meta":{"advanced_seo_description":"","jetpack_seo_html_title":"","jetpack_seo_noindex":false,"jetpack_post_was_ever_published":false,"_jetpack_newsletter_access":"","_jetpack_dont_email_post_to_subs":false,"_jetpack_newsletter_tier_id":0,"_jetpack_memberships_contains_paywalled_content":false,"_jetpack_memberships_contains_paid_content":false,"footnotes":"","jetpack_publicize_message":"","jetpack_publicize_feature_enabled":true,"jetpack_social_post_already_shared":true,"jetpack_social_options":{"image_generator_settings":{"template":"highway","default_image_id":0,"font":"","enabled":false},"version":2}},"categories":[11],"tags":[],"class_list":["post-72811","post","type-post","status-publish","format-standard","has-post-thumbnail","hentry","category-noticias-de-ribeirao-preto-sp-e-regiao-ismael-colosi"],"jetpack_publicize_connections":[],"jetpack_featured_media_url":"https:\/\/i0.wp.com\/noticiasribeiraopreto.com.br\/wp-content\/uploads\/2025\/06\/a.ok_.linhajoaorock_2025-06-09_21-35-55.webp.webp?fit=1000%2C666&ssl=1","jetpack-related-posts":[{"id":72072,"url":"https:\/\/noticiasribeiraopreto.com.br\/index.php\/2025\/06\/12\/justica-suspende-devolucao-de-saldo-de-vale-transporte-a-usuaria-em-ribeirao-preto\/","url_meta":{"origin":72811,"position":0},"title":"Justi\u00e7a suspende devolu\u00e7\u00e3o de saldo de vale-transporte \u00e0 usu\u00e1ria em Ribeir\u00e3o Preto","author":"noticiasribeiraopreto.com.br","date":"12 de June de 2025","format":false,"excerpt":"O Tribunal de Justi\u00e7a do Estado de S\u00e3o Paulo (TJ-SP) suspendeu nesta quinta-feira (12) a decis\u00e3o que obrigava a empresa Pr\u00f3Urbano \u2013 Cons\u00f3rcio Ribeir\u00e3o Preto de Transportes a restituir o valor de R$ 1.084,05 no cart\u00e3o de vale-transporte de uma passageira do sistema municipal. A quantia havia sido cancelada ap\u00f3s\u2026","rel":"","context":"In &quot;Not\u00edcias de Ribeir\u00e3o Preto-SP e Regi\u00e3o&quot;","block_context":{"text":"Not\u00edcias de Ribeir\u00e3o Preto-SP e Regi\u00e3o","link":"https:\/\/noticiasribeiraopreto.com.br\/index.php\/category\/noticias-de-ribeirao-preto-sp-e-regiao-ismael-colosi\/"},"img":{"alt_text":"","src":"https:\/\/i0.wp.com\/noticiasribeiraopreto.com.br\/wp-content\/uploads\/2025\/06\/Copia-de-Copia-de-Copia-de-TAMANHO-EXATO-PARA-FOTOS-NO-SISTEMA-NOVO-2025-02-06T173510.872_2025-02-06_20-35-26_png_2025-02-06_20-35-26.webp.webp?fit=1200%2C675&ssl=1&resize=350%2C200","width":350,"height":200,"srcset":"https:\/\/i0.wp.com\/noticiasribeiraopreto.com.br\/wp-content\/uploads\/2025\/06\/Copia-de-Copia-de-Copia-de-TAMANHO-EXATO-PARA-FOTOS-NO-SISTEMA-NOVO-2025-02-06T173510.872_2025-02-06_20-35-26_png_2025-02-06_20-35-26.webp.webp?fit=1200%2C675&ssl=1&resize=350%2C200 1x, https:\/\/i0.wp.com\/noticiasribeiraopreto.com.br\/wp-content\/uploads\/2025\/06\/Copia-de-Copia-de-Copia-de-TAMANHO-EXATO-PARA-FOTOS-NO-SISTEMA-NOVO-2025-02-06T173510.872_2025-02-06_20-35-26_png_2025-02-06_20-35-26.webp.webp?fit=1200%2C675&ssl=1&resize=525%2C300 1.5x, https:\/\/i0.wp.com\/noticiasribeiraopreto.com.br\/wp-content\/uploads\/2025\/06\/Copia-de-Copia-de-Copia-de-TAMANHO-EXATO-PARA-FOTOS-NO-SISTEMA-NOVO-2025-02-06T173510.872_2025-02-06_20-35-26_png_2025-02-06_20-35-26.webp.webp?fit=1200%2C675&ssl=1&resize=700%2C400 2x, https:\/\/i0.wp.com\/noticiasribeiraopreto.com.br\/wp-content\/uploads\/2025\/06\/Copia-de-Copia-de-Copia-de-TAMANHO-EXATO-PARA-FOTOS-NO-SISTEMA-NOVO-2025-02-06T173510.872_2025-02-06_20-35-26_png_2025-02-06_20-35-26.webp.webp?fit=1200%2C675&ssl=1&resize=1050%2C600 3x"},"classes":[]},{"id":72045,"url":"https:\/\/noticiasribeiraopreto.com.br\/index.php\/2025\/06\/12\/tj-cassa-liminar-dos-creditos-retidos-do-transporte-coletivo\/","url_meta":{"origin":72811,"position":1},"title":"TJ cassa liminar dos cr\u00e9ditos retidos do transporte coletivo","author":"noticiasribeiraopreto.com.br","date":"12 de June de 2025","format":false,"excerpt":"12 de junho de 2025 17:4312 de junho de 2025 17:430 Compartilhar0 A Desembargadora Paola Lorena, da Terceira C\u00e2mara de Direito P\u00fablico do Tribunal de Justi\u00e7a de S\u00e3o Paulo (TJ\/SP) cassou nesta quinta-feira, 12 de junho, a liminar concedida pela 2\u00aa Vara da Fazenda de Ribeir\u00e3o Preto que havia determinado\u2026","rel":"","context":"In &quot;Not\u00edcias de Ribeir\u00e3o Preto-SP e Regi\u00e3o&quot;","block_context":{"text":"Not\u00edcias de Ribeir\u00e3o Preto-SP e Regi\u00e3o","link":"https:\/\/noticiasribeiraopreto.com.br\/index.php\/category\/noticias-de-ribeirao-preto-sp-e-regiao-ismael-colosi\/"},"img":{"alt_text":"","src":"https:\/\/i0.wp.com\/noticiasribeiraopreto.com.br\/wp-content\/uploads\/2025\/06\/OnibusRP-Cat-Alfredo-Risk-scaled.jpg?fit=1200%2C800&ssl=1&resize=350%2C200","width":350,"height":200,"srcset":"https:\/\/i0.wp.com\/noticiasribeiraopreto.com.br\/wp-content\/uploads\/2025\/06\/OnibusRP-Cat-Alfredo-Risk-scaled.jpg?fit=1200%2C800&ssl=1&resize=350%2C200 1x, https:\/\/i0.wp.com\/noticiasribeiraopreto.com.br\/wp-content\/uploads\/2025\/06\/OnibusRP-Cat-Alfredo-Risk-scaled.jpg?fit=1200%2C800&ssl=1&resize=525%2C300 1.5x, https:\/\/i0.wp.com\/noticiasribeiraopreto.com.br\/wp-content\/uploads\/2025\/06\/OnibusRP-Cat-Alfredo-Risk-scaled.jpg?fit=1200%2C800&ssl=1&resize=700%2C400 2x, https:\/\/i0.wp.com\/noticiasribeiraopreto.com.br\/wp-content\/uploads\/2025\/06\/OnibusRP-Cat-Alfredo-Risk-scaled.jpg?fit=1200%2C800&ssl=1&resize=1050%2C600 3x"},"classes":[]},{"id":70479,"url":"https:\/\/noticiasribeiraopreto.com.br\/index.php\/2025\/05\/26\/justica-determina-devolucao-de-creditos-de-transporte-a-usuaria-em-ribeirao-preto\/","url_meta":{"origin":72811,"position":2},"title":"Justi\u00e7a determina devolu\u00e7\u00e3o de cr\u00e9ditos de transporte \u00e0 usu\u00e1ria em Ribeir\u00e3o Preto","author":"noticiasribeiraopreto.com.br","date":"26 de May de 2025","format":false,"excerpt":"A Justi\u00e7a determinou que a Prefeitura de Ribeir\u00e3o Preto e o cons\u00f3rcio Pr\u00f3Urbano devem devolver os cr\u00e9ditos vencidos a uma usu\u00e1ria do transporte coletivo do munic\u00edpio. A decis\u00e3o foi publicada nesta segunda-feira (26). De acordo com a ju\u00edza Lucilene Aparecida Canella de Melo, houve falha por parte dos r\u00e9us ao\u2026","rel":"","context":"In &quot;Not\u00edcias de Ribeir\u00e3o Preto-SP e Regi\u00e3o&quot;","block_context":{"text":"Not\u00edcias de Ribeir\u00e3o Preto-SP e Regi\u00e3o","link":"https:\/\/noticiasribeiraopreto.com.br\/index.php\/category\/noticias-de-ribeirao-preto-sp-e-regiao-ismael-colosi\/"},"img":{"alt_text":"","src":"https:\/\/i0.wp.com\/noticiasribeiraopreto.com.br\/wp-content\/uploads\/2025\/02\/Copia-de-Copia-de-Copia-de-TAMANHO-EXATO-PARA-FOTOS-NO-SISTEMA-NOVO-2025-02-06T173510.872_2025-02-06_20-35-26_png_2025-02-06_20-35-26.webp.webp?fit=1200%2C675&ssl=1&resize=350%2C200","width":350,"height":200,"srcset":"https:\/\/i0.wp.com\/noticiasribeiraopreto.com.br\/wp-content\/uploads\/2025\/02\/Copia-de-Copia-de-Copia-de-TAMANHO-EXATO-PARA-FOTOS-NO-SISTEMA-NOVO-2025-02-06T173510.872_2025-02-06_20-35-26_png_2025-02-06_20-35-26.webp.webp?fit=1200%2C675&ssl=1&resize=350%2C200 1x, https:\/\/i0.wp.com\/noticiasribeiraopreto.com.br\/wp-content\/uploads\/2025\/02\/Copia-de-Copia-de-Copia-de-TAMANHO-EXATO-PARA-FOTOS-NO-SISTEMA-NOVO-2025-02-06T173510.872_2025-02-06_20-35-26_png_2025-02-06_20-35-26.webp.webp?fit=1200%2C675&ssl=1&resize=525%2C300 1.5x, https:\/\/i0.wp.com\/noticiasribeiraopreto.com.br\/wp-content\/uploads\/2025\/02\/Copia-de-Copia-de-Copia-de-TAMANHO-EXATO-PARA-FOTOS-NO-SISTEMA-NOVO-2025-02-06T173510.872_2025-02-06_20-35-26_png_2025-02-06_20-35-26.webp.webp?fit=1200%2C675&ssl=1&resize=700%2C400 2x, https:\/\/i0.wp.com\/noticiasribeiraopreto.com.br\/wp-content\/uploads\/2025\/02\/Copia-de-Copia-de-Copia-de-TAMANHO-EXATO-PARA-FOTOS-NO-SISTEMA-NOVO-2025-02-06T173510.872_2025-02-06_20-35-26_png_2025-02-06_20-35-26.webp.webp?fit=1200%2C675&ssl=1&resize=1050%2C600 3x"},"classes":[]},{"id":70469,"url":"https:\/\/noticiasribeiraopreto.com.br\/index.php\/2025\/05\/26\/liminar-mandar-prefeitura-devolver-creditos-do-transporte-coletivo\/","url_meta":{"origin":72811,"position":3},"title":"Liminar mandar Prefeitura devolver cr\u00e9ditos do transporte coletivo","author":"noticiasribeiraopreto.com.br","date":"26 de May de 2025","format":false,"excerpt":"26 de maio de 2025 18:120 Compartilhar0 Uma liminar concedida e publicada nesta segunda-feira, 26 de maio pela ju\u00edza Lucilene Canela de Melo da 2\u00aa. Vara da Fazenda P\u00fablica de Ribeir\u00e3o Preto, determinou que prefeitura de Ribeir\u00e3o Preto e o Cons\u00f3rcio Pro Urbano, restituam no cart\u00e3o de uma usu\u00e1ria do\u2026","rel":"","context":"In &quot;Not\u00edcias de Ribeir\u00e3o Preto-SP e Regi\u00e3o&quot;","block_context":{"text":"Not\u00edcias de Ribeir\u00e3o Preto-SP e Regi\u00e3o","link":"https:\/\/noticiasribeiraopreto.com.br\/index.php\/category\/noticias-de-ribeirao-preto-sp-e-regiao-ismael-colosi\/"},"img":{"alt_text":"","src":"https:\/\/i0.wp.com\/noticiasribeiraopreto.com.br\/wp-content\/uploads\/2025\/05\/1748294356_OnibusRP-Cat-Alfredo-Risk-scaled.jpg?fit=1200%2C800&ssl=1&resize=350%2C200","width":350,"height":200,"srcset":"https:\/\/i0.wp.com\/noticiasribeiraopreto.com.br\/wp-content\/uploads\/2025\/05\/1748294356_OnibusRP-Cat-Alfredo-Risk-scaled.jpg?fit=1200%2C800&ssl=1&resize=350%2C200 1x, https:\/\/i0.wp.com\/noticiasribeiraopreto.com.br\/wp-content\/uploads\/2025\/05\/1748294356_OnibusRP-Cat-Alfredo-Risk-scaled.jpg?fit=1200%2C800&ssl=1&resize=525%2C300 1.5x, https:\/\/i0.wp.com\/noticiasribeiraopreto.com.br\/wp-content\/uploads\/2025\/05\/1748294356_OnibusRP-Cat-Alfredo-Risk-scaled.jpg?fit=1200%2C800&ssl=1&resize=700%2C400 2x, https:\/\/i0.wp.com\/noticiasribeiraopreto.com.br\/wp-content\/uploads\/2025\/05\/1748294356_OnibusRP-Cat-Alfredo-Risk-scaled.jpg?fit=1200%2C800&ssl=1&resize=1050%2C600 3x"},"classes":[]},{"id":73019,"url":"https:\/\/noticiasribeiraopreto.com.br\/index.php\/2025\/06\/24\/liminar-dos-creditos-volta-a-valer\/","url_meta":{"origin":72811,"position":4},"title":"Liminar dos cr\u00e9ditos volta a valer","author":"noticiasribeiraopreto.com.br","date":"24 de June de 2025","format":false,"excerpt":"A desembargadora Paola Lorena, da Terceira C\u00e2mara de Direito P\u00fablico do Tribunal de Justi\u00e7a de S\u00e3o Paulo (TJSP), reformou a pr\u00f3pria decis\u00e3o e determinou a restitui\u00e7\u00e3o de saldo do cart\u00e3o de vale-transporte \u2013 o Nosso Cart\u00e3o \u2013 n\u00e3o utilizado por uma usu\u00e1ria do transporte coletivo urbano por mais de dois\u2026","rel":"","context":"In &quot;Not\u00edcias de Ribeir\u00e3o Preto-SP e Regi\u00e3o&quot;","block_context":{"text":"Not\u00edcias de Ribeir\u00e3o Preto-SP e Regi\u00e3o","link":"https:\/\/noticiasribeiraopreto.com.br\/index.php\/category\/noticias-de-ribeirao-preto-sp-e-regiao-ismael-colosi\/"},"img":{"alt_text":"","src":"https:\/\/i0.wp.com\/noticiasribeiraopreto.com.br\/wp-content\/uploads\/2025\/06\/OnibusRP-Alfredo-Rsk-scaled.jpg?fit=800%2C434&ssl=1&resize=350%2C200","width":350,"height":200,"srcset":"https:\/\/i0.wp.com\/noticiasribeiraopreto.com.br\/wp-content\/uploads\/2025\/06\/OnibusRP-Alfredo-Rsk-scaled.jpg?fit=800%2C434&ssl=1&resize=350%2C200 1x, https:\/\/i0.wp.com\/noticiasribeiraopreto.com.br\/wp-content\/uploads\/2025\/06\/OnibusRP-Alfredo-Rsk-scaled.jpg?fit=800%2C434&ssl=1&resize=525%2C300 1.5x, https:\/\/i0.wp.com\/noticiasribeiraopreto.com.br\/wp-content\/uploads\/2025\/06\/OnibusRP-Alfredo-Rsk-scaled.jpg?fit=800%2C434&ssl=1&resize=700%2C400 2x"},"classes":[]},{"id":39511,"url":"https:\/\/noticiasribeiraopreto.com.br\/index.php\/2024\/02\/26\/tj-sp-mantem-valor-da-tarifa-do-vale-transporte-nos-onibus-de-ribeirao-preto\/","url_meta":{"origin":72811,"position":5},"title":"TJ-SP mant\u00e9m valor da tarifa do vale-transporte nos \u00f4nibus de Ribeir\u00e3o Preto","author":"noticiasribeiraopreto.com.br","date":"26 de February de 2024","format":false,"excerpt":"O TJ-SP (Tribunal de Justi\u00e7a de S\u00e3o Paulo) manteve a suspens\u00e3o do reajuste do vale-transporte nos \u00f4nibus de Ribeir\u00e3o Preto. O Tribunal recusou pedido da Prefeitura de Ribeir\u00e3o Preto para suspender a decis\u00e3o que derrubou o novo valor da modalidade que seria reajustado de R$ 5 para R$ 6. O\u2026","rel":"","context":"In &quot;Not\u00edcias de Ribeir\u00e3o Preto-SP e Regi\u00e3o&quot;","block_context":{"text":"Not\u00edcias de Ribeir\u00e3o Preto-SP e Regi\u00e3o","link":"https:\/\/noticiasribeiraopreto.com.br\/index.php\/category\/noticias-de-ribeirao-preto-sp-e-regiao-ismael-colosi\/"},"img":{"alt_text":"","src":"https:\/\/i0.wp.com\/noticiasribeiraopreto.com.br\/wp-content\/uploads\/2024\/02\/1708975515_novos-onibus-ribeirao-preto.jpg?fit=1200%2C800&ssl=1&resize=350%2C200","width":350,"height":200,"srcset":"https:\/\/i0.wp.com\/noticiasribeiraopreto.com.br\/wp-content\/uploads\/2024\/02\/1708975515_novos-onibus-ribeirao-preto.jpg?fit=1200%2C800&ssl=1&resize=350%2C200 1x, https:\/\/i0.wp.com\/noticiasribeiraopreto.com.br\/wp-content\/uploads\/2024\/02\/1708975515_novos-onibus-ribeirao-preto.jpg?fit=1200%2C800&ssl=1&resize=525%2C300 1.5x, https:\/\/i0.wp.com\/noticiasribeiraopreto.com.br\/wp-content\/uploads\/2024\/02\/1708975515_novos-onibus-ribeirao-preto.jpg?fit=1200%2C800&ssl=1&resize=700%2C400 2x, https:\/\/i0.wp.com\/noticiasribeiraopreto.com.br\/wp-content\/uploads\/2024\/02\/1708975515_novos-onibus-ribeirao-preto.jpg?fit=1200%2C800&ssl=1&resize=1050%2C600 3x"},"classes":[]}],"jetpack_sharing_enabled":true,"jetpack_shortlink":"https:\/\/wp.me\/peQAOb-iWn","_links":{"self":[{"href":"https:\/\/noticiasribeiraopreto.com.br\/index.php\/wp-json\/wp\/v2\/posts\/72811","targetHints":{"allow":["GET"]}}],"collection":[{"href":"https:\/\/noticiasribeiraopreto.com.br\/index.php\/wp-json\/wp\/v2\/posts"}],"about":[{"href":"https:\/\/noticiasribeiraopreto.com.br\/index.php\/wp-json\/wp\/v2\/types\/post"}],"author":[{"embeddable":true,"href":"https:\/\/noticiasribeiraopreto.com.br\/index.php\/wp-json\/wp\/v2\/users\/1"}],"replies":[{"embeddable":true,"href":"https:\/\/noticiasribeiraopreto.com.br\/index.php\/wp-json\/wp\/v2\/comments?post=72811"}],"version-history":[{"count":0,"href":"https:\/\/noticiasribeiraopreto.com.br\/index.php\/wp-json\/wp\/v2\/posts\/72811\/revisions"}],"wp:featuredmedia":[{"embeddable":true,"href":"https:\/\/noticiasribeiraopreto.com.br\/index.php\/wp-json\/wp\/v2\/media\/71749"}],"wp:attachment":[{"href":"https:\/\/noticiasribeiraopreto.com.br\/index.php\/wp-json\/wp\/v2\/media?parent=72811"}],"wp:term":[{"taxonomy":"category","embeddable":true,"href":"https:\/\/noticiasribeiraopreto.com.br\/index.php\/wp-json\/wp\/v2\/categories?post=72811"},{"taxonomy":"post_tag","embeddable":true,"href":"https:\/\/noticiasribeiraopreto.com.br\/index.php\/wp-json\/wp\/v2\/tags?post=72811"}],"curies":[{"name":"wp","href":"https:\/\/api.w.org\/{rel}","templated":true}]}}