{"id":72812,"date":"2025-06-21T14:11:33","date_gmt":"2025-06-21T17:11:33","guid":{"rendered":"https:\/\/noticiasribeiraopreto.com.br\/index.php\/2025\/06\/21\/jornal-da-franca-inverno-brasileiro-comeca-saiba-o-que-aguardar-para-a-estacao-mais-fria-do-ano\/"},"modified":"2025-06-21T14:11:33","modified_gmt":"2025-06-21T17:11:33","slug":"jornal-da-franca-inverno-brasileiro-comeca-saiba-o-que-aguardar-para-a-estacao-mais-fria-do-ano","status":"publish","type":"post","link":"https:\/\/noticiasribeiraopreto.com.br\/index.php\/2025\/06\/21\/jornal-da-franca-inverno-brasileiro-comeca-saiba-o-que-aguardar-para-a-estacao-mais-fria-do-ano\/","title":{"rendered":"Jornal da Franca &#8211; Inverno brasileiro come\u00e7a; saiba o que aguardar para a esta\u00e7\u00e3o mais fria do ano"},"content":{"rendered":"<div class='code-block code-block-1' style='margin: 8px 0 8px auto; text-align: right; display: block; clear: both;'>\n<p><a href=\"https:\/\/wa.link\/vpicfd\"><img data-recalc-dims=\"1\" class=\"wp-image-4922\" style=\"aspect-ratio: 2.0253164556962027; width: 561px; height: auto;\" src=\"https:\/\/i0.wp.com\/ismaelcolosi.com.br\/wp-content\/uploads\/2023\/11\/grupo-de-empregos-whatsapp-e-facebook-ismael-colosi-vagas.jpg?ssl=1\" alt=\"\" \/><\/a><\/p>\n<!-- \/wp:image -->\n<\/div>\n<p> <br \/>\n<\/p>\n<div data-block-type=\"unstyled\" data-block-weight=\"37\" data-block-id=\"8\">\n<p class=\" content-text__container \" data-track-category=\"Link no Texto\" data-track-links=\"\" data-mrf-recirculation=\"Mat\u00e9ria - Links no Texto\">E em 2025, a tend\u00eancia \u00e9 que a esta\u00e7\u00e3o n\u00e3o fuja muito desse padr\u00e3o. De acordo com a Climatempo, a\u00a0<strong>esta\u00e7\u00e3o deve ter temperaturas pr\u00f3ximas ao normal e chuva muito pr\u00f3xima da m\u00e9dia<\/strong>, concentrada nas \u00e1reas litor\u00e2neas.<\/p>\n<p class=\" content-text__container \" data-track-category=\"Link no Texto\" data-track-links=\"\" data-mrf-recirculation=\"Mat\u00e9ria - Links no Texto\">A situa\u00e7\u00e3o deve ser muito diferente do observado em 2023 e 2024, quando o inverno foi de temperaturas acima da m\u00e9dia e chuvas abaixo da m\u00e9dia.<\/p>\n<\/div>\n<p><br \/>\n<br \/><a href=\"https:\/\/www.jornaldafranca.com.br\/inverno-brasileiro-comeca-saiba-o-que-aguardar-para-a-estacao-mais-fria-do-ano\/\">Source link <\/a><\/p>\n<!-- CONTENT END 1 -->\n","protected":false},"excerpt":{"rendered":"<p>E em 2025, a tend\u00eancia \u00e9 que a esta\u00e7\u00e3o n\u00e3o fuja muito desse padr\u00e3o. De acordo com a Climatempo, a\u00a0esta\u00e7\u00e3o deve ter temperaturas pr\u00f3ximas ao&#8230;<\/p>\n","protected":false},"author":1,"featured_media":72813,"comment_status":"open","ping_status":"open","sticky":false,"template":"","format":"standard","meta":{"advanced_seo_description":"","jetpack_seo_html_title":"","jetpack_seo_noindex":false,"jetpack_post_was_ever_published":false,"_jetpack_newsletter_access":"","_jetpack_dont_email_post_to_subs":false,"_jetpack_newsletter_tier_id":0,"_jetpack_memberships_contains_paywalled_content":false,"_jetpack_memberships_contains_paid_content":false,"footnotes":"","jetpack_publicize_message":"","jetpack_publicize_feature_enabled":true,"jetpack_social_post_already_shared":true,"jetpack_social_options":{"image_generator_settings":{"template":"highway","default_image_id":0,"font":"","enabled":false},"version":2}},"categories":[3597],"tags":[],"class_list":["post-72812","post","type-post","status-publish","format-standard","has-post-thumbnail","hentry","category-noticias-franca-sp"],"jetpack_publicize_connections":[],"jetpack_featured_media_url":"https:\/\/i0.wp.com\/noticiasribeiraopreto.com.br\/wp-content\/uploads\/2025\/06\/roupas-de-inverno-casacos-shutterstock.jpg?fit=1280%2C720&ssl=1","jetpack-related-posts":[{"id":72787,"url":"https:\/\/noticiasribeiraopreto.com.br\/index.php\/2025\/06\/21\/jornal-da-franca-por-que-o-inverno-de-2025-deve-ser-mais-frio-que-o-de-anos-anteriores\/","url_meta":{"origin":72812,"position":0},"title":"Jornal da Franca &#8211; Por que o inverno de 2025 deve ser mais frio que o de anos anteriores","author":"noticiasribeiraopreto.com.br","date":"21 de June de 2025","format":false,"excerpt":"compartilhar no whatsapp compartilhar no telegram compartilhar no facebook compartilhar no linkedin De acordo dom a Defesa Civil do Estado de S\u00e3o Paulo, o inverno ter\u00e1 neutralidade das condi\u00e7\u00f5es no Oceano Pac\u00edfico, sem a atua\u00e7\u00e3o dos fen\u00f4menos El Ni\u00f1o e La Ni\u00f1a Inverno, que come\u00e7ou na \u00faltima sexta-feira, 20, deve\u2026","rel":"","context":"In &quot;Not\u00edcias de Franca-SP&quot;","block_context":{"text":"Not\u00edcias de Franca-SP","link":"https:\/\/noticiasribeiraopreto.com.br\/index.php\/category\/noticias-de-ribeirao-preto-sp-e-regiao-ismael-colosi\/noticias-franca-sp\/"},"img":{"alt_text":"","src":"https:\/\/i0.wp.com\/noticiasribeiraopreto.com.br\/wp-content\/uploads\/2025\/06\/mulheres-com-frio.jpg?fit=1200%2C675&ssl=1&resize=350%2C200","width":350,"height":200,"srcset":"https:\/\/i0.wp.com\/noticiasribeiraopreto.com.br\/wp-content\/uploads\/2025\/06\/mulheres-com-frio.jpg?fit=1200%2C675&ssl=1&resize=350%2C200 1x, https:\/\/i0.wp.com\/noticiasribeiraopreto.com.br\/wp-content\/uploads\/2025\/06\/mulheres-com-frio.jpg?fit=1200%2C675&ssl=1&resize=525%2C300 1.5x, https:\/\/i0.wp.com\/noticiasribeiraopreto.com.br\/wp-content\/uploads\/2025\/06\/mulheres-com-frio.jpg?fit=1200%2C675&ssl=1&resize=700%2C400 2x, https:\/\/i0.wp.com\/noticiasribeiraopreto.com.br\/wp-content\/uploads\/2025\/06\/mulheres-com-frio.jpg?fit=1200%2C675&ssl=1&resize=1050%2C600 3x"},"classes":[]},{"id":70985,"url":"https:\/\/noticiasribeiraopreto.com.br\/index.php\/2025\/06\/01\/inverno-deve-ter-dois-episodios-de-frio-intenso-neste-ano-saiba-quando\/","url_meta":{"origin":72812,"position":1},"title":"Inverno deve ter dois epis\u00f3dios de frio intenso neste ano; Saiba quando","author":"noticiasribeiraopreto.com.br","date":"1 de June de 2025","format":false,"excerpt":"O inverno come\u00e7a no pr\u00f3ximo dia 20 de junho, \u00e0s 23h42 (hor\u00e1rio de Bras\u00edlia), e dever\u00e1 ter maior quantidade de dias frios no Centro-Sul do Brasil, em rela\u00e7\u00e3o ao m\u00eas de junho de 2024. Segundo a Climatempo, dois eventos de frio intenso s\u00e3o esperados na nova esta\u00e7\u00e3o: na primeira semana\u2026","rel":"","context":"In &quot;Not\u00edcias de Ribeir\u00e3o Preto-SP e Regi\u00e3o&quot;","block_context":{"text":"Not\u00edcias de Ribeir\u00e3o Preto-SP e Regi\u00e3o","link":"https:\/\/noticiasribeiraopreto.com.br\/index.php\/category\/noticias-de-ribeirao-preto-sp-e-regiao-ismael-colosi\/"},"img":{"alt_text":"","src":"https:\/\/i0.wp.com\/noticiasribeiraopreto.com.br\/wp-content\/uploads\/2025\/05\/frio_mcamgo_abr_180520221818-3_2025-04-15_20-46-56_jpg_2025-04-15_20-46-58-scaled.webp.webp?fit=1200%2C800&ssl=1&resize=350%2C200","width":350,"height":200,"srcset":"https:\/\/i0.wp.com\/noticiasribeiraopreto.com.br\/wp-content\/uploads\/2025\/05\/frio_mcamgo_abr_180520221818-3_2025-04-15_20-46-56_jpg_2025-04-15_20-46-58-scaled.webp.webp?fit=1200%2C800&ssl=1&resize=350%2C200 1x, https:\/\/i0.wp.com\/noticiasribeiraopreto.com.br\/wp-content\/uploads\/2025\/05\/frio_mcamgo_abr_180520221818-3_2025-04-15_20-46-56_jpg_2025-04-15_20-46-58-scaled.webp.webp?fit=1200%2C800&ssl=1&resize=525%2C300 1.5x, https:\/\/i0.wp.com\/noticiasribeiraopreto.com.br\/wp-content\/uploads\/2025\/05\/frio_mcamgo_abr_180520221818-3_2025-04-15_20-46-56_jpg_2025-04-15_20-46-58-scaled.webp.webp?fit=1200%2C800&ssl=1&resize=700%2C400 2x, https:\/\/i0.wp.com\/noticiasribeiraopreto.com.br\/wp-content\/uploads\/2025\/05\/frio_mcamgo_abr_180520221818-3_2025-04-15_20-46-56_jpg_2025-04-15_20-46-58-scaled.webp.webp?fit=1200%2C800&ssl=1&resize=1050%2C600 3x"},"classes":[]},{"id":53361,"url":"https:\/\/noticiasribeiraopreto.com.br\/index.php\/2024\/06\/19\/saiba-quando-deve-chegar-o-frio-no-interior-de-sp-durante-o-inverno\/","url_meta":{"origin":72812,"position":2},"title":"Saiba quando deve chegar o frio no interior de SP durante o inverno","author":"noticiasribeiraopreto.com.br","date":"19 de June de 2024","format":false,"excerpt":"O inverno de 2024 come\u00e7a nesta quinta-feira (20), \u00e0s 17h51, pelo hor\u00e1rio de Bras\u00edlia. De acordo com a Climatempo, a esta\u00e7\u00e3o ser\u00e1 marcada pelo tempo seco no interior de S\u00e3o Paulo, mas o ar frio polar pode chegar a algumas ocasi\u00f5es no m\u00eas de julho. Chuva? Os meteorologistas apontam que\u2026","rel":"","context":"In &quot;Not\u00edcias de Ribeir\u00e3o Preto-SP e Regi\u00e3o&quot;","block_context":{"text":"Not\u00edcias de Ribeir\u00e3o Preto-SP e Regi\u00e3o","link":"https:\/\/noticiasribeiraopreto.com.br\/index.php\/category\/noticias-de-ribeirao-preto-sp-e-regiao-ismael-colosi\/"},"img":{"alt_text":"","src":"https:\/\/i0.wp.com\/noticiasribeiraopreto.com.br\/wp-content\/uploads\/2024\/06\/no_inverno_1024x576_03072020100617.jpg?fit=1024%2C576&ssl=1&resize=350%2C200","width":350,"height":200,"srcset":"https:\/\/i0.wp.com\/noticiasribeiraopreto.com.br\/wp-content\/uploads\/2024\/06\/no_inverno_1024x576_03072020100617.jpg?fit=1024%2C576&ssl=1&resize=350%2C200 1x, https:\/\/i0.wp.com\/noticiasribeiraopreto.com.br\/wp-content\/uploads\/2024\/06\/no_inverno_1024x576_03072020100617.jpg?fit=1024%2C576&ssl=1&resize=525%2C300 1.5x, https:\/\/i0.wp.com\/noticiasribeiraopreto.com.br\/wp-content\/uploads\/2024\/06\/no_inverno_1024x576_03072020100617.jpg?fit=1024%2C576&ssl=1&resize=700%2C400 2x"},"classes":[]},{"id":72374,"url":"https:\/\/noticiasribeiraopreto.com.br\/index.php\/2025\/06\/16\/frio-intenso-ou-ameno-veja-a-previsao-do-tempo-para-o-inverno-2025\/","url_meta":{"origin":72812,"position":3},"title":"Frio intenso ou ameno? Veja a previs\u00e3o do tempo para o inverno 2025","author":"noticiasribeiraopreto.com.br","date":"16 de June de 2025","format":false,"excerpt":"O outono est\u00e1 na sua reta final. Nesta sexta-feira (20), \u00e0s 23h42 (hor\u00e1rio de Bras\u00edlia), come\u00e7a o inverno no Brasil. A esta\u00e7\u00e3o, no entanto, deve apresentar temperaturas m\u00e9dias a mais elevadas em grande parte do Brasil. De acordo com os especialistas, os maiores desvios de temperatura est\u00e3o previstos para as\u2026","rel":"","context":"In &quot;Not\u00edcias de Ribeir\u00e3o Preto-SP e Regi\u00e3o&quot;","block_context":{"text":"Not\u00edcias de Ribeir\u00e3o Preto-SP e Regi\u00e3o","link":"https:\/\/noticiasribeiraopreto.com.br\/index.php\/category\/noticias-de-ribeirao-preto-sp-e-regiao-ismael-colosi\/"},"img":{"alt_text":"","src":"https:\/\/i0.wp.com\/noticiasribeiraopreto.com.br\/wp-content\/uploads\/2025\/06\/AnyConv.com__frio.webp.webp?fit=1200%2C800&ssl=1&resize=350%2C200","width":350,"height":200,"srcset":"https:\/\/i0.wp.com\/noticiasribeiraopreto.com.br\/wp-content\/uploads\/2025\/06\/AnyConv.com__frio.webp.webp?fit=1200%2C800&ssl=1&resize=350%2C200 1x, https:\/\/i0.wp.com\/noticiasribeiraopreto.com.br\/wp-content\/uploads\/2025\/06\/AnyConv.com__frio.webp.webp?fit=1200%2C800&ssl=1&resize=525%2C300 1.5x, https:\/\/i0.wp.com\/noticiasribeiraopreto.com.br\/wp-content\/uploads\/2025\/06\/AnyConv.com__frio.webp.webp?fit=1200%2C800&ssl=1&resize=700%2C400 2x, https:\/\/i0.wp.com\/noticiasribeiraopreto.com.br\/wp-content\/uploads\/2025\/06\/AnyConv.com__frio.webp.webp?fit=1200%2C800&ssl=1&resize=1050%2C600 3x"},"classes":[]},{"id":53567,"url":"https:\/\/noticiasribeiraopreto.com.br\/index.php\/2024\/06\/21\/como-fica-o-tempo-no-primeiro-fim-de-semana-do-inverno-confira-previsao-no-interior-de-sp\/","url_meta":{"origin":72812,"position":4},"title":"Como fica o tempo no primeiro fim de semana do inverno? Confira previs\u00e3o no interior de SP","author":"noticiasribeiraopreto.com.br","date":"21 de June de 2024","format":false,"excerpt":"O inverno come\u00e7ou na tarde desta quinta-feira (20), mas as temperaturas ainda devem continuar altas \u00e0 tarde no interior de S\u00e3o Paulo. Segundo a Climatempo, as quedas mais bruscas de temperatura na regi\u00e3o Sudeste s\u00e3o esperadas somente para o fim da esta\u00e7\u00e3o, em agosto e setembro, quando a frequ\u00eancia de\u2026","rel":"","context":"In &quot;Not\u00edcias de Ribeir\u00e3o Preto-SP e Regi\u00e3o&quot;","block_context":{"text":"Not\u00edcias de Ribeir\u00e3o Preto-SP e Regi\u00e3o","link":"https:\/\/noticiasribeiraopreto.com.br\/index.php\/category\/noticias-de-ribeirao-preto-sp-e-regiao-ismael-colosi\/"},"img":{"alt_text":"","src":"https:\/\/i0.wp.com\/noticiasribeiraopreto.com.br\/wp-content\/uploads\/2024\/06\/WhatsApp-Image-2023-09-14-at-09.35.50.jpeg?fit=1200%2C675&ssl=1&resize=350%2C200","width":350,"height":200,"srcset":"https:\/\/i0.wp.com\/noticiasribeiraopreto.com.br\/wp-content\/uploads\/2024\/06\/WhatsApp-Image-2023-09-14-at-09.35.50.jpeg?fit=1200%2C675&ssl=1&resize=350%2C200 1x, https:\/\/i0.wp.com\/noticiasribeiraopreto.com.br\/wp-content\/uploads\/2024\/06\/WhatsApp-Image-2023-09-14-at-09.35.50.jpeg?fit=1200%2C675&ssl=1&resize=525%2C300 1.5x, https:\/\/i0.wp.com\/noticiasribeiraopreto.com.br\/wp-content\/uploads\/2024\/06\/WhatsApp-Image-2023-09-14-at-09.35.50.jpeg?fit=1200%2C675&ssl=1&resize=700%2C400 2x, https:\/\/i0.wp.com\/noticiasribeiraopreto.com.br\/wp-content\/uploads\/2024\/06\/WhatsApp-Image-2023-09-14-at-09.35.50.jpeg?fit=1200%2C675&ssl=1&resize=1050%2C600 3x"},"classes":[]},{"id":53498,"url":"https:\/\/noticiasribeiraopreto.com.br\/index.php\/2024\/06\/20\/massas-de-ar-frio-e-temperatura-acima-da-media-devem-marcar-o-inverno-no-interior-de-sp\/","url_meta":{"origin":72812,"position":5},"title":"Massas de ar frio e temperatura acima da m\u00e9dia devem marcar o inverno no interior de SP","author":"noticiasribeiraopreto.com.br","date":"20 de June de 2024","format":false,"excerpt":"O Inmet (Instituto Nacional de Meteorologia) aponta que o interior de S\u00e3o Paulo deve receber massas de ar frio no inverno 2024, mas as temperaturas devem ficar acima da m\u00e9dia. O \u00f3rg\u00e3o informa que a previs\u00e3o para o inverno indica predom\u00ednio de chuva abaixo da m\u00e9dia, por\u00e9m n\u00e3o se descarta\u2026","rel":"","context":"In &quot;Not\u00edcias de Ribeir\u00e3o Preto-SP e Regi\u00e3o&quot;","block_context":{"text":"Not\u00edcias de Ribeir\u00e3o Preto-SP e Regi\u00e3o","link":"https:\/\/noticiasribeiraopreto.com.br\/index.php\/category\/noticias-de-ribeirao-preto-sp-e-regiao-ismael-colosi\/"},"img":{"alt_text":"","src":"https:\/\/i0.wp.com\/noticiasribeiraopreto.com.br\/wp-content\/uploads\/2024\/06\/AnyConv.com__inverno_2024-06-20_17-55-25.webp.webp?fit=1200%2C800&ssl=1&resize=350%2C200","width":350,"height":200,"srcset":"https:\/\/i0.wp.com\/noticiasribeiraopreto.com.br\/wp-content\/uploads\/2024\/06\/AnyConv.com__inverno_2024-06-20_17-55-25.webp.webp?fit=1200%2C800&ssl=1&resize=350%2C200 1x, https:\/\/i0.wp.com\/noticiasribeiraopreto.com.br\/wp-content\/uploads\/2024\/06\/AnyConv.com__inverno_2024-06-20_17-55-25.webp.webp?fit=1200%2C800&ssl=1&resize=525%2C300 1.5x, https:\/\/i0.wp.com\/noticiasribeiraopreto.com.br\/wp-content\/uploads\/2024\/06\/AnyConv.com__inverno_2024-06-20_17-55-25.webp.webp?fit=1200%2C800&ssl=1&resize=700%2C400 2x, https:\/\/i0.wp.com\/noticiasribeiraopreto.com.br\/wp-content\/uploads\/2024\/06\/AnyConv.com__inverno_2024-06-20_17-55-25.webp.webp?fit=1200%2C800&ssl=1&resize=1050%2C600 3x"},"classes":[]}],"jetpack_sharing_enabled":true,"jetpack_shortlink":"https:\/\/wp.me\/peQAOb-iWo","_links":{"self":[{"href":"https:\/\/noticiasribeiraopreto.com.br\/index.php\/wp-json\/wp\/v2\/posts\/72812","targetHints":{"allow":["GET"]}}],"collection":[{"href":"https:\/\/noticiasribeiraopreto.com.br\/index.php\/wp-json\/wp\/v2\/posts"}],"about":[{"href":"https:\/\/noticiasribeiraopreto.com.br\/index.php\/wp-json\/wp\/v2\/types\/post"}],"author":[{"embeddable":true,"href":"https:\/\/noticiasribeiraopreto.com.br\/index.php\/wp-json\/wp\/v2\/users\/1"}],"replies":[{"embeddable":true,"href":"https:\/\/noticiasribeiraopreto.com.br\/index.php\/wp-json\/wp\/v2\/comments?post=72812"}],"version-history":[{"count":0,"href":"https:\/\/noticiasribeiraopreto.com.br\/index.php\/wp-json\/wp\/v2\/posts\/72812\/revisions"}],"wp:featuredmedia":[{"embeddable":true,"href":"https:\/\/noticiasribeiraopreto.com.br\/index.php\/wp-json\/wp\/v2\/media\/72813"}],"wp:attachment":[{"href":"https:\/\/noticiasribeiraopreto.com.br\/index.php\/wp-json\/wp\/v2\/media?parent=72812"}],"wp:term":[{"taxonomy":"category","embeddable":true,"href":"https:\/\/noticiasribeiraopreto.com.br\/index.php\/wp-json\/wp\/v2\/categories?post=72812"},{"taxonomy":"post_tag","embeddable":true,"href":"https:\/\/noticiasribeiraopreto.com.br\/index.php\/wp-json\/wp\/v2\/tags?post=72812"}],"curies":[{"name":"wp","href":"https:\/\/api.w.org\/{rel}","templated":true}]}}