{"id":72814,"date":"2025-06-21T14:16:57","date_gmt":"2025-06-21T17:16:57","guid":{"rendered":"https:\/\/noticiasribeiraopreto.com.br\/index.php\/2025\/06\/21\/theatro-pedro-ii-recebe-peca-com-vera-fisher-e-leonardo-franco-veja-quando\/"},"modified":"2025-06-21T14:16:57","modified_gmt":"2025-06-21T17:16:57","slug":"theatro-pedro-ii-recebe-peca-com-vera-fisher-e-leonardo-franco-veja-quando","status":"publish","type":"post","link":"https:\/\/noticiasribeiraopreto.com.br\/index.php\/2025\/06\/21\/theatro-pedro-ii-recebe-peca-com-vera-fisher-e-leonardo-franco-veja-quando\/","title":{"rendered":"Theatro Pedro II recebe pe\u00e7a com Vera Fisher e Leonardo Franco; veja quando"},"content":{"rendered":"<p> <br \/>\n<\/p>\n<div data-td-block-uid=\"tdi_95\">\n<div class=\"tdb-block-inner td-fix-index\">\n<p>O Theatro Pedro II, em Ribeir\u00e3o Preto, recebe <strong>nos dias 4 e 5 de julho<\/strong> os atores <strong>Vera Fischer <\/strong>e <strong>Leonardo Franco<\/strong> na com\u00e9dia \u201cO Casal Mais Sexy da Am\u00e9rica\u201d. O elenco tamb\u00e9m conta com a participa\u00e7\u00e3o de<strong> Vitor Thir\u00e9.<\/strong><\/p>\n<p>A <strong>com\u00e9dia in\u00e9dita no Brasil<\/strong> acompanha o reencontro, ap\u00f3s tr\u00eas d\u00e9cadas, de dois astros da TV que marcaram \u00e9poca como <em>\u201co casal mais sexy da Am\u00e9rica\u201d<\/em>. Durante anos, eles brilharam em uma das s\u00e9ries mais populares da televis\u00e3o. Hoje, Susan White (Vera Fischer) e Robert McAllister (Leonardo Franco) enfrentam dificuldades para conseguir novos trabalhos.<\/p>\n<p>Enquanto protagonizavam a s\u00e9rie, ambos eram casados com outras pessoas e precisaram reprimir o sentimento que nutriam um pelo outro. Agora, sozinhos e inseguros, se reencontram em um quarto de hotel.<\/p>\n<p>No entanto, o Boy do Hotel (Vitor Thir\u00e9) interrompe o reencontro diversas vezes com entradas inesperadas e os obriga a encarar o presente.<\/p>\n<h2 class=\"wp-block-heading\"><strong>Ingressos<\/strong><\/h2>\n<p>Os ingressos podem ser adquiridos on-line, atrav\u00e9s do site <strong><a href=\"https:\/\/megabilheteria.com\/evento\/temporada?id=20190430095139\">MegaBilheteria \u00a0(clique aqu<\/a>i)<\/strong>. Os pre\u00e7os variam entre <strong>R$ 100 a R$ 220<\/strong>.<\/p>\n<hr class=\"wp-block-separator has-alpha-channel-opacity\"\/>\n<p>SAIBA MAIS<\/p>\n<p>Inverno come\u00e7a com frio? Confira a previs\u00e3o do tempo<\/p>\n<h4 class=\"wp-block-heading\"><strong>FIQUE ON<\/strong><\/h4>\n<p>Fique ligado em tudo que acontece em Ribeir\u00e3o Preto e regi\u00e3o. Siga os perfis do\u00a0<strong>acidade on\u00a0<\/strong>no\u00a0<a href=\"https:\/\/www.instagram.com\/acidadeonribeirao\" target=\"_blank\" rel=\"noreferrer noopener\">Instagram<\/a>\u00a0e no\u00a0<a href=\"https:\/\/www.facebook.com\/acidadeonribeirao\" target=\"_blank\" rel=\"noreferrer noopener\">Facebook<\/a>.<\/p>\n<p>Receba not\u00edcias do acidade on no WhatsApp. Para entrar no grupo, basta\u00a0<a href=\"https:\/\/chat.whatsapp.com\/BjKQZ9oJwlz8VVT50NuePq\" target=\"_blank\" rel=\"noreferrer noopener\">clicar aqui<\/a>.<\/p>\n<p>Fa\u00e7a uma den\u00fancia ou sugira uma reportagem sobre Ribeir\u00e3o Preto e regi\u00e3o pelo WhatsApp: 16 99117 7802.<\/p>\n<p><strong>VEJA TAMB\u00c9M<\/strong><\/p>\n<p>Primeira onda de frio do inverno tem data para chegar ao estado de SP; Veja quando<\/p>\n<p><!-- CONTENT END 1 -->\n<\/div>\n<\/div>\n<p><script async src=\"\/\/www.instagram.com\/embed.js\"><\/script><br \/>\n<br \/><br \/>\n<br \/><a href=\"https:\/\/www.acidadeon.com\/ribeiraopreto\/lazer-e-cultura\/theatro-pedro-ii-recebe-peca-com-vera-fisher-e-leonardo-franco-veja-quando\/\">Source link <\/a><\/p>\n","protected":false},"excerpt":{"rendered":"<p>O Theatro Pedro II, em Ribeir\u00e3o Preto, recebe nos dias 4 e 5 de julho os atores Vera Fischer e Leonardo Franco na com\u00e9dia \u201cO&#8230;<\/p>\n","protected":false},"author":1,"featured_media":72815,"comment_status":"open","ping_status":"open","sticky":false,"template":"","format":"standard","meta":{"advanced_seo_description":"","jetpack_seo_html_title":"","jetpack_seo_noindex":false,"jetpack_post_was_ever_published":false,"_jetpack_newsletter_access":"","_jetpack_dont_email_post_to_subs":false,"_jetpack_newsletter_tier_id":0,"_jetpack_memberships_contains_paywalled_content":false,"_jetpack_memberships_contains_paid_content":false,"footnotes":"","jetpack_publicize_message":"","jetpack_publicize_feature_enabled":true,"jetpack_social_post_already_shared":true,"jetpack_social_options":{"image_generator_settings":{"template":"highway","default_image_id":0,"font":"","enabled":false},"version":2}},"categories":[11],"tags":[],"class_list":["post-72814","post","type-post","status-publish","format-standard","has-post-thumbnail","hentry","category-noticias-de-ribeirao-preto-sp-e-regiao-ismael-colosi"],"jetpack_publicize_connections":[],"jetpack_featured_media_url":"https:\/\/i0.wp.com\/noticiasribeiraopreto.com.br\/wp-content\/uploads\/2025\/06\/vera-fischer_2025-04-06_16-37-11_jpg_2025-04-06_16-37-11.webp.webp?fit=1078%2C825&ssl=1","jetpack-related-posts":[{"id":66859,"url":"https:\/\/noticiasribeiraopreto.com.br\/index.php\/2025\/04\/06\/vera-fischer-se-apresenta-com-leonardo-franco-no-theatro-pedro-ii-em-ribeirao-preto\/","url_meta":{"origin":72814,"position":0},"title":"Vera Fischer se apresenta com Leonardo Franco no Theatro Pedro II em Ribeir\u00e3o Preto","author":"noticiasribeiraopreto.com.br","date":"6 de April de 2025","format":false,"excerpt":"A atriz Vera Fischer chega ao Theatro Pedro II, em Ribeir\u00e3o Preto, para apresenta\u00e7\u00e3o da pe\u00e7a \u201cO Casal Mais Sexy da Am\u00e9rica\u201d. O espet\u00e1culo, que tamb\u00e9m conta com os atores Leonardo Franco e Vitor Thir\u00e9, ser\u00e1 apresentado nos dias 4 e 5 de julho, a partir das 20h. Os ingressos\u2026","rel":"","context":"In &quot;Not\u00edcias de Ribeir\u00e3o Preto-SP e Regi\u00e3o&quot;","block_context":{"text":"Not\u00edcias de Ribeir\u00e3o Preto-SP e Regi\u00e3o","link":"https:\/\/noticiasribeiraopreto.com.br\/index.php\/category\/noticias-de-ribeirao-preto-sp-e-regiao-ismael-colosi\/"},"img":{"alt_text":"","src":"https:\/\/i0.wp.com\/noticiasribeiraopreto.com.br\/wp-content\/uploads\/2025\/04\/vera-fischer_2025-04-06_16-37-11_jpg_2025-04-06_16-37-11.webp.webp?fit=1078%2C825&ssl=1&resize=350%2C200","width":350,"height":200,"srcset":"https:\/\/i0.wp.com\/noticiasribeiraopreto.com.br\/wp-content\/uploads\/2025\/04\/vera-fischer_2025-04-06_16-37-11_jpg_2025-04-06_16-37-11.webp.webp?fit=1078%2C825&ssl=1&resize=350%2C200 1x, https:\/\/i0.wp.com\/noticiasribeiraopreto.com.br\/wp-content\/uploads\/2025\/04\/vera-fischer_2025-04-06_16-37-11_jpg_2025-04-06_16-37-11.webp.webp?fit=1078%2C825&ssl=1&resize=525%2C300 1.5x, https:\/\/i0.wp.com\/noticiasribeiraopreto.com.br\/wp-content\/uploads\/2025\/04\/vera-fischer_2025-04-06_16-37-11_jpg_2025-04-06_16-37-11.webp.webp?fit=1078%2C825&ssl=1&resize=700%2C400 2x, https:\/\/i0.wp.com\/noticiasribeiraopreto.com.br\/wp-content\/uploads\/2025\/04\/vera-fischer_2025-04-06_16-37-11_jpg_2025-04-06_16-37-11.webp.webp?fit=1078%2C825&ssl=1&resize=1050%2C600 3x"},"classes":[]},{"id":73553,"url":"https:\/\/noticiasribeiraopreto.com.br\/index.php\/2025\/07\/04\/vera-fischer-em-cartaz-no-pedro-ii\/","url_meta":{"origin":72814,"position":1},"title":"Vera Fischer em cartaz no Pedro II","author":"noticiasribeiraopreto.com.br","date":"4 de July de 2025","format":false,"excerpt":"In\u00e9dita no Brasil, a com\u00e9dia \u201cO Casal Mais Sexy da Am\u00e9rica\u201d, escrita por Ken Levine, dirigida pelo premiado ribeir\u00e3o-pretano Tadeu Aguiar e estrelada por Vera Fischer, Leonardo Franco e Vitor Thir\u00e9, estar\u00e1 em cartaz no Theatro Pedro II, em Ribeir\u00e3o Preto, neste final de semana, dias 4 e 5 de\u2026","rel":"","context":"In &quot;Not\u00edcias de Ribeir\u00e3o Preto-SP e Regi\u00e3o&quot;","block_context":{"text":"Not\u00edcias de Ribeir\u00e3o Preto-SP e Regi\u00e3o","link":"https:\/\/noticiasribeiraopreto.com.br\/index.php\/category\/noticias-de-ribeirao-preto-sp-e-regiao-ismael-colosi\/"},"img":{"alt_text":"","src":"https:\/\/i0.wp.com\/noticiasribeiraopreto.com.br\/wp-content\/uploads\/2025\/07\/Sexy-Divulgacao-03.jpg?fit=826%2C1200&ssl=1&resize=350%2C200","width":350,"height":200,"srcset":"https:\/\/i0.wp.com\/noticiasribeiraopreto.com.br\/wp-content\/uploads\/2025\/07\/Sexy-Divulgacao-03.jpg?fit=826%2C1200&ssl=1&resize=350%2C200 1x, https:\/\/i0.wp.com\/noticiasribeiraopreto.com.br\/wp-content\/uploads\/2025\/07\/Sexy-Divulgacao-03.jpg?fit=826%2C1200&ssl=1&resize=525%2C300 1.5x, https:\/\/i0.wp.com\/noticiasribeiraopreto.com.br\/wp-content\/uploads\/2025\/07\/Sexy-Divulgacao-03.jpg?fit=826%2C1200&ssl=1&resize=700%2C400 2x"},"classes":[]},{"id":68860,"url":"https:\/\/noticiasribeiraopreto.com.br\/index.php\/2025\/04\/29\/comedia-inedita-traz-vera-fischer-para-rp\/","url_meta":{"origin":72814,"position":2},"title":"Com\u00e9dia in\u00e9dita traz Vera Fischer para RP\u00a0","author":"noticiasribeiraopreto.com.br","date":"29 de April de 2025","format":false,"excerpt":"In\u00e9dita no Brasil, a com\u00e9dia \u201cO Casal Mais Sexy da Am\u00e9rica\u201d, escrita por Ken Levine, dirigida pelo premiado ribeir\u00e3o-pretano Tadeu Aguiar e estrelada por Vera Fischer, Leonardo Franco e Vitor Thir\u00e9, estar\u00e1 em cartaz no Theatro Pedro II, em Ribeir\u00e3o Preto, nos dias 4 e 5 de julho, sexta-feira e\u2026","rel":"","context":"In &quot;Not\u00edcias de Ribeir\u00e3o Preto-SP e Regi\u00e3o&quot;","block_context":{"text":"Not\u00edcias de Ribeir\u00e3o Preto-SP e Regi\u00e3o","link":"https:\/\/noticiasribeiraopreto.com.br\/index.php\/category\/noticias-de-ribeirao-preto-sp-e-regiao-ismael-colosi\/"},"img":{"alt_text":"","src":"https:\/\/i0.wp.com\/noticiasribeiraopreto.com.br\/wp-content\/uploads\/2025\/04\/Sexy-Cas-Divulgacao-scaled.jpg?fit=800%2C532&ssl=1&resize=350%2C200","width":350,"height":200,"srcset":"https:\/\/i0.wp.com\/noticiasribeiraopreto.com.br\/wp-content\/uploads\/2025\/04\/Sexy-Cas-Divulgacao-scaled.jpg?fit=800%2C532&ssl=1&resize=350%2C200 1x, https:\/\/i0.wp.com\/noticiasribeiraopreto.com.br\/wp-content\/uploads\/2025\/04\/Sexy-Cas-Divulgacao-scaled.jpg?fit=800%2C532&ssl=1&resize=525%2C300 1.5x, https:\/\/i0.wp.com\/noticiasribeiraopreto.com.br\/wp-content\/uploads\/2025\/04\/Sexy-Cas-Divulgacao-scaled.jpg?fit=800%2C532&ssl=1&resize=700%2C400 2x"},"classes":[]},{"id":73547,"url":"https:\/\/noticiasribeiraopreto.com.br\/index.php\/2025\/07\/04\/teatro-paulo-ricardo-e-aeromodelismo-o-que-fazer-no-fim-de-semana-em-ribeirao-e-regiao\/","url_meta":{"origin":72814,"position":3},"title":"Teatro, Paulo Ricardo e aeromodelismo: o que fazer no fim de semana em Ribeir\u00e3o e regi\u00e3o?","author":"noticiasribeiraopreto.com.br","date":"4 de July de 2025","format":false,"excerpt":"O fim de semana em Ribeir\u00e3o Preto e regi\u00e3o conta com diversas op\u00e7\u00f5es de lazer para quem deseja aproveitar fora de casa. Os destaques da programa\u00e7\u00e3o s\u00e3o: a apresenta\u00e7\u00e3o de Vera Fisher e Leonardo Franco no Theatro Pedro II, o show de Paulo Ricardo no Multiplan Hall e o encontro\u2026","rel":"","context":"In &quot;Not\u00edcias de Ribeir\u00e3o Preto-SP e Regi\u00e3o&quot;","block_context":{"text":"Not\u00edcias de Ribeir\u00e3o Preto-SP e Regi\u00e3o","link":"https:\/\/noticiasribeiraopreto.com.br\/index.php\/category\/noticias-de-ribeirao-preto-sp-e-regiao-ismael-colosi\/"},"img":{"alt_text":"","src":"https:\/\/i0.wp.com\/noticiasribeiraopreto.com.br\/wp-content\/uploads\/2025\/07\/Copia-de-Copia-de-Copia-de-TAMANHO-EXATO-PARA-FOTOS-NO-SISTEMA-NOVO-2025-07-04T121048.915_2025-07-04_15-11-02.webp.webp?fit=1200%2C675&ssl=1&resize=350%2C200","width":350,"height":200,"srcset":"https:\/\/i0.wp.com\/noticiasribeiraopreto.com.br\/wp-content\/uploads\/2025\/07\/Copia-de-Copia-de-Copia-de-TAMANHO-EXATO-PARA-FOTOS-NO-SISTEMA-NOVO-2025-07-04T121048.915_2025-07-04_15-11-02.webp.webp?fit=1200%2C675&ssl=1&resize=350%2C200 1x, https:\/\/i0.wp.com\/noticiasribeiraopreto.com.br\/wp-content\/uploads\/2025\/07\/Copia-de-Copia-de-Copia-de-TAMANHO-EXATO-PARA-FOTOS-NO-SISTEMA-NOVO-2025-07-04T121048.915_2025-07-04_15-11-02.webp.webp?fit=1200%2C675&ssl=1&resize=525%2C300 1.5x, https:\/\/i0.wp.com\/noticiasribeiraopreto.com.br\/wp-content\/uploads\/2025\/07\/Copia-de-Copia-de-Copia-de-TAMANHO-EXATO-PARA-FOTOS-NO-SISTEMA-NOVO-2025-07-04T121048.915_2025-07-04_15-11-02.webp.webp?fit=1200%2C675&ssl=1&resize=700%2C400 2x, https:\/\/i0.wp.com\/noticiasribeiraopreto.com.br\/wp-content\/uploads\/2025\/07\/Copia-de-Copia-de-Copia-de-TAMANHO-EXATO-PARA-FOTOS-NO-SISTEMA-NOVO-2025-07-04T121048.915_2025-07-04_15-11-02.webp.webp?fit=1200%2C675&ssl=1&resize=1050%2C600 3x"},"classes":[]},{"id":56256,"url":"https:\/\/noticiasribeiraopreto.com.br\/index.php\/2024\/08\/12\/theatro-pedro-ii-em-ribeirao-preto-recebe-show-de-comedia-embrulha-pra-viagem\/","url_meta":{"origin":72814,"position":4},"title":"Theatro Pedro II em Ribeir\u00e3o Preto recebe show de com\u00e9dia \u2018Embrulha Pra Viagem\u2019","author":"noticiasribeiraopreto.com.br","date":"12 de August de 2024","format":false,"excerpt":"Os atores Marcelo Laham, Maur\u00edcio de Barros e Willian Mezzacapa, apresentam o show de com\u00e9dia \u201cEmbrulha Pra Viagem \u2013 Ao Vivo\u201d, no Theatro Pedro II, em Ribeir\u00e3o Preto, no dia 6 de setembro, \u00e0s 20h. No espet\u00e1culo se apresentam mais de 20 personagens do grupo, que se revezam em um\u2026","rel":"","context":"In &quot;Not\u00edcias de Ribeir\u00e3o Preto-SP e Regi\u00e3o&quot;","block_context":{"text":"Not\u00edcias de Ribeir\u00e3o Preto-SP e Regi\u00e3o","link":"https:\/\/noticiasribeiraopreto.com.br\/index.php\/category\/noticias-de-ribeirao-preto-sp-e-regiao-ismael-colosi\/"},"img":{"alt_text":"","src":"https:\/\/i0.wp.com\/noticiasribeiraopreto.com.br\/wp-content\/uploads\/2024\/08\/Copia-de-Copia-de-TAMANHO-EXATO-PARA-FOTOS-NO-SISTEMA-NOVO-43_2024-08-12_13-27-40_jpg_2024-08-12_13-27-40.webp.webp?fit=1200%2C675&ssl=1&resize=350%2C200","width":350,"height":200,"srcset":"https:\/\/i0.wp.com\/noticiasribeiraopreto.com.br\/wp-content\/uploads\/2024\/08\/Copia-de-Copia-de-TAMANHO-EXATO-PARA-FOTOS-NO-SISTEMA-NOVO-43_2024-08-12_13-27-40_jpg_2024-08-12_13-27-40.webp.webp?fit=1200%2C675&ssl=1&resize=350%2C200 1x, https:\/\/i0.wp.com\/noticiasribeiraopreto.com.br\/wp-content\/uploads\/2024\/08\/Copia-de-Copia-de-TAMANHO-EXATO-PARA-FOTOS-NO-SISTEMA-NOVO-43_2024-08-12_13-27-40_jpg_2024-08-12_13-27-40.webp.webp?fit=1200%2C675&ssl=1&resize=525%2C300 1.5x, https:\/\/i0.wp.com\/noticiasribeiraopreto.com.br\/wp-content\/uploads\/2024\/08\/Copia-de-Copia-de-TAMANHO-EXATO-PARA-FOTOS-NO-SISTEMA-NOVO-43_2024-08-12_13-27-40_jpg_2024-08-12_13-27-40.webp.webp?fit=1200%2C675&ssl=1&resize=700%2C400 2x, https:\/\/i0.wp.com\/noticiasribeiraopreto.com.br\/wp-content\/uploads\/2024\/08\/Copia-de-Copia-de-TAMANHO-EXATO-PARA-FOTOS-NO-SISTEMA-NOVO-43_2024-08-12_13-27-40_jpg_2024-08-12_13-27-40.webp.webp?fit=1200%2C675&ssl=1&resize=1050%2C600 3x"},"classes":[]},{"id":72826,"url":"https:\/\/noticiasribeiraopreto.com.br\/index.php\/2025\/06\/21\/bale-russo-apresenta-gala-concert-em-ribeirao-preto-veja-como-comprar-ingressos\/","url_meta":{"origin":72814,"position":5},"title":"Bal\u00e9 russo apresenta &#8216;Gala Concert&#8217; em Ribeir\u00e3o Preto; veja como comprar ingressos","author":"noticiasribeiraopreto.com.br","date":"21 de June de 2025","format":false,"excerpt":"A companhia de bal\u00e9 russa, The Moscow Ballet se apresenta na pr\u00f3xima quinta-feira (3), no Theatro Pedro II, localizado no Centro de Ribeir\u00e3o Preto, com o espet\u00e1culo \u201cGala Concert\u201d. Os ingressos ainda est\u00e3o dispon\u00edveis e podem ser adquiridos tanto on-line quanto presencialmente. \u2013 veja como abaixo como garantir o seu.\u2026","rel":"","context":"In &quot;Not\u00edcias de Ribeir\u00e3o Preto-SP e Regi\u00e3o&quot;","block_context":{"text":"Not\u00edcias de Ribeir\u00e3o Preto-SP e Regi\u00e3o","link":"https:\/\/noticiasribeiraopreto.com.br\/index.php\/category\/noticias-de-ribeirao-preto-sp-e-regiao-ismael-colosi\/"},"img":{"alt_text":"","src":"https:\/\/i0.wp.com\/noticiasribeiraopreto.com.br\/wp-content\/uploads\/2025\/06\/Captura-de-tela-2025-06-18-201356-1.webp.webp?fit=1200%2C900&ssl=1&resize=350%2C200","width":350,"height":200,"srcset":"https:\/\/i0.wp.com\/noticiasribeiraopreto.com.br\/wp-content\/uploads\/2025\/06\/Captura-de-tela-2025-06-18-201356-1.webp.webp?fit=1200%2C900&ssl=1&resize=350%2C200 1x, https:\/\/i0.wp.com\/noticiasribeiraopreto.com.br\/wp-content\/uploads\/2025\/06\/Captura-de-tela-2025-06-18-201356-1.webp.webp?fit=1200%2C900&ssl=1&resize=525%2C300 1.5x, https:\/\/i0.wp.com\/noticiasribeiraopreto.com.br\/wp-content\/uploads\/2025\/06\/Captura-de-tela-2025-06-18-201356-1.webp.webp?fit=1200%2C900&ssl=1&resize=700%2C400 2x, https:\/\/i0.wp.com\/noticiasribeiraopreto.com.br\/wp-content\/uploads\/2025\/06\/Captura-de-tela-2025-06-18-201356-1.webp.webp?fit=1200%2C900&ssl=1&resize=1050%2C600 3x"},"classes":[]}],"jetpack_sharing_enabled":true,"jetpack_shortlink":"https:\/\/wp.me\/peQAOb-iWq","_links":{"self":[{"href":"https:\/\/noticiasribeiraopreto.com.br\/index.php\/wp-json\/wp\/v2\/posts\/72814","targetHints":{"allow":["GET"]}}],"collection":[{"href":"https:\/\/noticiasribeiraopreto.com.br\/index.php\/wp-json\/wp\/v2\/posts"}],"about":[{"href":"https:\/\/noticiasribeiraopreto.com.br\/index.php\/wp-json\/wp\/v2\/types\/post"}],"author":[{"embeddable":true,"href":"https:\/\/noticiasribeiraopreto.com.br\/index.php\/wp-json\/wp\/v2\/users\/1"}],"replies":[{"embeddable":true,"href":"https:\/\/noticiasribeiraopreto.com.br\/index.php\/wp-json\/wp\/v2\/comments?post=72814"}],"version-history":[{"count":0,"href":"https:\/\/noticiasribeiraopreto.com.br\/index.php\/wp-json\/wp\/v2\/posts\/72814\/revisions"}],"wp:featuredmedia":[{"embeddable":true,"href":"https:\/\/noticiasribeiraopreto.com.br\/index.php\/wp-json\/wp\/v2\/media\/72815"}],"wp:attachment":[{"href":"https:\/\/noticiasribeiraopreto.com.br\/index.php\/wp-json\/wp\/v2\/media?parent=72814"}],"wp:term":[{"taxonomy":"category","embeddable":true,"href":"https:\/\/noticiasribeiraopreto.com.br\/index.php\/wp-json\/wp\/v2\/categories?post=72814"},{"taxonomy":"post_tag","embeddable":true,"href":"https:\/\/noticiasribeiraopreto.com.br\/index.php\/wp-json\/wp\/v2\/tags?post=72814"}],"curies":[{"name":"wp","href":"https:\/\/api.w.org\/{rel}","templated":true}]}}