{"id":72816,"date":"2025-06-21T14:52:13","date_gmt":"2025-06-21T17:52:13","guid":{"rendered":"https:\/\/noticiasribeiraopreto.com.br\/index.php\/2025\/06\/21\/mulher-e-agredida-pelo-companheiro-e-reage-com-facada\/"},"modified":"2025-06-21T14:52:13","modified_gmt":"2025-06-21T17:52:13","slug":"mulher-e-agredida-pelo-companheiro-e-reage-com-facada","status":"publish","type":"post","link":"https:\/\/noticiasribeiraopreto.com.br\/index.php\/2025\/06\/21\/mulher-e-agredida-pelo-companheiro-e-reage-com-facada\/","title":{"rendered":"Mulher \u00e9 agredida pelo companheiro e reage com facada"},"content":{"rendered":"<div class='code-block code-block-1' style='margin: 8px 0 8px auto; text-align: right; display: block; clear: both;'>\n<p><a href=\"https:\/\/wa.link\/vpicfd\"><img data-recalc-dims=\"1\" class=\"wp-image-4922\" style=\"aspect-ratio: 2.0253164556962027; width: 561px; height: auto;\" src=\"https:\/\/i0.wp.com\/ismaelcolosi.com.br\/wp-content\/uploads\/2023\/11\/grupo-de-empregos-whatsapp-e-facebook-ismael-colosi-vagas.jpg?ssl=1\" alt=\"\" \/><\/a><\/p>\n<!-- \/wp:image -->\n<\/div>\n<p> <br \/>\n<\/p>\n<div>\n<p>Na manh\u00e3 deste s\u00e1bado (22), a Guarda Civil Metropolitana (GCM) foi acionada para atender uma ocorr\u00eancia de viol\u00eancia dom\u00e9stica registrada na Unidade de Pronto Atendimento (UPA) da Cuiab\u00e1, na zona Oeste de Ribeir\u00e3o Preto.<\/p>\n<p>De acordo com informa\u00e7\u00f5es da corpora\u00e7\u00e3o, a v\u00edtima, uma mulher, deu entrada na unidade de sa\u00fade com o rosto desfigurado, apresentando v\u00e1rias fraturas causadas por agress\u00f5es f\u00edsicas. Segundo o relato, ela foi atacada pelo companheiro ap\u00f3s uma discuss\u00e3o e, ao tentar se defender, desferiu um golpe de faca contra o agressor, atingindo-o no t\u00f3rax, com perfura\u00e7\u00e3o no pulm\u00e3o.<\/p>\n<p>A GCM foi chamada por meio do telefone 153, ap\u00f3s uma amiga da v\u00edtima entrar em contato com o comando. A equipe se deslocou at\u00e9 a UPA, onde colheu os primeiros depoimentos.<\/p>\n<p>O agressor foi socorrido e encaminhado \u00e0 Santa Casa de Ribeir\u00e3o Preto, onde permanece internado sob escolta da GCM. Conforme informa\u00e7\u00f5es preliminares, ele n\u00e3o deve receber alta m\u00e9dica ainda neste s\u00e1bado.<\/p>\n<p>A delegada de plant\u00e3o da Delegacia de Defesa da Mulher (DDM) esteve pessoalmente na unidade de sa\u00fade para acompanhar o caso e j\u00e1 colheu os depoimentos da v\u00edtima e do suspeito. De acordo com os relatos, a briga teria come\u00e7ado ap\u00f3s a mulher supostamente esconder a chave da motocicleta do companheiro, o que teria motivado a s\u00e9rie de agress\u00f5es. O homem teria agido sob efeito de bebida alco\u00f3lica.<\/p>\n<p>O caso segue em investiga\u00e7\u00e3o pela DDM e a delegada deve ouvir uma testemunha nas pr\u00f3ximas horas para concluir os procedimentos legais.<\/p>\n<p>Na manh\u00e3 deste s\u00e1bado (22), a Guarda Civil Metropolitana (GCM) foi acionada para atender uma ocorr\u00eancia de viol\u00eancia dom\u00e9stica registrada na Unidade de Pronto Atendimento (UPA) da Cuiab\u00e1, na zona Oeste de Ribeir\u00e3o Preto.<\/p>\n<p>De acordo com informa\u00e7\u00f5es da corpora\u00e7\u00e3o, a v\u00edtima, uma mulher, deu entrada na unidade de sa\u00fade com o rosto desfigurado, apresentando v\u00e1rias fraturas causadas por agress\u00f5es f\u00edsicas. Segundo o relato, ela foi atacada pelo companheiro ap\u00f3s uma discuss\u00e3o e, ao tentar se defender, desferiu um golpe de faca contra o agressor, atingindo-o no t\u00f3rax, com perfura\u00e7\u00e3o no pulm\u00e3o.<\/p>\n<p>A GCM foi chamada por meio do telefone 153, ap\u00f3s uma amiga da v\u00edtima entrar em contato. A equipe se deslocou at\u00e9 a UPA para atendimento da ocorr\u00eancia.<\/p>\n<p>O agressor foi socorrido e encaminhado \u00e0 Santa Casa de Ribeir\u00e3o Preto, onde permanece internado sob escolta da GCM. Conforme informa\u00e7\u00f5es preliminares, ele n\u00e3o deve receber alta m\u00e9dica ainda neste s\u00e1bado.<\/p>\n<p>A delegada de plant\u00e3o da Delegacia de Defesa da Mulher (DDM) esteve pessoalmente na unidade de sa\u00fade para acompanhar o caso e j\u00e1 colheu os depoimentos da v\u00edtima e do suspeito. De acordo com os relatos, a briga teria come\u00e7ado ap\u00f3s a mulher supostamente esconder a chave da motocicleta do companheiro, o que teria motivado a s\u00e9rie de agress\u00f5es. O homem teria agido sob efeito de bebida alco\u00f3lica.<\/p>\n<p>O caso segue em investiga\u00e7\u00e3o pela DDM e a delegada deve ouvir uma testemunha nas pr\u00f3ximas horas para concluir os procedimentos legais.<\/p>\n<p>\u2014<\/p>\n<p>Jornal Tribuna Ribeir\u00e3o<\/p>\n<p>Um Jornal com a cara de Ribeir\u00e3o!<\/p>\n<p>Impresso | WEB | Redes sociais<\/p>\n<p>Tribuna Ribeir\u00e3o \u2013 Fone: (16) 3632-2200 \u2013 Whatsapp: (16) 98161-8743<\/p>\n<p>Av. Bar\u00e3o do Bananal, 880 \u2013 Jardim Anhanguera, Ribeir\u00e3o Preto<\/p>\n<p>@tribunaribeirao @meiaderibeirao @dinoderibeirao<\/p>\n<p>#TribunaRibeir\u00e3o #News #Not\u00edcia #Ribeir\u00e3oPreto #Not\u00edciasDeRibeir\u00e3oPreto<\/p>\n<p>#ClassificadosTribunaRibeir\u00e3o #Jornalismo #ClassificadosRibeir\u00e3o<\/p>\n<p>\u00a0<\/p>\n<\/div>\n<p><br \/>\n<br \/><a href=\"https:\/\/www.tribunaribeirao.com.br\/mulher-e-agredida-pelo-companheiro-e-reage-com-facada\/\">Source link <\/a><\/p>\n<!-- CONTENT END 1 -->\n","protected":false},"excerpt":{"rendered":"<p>Na manh\u00e3 deste s\u00e1bado (22), a Guarda Civil Metropolitana (GCM) foi acionada para atender uma ocorr\u00eancia de viol\u00eancia dom\u00e9stica registrada na Unidade de Pronto Atendimento&#8230;<\/p>\n","protected":false},"author":1,"featured_media":72817,"comment_status":"open","ping_status":"open","sticky":false,"template":"","format":"standard","meta":{"advanced_seo_description":"","jetpack_seo_html_title":"","jetpack_seo_noindex":false,"jetpack_post_was_ever_published":false,"_jetpack_newsletter_access":"","_jetpack_dont_email_post_to_subs":false,"_jetpack_newsletter_tier_id":0,"_jetpack_memberships_contains_paywalled_content":false,"_jetpack_memberships_contains_paid_content":false,"footnotes":"","jetpack_publicize_message":"","jetpack_publicize_feature_enabled":true,"jetpack_social_post_already_shared":true,"jetpack_social_options":{"image_generator_settings":{"template":"highway","default_image_id":0,"font":"","enabled":false},"version":2}},"categories":[11],"tags":[],"class_list":["post-72816","post","type-post","status-publish","format-standard","has-post-thumbnail","hentry","category-noticias-de-ribeirao-preto-sp-e-regiao-ismael-colosi"],"jetpack_publicize_connections":[],"jetpack_featured_media_url":"https:\/\/i0.wp.com\/noticiasribeiraopreto.com.br\/wp-content\/uploads\/2025\/06\/mulher_espancada-scaled.jpeg?fit=631%2C500&ssl=1","jetpack-related-posts":[{"id":75685,"url":"https:\/\/noticiasribeiraopreto.com.br\/index.php\/2025\/08\/13\/deficiente-auditivo-fica-ferido-apos-ser-atacado-por-cachorro-durante-briga-em-ribeirao\/","url_meta":{"origin":72816,"position":0},"title":"Deficiente auditivo fica ferido ap\u00f3s ser atacado por cachorro durante briga em Ribeir\u00e3o","author":"noticiasribeiraopreto.com.br","date":"13 de August de 2025","format":false,"excerpt":"Um homem com defici\u00eancia auditiva ficou gravemente ferido nesta quarta-feira (13) ap\u00f3s ser agredido por outro homem em situa\u00e7\u00e3o de rua e atacado por um cachorro de grande porte na Vila Tib\u00e9rio, em Ribeir\u00e3o Preto. De acordo com informa\u00e7\u00f5es da Guarda Civil Metropolitana (GCM), a v\u00edtima foi abordada pelo agressor,\u2026","rel":"","context":"In &quot;Not\u00edcias de Ribeir\u00e3o Preto-SP e Regi\u00e3o&quot;","block_context":{"text":"Not\u00edcias de Ribeir\u00e3o Preto-SP e Regi\u00e3o","link":"https:\/\/noticiasribeiraopreto.com.br\/index.php\/category\/noticias-de-ribeirao-preto-sp-e-regiao-ismael-colosi\/"},"img":{"alt_text":"","src":"https:\/\/i0.wp.com\/noticiasribeiraopreto.com.br\/wp-content\/uploads\/2025\/08\/Copia-de-Copia-de-Copia-de-TAMANHO-EXATO-PARA-FOTOS-NO-SISTEMA-NOVO-2025-08-13T155152.331_2025-08-13_18-52-09.webp.webp?fit=1200%2C675&ssl=1&resize=350%2C200","width":350,"height":200,"srcset":"https:\/\/i0.wp.com\/noticiasribeiraopreto.com.br\/wp-content\/uploads\/2025\/08\/Copia-de-Copia-de-Copia-de-TAMANHO-EXATO-PARA-FOTOS-NO-SISTEMA-NOVO-2025-08-13T155152.331_2025-08-13_18-52-09.webp.webp?fit=1200%2C675&ssl=1&resize=350%2C200 1x, https:\/\/i0.wp.com\/noticiasribeiraopreto.com.br\/wp-content\/uploads\/2025\/08\/Copia-de-Copia-de-Copia-de-TAMANHO-EXATO-PARA-FOTOS-NO-SISTEMA-NOVO-2025-08-13T155152.331_2025-08-13_18-52-09.webp.webp?fit=1200%2C675&ssl=1&resize=525%2C300 1.5x, https:\/\/i0.wp.com\/noticiasribeiraopreto.com.br\/wp-content\/uploads\/2025\/08\/Copia-de-Copia-de-Copia-de-TAMANHO-EXATO-PARA-FOTOS-NO-SISTEMA-NOVO-2025-08-13T155152.331_2025-08-13_18-52-09.webp.webp?fit=1200%2C675&ssl=1&resize=700%2C400 2x, https:\/\/i0.wp.com\/noticiasribeiraopreto.com.br\/wp-content\/uploads\/2025\/08\/Copia-de-Copia-de-Copia-de-TAMANHO-EXATO-PARA-FOTOS-NO-SISTEMA-NOVO-2025-08-13T155152.331_2025-08-13_18-52-09.webp.webp?fit=1200%2C675&ssl=1&resize=1050%2C600 3x"},"classes":[]},{"id":85264,"url":"https:\/\/noticiasribeiraopreto.com.br\/index.php\/2026\/04\/27\/mais-uma-mulher-e-vitima-de-feminicidio-em-rp\/","url_meta":{"origin":72816,"position":1},"title":"Mais uma mulher \u00e9 v\u00edtima de feminic\u00eddio em RP","author":"noticiasribeiraopreto.com.br","date":"27 de April de 2026","format":false,"excerpt":"\r Crime ocorreu na zona Norte da cidade e suspeito, que confessou o crime, foi preso horas depois na regi\u00e3o\r \r 27 de abril de 2026 09:53 \r Compartilhar1 | Por: Adalberto Luque | Uma mulher de 24 anos foi morta, neste s\u00e1bado (25) a facadas. O crime teria sido\u2026","rel":"","context":"In &quot;Not\u00edcias de Ribeir\u00e3o Preto-SP e Regi\u00e3o&quot;","block_context":{"text":"Not\u00edcias de Ribeir\u00e3o Preto-SP e Regi\u00e3o","link":"https:\/\/noticiasribeiraopreto.com.br\/index.php\/category\/noticias-de-ribeirao-preto-sp-e-regiao-ismael-colosi\/"},"img":{"alt_text":"","src":"https:\/\/i0.wp.com\/noticiasribeiraopreto.com.br\/wp-content\/uploads\/2026\/04\/27-abr-2026-feminicidiorp-scaled.jpg?fit=1200%2C670&ssl=1&resize=350%2C200","width":350,"height":200,"srcset":"https:\/\/i0.wp.com\/noticiasribeiraopreto.com.br\/wp-content\/uploads\/2026\/04\/27-abr-2026-feminicidiorp-scaled.jpg?fit=1200%2C670&ssl=1&resize=350%2C200 1x, https:\/\/i0.wp.com\/noticiasribeiraopreto.com.br\/wp-content\/uploads\/2026\/04\/27-abr-2026-feminicidiorp-scaled.jpg?fit=1200%2C670&ssl=1&resize=525%2C300 1.5x, https:\/\/i0.wp.com\/noticiasribeiraopreto.com.br\/wp-content\/uploads\/2026\/04\/27-abr-2026-feminicidiorp-scaled.jpg?fit=1200%2C670&ssl=1&resize=700%2C400 2x, https:\/\/i0.wp.com\/noticiasribeiraopreto.com.br\/wp-content\/uploads\/2026\/04\/27-abr-2026-feminicidiorp-scaled.jpg?fit=1200%2C670&ssl=1&resize=1050%2C600 3x"},"classes":[]},{"id":76561,"url":"https:\/\/noticiasribeiraopreto.com.br\/index.php\/2025\/08\/31\/mulher-morre-apos-ser-esfaqueada-na-regiao-de-ribeirao-policia-suspeita-de-feminicidio\/","url_meta":{"origin":72816,"position":2},"title":"Mulher morre ap\u00f3s ser esfaqueada na regi\u00e3o de Ribeir\u00e3o; pol\u00edcia suspeita de feminic\u00eddio","author":"noticiasribeiraopreto.com.br","date":"31 de August de 2025","format":false,"excerpt":"Uma mulher de 42 anos foi morta a facadas em Morro Agudo, cidade a 70 quil\u00f4metros de Ribeir\u00e3o Preto. O crime aconteceu na noite de s\u00e1bado (30), no bairro Alfredo Benedetti, e foi registrado como feminic\u00eddio. De acordo com o BO (boletim de ocorr\u00eancia), a filha de Suelen Cristina Hon\u00f3rio\u2026","rel":"","context":"In &quot;Not\u00edcias de Ribeir\u00e3o Preto-SP e Regi\u00e3o&quot;","block_context":{"text":"Not\u00edcias de Ribeir\u00e3o Preto-SP e Regi\u00e3o","link":"https:\/\/noticiasribeiraopreto.com.br\/index.php\/category\/noticias-de-ribeirao-preto-sp-e-regiao-ismael-colosi\/"},"img":{"alt_text":"","src":"https:\/\/i0.wp.com\/noticiasribeiraopreto.com.br\/wp-content\/uploads\/2025\/08\/suelen_2025-08-31_20-22-37.webp.webp?fit=1081%2C843&ssl=1&resize=350%2C200","width":350,"height":200,"srcset":"https:\/\/i0.wp.com\/noticiasribeiraopreto.com.br\/wp-content\/uploads\/2025\/08\/suelen_2025-08-31_20-22-37.webp.webp?fit=1081%2C843&ssl=1&resize=350%2C200 1x, https:\/\/i0.wp.com\/noticiasribeiraopreto.com.br\/wp-content\/uploads\/2025\/08\/suelen_2025-08-31_20-22-37.webp.webp?fit=1081%2C843&ssl=1&resize=525%2C300 1.5x, https:\/\/i0.wp.com\/noticiasribeiraopreto.com.br\/wp-content\/uploads\/2025\/08\/suelen_2025-08-31_20-22-37.webp.webp?fit=1081%2C843&ssl=1&resize=700%2C400 2x, https:\/\/i0.wp.com\/noticiasribeiraopreto.com.br\/wp-content\/uploads\/2025\/08\/suelen_2025-08-31_20-22-37.webp.webp?fit=1081%2C843&ssl=1&resize=1050%2C600 3x"},"classes":[]},{"id":59939,"url":"https:\/\/noticiasribeiraopreto.com.br\/index.php\/2024\/11\/01\/mulher-diz-ter-sido-agredida-pelo-ex-que-espancou-o-atual-em-ribeirao-preto\/","url_meta":{"origin":72816,"position":3},"title":"Mulher diz ter sido agredida pelo ex que espancou o atual em Ribeir\u00e3o Preto","author":"noticiasribeiraopreto.com.br","date":"1 de November de 2024","format":false,"excerpt":"A namorada do homem que foi espancando pelo ex-companheiro dela na madrugada de quinta-feira (31), na zona Norte de Ribeir\u00e3o Preto, disse que j\u00e1 foi v\u00edtima do agressor enquanto se relacionava com ele. Em entrevista \u00e0 EPTV, a mulher, que n\u00e3o quis se identificar, informou que conseguiu uma medida protetiva\u2026","rel":"","context":"In &quot;Not\u00edcias de Ribeir\u00e3o Preto-SP e Regi\u00e3o&quot;","block_context":{"text":"Not\u00edcias de Ribeir\u00e3o Preto-SP e Regi\u00e3o","link":"https:\/\/noticiasribeiraopreto.com.br\/index.php\/category\/noticias-de-ribeirao-preto-sp-e-regiao-ismael-colosi\/"},"img":{"alt_text":"","src":"https:\/\/i0.wp.com\/noticiasribeiraopreto.com.br\/wp-content\/uploads\/2024\/11\/Copia-de-Copia-de-Copia-de-TAMANHO-EXATO-PARA-FOTOS-NO-SISTEMA-NOVO-2024-11-01T170410.570_2024-11-01_20-04-26_png_2024-11-01_20-04-26.webp.webp?fit=1200%2C675&ssl=1&resize=350%2C200","width":350,"height":200,"srcset":"https:\/\/i0.wp.com\/noticiasribeiraopreto.com.br\/wp-content\/uploads\/2024\/11\/Copia-de-Copia-de-Copia-de-TAMANHO-EXATO-PARA-FOTOS-NO-SISTEMA-NOVO-2024-11-01T170410.570_2024-11-01_20-04-26_png_2024-11-01_20-04-26.webp.webp?fit=1200%2C675&ssl=1&resize=350%2C200 1x, https:\/\/i0.wp.com\/noticiasribeiraopreto.com.br\/wp-content\/uploads\/2024\/11\/Copia-de-Copia-de-Copia-de-TAMANHO-EXATO-PARA-FOTOS-NO-SISTEMA-NOVO-2024-11-01T170410.570_2024-11-01_20-04-26_png_2024-11-01_20-04-26.webp.webp?fit=1200%2C675&ssl=1&resize=525%2C300 1.5x, https:\/\/i0.wp.com\/noticiasribeiraopreto.com.br\/wp-content\/uploads\/2024\/11\/Copia-de-Copia-de-Copia-de-TAMANHO-EXATO-PARA-FOTOS-NO-SISTEMA-NOVO-2024-11-01T170410.570_2024-11-01_20-04-26_png_2024-11-01_20-04-26.webp.webp?fit=1200%2C675&ssl=1&resize=700%2C400 2x, https:\/\/i0.wp.com\/noticiasribeiraopreto.com.br\/wp-content\/uploads\/2024\/11\/Copia-de-Copia-de-Copia-de-TAMANHO-EXATO-PARA-FOTOS-NO-SISTEMA-NOVO-2024-11-01T170410.570_2024-11-01_20-04-26_png_2024-11-01_20-04-26.webp.webp?fit=1200%2C675&ssl=1&resize=1050%2C600 3x"},"classes":[]},{"id":47895,"url":"https:\/\/noticiasribeiraopreto.com.br\/index.php\/2024\/04\/29\/morre-jovem-baleada-por-companheiro-em-ribeirao-preto\/","url_meta":{"origin":72816,"position":4},"title":"Morre jovem baleada por companheiro em Ribeir\u00e3o Preto","author":"noticiasribeiraopreto.com.br","date":"29 de April de 2024","format":false,"excerpt":"A jovem de 19 anos, identificada como Ana Julia dos Santos Borsoi Pereira, v\u00edtima de um disparo acidental realizado pelo companheiro, em um apartamento da zona Leste de Ribeir\u00e3o Preto, morreu neste domingo (28). A informa\u00e7\u00e3o foi confirmada por familiares da v\u00edtima ao portal acidade on. O caso aconteceu no\u2026","rel":"","context":"In &quot;Not\u00edcias de Ribeir\u00e3o Preto-SP e Regi\u00e3o&quot;","block_context":{"text":"Not\u00edcias de Ribeir\u00e3o Preto-SP e Regi\u00e3o","link":"https:\/\/noticiasribeiraopreto.com.br\/index.php\/category\/noticias-de-ribeirao-preto-sp-e-regiao-ismael-colosi\/"},"img":{"alt_text":"","src":"https:\/\/i0.wp.com\/noticiasribeiraopreto.com.br\/wp-content\/uploads\/2024\/04\/1714407794_cpj_1024x576_21012021092745.jpg?fit=1024%2C575&ssl=1&resize=350%2C200","width":350,"height":200,"srcset":"https:\/\/i0.wp.com\/noticiasribeiraopreto.com.br\/wp-content\/uploads\/2024\/04\/1714407794_cpj_1024x576_21012021092745.jpg?fit=1024%2C575&ssl=1&resize=350%2C200 1x, https:\/\/i0.wp.com\/noticiasribeiraopreto.com.br\/wp-content\/uploads\/2024\/04\/1714407794_cpj_1024x576_21012021092745.jpg?fit=1024%2C575&ssl=1&resize=525%2C300 1.5x, https:\/\/i0.wp.com\/noticiasribeiraopreto.com.br\/wp-content\/uploads\/2024\/04\/1714407794_cpj_1024x576_21012021092745.jpg?fit=1024%2C575&ssl=1&resize=700%2C400 2x"},"classes":[]},{"id":59915,"url":"https:\/\/noticiasribeiraopreto.com.br\/index.php\/2024\/11\/01\/homem-e-espancado-pelo-ex-companheiro-da-namorada-em-ribeirao-preto\/","url_meta":{"origin":72816,"position":5},"title":"Homem \u00e9 espancado pelo ex-companheiro da namorada em Ribeir\u00e3o Preto","author":"noticiasribeiraopreto.com.br","date":"1 de November de 2024","format":false,"excerpt":"Um homem de 43 anos foi espancado no meio da rua, no in\u00edcio da madrugada desta quinta-feira (31), no bairro Avelino Alves Palma, zona Norte de Ribeir\u00e3o Preto. A v\u00edtima foi socorrida e est\u00e1 internada em estado grave no Hospital das Cl\u00ednicas Unidade de Emerg\u00eancia (HC-UE). As agress\u00f5es foram registradas\u2026","rel":"","context":"In &quot;Not\u00edcias de Ribeir\u00e3o Preto-SP e Regi\u00e3o&quot;","block_context":{"text":"Not\u00edcias de Ribeir\u00e3o Preto-SP e Regi\u00e3o","link":"https:\/\/noticiasribeiraopreto.com.br\/index.php\/category\/noticias-de-ribeirao-preto-sp-e-regiao-ismael-colosi\/"},"img":{"alt_text":"","src":"https:\/\/i0.wp.com\/noticiasribeiraopreto.com.br\/wp-content\/uploads\/2024\/11\/Copia-de-Copia-de-Copia-de-TAMANHO-EXATO-PARA-FOTOS-NO-SISTEMA-NOVO-2024-11-01T123132.670_2024-11-01_15-31-59_png_2024-11-01_15-31-59.webp.webp?fit=1200%2C675&ssl=1&resize=350%2C200","width":350,"height":200,"srcset":"https:\/\/i0.wp.com\/noticiasribeiraopreto.com.br\/wp-content\/uploads\/2024\/11\/Copia-de-Copia-de-Copia-de-TAMANHO-EXATO-PARA-FOTOS-NO-SISTEMA-NOVO-2024-11-01T123132.670_2024-11-01_15-31-59_png_2024-11-01_15-31-59.webp.webp?fit=1200%2C675&ssl=1&resize=350%2C200 1x, https:\/\/i0.wp.com\/noticiasribeiraopreto.com.br\/wp-content\/uploads\/2024\/11\/Copia-de-Copia-de-Copia-de-TAMANHO-EXATO-PARA-FOTOS-NO-SISTEMA-NOVO-2024-11-01T123132.670_2024-11-01_15-31-59_png_2024-11-01_15-31-59.webp.webp?fit=1200%2C675&ssl=1&resize=525%2C300 1.5x, https:\/\/i0.wp.com\/noticiasribeiraopreto.com.br\/wp-content\/uploads\/2024\/11\/Copia-de-Copia-de-Copia-de-TAMANHO-EXATO-PARA-FOTOS-NO-SISTEMA-NOVO-2024-11-01T123132.670_2024-11-01_15-31-59_png_2024-11-01_15-31-59.webp.webp?fit=1200%2C675&ssl=1&resize=700%2C400 2x, https:\/\/i0.wp.com\/noticiasribeiraopreto.com.br\/wp-content\/uploads\/2024\/11\/Copia-de-Copia-de-Copia-de-TAMANHO-EXATO-PARA-FOTOS-NO-SISTEMA-NOVO-2024-11-01T123132.670_2024-11-01_15-31-59_png_2024-11-01_15-31-59.webp.webp?fit=1200%2C675&ssl=1&resize=1050%2C600 3x"},"classes":[]}],"jetpack_sharing_enabled":true,"jetpack_shortlink":"https:\/\/wp.me\/peQAOb-iWs","_links":{"self":[{"href":"https:\/\/noticiasribeiraopreto.com.br\/index.php\/wp-json\/wp\/v2\/posts\/72816","targetHints":{"allow":["GET"]}}],"collection":[{"href":"https:\/\/noticiasribeiraopreto.com.br\/index.php\/wp-json\/wp\/v2\/posts"}],"about":[{"href":"https:\/\/noticiasribeiraopreto.com.br\/index.php\/wp-json\/wp\/v2\/types\/post"}],"author":[{"embeddable":true,"href":"https:\/\/noticiasribeiraopreto.com.br\/index.php\/wp-json\/wp\/v2\/users\/1"}],"replies":[{"embeddable":true,"href":"https:\/\/noticiasribeiraopreto.com.br\/index.php\/wp-json\/wp\/v2\/comments?post=72816"}],"version-history":[{"count":0,"href":"https:\/\/noticiasribeiraopreto.com.br\/index.php\/wp-json\/wp\/v2\/posts\/72816\/revisions"}],"wp:featuredmedia":[{"embeddable":true,"href":"https:\/\/noticiasribeiraopreto.com.br\/index.php\/wp-json\/wp\/v2\/media\/72817"}],"wp:attachment":[{"href":"https:\/\/noticiasribeiraopreto.com.br\/index.php\/wp-json\/wp\/v2\/media?parent=72816"}],"wp:term":[{"taxonomy":"category","embeddable":true,"href":"https:\/\/noticiasribeiraopreto.com.br\/index.php\/wp-json\/wp\/v2\/categories?post=72816"},{"taxonomy":"post_tag","embeddable":true,"href":"https:\/\/noticiasribeiraopreto.com.br\/index.php\/wp-json\/wp\/v2\/tags?post=72816"}],"curies":[{"name":"wp","href":"https:\/\/api.w.org\/{rel}","templated":true}]}}