{"id":72820,"date":"2025-06-21T16:16:32","date_gmt":"2025-06-21T19:16:32","guid":{"rendered":"https:\/\/noticiasribeiraopreto.com.br\/index.php\/2025\/06\/21\/jornal-da-franca-intolerancia-a-lactose-nao-e-frescura-condicao-afeta-a-muita-gente-em-franca\/"},"modified":"2025-06-21T16:16:32","modified_gmt":"2025-06-21T19:16:32","slug":"jornal-da-franca-intolerancia-a-lactose-nao-e-frescura-condicao-afeta-a-muita-gente-em-franca","status":"publish","type":"post","link":"https:\/\/noticiasribeiraopreto.com.br\/index.php\/2025\/06\/21\/jornal-da-franca-intolerancia-a-lactose-nao-e-frescura-condicao-afeta-a-muita-gente-em-franca\/","title":{"rendered":"Jornal da Franca &#8211; Intoler\u00e2ncia \u00e0 lactose n\u00e3o \u00e9 &#8220;frescura&#8221;: condi\u00e7\u00e3o afeta a muita gente em Franca"},"content":{"rendered":"<p> <br \/>\n<\/p>\n<div>\n\t                            <a class=\"mb-1\" href=\"https:\/\/api.whatsapp.com\/send?text=Olha essa Not\u00edcia no Jornal da Franca.%0D%0D*Intoler\u00e2ncia \u00e0 lactose n\u00e3o \u00e9 \u201cfrescura\u201d: condi\u00e7\u00e3o afeta a muita gente em Franca*%0D%0Dclique na url abaixo%0Dhttps:\/\/www.jornaldafranca.com.br\/intolerancia-a-lactose-nao-e-frescura-condicao-afeta-a-muita-gente-em-franca\/\" target=\"_blank\"><span class=\"text-12 badge badge-pill badge-success\"><i class=\"fa fa-whatsapp\"\/> compartilhar no whatsapp<\/span><\/a><\/p>\n<p>\t                            <a class=\"mb-1\" href=\"https:\/\/telegram.me\/share\/url?url=https:\/\/www.jornaldafranca.com.br\/intolerancia-a-lactose-nao-e-frescura-condicao-afeta-a-muita-gente-em-franca\/&amp;text=Olha essa Not\u00edcia no Jornal da Franca.\" target=\"_blank\"><span class=\"text-12 badge badge-pill badge-info\"><i class=\"fa fa-telegram\"\/> compartilhar no telegram<\/span><\/a><\/p>\n<p>\t                            <a class=\"mb-1\" href=\"https:\/\/www.facebook.com\/sharer\/sharer.php?u=https:\/\/www.jornaldafranca.com.br\/intolerancia-a-lactose-nao-e-frescura-condicao-afeta-a-muita-gente-em-franca\/\" target=\"_blank\"><span class=\"text-12 badge badge-pill badge-primary\"><i class=\"fa fa-facebook\"\/> compartilhar no facebook<\/span><\/a><\/p>\n<p>\t                            <a class=\"mb-1\" href=\"https:\/\/www.linkedin.com\/shareArticle?mini=true&amp;url=https:\/\/www.jornaldafranca.com.br\/intolerancia-a-lactose-nao-e-frescura-condicao-afeta-a-muita-gente-em-franca\/&amp;title=Intoler\u00e2ncia \u00e0 lactose n\u00e3o \u00e9 \u201cfrescura\u201d: condi\u00e7\u00e3o afeta a muita gente em Franca&amp;source=JORNAL DA FRANCA\" target=\"_blank\"><span class=\"text-12 badge badge-pill badge-secondary\"><i class=\"fa fa-linkedin\"\/> compartilhar no linkedin<\/span><\/a><\/p>\n<div class=\"lead text-20\">\n<p>Apesar de ser alvo de d\u00favidas, intoler\u00e2ncia \u00e0 lactose tem base cient\u00edfica e impacta a qualidade de vida<\/p>\n<\/p><\/div>\n<p><img data-recalc-dims=\"1\" decoding=\"async\" src=\"https:\/\/i0.wp.com\/www.jornaldafranca.com.br\/wp-content\/uploads\/2021\/09\/intolerancia-a-lactose.jpg?ssl=1\" alt=\"\"\/><\/p>\n<p>Nos \u00faltimos anos, a intoler\u00e2ncia \u00e0 lactose passou a ser mais comentada nas redes sociais e nas rodas de conversa em Franca, muitas vezes tratada como exagero ou \u201cnutelagem\u201d da gera\u00e7\u00e3o atual. No entanto, a condi\u00e7\u00e3o \u00e9 reconhecida pela medicina como um dist\u00farbio real que pode causar desconforto significativo e afetar a qualidade de vida de milh\u00f5es de pessoas na cidade, no Brasil e no mundo.<\/p>\n<p>A intoler\u00e2ncia ocorre quando o organismo tem dificuldade ou incapacidade de digerir a lactose \u2014 o a\u00e7\u00facar natural do leite \u2014 por conta da produ\u00e7\u00e3o insuficiente da enzima lactase, respons\u00e1vel por quebr\u00e1-lo no intestino delgado. Os sintomas mais comuns incluem incha\u00e7o abdominal, gases, dores, diarreia e n\u00e1usea, geralmente entre 30 minutos e 2 horas ap\u00f3s o consumo de latic\u00ednios.<\/p>\n<p>Segundo a Federa\u00e7\u00e3o Brasileira de Gastroenterologia, cerca de 70% da popula\u00e7\u00e3o mundial tem algum grau de intoler\u00e2ncia \u00e0 lactose. No Brasil, estima-se que mais da metade dos adultos possa apresentar a condi\u00e7\u00e3o, com maior incid\u00eancia entre pessoas de ascend\u00eancia asi\u00e1tica, africana e ind\u00edgena.<\/p>\n<p>\u201cA intoler\u00e2ncia n\u00e3o \u00e9 uma inven\u00e7\u00e3o moderna. O que temos hoje \u00e9 mais acesso ao diagn\u00f3stico e maior conscientiza\u00e7\u00e3o\u201d, afirma a nutricionista e especialista em sa\u00fade digestiva, Mariana Falc\u00e3o. \u201c\u00c9 comum que o corpo reduza a produ\u00e7\u00e3o de lactase com o tempo, especialmente ap\u00f3s a inf\u00e2ncia, o que leva ao aparecimento dos sintomas.\u201d<\/p>\n<p>\u00c9 importante diferenciar intoler\u00e2ncia \u00e0 lactose de alergia ao leite, que envolve o sistema imunol\u00f3gico e pode ter consequ\u00eancias graves. Enquanto a intoler\u00e2ncia pode ser manejada com dietas, enzimas ou produtos zero lactose, a alergia exige restri\u00e7\u00e3o total.<\/p>\n<p>Embora muitas pessoas associem a condi\u00e7\u00e3o a modismos alimentares, os especialistas alertam: os sintomas s\u00e3o reais e o tratamento \u00e9 necess\u00e1rio para evitar complica\u00e7\u00f5es. Ignorar o problema pode levar a inflama\u00e7\u00f5es intestinais, perda de peso e m\u00e1 absor\u00e7\u00e3o de nutrientes.<\/p>\n<p>\u201cAinda h\u00e1 preconceito e desinforma\u00e7\u00e3o, mas quem convive com a intoler\u00e2ncia sabe que n\u00e3o se trata de frescura. Comer algo aparentemente simples como uma fatia de pizza pode significar horas de desconforto\u201d, conclui Mariana.<\/p>\n<p>Com o avan\u00e7o da ind\u00fastria de alimentos, o acesso a produtos sem lactose cresceu, o que tem ajudado quem vive com a condi\u00e7\u00e3o a manter uma alimenta\u00e7\u00e3o saborosa e segura. O importante, segundo os m\u00e9dicos, \u00e9 buscar orienta\u00e7\u00e3o profissional e respeitar os limites do pr\u00f3prio corpo.<\/p>\n<p><!-- CONTENT END 1 --><\/p>\n<hr\/><\/div>\n<p><br \/>\n<br \/><a href=\"https:\/\/www.jornaldafranca.com.br\/intolerancia-a-lactose-nao-e-frescura-condicao-afeta-a-muita-gente-em-franca\/\">Source link <\/a><\/p>\n","protected":false},"excerpt":{"rendered":"<p>compartilhar no whatsapp compartilhar no telegram compartilhar no facebook compartilhar no linkedin Apesar de ser alvo de d\u00favidas, intoler\u00e2ncia \u00e0 lactose tem base cient\u00edfica e&#8230;<\/p>\n","protected":false},"author":1,"featured_media":72821,"comment_status":"open","ping_status":"open","sticky":false,"template":"","format":"standard","meta":{"advanced_seo_description":"","jetpack_seo_html_title":"","jetpack_seo_noindex":false,"jetpack_post_was_ever_published":false,"_jetpack_newsletter_access":"","_jetpack_dont_email_post_to_subs":false,"_jetpack_newsletter_tier_id":0,"_jetpack_memberships_contains_paywalled_content":false,"_jetpack_memberships_contains_paid_content":false,"footnotes":"","jetpack_publicize_message":"","jetpack_publicize_feature_enabled":true,"jetpack_social_post_already_shared":true,"jetpack_social_options":{"image_generator_settings":{"template":"highway","default_image_id":0,"font":"","enabled":false},"version":2}},"categories":[3597],"tags":[],"class_list":["post-72820","post","type-post","status-publish","format-standard","has-post-thumbnail","hentry","category-noticias-franca-sp"],"jetpack_publicize_connections":[],"jetpack_featured_media_url":"https:\/\/i0.wp.com\/noticiasribeiraopreto.com.br\/wp-content\/uploads\/2025\/06\/intolerancia-a-lactose.jpg?fit=1000%2C667&ssl=1","jetpack-related-posts":[{"id":73017,"url":"https:\/\/noticiasribeiraopreto.com.br\/index.php\/2025\/06\/24\/jornal-da-franca-clima-sera-de-frio-porem-agradavel-e-fresco-em-franca-nesta-terca-deve-chover\/","url_meta":{"origin":72820,"position":0},"title":"Jornal da Franca &#8211; Clima ser\u00e1 de frio, por\u00e9m agrad\u00e1vel e fresco em Franca nesta ter\u00e7a: deve chover","author":"noticiasribeiraopreto.com.br","date":"24 de June de 2025","format":false,"excerpt":"compartilhar no whatsapp compartilhar no telegram compartilhar no facebook compartilhar no linkedin Cidade tem previs\u00e3o de chuva de at\u00e9 12 mil\u00edmetros A previs\u00e3o do tempo para Franca indica um dia agrad\u00e1vel, com temperatura m\u00ednima de 5\u00b0C e m\u00e1xima de 22\u00b0C. H\u00e1 grande possibilidade de chuva, com volume de at\u00e9 12\u2026","rel":"","context":"In &quot;Not\u00edcias de Franca-SP&quot;","block_context":{"text":"Not\u00edcias de Franca-SP","link":"https:\/\/noticiasribeiraopreto.com.br\/index.php\/category\/noticias-de-ribeirao-preto-sp-e-regiao-ismael-colosi\/noticias-franca-sp\/"},"img":{"alt_text":"","src":"https:\/\/i0.wp.com\/noticiasribeiraopreto.com.br\/wp-content\/uploads\/2025\/06\/1750758766_Franca.jpeg?fit=1200%2C806&ssl=1&resize=350%2C200","width":350,"height":200,"srcset":"https:\/\/i0.wp.com\/noticiasribeiraopreto.com.br\/wp-content\/uploads\/2025\/06\/1750758766_Franca.jpeg?fit=1200%2C806&ssl=1&resize=350%2C200 1x, https:\/\/i0.wp.com\/noticiasribeiraopreto.com.br\/wp-content\/uploads\/2025\/06\/1750758766_Franca.jpeg?fit=1200%2C806&ssl=1&resize=525%2C300 1.5x, https:\/\/i0.wp.com\/noticiasribeiraopreto.com.br\/wp-content\/uploads\/2025\/06\/1750758766_Franca.jpeg?fit=1200%2C806&ssl=1&resize=700%2C400 2x, https:\/\/i0.wp.com\/noticiasribeiraopreto.com.br\/wp-content\/uploads\/2025\/06\/1750758766_Franca.jpeg?fit=1200%2C806&ssl=1&resize=1050%2C600 3x"},"classes":[]},{"id":69340,"url":"https:\/\/noticiasribeiraopreto.com.br\/index.php\/2025\/05\/05\/jornal-da-franca-implantacao-de-escola-civico-militar-em-franca-e-tema-de-debates-na-camara-municipal\/","url_meta":{"origin":72820,"position":1},"title":"Jornal da Franca &#8211; Implanta\u00e7\u00e3o de escola c\u00edvico-militar em Franca \u00e9 tema de debates na C\u00e2mara Municipal","author":"noticiasribeiraopreto.com.br","date":"5 de May de 2025","format":false,"excerpt":"compartilhar no whatsapp compartilhar no telegram compartilhar no facebook compartilhar no linkedin Mun\u00edcipe agradece apoio de vereadores e parlamentares para que Franca fosse contemplada com o modelo educacional A implanta\u00e7\u00e3o do Programa das Escolas C\u00edvico-Militares em Franca, pauta defendida pela direita, foi tema abordado durante a sess\u00e3o ordin\u00e1ria da C\u00e2mara\u2026","rel":"","context":"In &quot;Not\u00edcias de Franca-SP&quot;","block_context":{"text":"Not\u00edcias de Franca-SP","link":"https:\/\/noticiasribeiraopreto.com.br\/index.php\/category\/noticias-de-ribeirao-preto-sp-e-regiao-ismael-colosi\/noticias-franca-sp\/"},"img":{"alt_text":"","src":"https:\/\/i0.wp.com\/noticiasribeiraopreto.com.br\/wp-content\/uploads\/2025\/05\/1746449336_plenariodiagonal_0.jpg?fit=930%2C558&ssl=1&resize=350%2C200","width":350,"height":200,"srcset":"https:\/\/i0.wp.com\/noticiasribeiraopreto.com.br\/wp-content\/uploads\/2025\/05\/1746449336_plenariodiagonal_0.jpg?fit=930%2C558&ssl=1&resize=350%2C200 1x, https:\/\/i0.wp.com\/noticiasribeiraopreto.com.br\/wp-content\/uploads\/2025\/05\/1746449336_plenariodiagonal_0.jpg?fit=930%2C558&ssl=1&resize=525%2C300 1.5x, https:\/\/i0.wp.com\/noticiasribeiraopreto.com.br\/wp-content\/uploads\/2025\/05\/1746449336_plenariodiagonal_0.jpg?fit=930%2C558&ssl=1&resize=700%2C400 2x"},"classes":[]},{"id":70143,"url":"https:\/\/noticiasribeiraopreto.com.br\/index.php\/2025\/05\/23\/jornal-da-franca-chegou-a-sexta-feira-dia-sera-seco-mas-sem-muito-frio-em-franca-e-regiao\/","url_meta":{"origin":72820,"position":2},"title":"Jornal da Franca &#8211; Chegou a sexta-feira! Dia ser\u00e1 seco, mas sem muito frio em Franca e regi\u00e3o","author":"noticiasribeiraopreto.com.br","date":"23 de May de 2025","format":false,"excerpt":"compartilhar no whatsapp compartilhar no telegram compartilhar no facebook compartilhar no linkedin Previs\u00e3o do tempo para Franca nesta sexta-feira indica temperaturas amenas e c\u00e9u parcialmente nublado A sexta-feira chegou e a previs\u00e3o do tempo para Franca \u00e9 de um dia agrad\u00e1vel, com temperaturas amenas e c\u00e9u parcialmente nublado. De acordo\u2026","rel":"","context":"In &quot;Not\u00edcias de Franca-SP&quot;","block_context":{"text":"Not\u00edcias de Franca-SP","link":"https:\/\/noticiasribeiraopreto.com.br\/index.php\/category\/noticias-de-ribeirao-preto-sp-e-regiao-ismael-colosi\/noticias-franca-sp\/"},"img":{"alt_text":"","src":"https:\/\/i0.wp.com\/noticiasribeiraopreto.com.br\/wp-content\/uploads\/2025\/05\/campanha-do-agasalho.jpg?fit=1086%2C652&ssl=1&resize=350%2C200","width":350,"height":200,"srcset":"https:\/\/i0.wp.com\/noticiasribeiraopreto.com.br\/wp-content\/uploads\/2025\/05\/campanha-do-agasalho.jpg?fit=1086%2C652&ssl=1&resize=350%2C200 1x, https:\/\/i0.wp.com\/noticiasribeiraopreto.com.br\/wp-content\/uploads\/2025\/05\/campanha-do-agasalho.jpg?fit=1086%2C652&ssl=1&resize=525%2C300 1.5x, https:\/\/i0.wp.com\/noticiasribeiraopreto.com.br\/wp-content\/uploads\/2025\/05\/campanha-do-agasalho.jpg?fit=1086%2C652&ssl=1&resize=700%2C400 2x, https:\/\/i0.wp.com\/noticiasribeiraopreto.com.br\/wp-content\/uploads\/2025\/05\/campanha-do-agasalho.jpg?fit=1086%2C652&ssl=1&resize=1050%2C600 3x"},"classes":[]},{"id":66789,"url":"https:\/\/noticiasribeiraopreto.com.br\/index.php\/2025\/04\/05\/jornal-da-franca-nbb-tv-cultura-transmite-partida-entre-pato-basquete-e-sesi-franca-neste-sabado\/","url_meta":{"origin":72820,"position":3},"title":"Jornal da Franca &#8211; NBB: TV Cultura transmite partida entre Pato Basquete e Sesi Franca neste s\u00e1bado","author":"noticiasribeiraopreto.com.br","date":"5 de April de 2025","format":false,"excerpt":"compartilhar no whatsapp compartilhar no telegram compartilhar no facebook compartilhar no linkedin Jogo v\u00e1lido pelo NBB come\u00e7a \u00e0s 17h10; Sesi Franca est\u00e1 na terceira coloca\u00e7\u00e3o do campeonato A TV Cultura transmitir\u00e1 neste s\u00e1bado (5) a partida entre Pato Basquete e Sesi Franca pelo Novo Basquete Brasil (NBB). O jogo, v\u00e1lido\u2026","rel":"","context":"In &quot;Not\u00edcias de Franca-SP&quot;","block_context":{"text":"Not\u00edcias de Franca-SP","link":"https:\/\/noticiasribeiraopreto.com.br\/index.php\/category\/noticias-de-ribeirao-preto-sp-e-regiao-ismael-colosi\/noticias-franca-sp\/"},"img":{"alt_text":"","src":"https:\/\/i0.wp.com\/noticiasribeiraopreto.com.br\/wp-content\/uploads\/2025\/04\/IMG-20250329-WA0001.jpg?fit=1040%2C694&ssl=1&resize=350%2C200","width":350,"height":200,"srcset":"https:\/\/i0.wp.com\/noticiasribeiraopreto.com.br\/wp-content\/uploads\/2025\/04\/IMG-20250329-WA0001.jpg?fit=1040%2C694&ssl=1&resize=350%2C200 1x, https:\/\/i0.wp.com\/noticiasribeiraopreto.com.br\/wp-content\/uploads\/2025\/04\/IMG-20250329-WA0001.jpg?fit=1040%2C694&ssl=1&resize=525%2C300 1.5x, https:\/\/i0.wp.com\/noticiasribeiraopreto.com.br\/wp-content\/uploads\/2025\/04\/IMG-20250329-WA0001.jpg?fit=1040%2C694&ssl=1&resize=700%2C400 2x"},"classes":[]},{"id":67756,"url":"https:\/\/noticiasribeiraopreto.com.br\/index.php\/2025\/04\/18\/jornal-da-franca-vereadores-aprovam-reconhecimento-a-profissionais-e-entidades-que-atuam-em-franca\/","url_meta":{"origin":72820,"position":4},"title":"Jornal da Franca &#8211; Vereadores aprovam reconhecimento a profissionais e entidades que atuam em Franca\u00a0","author":"noticiasribeiraopreto.com.br","date":"18 de April de 2025","format":false,"excerpt":"compartilhar no whatsapp compartilhar no telegram compartilhar no facebook compartilhar no linkedin Mo\u00e7\u00f5es de aplausos e congratula\u00e7\u00f5es s\u00e3o apresentadas em reconhecimento a servi\u00e7os prestados A C\u00e2mara Municipal de Franca aprovou na sess\u00e3o desta ter\u00e7a-feira mo\u00e7\u00f5es de aplausos e congratula\u00e7\u00f5es em reconhecimento a profissionais, entidades e sindicatos que se destacaram em\u2026","rel":"","context":"In &quot;Not\u00edcias de Franca-SP&quot;","block_context":{"text":"Not\u00edcias de Franca-SP","link":"https:\/\/noticiasribeiraopreto.com.br\/index.php\/category\/noticias-de-ribeirao-preto-sp-e-regiao-ismael-colosi\/noticias-franca-sp\/"},"img":{"alt_text":"","src":"https:\/\/i0.wp.com\/noticiasribeiraopreto.com.br\/wp-content\/uploads\/2025\/04\/reuniaodecomissoes-2.jpg?fit=930%2C558&ssl=1&resize=350%2C200","width":350,"height":200,"srcset":"https:\/\/i0.wp.com\/noticiasribeiraopreto.com.br\/wp-content\/uploads\/2025\/04\/reuniaodecomissoes-2.jpg?fit=930%2C558&ssl=1&resize=350%2C200 1x, https:\/\/i0.wp.com\/noticiasribeiraopreto.com.br\/wp-content\/uploads\/2025\/04\/reuniaodecomissoes-2.jpg?fit=930%2C558&ssl=1&resize=525%2C300 1.5x, https:\/\/i0.wp.com\/noticiasribeiraopreto.com.br\/wp-content\/uploads\/2025\/04\/reuniaodecomissoes-2.jpg?fit=930%2C558&ssl=1&resize=700%2C400 2x"},"classes":[]},{"id":72627,"url":"https:\/\/noticiasribeiraopreto.com.br\/index.php\/2025\/06\/19\/jornal-da-franca-torcedores-do-sesi-franca-aguardam-confirmacao-de-carreata-para-comemorar-o-tetra\/","url_meta":{"origin":72820,"position":5},"title":"Jornal da Franca &#8211; Torcedores do Sesi Franca aguardam confirma\u00e7\u00e3o de carreata para comemorar o tetra","author":"noticiasribeiraopreto.com.br","date":"19 de June de 2025","format":false,"excerpt":"compartilhar no whatsapp compartilhar no telegram compartilhar no facebook compartilhar no linkedin Time tradicionalmente comemora titulos desfilando em carro aberto pela cidade Os torcedores do Sesi Franca aguardam que o clube confirme a realiza\u00e7\u00e3o de uma carreata para comemorar o t\u00edtulo do tetracampeonato do NBB \u2013 Novo Basquete Brasil, conquistado\u2026","rel":"","context":"In &quot;Not\u00edcias de Franca-SP&quot;","block_context":{"text":"Not\u00edcias de Franca-SP","link":"https:\/\/noticiasribeiraopreto.com.br\/index.php\/category\/noticias-de-ribeirao-preto-sp-e-regiao-ismael-colosi\/noticias-franca-sp\/"},"img":{"alt_text":"","src":"https:\/\/i0.wp.com\/noticiasribeiraopreto.com.br\/wp-content\/uploads\/2025\/06\/basq-scaled.jpg?fit=1200%2C800&ssl=1&resize=350%2C200","width":350,"height":200,"srcset":"https:\/\/i0.wp.com\/noticiasribeiraopreto.com.br\/wp-content\/uploads\/2025\/06\/basq-scaled.jpg?fit=1200%2C800&ssl=1&resize=350%2C200 1x, https:\/\/i0.wp.com\/noticiasribeiraopreto.com.br\/wp-content\/uploads\/2025\/06\/basq-scaled.jpg?fit=1200%2C800&ssl=1&resize=525%2C300 1.5x, https:\/\/i0.wp.com\/noticiasribeiraopreto.com.br\/wp-content\/uploads\/2025\/06\/basq-scaled.jpg?fit=1200%2C800&ssl=1&resize=700%2C400 2x, https:\/\/i0.wp.com\/noticiasribeiraopreto.com.br\/wp-content\/uploads\/2025\/06\/basq-scaled.jpg?fit=1200%2C800&ssl=1&resize=1050%2C600 3x"},"classes":[]}],"jetpack_sharing_enabled":true,"jetpack_shortlink":"https:\/\/wp.me\/peQAOb-iWw","_links":{"self":[{"href":"https:\/\/noticiasribeiraopreto.com.br\/index.php\/wp-json\/wp\/v2\/posts\/72820","targetHints":{"allow":["GET"]}}],"collection":[{"href":"https:\/\/noticiasribeiraopreto.com.br\/index.php\/wp-json\/wp\/v2\/posts"}],"about":[{"href":"https:\/\/noticiasribeiraopreto.com.br\/index.php\/wp-json\/wp\/v2\/types\/post"}],"author":[{"embeddable":true,"href":"https:\/\/noticiasribeiraopreto.com.br\/index.php\/wp-json\/wp\/v2\/users\/1"}],"replies":[{"embeddable":true,"href":"https:\/\/noticiasribeiraopreto.com.br\/index.php\/wp-json\/wp\/v2\/comments?post=72820"}],"version-history":[{"count":0,"href":"https:\/\/noticiasribeiraopreto.com.br\/index.php\/wp-json\/wp\/v2\/posts\/72820\/revisions"}],"wp:featuredmedia":[{"embeddable":true,"href":"https:\/\/noticiasribeiraopreto.com.br\/index.php\/wp-json\/wp\/v2\/media\/72821"}],"wp:attachment":[{"href":"https:\/\/noticiasribeiraopreto.com.br\/index.php\/wp-json\/wp\/v2\/media?parent=72820"}],"wp:term":[{"taxonomy":"category","embeddable":true,"href":"https:\/\/noticiasribeiraopreto.com.br\/index.php\/wp-json\/wp\/v2\/categories?post=72820"},{"taxonomy":"post_tag","embeddable":true,"href":"https:\/\/noticiasribeiraopreto.com.br\/index.php\/wp-json\/wp\/v2\/tags?post=72820"}],"curies":[{"name":"wp","href":"https:\/\/api.w.org\/{rel}","templated":true}]}}