{"id":72822,"date":"2025-06-21T17:14:40","date_gmt":"2025-06-21T20:14:40","guid":{"rendered":"https:\/\/noticiasribeiraopreto.com.br\/index.php\/2025\/06\/21\/jovem-de-ribeirao-preto-vence-copa-do-mundo-de-foguetes-nos-eua\/"},"modified":"2025-06-21T17:14:40","modified_gmt":"2025-06-21T20:14:40","slug":"jovem-de-ribeirao-preto-vence-copa-do-mundo-de-foguetes-nos-eua","status":"publish","type":"post","link":"https:\/\/noticiasribeiraopreto.com.br\/index.php\/2025\/06\/21\/jovem-de-ribeirao-preto-vence-copa-do-mundo-de-foguetes-nos-eua\/","title":{"rendered":"Jovem de Ribeir\u00e3o Preto vence &#8216;Copa do Mundo de foguetes&#8217; nos EUA"},"content":{"rendered":"<p> <br \/>\n<\/p>\n<div data-td-block-uid=\"tdi_95\">\n<div class=\"tdb-block-inner td-fix-index\">\n<p>O estudante de engenharia aeroespacial <strong>Lucas Fabrino<\/strong>, natural de <strong>Ribeir\u00e3o Preto<\/strong>, integra a equipe brasileira que <strong>conquistou o primeiro lugar na International Rocket Engineering Competition (IREC)<\/strong>, considerada a \u201cCopa do Mundo de Foguetes\u201d. O evento aconteceu no <strong>Texas<\/strong>, nos Estados Unidos.<\/p>\n<p>O projeto vencedor, o foguete <strong>Arac\u00ea<\/strong> \u2014 que em tupi-guarani significa \u201cnascer do sol\u201d \u2014 atingiu <strong>3.255 metros de altitude<\/strong> com um motor de combust\u00edvel s\u00f3lido que os<strong> pr\u00f3prios estudantes desenvolveram.<\/strong><\/p>\n<p>Em conversa com o <em><strong>acidade on<\/strong><\/em>, o jovem de 19 anos afirmou que a conquista representa mais do que um trof\u00e9u. <\/p>\n<figure class=\"wp-block-pullquote\">\n<blockquote>\n<p>Ganhar a Copa do Mundo de foguetes em nossa categoria significa mostrar que jovens brasileiros, quando acreditam na educa\u00e7\u00e3o, na ci\u00eancia e na tecnologia, podem alcan\u00e7ar feitos extraordin\u00e1rios<\/p>\n<p><cite>afirmou<\/cite><\/p><\/blockquote>\n<\/figure>\n<figure class=\"wp-block-gallery has-nested-images columns-default is-cropped wp-block-gallery-1 is-layout-flex wp-block-gallery-is-layout-flex\">\n<figure class=\"wp-block-image size-large\"><img data-recalc-dims=\"1\" fetchpriority=\"high\" decoding=\"async\" width=\"768\" height=\"1024\" data-id=\"120493\" src=\"https:\/\/i0.wp.com\/cdn.media-acidadeon.com.br\/ribeiraopreto\/wp-content\/uploads\/sites\/3\/2025\/06\/Imagem-do-WhatsApp-de-2025-06-21-as-16.25.01_76be9b0e_2025-06-21_19-42-42-768x1024.webp?resize=768%2C1024&#038;ssl=1\" alt=\"\" class=\"wp-image-120493\" srcset=\"https:\/\/cdn.media-acidadeon.com.br\/ribeiraopreto\/wp-content\/uploads\/sites\/3\/2025\/06\/Imagem-do-WhatsApp-de-2025-06-21-as-16.25.01_76be9b0e_2025-06-21_19-42-42-768x1024.webp 768w, https:\/\/cdn.media-acidadeon.com.br\/ribeiraopreto\/wp-content\/uploads\/sites\/3\/2025\/06\/Imagem-do-WhatsApp-de-2025-06-21-as-16.25.01_76be9b0e_2025-06-21_19-42-42-225x300.webp 225w, https:\/\/cdn.media-acidadeon.com.br\/ribeiraopreto\/wp-content\/uploads\/sites\/3\/2025\/06\/Imagem-do-WhatsApp-de-2025-06-21-as-16.25.01_76be9b0e_2025-06-21_19-42-42-1152x1536.webp 1152w, https:\/\/cdn.media-acidadeon.com.br\/ribeiraopreto\/wp-content\/uploads\/sites\/3\/2025\/06\/Imagem-do-WhatsApp-de-2025-06-21-as-16.25.01_76be9b0e_2025-06-21_19-42-42-696x928.webp 696w, https:\/\/cdn.media-acidadeon.com.br\/ribeiraopreto\/wp-content\/uploads\/sites\/3\/2025\/06\/Imagem-do-WhatsApp-de-2025-06-21-as-16.25.01_76be9b0e_2025-06-21_19-42-42-1068x1424.webp 1068w, https:\/\/cdn.media-acidadeon.com.br\/ribeiraopreto\/wp-content\/uploads\/sites\/3\/2025\/06\/Imagem-do-WhatsApp-de-2025-06-21-as-16.25.01_76be9b0e_2025-06-21_19-42-42.webp 1200w\" sizes=\"(max-width: 768px) 100vw, 768px\"\/><\/figure>\n<figure class=\"wp-block-image size-large\"><img data-recalc-dims=\"1\" loading=\"lazy\" decoding=\"async\" width=\"768\" height=\"1024\" data-id=\"120492\" src=\"https:\/\/i0.wp.com\/cdn.media-acidadeon.com.br\/ribeiraopreto\/wp-content\/uploads\/sites\/3\/2025\/06\/Imagem-do-WhatsApp-de-2025-06-21-as-16.23.40_e6628ee6_2025-06-21_19-42-39-768x1024.webp?resize=768%2C1024&#038;ssl=1\" alt=\"\" class=\"wp-image-120492\" srcset=\"https:\/\/cdn.media-acidadeon.com.br\/ribeiraopreto\/wp-content\/uploads\/sites\/3\/2025\/06\/Imagem-do-WhatsApp-de-2025-06-21-as-16.23.40_e6628ee6_2025-06-21_19-42-39-768x1024.webp 768w, https:\/\/cdn.media-acidadeon.com.br\/ribeiraopreto\/wp-content\/uploads\/sites\/3\/2025\/06\/Imagem-do-WhatsApp-de-2025-06-21-as-16.23.40_e6628ee6_2025-06-21_19-42-39-225x300.webp 225w, https:\/\/cdn.media-acidadeon.com.br\/ribeiraopreto\/wp-content\/uploads\/sites\/3\/2025\/06\/Imagem-do-WhatsApp-de-2025-06-21-as-16.23.40_e6628ee6_2025-06-21_19-42-39-1152x1536.webp 1152w, https:\/\/cdn.media-acidadeon.com.br\/ribeiraopreto\/wp-content\/uploads\/sites\/3\/2025\/06\/Imagem-do-WhatsApp-de-2025-06-21-as-16.23.40_e6628ee6_2025-06-21_19-42-39-696x928.webp 696w, https:\/\/cdn.media-acidadeon.com.br\/ribeiraopreto\/wp-content\/uploads\/sites\/3\/2025\/06\/Imagem-do-WhatsApp-de-2025-06-21-as-16.23.40_e6628ee6_2025-06-21_19-42-39-1068x1424.webp 1068w, https:\/\/cdn.media-acidadeon.com.br\/ribeiraopreto\/wp-content\/uploads\/sites\/3\/2025\/06\/Imagem-do-WhatsApp-de-2025-06-21-as-16.23.40_e6628ee6_2025-06-21_19-42-39.webp 1200w\" sizes=\"auto, (max-width: 768px) 100vw, 768px\"\/><\/figure>\n<figure class=\"wp-block-image size-large\"><img data-recalc-dims=\"1\" loading=\"lazy\" decoding=\"async\" width=\"472\" height=\"1024\" data-id=\"120494\" src=\"https:\/\/i0.wp.com\/cdn.media-acidadeon.com.br\/ribeiraopreto\/wp-content\/uploads\/sites\/3\/2025\/06\/Imagem-do-WhatsApp-de-2025-06-21-as-16.25.02_f3621f46_2025-06-21_19-42-45-472x1024.webp?resize=472%2C1024&#038;ssl=1\" alt=\"\" class=\"wp-image-120494\" srcset=\"https:\/\/cdn.media-acidadeon.com.br\/ribeiraopreto\/wp-content\/uploads\/sites\/3\/2025\/06\/Imagem-do-WhatsApp-de-2025-06-21-as-16.25.02_f3621f46_2025-06-21_19-42-45-472x1024.webp 472w, https:\/\/cdn.media-acidadeon.com.br\/ribeiraopreto\/wp-content\/uploads\/sites\/3\/2025\/06\/Imagem-do-WhatsApp-de-2025-06-21-as-16.25.02_f3621f46_2025-06-21_19-42-45-138x300.webp 138w, https:\/\/cdn.media-acidadeon.com.br\/ribeiraopreto\/wp-content\/uploads\/sites\/3\/2025\/06\/Imagem-do-WhatsApp-de-2025-06-21-as-16.25.02_f3621f46_2025-06-21_19-42-45-708x1536.webp 708w, https:\/\/cdn.media-acidadeon.com.br\/ribeiraopreto\/wp-content\/uploads\/sites\/3\/2025\/06\/Imagem-do-WhatsApp-de-2025-06-21-as-16.25.02_f3621f46_2025-06-21_19-42-45-696x1509.webp 696w, https:\/\/cdn.media-acidadeon.com.br\/ribeiraopreto\/wp-content\/uploads\/sites\/3\/2025\/06\/Imagem-do-WhatsApp-de-2025-06-21-as-16.25.02_f3621f46_2025-06-21_19-42-45.webp 738w\" sizes=\"auto, (max-width: 472px) 100vw, 472px\"\/><\/figure>\n<\/figure>\n<p><strong>Ele tamb\u00e9m destacou o impacto da vit\u00f3ria: <\/strong><\/p>\n<figure class=\"wp-block-pullquote\">\n<blockquote>\n<p>Essa conquista manda um recado claro ao mundo: o Brasil tem talento, capacidade e um futuro promissor na \u00e1rea espacial<\/p>\n<p><cite>finaliza<\/cite><\/p><\/blockquote>\n<\/figure>\n<p>Lucas faz parte da equipe <strong>UFABC Rocket Design<\/strong>, da <strong>Universidade Federal do ABC (UFABC)<\/strong>, que superou outros 144 times de <strong>22 pa\u00edses<\/strong> e garantiu o <strong>primeiro lugar na categoria de 10 mil p\u00e9s<\/strong>, equivalente a cerca de 3 quil\u00f4metros de altitude. <\/p>\n<p>A competi\u00e7\u00e3o reuniu <strong>mais de 2 mil estudantes<\/strong> dos cinco continentes. Pela primeira vez, <strong>uma equipe brasileira conquistou o t\u00edtulo m\u00e1ximo do torneio<\/strong>. <\/p>\n<p>Natural de Ribeir\u00e3o Preto, o estudante celebrou a representatividade regional no feito: <\/p>\n<p><strong><em>\u201cLevar o nome da minha cidade junto com essa conquista \u00e9 uma honra\u201d.<\/em><\/strong> E concluiu: \u201c<strong><em>Para n\u00f3s, o c\u00e9u nunca foi o limite \u2014 sempre foi s\u00f3 o come\u00e7o\u201d.<\/em><\/strong><\/p>\n<hr class=\"wp-block-separator has-alpha-channel-opacity\"\/>\n<p>SAIBA MAIS<br \/>Theatro Pedro II recebe pe\u00e7a com Vera Fisher e Leonardo Franco; veja quando<\/p>\n<p><strong>FIQUE ON<\/strong><\/p>\n<p>Fique ligado em tudo que acontece em Ribeir\u00e3o Preto e regi\u00e3o. Siga os perfis do<strong>\u00a0acidade on<\/strong>\u00a0no\u00a0<a href=\"https:\/\/www.instagram.com\/acidadeonribeirao\">Instagram<\/a>\u00a0e no\u00a0<a href=\"https:\/\/www.facebook.com\/acidadeonribeirao\/\">Facebook<\/a>.<\/p>\n<p>Receba not\u00edcias do<strong>\u00a0acidade on\u00a0<\/strong>no WhatsApp.\u00a0<a href=\"https:\/\/chat.whatsapp.com\/BjKQZ9oJwlz8VVT50NuePq\">Para entrar no grupo, basta clicar aqui.<\/a><\/p>\n<p>Fa\u00e7a uma den\u00fancia ou sugira uma reportagem sobre Ribeir\u00e3o Preto e regi\u00e3o pelo WhatsApp: 16 99117 7802.<\/p>\n<p>VEJA TAMB\u00c9M\u200b<br \/>Qual o novo hor\u00e1rio de \u2018A Viagem\u2019?<\/p>\n<p><!-- CONTENT END 1 -->\n<\/div>\n<\/div>\n<p><script async src=\"\/\/www.instagram.com\/embed.js\"><\/script><br \/>\n<br \/><br \/>\n<br \/><a href=\"https:\/\/www.acidadeon.com\/ribeiraopreto\/cotidiano\/jovem-de-ribeirao-preto-vence-copa-do-mundo-de-foguetes-nos-eua\/\">Source link <\/a><\/p>\n","protected":false},"excerpt":{"rendered":"<p>O estudante de engenharia aeroespacial Lucas Fabrino, natural de Ribeir\u00e3o Preto, integra a equipe brasileira que conquistou o primeiro lugar na International Rocket Engineering Competition&#8230;<\/p>\n","protected":false},"author":1,"featured_media":72823,"comment_status":"open","ping_status":"open","sticky":false,"template":"","format":"standard","meta":{"advanced_seo_description":"","jetpack_seo_html_title":"","jetpack_seo_noindex":false,"jetpack_post_was_ever_published":false,"_jetpack_newsletter_access":"","_jetpack_dont_email_post_to_subs":false,"_jetpack_newsletter_tier_id":0,"_jetpack_memberships_contains_paywalled_content":false,"_jetpack_memberships_contains_paid_content":false,"footnotes":"","jetpack_publicize_message":"","jetpack_publicize_feature_enabled":true,"jetpack_social_post_already_shared":true,"jetpack_social_options":{"image_generator_settings":{"template":"highway","default_image_id":0,"font":"","enabled":false},"version":2}},"categories":[11],"tags":[],"class_list":["post-72822","post","type-post","status-publish","format-standard","has-post-thumbnail","hentry","category-noticias-de-ribeirao-preto-sp-e-regiao-ismael-colosi"],"jetpack_publicize_connections":[],"jetpack_featured_media_url":"https:\/\/i0.wp.com\/noticiasribeiraopreto.com.br\/wp-content\/uploads\/2025\/06\/Copia-de-Copia-de-Copia-de-TAMANHO-EXATO-PARA-FOTOS-NO-SISTEMA-NOVO-2025-06-21T164421.970_2025-06-21_19-44-33.webp.webp?fit=1200%2C675&ssl=1","jetpack-related-posts":[{"id":72838,"url":"https:\/\/noticiasribeiraopreto.com.br\/index.php\/2025\/06\/21\/comercial-bate-a-itapirense-e-mantem-invencibilidade-na-copa-paulista\/","url_meta":{"origin":72822,"position":0},"title":"Comercial bate a Itapirense e mant\u00e9m invencibilidade na Copa Paulista","author":"noticiasribeiraopreto.com.br","date":"21 de June de 2025","format":false,"excerpt":"O Comercial venceu a Itapirense por 1 a 0 na tarde deste s\u00e1bado (21), pela 2\u00aa rodada da Copa Paulista. Essa foi a segunda vit\u00f3ria consecutiva do Bafo, que na semana passada havia superado a Francana. O \u00fanico gol da partida saiu logo no in\u00edcio do primeiro tempo, aos 3\u2026","rel":"","context":"In &quot;Not\u00edcias de Ribeir\u00e3o Preto-SP e Regi\u00e3o&quot;","block_context":{"text":"Not\u00edcias de Ribeir\u00e3o Preto-SP e Regi\u00e3o","link":"https:\/\/noticiasribeiraopreto.com.br\/index.php\/category\/noticias-de-ribeirao-preto-sp-e-regiao-ismael-colosi\/"},"img":{"alt_text":"","src":"https:\/\/i0.wp.com\/noticiasribeiraopreto.com.br\/wp-content\/uploads\/2025\/06\/IMG_6920_2025-06-21_21-04-24.webp.webp?fit=1200%2C800&ssl=1&resize=350%2C200","width":350,"height":200,"srcset":"https:\/\/i0.wp.com\/noticiasribeiraopreto.com.br\/wp-content\/uploads\/2025\/06\/IMG_6920_2025-06-21_21-04-24.webp.webp?fit=1200%2C800&ssl=1&resize=350%2C200 1x, https:\/\/i0.wp.com\/noticiasribeiraopreto.com.br\/wp-content\/uploads\/2025\/06\/IMG_6920_2025-06-21_21-04-24.webp.webp?fit=1200%2C800&ssl=1&resize=525%2C300 1.5x, https:\/\/i0.wp.com\/noticiasribeiraopreto.com.br\/wp-content\/uploads\/2025\/06\/IMG_6920_2025-06-21_21-04-24.webp.webp?fit=1200%2C800&ssl=1&resize=700%2C400 2x, https:\/\/i0.wp.com\/noticiasribeiraopreto.com.br\/wp-content\/uploads\/2025\/06\/IMG_6920_2025-06-21_21-04-24.webp.webp?fit=1200%2C800&ssl=1&resize=1050%2C600 3x"},"classes":[]},{"id":76244,"url":"https:\/\/noticiasribeiraopreto.com.br\/index.php\/2025\/08\/25\/estreante-em-barretos-no-primeiro-ano-de-carreira-leo-foguete-festeja-sucesso-meteorico\/","url_meta":{"origin":72822,"position":1},"title":"Estreante em Barretos no primeiro ano de carreira, L\u00e9o Foguete festeja sucesso mete\u00f3rico","author":"noticiasribeiraopreto.com.br","date":"25 de August de 2025","format":false,"excerpt":"Mete\u00f3rico! Em seu primeiro ano de carreira, L\u00e9o Foguete estreou na Festa do Pe\u00e3o de Barretos e j\u00e1 no palco principal neste domingo (24). Ele encerrou os trabalhos do quarto dia de shows j\u00e1 no final da madrugada desta segunda-feira (25), em noite que contou tamb\u00e9m com Felipe e Rodrigo\u2026","rel":"","context":"In &quot;Not\u00edcias de Ribeir\u00e3o Preto-SP e Regi\u00e3o&quot;","block_context":{"text":"Not\u00edcias de Ribeir\u00e3o Preto-SP e Regi\u00e3o","link":"https:\/\/noticiasribeiraopreto.com.br\/index.php\/category\/noticias-de-ribeirao-preto-sp-e-regiao-ismael-colosi\/"},"img":{"alt_text":"","src":"https:\/\/i0.wp.com\/noticiasribeiraopreto.com.br\/wp-content\/uploads\/2025\/08\/leo-foguete_2025-08-25_17-41-57.webp.webp?fit=1200%2C883&ssl=1&resize=350%2C200","width":350,"height":200,"srcset":"https:\/\/i0.wp.com\/noticiasribeiraopreto.com.br\/wp-content\/uploads\/2025\/08\/leo-foguete_2025-08-25_17-41-57.webp.webp?fit=1200%2C883&ssl=1&resize=350%2C200 1x, https:\/\/i0.wp.com\/noticiasribeiraopreto.com.br\/wp-content\/uploads\/2025\/08\/leo-foguete_2025-08-25_17-41-57.webp.webp?fit=1200%2C883&ssl=1&resize=525%2C300 1.5x, https:\/\/i0.wp.com\/noticiasribeiraopreto.com.br\/wp-content\/uploads\/2025\/08\/leo-foguete_2025-08-25_17-41-57.webp.webp?fit=1200%2C883&ssl=1&resize=700%2C400 2x, https:\/\/i0.wp.com\/noticiasribeiraopreto.com.br\/wp-content\/uploads\/2025\/08\/leo-foguete_2025-08-25_17-41-57.webp.webp?fit=1200%2C883&ssl=1&resize=1050%2C600 3x"},"classes":[]},{"id":14986,"url":"https:\/\/noticiasribeiraopreto.com.br\/index.php\/2023\/12\/12\/jeff-bezos-vai-voltar-a-colocar-foguete-no-espaco\/","url_meta":{"origin":72822,"position":2},"title":"JEFF BEZOS VAI VOLTAR A COLOCAR FOGUETE NO ESPA\u00c7O","author":"noticiasribeiraopreto.com.br","date":"12 de December de 2023","format":false,"excerpt":"Jeff Bezos fundou a Blue Origin em 2000 com o objetivo de usar parte da fortuna feita na Amazon para desenvolver tecnologia de foguetes para uma variedade de prop\u00f3sitos comerciais.\u00a0 O bilion\u00e1rio criou ent\u00e3o o New Shepard, um pequeno foguete suborbital que decola verticalmente de uma plataforma de lan\u00e7amento, proporcionando\u2026","rel":"","context":"In &quot;Dinheiro e Investimento&quot;","block_context":{"text":"Dinheiro e Investimento","link":"https:\/\/noticiasribeiraopreto.com.br\/index.php\/category\/dinheiro-e-investimento-como-fazer-como-ganhar\/"},"img":{"alt_text":"","src":"https:\/\/i0.wp.com\/noticiasribeiraopreto.com.br\/wp-content\/uploads\/2023\/12\/Blue-Origin-Espaco-Logo-Foguete-Terra-628x353.jpg?fit=628%2C353&ssl=1&resize=350%2C200","width":350,"height":200,"srcset":"https:\/\/i0.wp.com\/noticiasribeiraopreto.com.br\/wp-content\/uploads\/2023\/12\/Blue-Origin-Espaco-Logo-Foguete-Terra-628x353.jpg?fit=628%2C353&ssl=1&resize=350%2C200 1x, https:\/\/i0.wp.com\/noticiasribeiraopreto.com.br\/wp-content\/uploads\/2023\/12\/Blue-Origin-Espaco-Logo-Foguete-Terra-628x353.jpg?fit=628%2C353&ssl=1&resize=525%2C300 1.5x"},"classes":[]},{"id":80881,"url":"https:\/\/noticiasribeiraopreto.com.br\/index.php\/2025\/12\/17\/o-que-voce-precisa-saber-sobre-o-1o-lancamento-comercial-de-foguete-no-brasil\/","url_meta":{"origin":72822,"position":3},"title":"O que voc\u00ea precisa saber sobre o 1\u00ba lan\u00e7amento comercial de foguete no Brasil","author":"noticiasribeiraopreto.com.br","date":"17 de December de 2025","format":false,"excerpt":"O lan\u00e7amento do primeiro foguete comercial no Brasil, o Hanbit-Nano, desenvolvido pela empresa sul-coreana Innospace, que ocorrer\u00e1 a partir do Centro de Lan\u00e7amento de Alc\u00e2ntara, no Maranh\u00e3o, est\u00e1 programado para esta quarta-feira (17), \u00e0s 15h45, no hor\u00e1rio de Bras\u00edlia. De acordo com a FAB (For\u00e7a A\u00e9rea Brasileira), que conduzir\u00e1 a\u2026","rel":"","context":"In &quot;Not\u00edcias de Ribeir\u00e3o Preto-SP e Regi\u00e3o&quot;","block_context":{"text":"Not\u00edcias de Ribeir\u00e3o Preto-SP e Regi\u00e3o","link":"https:\/\/noticiasribeiraopreto.com.br\/index.php\/category\/noticias-de-ribeirao-preto-sp-e-regiao-ismael-colosi\/"},"img":{"alt_text":"","src":"https:\/\/i0.wp.com\/noticiasribeiraopreto.com.br\/wp-content\/uploads\/2025\/12\/foguete_2025-12-16_19-30-56.webp.webp?fit=1200%2C717&ssl=1&resize=350%2C200","width":350,"height":200,"srcset":"https:\/\/i0.wp.com\/noticiasribeiraopreto.com.br\/wp-content\/uploads\/2025\/12\/foguete_2025-12-16_19-30-56.webp.webp?fit=1200%2C717&ssl=1&resize=350%2C200 1x, https:\/\/i0.wp.com\/noticiasribeiraopreto.com.br\/wp-content\/uploads\/2025\/12\/foguete_2025-12-16_19-30-56.webp.webp?fit=1200%2C717&ssl=1&resize=525%2C300 1.5x, https:\/\/i0.wp.com\/noticiasribeiraopreto.com.br\/wp-content\/uploads\/2025\/12\/foguete_2025-12-16_19-30-56.webp.webp?fit=1200%2C717&ssl=1&resize=700%2C400 2x, https:\/\/i0.wp.com\/noticiasribeiraopreto.com.br\/wp-content\/uploads\/2025\/12\/foguete_2025-12-16_19-30-56.webp.webp?fit=1200%2C717&ssl=1&resize=1050%2C600 3x"},"classes":[]},{"id":26188,"url":"https:\/\/noticiasribeiraopreto.com.br\/index.php\/2024\/01\/09\/fracassou-foguete-dos-eua-podera-nao-ser-capaz-de-chegar-ate-a-lua-entenda-o-que-deu-errado-no-lancamento\/","url_meta":{"origin":72822,"position":4},"title":"Fracassou? Foguete dos EUA poder\u00e1 n\u00e3o ser capaz de chegar at\u00e9 a Lua; entenda o que \u2018deu errado\u2019 no lan\u00e7amento","author":"noticiasribeiraopreto.com.br","date":"9 de January de 2024","format":false,"excerpt":"O sonho do homem de retornar \u00e0 Lua parece ter sido adiado outra vez. O primeiro m\u00f3dulo lunar dos Estados Unidos em mais de 50 anos foi lan\u00e7ado ao espa\u00e7o na \u00faltima segunda-feira (8), mas o foguete enfrentou problemas logo ap\u00f3s deixar a atmosfera terrestre. A espa\u00e7onave Peregrine, desenvolvida pela\u2026","rel":"","context":"In &quot;Dinheiro e Investimento&quot;","block_context":{"text":"Dinheiro e Investimento","link":"https:\/\/noticiasribeiraopreto.com.br\/index.php\/category\/dinheiro-e-investimento-como-fazer-como-ganhar\/"},"img":{"alt_text":"","src":"https:\/\/i0.wp.com\/noticiasribeiraopreto.com.br\/wp-content\/uploads\/2024\/01\/Reproducao-2-715x402.jpg?fit=715%2C402&ssl=1&resize=350%2C200","width":350,"height":200,"srcset":"https:\/\/i0.wp.com\/noticiasribeiraopreto.com.br\/wp-content\/uploads\/2024\/01\/Reproducao-2-715x402.jpg?fit=715%2C402&ssl=1&resize=350%2C200 1x, https:\/\/i0.wp.com\/noticiasribeiraopreto.com.br\/wp-content\/uploads\/2024\/01\/Reproducao-2-715x402.jpg?fit=715%2C402&ssl=1&resize=525%2C300 1.5x, https:\/\/i0.wp.com\/noticiasribeiraopreto.com.br\/wp-content\/uploads\/2024\/01\/Reproducao-2-715x402.jpg?fit=715%2C402&ssl=1&resize=700%2C400 2x"},"classes":[]},{"id":80023,"url":"https:\/\/noticiasribeiraopreto.com.br\/index.php\/2025\/11\/12\/ribeirao-preto-sera-palco-da-maior-premiacao-da-historia-do-beach-tennis-mundial\/","url_meta":{"origin":72822,"position":5},"title":"Ribeir\u00e3o Preto ser\u00e1 palco da maior premia\u00e7\u00e3o da hist\u00f3ria do beach tennis mundial","author":"noticiasribeiraopreto.com.br","date":"12 de November de 2025","format":false,"excerpt":"Ribeir\u00e3o Preto recebe entre os dias 29 de novembro de 6 de dezembro, a segunda edi\u00e7\u00e3o do ITF Sand Series Tour Finals, com premia\u00e7\u00e3o recorde de US$ 125 mil, a maior quantia j\u00e1 oferecida na hist\u00f3ria da modalidade. O evento acontece na Arena Beach Ribeir\u00e3o, na zona Sul do munic\u00edpio,\u2026","rel":"","context":"In &quot;Not\u00edcias de Ribeir\u00e3o Preto-SP e Regi\u00e3o&quot;","block_context":{"text":"Not\u00edcias de Ribeir\u00e3o Preto-SP e Regi\u00e3o","link":"https:\/\/noticiasribeiraopreto.com.br\/index.php\/category\/noticias-de-ribeirao-preto-sp-e-regiao-ismael-colosi\/"},"img":{"alt_text":"","src":"https:\/\/i0.wp.com\/noticiasribeiraopreto.com.br\/wp-content\/uploads\/2025\/11\/54872377684_a29e732f41_b_2025-11-12_19-41-45.webp.webp?fit=1024%2C684&ssl=1&resize=350%2C200","width":350,"height":200,"srcset":"https:\/\/i0.wp.com\/noticiasribeiraopreto.com.br\/wp-content\/uploads\/2025\/11\/54872377684_a29e732f41_b_2025-11-12_19-41-45.webp.webp?fit=1024%2C684&ssl=1&resize=350%2C200 1x, https:\/\/i0.wp.com\/noticiasribeiraopreto.com.br\/wp-content\/uploads\/2025\/11\/54872377684_a29e732f41_b_2025-11-12_19-41-45.webp.webp?fit=1024%2C684&ssl=1&resize=525%2C300 1.5x, https:\/\/i0.wp.com\/noticiasribeiraopreto.com.br\/wp-content\/uploads\/2025\/11\/54872377684_a29e732f41_b_2025-11-12_19-41-45.webp.webp?fit=1024%2C684&ssl=1&resize=700%2C400 2x"},"classes":[]}],"jetpack_sharing_enabled":true,"jetpack_shortlink":"https:\/\/wp.me\/peQAOb-iWy","_links":{"self":[{"href":"https:\/\/noticiasribeiraopreto.com.br\/index.php\/wp-json\/wp\/v2\/posts\/72822","targetHints":{"allow":["GET"]}}],"collection":[{"href":"https:\/\/noticiasribeiraopreto.com.br\/index.php\/wp-json\/wp\/v2\/posts"}],"about":[{"href":"https:\/\/noticiasribeiraopreto.com.br\/index.php\/wp-json\/wp\/v2\/types\/post"}],"author":[{"embeddable":true,"href":"https:\/\/noticiasribeiraopreto.com.br\/index.php\/wp-json\/wp\/v2\/users\/1"}],"replies":[{"embeddable":true,"href":"https:\/\/noticiasribeiraopreto.com.br\/index.php\/wp-json\/wp\/v2\/comments?post=72822"}],"version-history":[{"count":0,"href":"https:\/\/noticiasribeiraopreto.com.br\/index.php\/wp-json\/wp\/v2\/posts\/72822\/revisions"}],"wp:featuredmedia":[{"embeddable":true,"href":"https:\/\/noticiasribeiraopreto.com.br\/index.php\/wp-json\/wp\/v2\/media\/72823"}],"wp:attachment":[{"href":"https:\/\/noticiasribeiraopreto.com.br\/index.php\/wp-json\/wp\/v2\/media?parent=72822"}],"wp:term":[{"taxonomy":"category","embeddable":true,"href":"https:\/\/noticiasribeiraopreto.com.br\/index.php\/wp-json\/wp\/v2\/categories?post=72822"},{"taxonomy":"post_tag","embeddable":true,"href":"https:\/\/noticiasribeiraopreto.com.br\/index.php\/wp-json\/wp\/v2\/tags?post=72822"}],"curies":[{"name":"wp","href":"https:\/\/api.w.org\/{rel}","templated":true}]}}