{"id":72826,"date":"2025-06-21T17:23:09","date_gmt":"2025-06-21T20:23:09","guid":{"rendered":"https:\/\/noticiasribeiraopreto.com.br\/index.php\/2025\/06\/21\/bale-russo-apresenta-gala-concert-em-ribeirao-preto-veja-como-comprar-ingressos\/"},"modified":"2025-06-21T17:23:09","modified_gmt":"2025-06-21T20:23:09","slug":"bale-russo-apresenta-gala-concert-em-ribeirao-preto-veja-como-comprar-ingressos","status":"publish","type":"post","link":"https:\/\/noticiasribeiraopreto.com.br\/index.php\/2025\/06\/21\/bale-russo-apresenta-gala-concert-em-ribeirao-preto-veja-como-comprar-ingressos\/","title":{"rendered":"Bal\u00e9 russo apresenta &#8216;Gala Concert&#8217; em Ribeir\u00e3o Preto; veja como comprar ingressos"},"content":{"rendered":"<p> <br \/>\n<\/p>\n<div data-td-block-uid=\"tdi_95\">\n<div class=\"tdb-block-inner td-fix-index\">\n<p>A companhia de bal\u00e9 russa, <strong>The Moscow Ballet<\/strong> se apresenta na pr\u00f3xima <strong>quinta-feira (3)<\/strong>, no <strong>Theatro Pedro II<\/strong>, localizado no <strong>Centro<\/strong> de <strong>Ribeir\u00e3o Preto<\/strong>,<strong> <\/strong>com o espet\u00e1culo \u201c<strong>Gala Concert<\/strong>\u201d. Os ingressos <strong>ainda est\u00e3o dispon\u00edveis<\/strong> e podem ser adquiridos tanto on-line quanto presencialmente. \u2013 veja como abaixo como garantir o seu.<\/p>\n<p>O espet\u00e1culo<strong><strong> acontece sob a lideran\u00e7a<\/strong><\/strong> da renomada bailarina principal do concerto,<strong><strong> Oksana Bondareva<\/strong><\/strong>. <\/p>\n<p>Al\u00e9m disso, o elenco conta com talentosos bailarinos que, juntos, <strong><strong>prometem encantar o p\u00fablico<\/strong><\/strong> com uma sele\u00e7\u00e3o especial de coreografias cl\u00e1ssicas. <\/p>\n<h2 class=\"wp-block-heading\"><strong>Ingressos<\/strong><\/h2>\n<p>Os ingressos continuam dispon\u00edveis para compra <strong>on-line <a href=\"https:\/\/www.ingressonacional.com.br\/evento\/31202\/galaconcertthemoscowballetcomoksanabondareva?PromoCode=apro\">(clique aqui)<\/a><\/strong>, ou <strong><strong>diretamente na bilheteria<\/strong><\/strong> do <strong>Theatro<\/strong> <strong>Pedro II<\/strong>. Os valores variam conforme o setor escolhido. Confira abaixo:<\/p>\n<ul class=\"wp-block-list\">\n<li><strong>Plateia A<\/strong>\u00a0\u2013 R$ 198 (meia-entrada) | R$ 396 (inteira)<\/li>\n<li><strong>Plateia B<\/strong>\u00a0\u2013 R$ 176 (meia-entrada) | R$ 352 (inteira)<\/li>\n<li><strong>Frisas<\/strong>\u00a0\u2013 R$ 154 (meia-entrada) | R$ 308 (inteira)<\/li>\n<li><strong>Balc\u00e3o Nobre<\/strong>\u00a0\u2013 R$ 132 (meia-entrada) | R$ 264 (inteira)<\/li>\n<li><strong>Balc\u00e3o Simples\u00a0<\/strong>\u2013 R$ 121 (meia-entrada) | R$ 242 (inteira)<\/li>\n<\/ul>\n<p>SAIBA MAIS<br \/>Theatro Pedro II recebe pe\u00e7a com Vera Fisher e Leonardo Franco; veja quando<\/p>\n<p><strong>FIQUE ON<\/strong><\/p>\n<p>Fique ligado em tudo que acontece em Ribeir\u00e3o Preto e regi\u00e3o. Siga os perfis do<strong>\u00a0acidade on<\/strong>\u00a0no\u00a0<a href=\"https:\/\/www.instagram.com\/acidadeonribeirao\">Instagram<\/a>\u00a0e no\u00a0<a href=\"https:\/\/www.facebook.com\/acidadeonribeirao\/\">Facebook<\/a>.<\/p>\n<p>Receba not\u00edcias do<strong>\u00a0acidade on\u00a0<\/strong>no WhatsApp.\u00a0<a href=\"https:\/\/chat.whatsapp.com\/BjKQZ9oJwlz8VVT50NuePq\">Para entrar no grupo, basta clicar aqui.<\/a><\/p>\n<p>Fa\u00e7a uma den\u00fancia ou sugira uma reportagem sobre Ribeir\u00e3o Preto e regi\u00e3o pelo WhatsApp: 16 99117 7802.<\/p>\n<p>VEJA TAMB\u00c9M\u200b<br \/>Qual o novo hor\u00e1rio de \u2018A Viagem\u2019?<\/p>\n<p><!-- CONTENT END 1 -->\n<\/div>\n<\/div>\n<p><script async src=\"\/\/www.instagram.com\/embed.js\"><\/script><br \/>\n<br \/><br \/>\n<br \/><a href=\"https:\/\/www.acidadeon.com\/ribeiraopreto\/lazer-e-cultura\/bale-russo-apresenta-gala-concert-em-ribeirao-preto-veja-como-comprar-ingressos\/\">Source link <\/a><\/p>\n","protected":false},"excerpt":{"rendered":"<p>A companhia de bal\u00e9 russa, The Moscow Ballet se apresenta na pr\u00f3xima quinta-feira (3), no Theatro Pedro II, localizado no Centro de Ribeir\u00e3o Preto, com&#8230;<\/p>\n","protected":false},"author":1,"featured_media":72827,"comment_status":"open","ping_status":"open","sticky":false,"template":"","format":"standard","meta":{"advanced_seo_description":"","jetpack_seo_html_title":"","jetpack_seo_noindex":false,"jetpack_post_was_ever_published":false,"_jetpack_newsletter_access":"","_jetpack_dont_email_post_to_subs":false,"_jetpack_newsletter_tier_id":0,"_jetpack_memberships_contains_paywalled_content":false,"_jetpack_memberships_contains_paid_content":false,"footnotes":"","jetpack_publicize_message":"","jetpack_publicize_feature_enabled":true,"jetpack_social_post_already_shared":true,"jetpack_social_options":{"image_generator_settings":{"template":"highway","default_image_id":0,"font":"","enabled":false},"version":2}},"categories":[11],"tags":[],"class_list":["post-72826","post","type-post","status-publish","format-standard","has-post-thumbnail","hentry","category-noticias-de-ribeirao-preto-sp-e-regiao-ismael-colosi"],"jetpack_publicize_connections":[],"jetpack_featured_media_url":"https:\/\/i0.wp.com\/noticiasribeiraopreto.com.br\/wp-content\/uploads\/2025\/06\/Captura-de-tela-2025-06-18-201356-1.webp.webp?fit=1212%2C909&ssl=1","jetpack-related-posts":[{"id":31313,"url":"https:\/\/noticiasribeiraopreto.com.br\/index.php\/2024\/01\/21\/theatro-pedro-ii-recebe-o-musical-rei-leao-in-concert-veja-como-comprar-ingressos\/","url_meta":{"origin":72826,"position":0},"title":"Theatro Pedro II recebe o musical \u2018Rei Le\u00e3o In Concert\u2019; Veja como comprar ingressos","author":"noticiasribeiraopreto.com.br","date":"21 de January de 2024","format":false,"excerpt":"O Theatro Pedro II, em Ribeir\u00e3o Preto, recebe o musical \u201cRei Le\u00e3o In Concert\u201d, no pr\u00f3ximo dia 10 de mar\u00e7o. Os ingressos para o espet\u00e1culo podem ser comprados pela internet e custam entre R$ 55 e R$ 150. O musical conta com o recurso de proje\u00e7\u00e3o mapeada 3D e os\u2026","rel":"","context":"In &quot;Not\u00edcias de Ribeir\u00e3o Preto-SP e Regi\u00e3o&quot;","block_context":{"text":"Not\u00edcias de Ribeir\u00e3o Preto-SP e Regi\u00e3o","link":"https:\/\/noticiasribeiraopreto.com.br\/index.php\/category\/noticias-de-ribeirao-preto-sp-e-regiao-ismael-colosi\/"},"img":{"alt_text":"","src":"https:\/\/i0.wp.com\/noticiasribeiraopreto.com.br\/wp-content\/uploads\/2024\/01\/reileao.jpg?fit=978%2C613&ssl=1&resize=350%2C200","width":350,"height":200,"srcset":"https:\/\/i0.wp.com\/noticiasribeiraopreto.com.br\/wp-content\/uploads\/2024\/01\/reileao.jpg?fit=978%2C613&ssl=1&resize=350%2C200 1x, https:\/\/i0.wp.com\/noticiasribeiraopreto.com.br\/wp-content\/uploads\/2024\/01\/reileao.jpg?fit=978%2C613&ssl=1&resize=525%2C300 1.5x, https:\/\/i0.wp.com\/noticiasribeiraopreto.com.br\/wp-content\/uploads\/2024\/01\/reileao.jpg?fit=978%2C613&ssl=1&resize=700%2C400 2x"},"classes":[]},{"id":75655,"url":"https:\/\/noticiasribeiraopreto.com.br\/index.php\/2025\/08\/13\/ribeirao-preto-recebe-espetaculo-de-danca-gratuito-saiba-como-garantir-seu-ingresso\/","url_meta":{"origin":72826,"position":1},"title":"Ribeir\u00e3o Preto recebe espet\u00e1culo de dan\u00e7a gratuito; saiba como garantir seu ingresso","author":"noticiasribeiraopreto.com.br","date":"13 de August de 2025","format":false,"excerpt":"A Companhia Cisne Negro, uma das principais companhias de dan\u00e7a do Pa\u00eds, apresenta neste fim de semana, no Centro Cultural Sesi Ribeir\u00e3o Preto, um espet\u00e1culo gratuito de dan\u00e7a contempor\u00e2nea inspirado na m\u00fasica \u201cQue tal o imposs\u00edvel?\u201d, de Itamar Assump\u00e7\u00e3o. A companhia ainda oferece uma oficina de dan\u00e7a gratuita. As exibi\u00e7\u00f5es,\u2026","rel":"","context":"In &quot;Not\u00edcias de Ribeir\u00e3o Preto-SP e Regi\u00e3o&quot;","block_context":{"text":"Not\u00edcias de Ribeir\u00e3o Preto-SP e Regi\u00e3o","link":"https:\/\/noticiasribeiraopreto.com.br\/index.php\/category\/noticias-de-ribeirao-preto-sp-e-regiao-ismael-colosi\/"},"img":{"alt_text":"","src":"https:\/\/i0.wp.com\/noticiasribeiraopreto.com.br\/wp-content\/uploads\/2025\/08\/WhatsApp-Image-2025-08-13-at-10.56.18_2025-08-13_14-15-01.webp.webp?fit=1200%2C799&ssl=1&resize=350%2C200","width":350,"height":200,"srcset":"https:\/\/i0.wp.com\/noticiasribeiraopreto.com.br\/wp-content\/uploads\/2025\/08\/WhatsApp-Image-2025-08-13-at-10.56.18_2025-08-13_14-15-01.webp.webp?fit=1200%2C799&ssl=1&resize=350%2C200 1x, https:\/\/i0.wp.com\/noticiasribeiraopreto.com.br\/wp-content\/uploads\/2025\/08\/WhatsApp-Image-2025-08-13-at-10.56.18_2025-08-13_14-15-01.webp.webp?fit=1200%2C799&ssl=1&resize=525%2C300 1.5x, https:\/\/i0.wp.com\/noticiasribeiraopreto.com.br\/wp-content\/uploads\/2025\/08\/WhatsApp-Image-2025-08-13-at-10.56.18_2025-08-13_14-15-01.webp.webp?fit=1200%2C799&ssl=1&resize=700%2C400 2x, https:\/\/i0.wp.com\/noticiasribeiraopreto.com.br\/wp-content\/uploads\/2025\/08\/WhatsApp-Image-2025-08-13-at-10.56.18_2025-08-13_14-15-01.webp.webp?fit=1200%2C799&ssl=1&resize=1050%2C600 3x"},"classes":[]},{"id":64201,"url":"https:\/\/noticiasribeiraopreto.com.br\/index.php\/2025\/03\/05\/indio-behn-apresenta-espetaculo-de-humor-no-teatro-municipal-de-ribeirao-preto\/","url_meta":{"origin":72826,"position":2},"title":"\u00cdndio Behn apresenta espet\u00e1culo de humor no Teatro Municipal de Ribeir\u00e3o Preto","author":"noticiasribeiraopreto.com.br","date":"5 de March de 2025","format":false,"excerpt":"O humorista \u00cdndio Behn apresenta nesta quinta-feira (6) o espet\u00e1culo \u201cDra Ros\u00e2ngela em: Tratamento de Choque\u201d no Teatro Municipal de Ribeir\u00e3o Preto, a partir das 20h. Os ingressos j\u00e1 podem ser adquiridos on-line. \u2013 veja como abaixo. Neste novo espet\u00e1culo, a personagem \u201cDra Ros\u00e2ngela\u201d, interpretada por \u00cdndio Behn, mistura m\u00fasica,\u2026","rel":"","context":"In &quot;Not\u00edcias de Ribeir\u00e3o Preto-SP e Regi\u00e3o&quot;","block_context":{"text":"Not\u00edcias de Ribeir\u00e3o Preto-SP e Regi\u00e3o","link":"https:\/\/noticiasribeiraopreto.com.br\/index.php\/category\/noticias-de-ribeirao-preto-sp-e-regiao-ismael-colosi\/"},"img":{"alt_text":"","src":"https:\/\/i0.wp.com\/noticiasribeiraopreto.com.br\/wp-content\/uploads\/2025\/03\/gratiluz-dra-rosangela_2025-03-05_11-41-34_jpg_2025-03-05_11-41-34.webp.webp?fit=800%2C534&ssl=1&resize=350%2C200","width":350,"height":200,"srcset":"https:\/\/i0.wp.com\/noticiasribeiraopreto.com.br\/wp-content\/uploads\/2025\/03\/gratiluz-dra-rosangela_2025-03-05_11-41-34_jpg_2025-03-05_11-41-34.webp.webp?fit=800%2C534&ssl=1&resize=350%2C200 1x, https:\/\/i0.wp.com\/noticiasribeiraopreto.com.br\/wp-content\/uploads\/2025\/03\/gratiluz-dra-rosangela_2025-03-05_11-41-34_jpg_2025-03-05_11-41-34.webp.webp?fit=800%2C534&ssl=1&resize=525%2C300 1.5x, https:\/\/i0.wp.com\/noticiasribeiraopreto.com.br\/wp-content\/uploads\/2025\/03\/gratiluz-dra-rosangela_2025-03-05_11-41-34_jpg_2025-03-05_11-41-34.webp.webp?fit=800%2C534&ssl=1&resize=700%2C400 2x"},"classes":[]},{"id":78014,"url":"https:\/\/noticiasribeiraopreto.com.br\/index.php\/2025\/09\/30\/bale-folclorico-da-bahia-se-apresenta-no-sesc-franca-saiba-como-assistir\/","url_meta":{"origin":72826,"position":3},"title":"Bal\u00e9 Folcl\u00f3rico da Bahia se apresenta no Sesc Franca; Saiba como assistir","author":"noticiasribeiraopreto.com.br","date":"30 de September de 2025","format":false,"excerpt":"Nesta quarta-feira (1\u00ba), o Sesc Franca recebe, a partir das 19h30, o Bal\u00e9 Folcl\u00f3rico da Bahia com um espet\u00e1culo da turn\u00ea em comemora\u00e7\u00e3o dos 37 anos da companhia. A apresenta\u00e7\u00e3o integra a Extens\u00e3o Bienal Sesc de Dan\u00e7a, iniciativa vinculada \u00e0 14\u00aa Bienal Sesc de Dan\u00e7a, realizada em Campinas. Criado em\u2026","rel":"","context":"In &quot;Not\u00edcias de Ribeir\u00e3o Preto-SP e Regi\u00e3o&quot;","block_context":{"text":"Not\u00edcias de Ribeir\u00e3o Preto-SP e Regi\u00e3o","link":"https:\/\/noticiasribeiraopreto.com.br\/index.php\/category\/noticias-de-ribeirao-preto-sp-e-regiao-ismael-colosi\/"},"img":{"alt_text":"","src":"https:\/\/i0.wp.com\/noticiasribeiraopreto.com.br\/wp-content\/uploads\/2025\/09\/irmas-cola-2_2025-09-30_14-48-36.webp.webp?fit=1200%2C675&ssl=1&resize=350%2C200","width":350,"height":200,"srcset":"https:\/\/i0.wp.com\/noticiasribeiraopreto.com.br\/wp-content\/uploads\/2025\/09\/irmas-cola-2_2025-09-30_14-48-36.webp.webp?fit=1200%2C675&ssl=1&resize=350%2C200 1x, https:\/\/i0.wp.com\/noticiasribeiraopreto.com.br\/wp-content\/uploads\/2025\/09\/irmas-cola-2_2025-09-30_14-48-36.webp.webp?fit=1200%2C675&ssl=1&resize=525%2C300 1.5x, https:\/\/i0.wp.com\/noticiasribeiraopreto.com.br\/wp-content\/uploads\/2025\/09\/irmas-cola-2_2025-09-30_14-48-36.webp.webp?fit=1200%2C675&ssl=1&resize=700%2C400 2x, https:\/\/i0.wp.com\/noticiasribeiraopreto.com.br\/wp-content\/uploads\/2025\/09\/irmas-cola-2_2025-09-30_14-48-36.webp.webp?fit=1200%2C675&ssl=1&resize=1050%2C600 3x"},"classes":[]},{"id":78332,"url":"https:\/\/noticiasribeiraopreto.com.br\/index.php\/2025\/10\/08\/trio-a-bela-e-os-tenores-apresenta-novo-espetaculo-no-theatro-pedro-ii\/","url_meta":{"origin":72826,"position":4},"title":"Trio &#8216;A Bela e os Tenores&#8217; apresenta novo espet\u00e1culo no Theatro Pedro II","author":"noticiasribeiraopreto.com.br","date":"8 de October de 2025","format":false,"excerpt":"Neste s\u00e1bado (11), o Theatro Pedro II, em Ribeir\u00e3o Preto, recebe novamente o trio \u201cA Bela e os Tenores\u201c, formado pela soprano Giovanna Maira e pelos tenores Jorge Durian e Armando Valsani, em seu novo espet\u00e1culo \u201cBrasiliano\u201d. A apresenta\u00e7\u00e3o acontece a partir das 20h e ainda h\u00e1 ingressos dispon\u00edveis. Criado\u2026","rel":"","context":"In &quot;Not\u00edcias de Ribeir\u00e3o Preto-SP e Regi\u00e3o&quot;","block_context":{"text":"Not\u00edcias de Ribeir\u00e3o Preto-SP e Regi\u00e3o","link":"https:\/\/noticiasribeiraopreto.com.br\/index.php\/category\/noticias-de-ribeirao-preto-sp-e-regiao-ismael-colosi\/"},"img":{"alt_text":"","src":"https:\/\/i0.wp.com\/noticiasribeiraopreto.com.br\/wp-content\/uploads\/2025\/10\/12_2025-10-08_15-15-48.webp.webp?fit=1200%2C953&ssl=1&resize=350%2C200","width":350,"height":200,"srcset":"https:\/\/i0.wp.com\/noticiasribeiraopreto.com.br\/wp-content\/uploads\/2025\/10\/12_2025-10-08_15-15-48.webp.webp?fit=1200%2C953&ssl=1&resize=350%2C200 1x, https:\/\/i0.wp.com\/noticiasribeiraopreto.com.br\/wp-content\/uploads\/2025\/10\/12_2025-10-08_15-15-48.webp.webp?fit=1200%2C953&ssl=1&resize=525%2C300 1.5x, https:\/\/i0.wp.com\/noticiasribeiraopreto.com.br\/wp-content\/uploads\/2025\/10\/12_2025-10-08_15-15-48.webp.webp?fit=1200%2C953&ssl=1&resize=700%2C400 2x, https:\/\/i0.wp.com\/noticiasribeiraopreto.com.br\/wp-content\/uploads\/2025\/10\/12_2025-10-08_15-15-48.webp.webp?fit=1200%2C953&ssl=1&resize=1050%2C600 3x"},"classes":[]},{"id":79361,"url":"https:\/\/noticiasribeiraopreto.com.br\/index.php\/2025\/10\/30\/humorista-igor-guimaraes-apresenta-stand-up-em-ribeirao-preto-neste-fim-de-semana\/","url_meta":{"origin":72826,"position":5},"title":"Humorista Igor Guimar\u00e3es apresenta stand-up em Ribeir\u00e3o Preto neste fim de semana","author":"noticiasribeiraopreto.com.br","date":"30 de October de 2025","format":false,"excerpt":"O humorista Igor Guimar\u00e3es sobe ao palco do Theatro Pedro II, em Ribeir\u00e3o Preto, neste s\u00e1bado (1\u00ba de novembro), \u00e0s 20h, com o show \u201cStand-up de Humor\u201d. Ainda h\u00e1 ingressos dispon\u00edveis para compra on-line e presencial na bilheteria. Igor Guimar\u00e3es \u00e9 comediante stand-up desde 2009 e se destacou logo no\u2026","rel":"","context":"In &quot;Not\u00edcias de Ribeir\u00e3o Preto-SP e Regi\u00e3o&quot;","block_context":{"text":"Not\u00edcias de Ribeir\u00e3o Preto-SP e Regi\u00e3o","link":"https:\/\/noticiasribeiraopreto.com.br\/index.php\/category\/noticias-de-ribeirao-preto-sp-e-regiao-ismael-colosi\/"},"img":{"alt_text":"","src":"https:\/\/i0.wp.com\/noticiasribeiraopreto.com.br\/wp-content\/uploads\/2025\/10\/PHOTO-2024-04-11-17-20-34_2025-10-30_12-32-20.webp.webp?fit=797%2C520&ssl=1&resize=350%2C200","width":350,"height":200,"srcset":"https:\/\/i0.wp.com\/noticiasribeiraopreto.com.br\/wp-content\/uploads\/2025\/10\/PHOTO-2024-04-11-17-20-34_2025-10-30_12-32-20.webp.webp?fit=797%2C520&ssl=1&resize=350%2C200 1x, https:\/\/i0.wp.com\/noticiasribeiraopreto.com.br\/wp-content\/uploads\/2025\/10\/PHOTO-2024-04-11-17-20-34_2025-10-30_12-32-20.webp.webp?fit=797%2C520&ssl=1&resize=525%2C300 1.5x, https:\/\/i0.wp.com\/noticiasribeiraopreto.com.br\/wp-content\/uploads\/2025\/10\/PHOTO-2024-04-11-17-20-34_2025-10-30_12-32-20.webp.webp?fit=797%2C520&ssl=1&resize=700%2C400 2x"},"classes":[]}],"jetpack_sharing_enabled":true,"jetpack_shortlink":"https:\/\/wp.me\/peQAOb-iWC","_links":{"self":[{"href":"https:\/\/noticiasribeiraopreto.com.br\/index.php\/wp-json\/wp\/v2\/posts\/72826","targetHints":{"allow":["GET"]}}],"collection":[{"href":"https:\/\/noticiasribeiraopreto.com.br\/index.php\/wp-json\/wp\/v2\/posts"}],"about":[{"href":"https:\/\/noticiasribeiraopreto.com.br\/index.php\/wp-json\/wp\/v2\/types\/post"}],"author":[{"embeddable":true,"href":"https:\/\/noticiasribeiraopreto.com.br\/index.php\/wp-json\/wp\/v2\/users\/1"}],"replies":[{"embeddable":true,"href":"https:\/\/noticiasribeiraopreto.com.br\/index.php\/wp-json\/wp\/v2\/comments?post=72826"}],"version-history":[{"count":0,"href":"https:\/\/noticiasribeiraopreto.com.br\/index.php\/wp-json\/wp\/v2\/posts\/72826\/revisions"}],"wp:featuredmedia":[{"embeddable":true,"href":"https:\/\/noticiasribeiraopreto.com.br\/index.php\/wp-json\/wp\/v2\/media\/72827"}],"wp:attachment":[{"href":"https:\/\/noticiasribeiraopreto.com.br\/index.php\/wp-json\/wp\/v2\/media?parent=72826"}],"wp:term":[{"taxonomy":"category","embeddable":true,"href":"https:\/\/noticiasribeiraopreto.com.br\/index.php\/wp-json\/wp\/v2\/categories?post=72826"},{"taxonomy":"post_tag","embeddable":true,"href":"https:\/\/noticiasribeiraopreto.com.br\/index.php\/wp-json\/wp\/v2\/tags?post=72826"}],"curies":[{"name":"wp","href":"https:\/\/api.w.org\/{rel}","templated":true}]}}