{"id":72828,"date":"2025-06-21T17:29:40","date_gmt":"2025-06-21T20:29:40","guid":{"rendered":"https:\/\/noticiasribeiraopreto.com.br\/index.php\/2025\/06\/21\/balao-com-15-ocupantes-faz-pouso-de-emergencia-no-interior-de-sp\/"},"modified":"2025-06-21T17:29:40","modified_gmt":"2025-06-21T20:29:40","slug":"balao-com-15-ocupantes-faz-pouso-de-emergencia-no-interior-de-sp","status":"publish","type":"post","link":"https:\/\/noticiasribeiraopreto.com.br\/index.php\/2025\/06\/21\/balao-com-15-ocupantes-faz-pouso-de-emergencia-no-interior-de-sp\/","title":{"rendered":"Bal\u00e3o com 15 ocupantes faz pouso de emerg\u00eancia no interior de SP"},"content":{"rendered":"<p> <br \/>\n<\/p>\n<div data-td-block-uid=\"tdi_95\">\n<div class=\"tdb-block-inner td-fix-index\">\n<p><strong>Um bal\u00e3o tripulado com 15 pessoas a bordo realizou um pouso de emerg\u00eancia na manh\u00e3 deste s\u00e1bado (21)<\/strong> em uma \u00e1rea de campo aberto no bairro do \u00c9den, em Sorocaba, no<strong> interior de S\u00e3o Paulo.<\/strong> Ele havia partido de Boituva, munic\u00edpio com intensa atividade de balonismo.<\/p>\n<p>Segundo a Pol\u00edcia Militar, <strong>o pouso ocorreu ap\u00f3s os dez paraquedistas que estavam no bal\u00e3o realizarem o salto ainda em Boituva<\/strong>. Com a redu\u00e7\u00e3o de peso e a for\u00e7a do vento, o bal\u00e3o se deslocou at\u00e9 Sorocaba, onde o piloto decidiu realizar o pouso.<\/p>\n<p>Al\u00e9m dos paraquedistas, <strong>havia cinco familiares no bal\u00e3o<\/strong>. De acordo com o piloto, o cesto tocou o solo em posi\u00e7\u00e3o vertical e tombou apenas ap\u00f3s ser esvaziado. <strong>Ningu\u00e9m se feriu.<\/strong><\/p>\n<p>A Pol\u00edcia Militar registrou a ocorr\u00eancia como pouso de emerg\u00eancia. No entanto, <strong>o piloto explicou que tomou a decis\u00e3o como medida preventiva e seguiu os protocolos operacionais da atividade<\/strong>.<\/p>\n<p><em><sup><sub>Com informa\u00e7\u00f5es do G1<\/sub><\/sup><\/em><\/p>\n<hr class=\"wp-block-separator has-alpha-channel-opacity\"\/>\n<p>SAIBA MAIS<\/p>\n<p>Ribeir\u00e3o Preto registra mais de mil acidentes e 42 mortes no tr\u00e2nsito em cinco meses<\/p>\n<h4 class=\"wp-block-heading\"><strong>FIQUE ON<\/strong><\/h4>\n<p>Fique ligado em tudo que acontece em Ribeir\u00e3o Preto e regi\u00e3o. Siga os perfis do\u00a0<strong>acidade on\u00a0<\/strong>no\u00a0<a href=\"https:\/\/www.instagram.com\/acidadeonribeirao\" target=\"_blank\" rel=\"noreferrer noopener\">Instagram<\/a>\u00a0e no\u00a0<a href=\"https:\/\/www.facebook.com\/acidadeonribeirao\" target=\"_blank\" rel=\"noreferrer noopener\">Facebook<\/a>.<\/p>\n<p>Receba not\u00edcias do acidade on no WhatsApp. Para entrar no grupo, basta\u00a0<a href=\"https:\/\/chat.whatsapp.com\/BjKQZ9oJwlz8VVT50NuePq\" target=\"_blank\" rel=\"noreferrer noopener\">clicar aqui<\/a>.<\/p>\n<p>Fa\u00e7a uma den\u00fancia ou sugira uma reportagem sobre Ribeir\u00e3o Preto e regi\u00e3o pelo WhatsApp: 16 99117 7802.<\/p>\n<p><strong>VEJA TAMB\u00c9M<\/strong><\/p>\n<p>Primeira onda de frio do inverno tem data para chegar ao estado de SP; Veja quando<\/p>\n<p><!-- CONTENT END 1 -->\n<\/div>\n<\/div>\n<p><script async src=\"\/\/www.instagram.com\/embed.js\"><\/script><br \/>\n<br \/><br \/>\n<br \/><a href=\"https:\/\/www.acidadeon.com\/ribeiraopreto\/cotidiano\/balao-com-15-ocupantes-faz-pouso-de-emergencia-no-interior-de-sp\/\">Source link <\/a><\/p>\n","protected":false},"excerpt":{"rendered":"<p>Um bal\u00e3o tripulado com 15 pessoas a bordo realizou um pouso de emerg\u00eancia na manh\u00e3 deste s\u00e1bado (21) em uma \u00e1rea de campo aberto no&#8230;<\/p>\n","protected":false},"author":1,"featured_media":72829,"comment_status":"open","ping_status":"open","sticky":false,"template":"","format":"standard","meta":{"advanced_seo_description":"","jetpack_seo_html_title":"","jetpack_seo_noindex":false,"jetpack_post_was_ever_published":false,"_jetpack_newsletter_access":"","_jetpack_dont_email_post_to_subs":false,"_jetpack_newsletter_tier_id":0,"_jetpack_memberships_contains_paywalled_content":false,"_jetpack_memberships_contains_paid_content":false,"footnotes":"","jetpack_publicize_message":"","jetpack_publicize_feature_enabled":true,"jetpack_social_post_already_shared":true,"jetpack_social_options":{"image_generator_settings":{"template":"highway","default_image_id":0,"font":"","enabled":false},"version":2}},"categories":[11],"tags":[],"class_list":["post-72828","post","type-post","status-publish","format-standard","has-post-thumbnail","hentry","category-noticias-de-ribeirao-preto-sp-e-regiao-ismael-colosi"],"jetpack_publicize_connections":[],"jetpack_featured_media_url":"https:\/\/i0.wp.com\/noticiasribeiraopreto.com.br\/wp-content\/uploads\/2025\/06\/Copia-de-Copia-de-Copia-de-TAMANHO-EXATO-PARA-FOTOS-NO-SISTEMA-NOVO-2025-06-21T150639.402_2025-06-21_18-07-06.webp.webp?fit=1200%2C675&ssl=1","jetpack-related-posts":[{"id":45652,"url":"https:\/\/noticiasribeiraopreto.com.br\/index.php\/2024\/04\/05\/passeio-de-balao-2\/","url_meta":{"origin":72828,"position":0},"title":"Passeio de bal\u00e3o &#8211; Tribuna Ribeir\u00e3o","author":"noticiasribeiraopreto.com.br","date":"5 de April de 2024","format":false,"excerpt":"Share0 Um dos ases nacionais do balonismo, Feodor Neov, piloto h\u00e1 35 anos e recordista sul-americano na pr\u00e1tica, com participa\u00e7\u00f5es em programas de TV e at\u00e9 filme gravado, \u00e9 morador de S\u00e3o Pedro e comanda os voos de bal\u00e3o que colocam a est\u00e2ncia como um dos principais locais a oferecer\u2026","rel":"","context":"In &quot;Not\u00edcias de Ribeir\u00e3o Preto-SP e Regi\u00e3o&quot;","block_context":{"text":"Not\u00edcias de Ribeir\u00e3o Preto-SP e Regi\u00e3o","link":"https:\/\/noticiasribeiraopreto.com.br\/index.php\/category\/noticias-de-ribeirao-preto-sp-e-regiao-ismael-colosi\/"},"img":{"alt_text":"","src":"https:\/\/i0.wp.com\/noticiasribeiraopreto.com.br\/wp-content\/uploads\/2024\/04\/1712339112_5-1.jpeg?fit=500%2C500&ssl=1&resize=350%2C200","width":350,"height":200},"classes":[]},{"id":72292,"url":"https:\/\/noticiasribeiraopreto.com.br\/index.php\/2025\/06\/15\/mulher-morre-apos-queda-de-balao-com-30-pessoas-no-interior-de-sp\/","url_meta":{"origin":72828,"position":1},"title":"Mulher morre ap\u00f3s queda de bal\u00e3o com 30 pessoas no interior de SP","author":"noticiasribeiraopreto.com.br","date":"15 de June de 2025","format":false,"excerpt":"Uma mulher morreu ap\u00f3s um bal\u00e3o, com mais de 30 pessoas, cair em uma \u00e1rea rural de Capela do Alto, munic\u00edpio no interior de S\u00e3o Paulo, na manh\u00e3 deste domingo (15). De acordo com as informa\u00e7\u00f5es da PM (Pol\u00edcia Militar), a v\u00edtima chegou a ser socorrida, no entanto, n\u00e3o resistiu\u2026","rel":"","context":"In &quot;Not\u00edcias de Ribeir\u00e3o Preto-SP e Regi\u00e3o&quot;","block_context":{"text":"Not\u00edcias de Ribeir\u00e3o Preto-SP e Regi\u00e3o","link":"https:\/\/noticiasribeiraopreto.com.br\/index.php\/category\/noticias-de-ribeirao-preto-sp-e-regiao-ismael-colosi\/"},"img":{"alt_text":"","src":"https:\/\/i0.wp.com\/noticiasribeiraopreto.com.br\/wp-content\/uploads\/2025\/06\/Copia-de-Copia-de-Copia-de-TAMANHO-EXATO-PARA-FOTOS-NO-SISTEMA-NOVO-2025-06-15T160550.478_2025-06-15_19-05-54.webp.webp?fit=1200%2C675&ssl=1&resize=350%2C200","width":350,"height":200,"srcset":"https:\/\/i0.wp.com\/noticiasribeiraopreto.com.br\/wp-content\/uploads\/2025\/06\/Copia-de-Copia-de-Copia-de-TAMANHO-EXATO-PARA-FOTOS-NO-SISTEMA-NOVO-2025-06-15T160550.478_2025-06-15_19-05-54.webp.webp?fit=1200%2C675&ssl=1&resize=350%2C200 1x, https:\/\/i0.wp.com\/noticiasribeiraopreto.com.br\/wp-content\/uploads\/2025\/06\/Copia-de-Copia-de-Copia-de-TAMANHO-EXATO-PARA-FOTOS-NO-SISTEMA-NOVO-2025-06-15T160550.478_2025-06-15_19-05-54.webp.webp?fit=1200%2C675&ssl=1&resize=525%2C300 1.5x, https:\/\/i0.wp.com\/noticiasribeiraopreto.com.br\/wp-content\/uploads\/2025\/06\/Copia-de-Copia-de-Copia-de-TAMANHO-EXATO-PARA-FOTOS-NO-SISTEMA-NOVO-2025-06-15T160550.478_2025-06-15_19-05-54.webp.webp?fit=1200%2C675&ssl=1&resize=700%2C400 2x, https:\/\/i0.wp.com\/noticiasribeiraopreto.com.br\/wp-content\/uploads\/2025\/06\/Copia-de-Copia-de-Copia-de-TAMANHO-EXATO-PARA-FOTOS-NO-SISTEMA-NOVO-2025-06-15T160550.478_2025-06-15_19-05-54.webp.webp?fit=1200%2C675&ssl=1&resize=1050%2C600 3x"},"classes":[]},{"id":72312,"url":"https:\/\/noticiasribeiraopreto.com.br\/index.php\/2025\/06\/15\/mulher-morre-e-16-ficam-feridos-na-queda-de-balao-no-interior-de-sp\/","url_meta":{"origin":72828,"position":2},"title":"Mulher morre e 16 ficam feridos na queda de bal\u00e3o no interior de SP","author":"noticiasribeiraopreto.com.br","date":"15 de June de 2025","format":false,"excerpt":"15 de junho de 2025 21:485 Compartilhar0 Uma mulher morreu e pelo menos 16 pessoas ficaram feridas ap\u00f3s a queda de um bal\u00e3o tripulado na manh\u00e3 deste domingo (15), em uma \u00e1rea rural de Capela do Alto, a cerca de 24 km de Boituva, no interior de S\u00e3o Paulo. Segundo\u2026","rel":"","context":"In &quot;Not\u00edcias de Ribeir\u00e3o Preto-SP e Regi\u00e3o&quot;","block_context":{"text":"Not\u00edcias de Ribeir\u00e3o Preto-SP e Regi\u00e3o","link":"https:\/\/noticiasribeiraopreto.com.br\/index.php\/category\/noticias-de-ribeirao-preto-sp-e-regiao-ismael-colosi\/"},"img":{"alt_text":"","src":"https:\/\/i0.wp.com\/noticiasribeiraopreto.com.br\/wp-content\/uploads\/2025\/06\/balao_boituva.jpeg?fit=700%2C467&ssl=1&resize=350%2C200","width":350,"height":200,"srcset":"https:\/\/i0.wp.com\/noticiasribeiraopreto.com.br\/wp-content\/uploads\/2025\/06\/balao_boituva.jpeg?fit=700%2C467&ssl=1&resize=350%2C200 1x, https:\/\/i0.wp.com\/noticiasribeiraopreto.com.br\/wp-content\/uploads\/2025\/06\/balao_boituva.jpeg?fit=700%2C467&ssl=1&resize=525%2C300 1.5x, https:\/\/i0.wp.com\/noticiasribeiraopreto.com.br\/wp-content\/uploads\/2025\/06\/balao_boituva.jpeg?fit=700%2C467&ssl=1&resize=700%2C400 2x"},"classes":[]},{"id":45594,"url":"https:\/\/noticiasribeiraopreto.com.br\/index.php\/2024\/04\/05\/passeio-de-balao\/","url_meta":{"origin":72828,"position":3},"title":"Passeio de bal\u00e3o &#8211; Jornal Tribuna Ribeir\u00e3o","author":"noticiasribeiraopreto.com.br","date":"5 de April de 2024","format":false,"excerpt":"5 de abril de 2024 | 9:034 de abril de 2024 | 14:47 0 Um dos ases nacionais do balonismo, Feodor Neov, piloto h\u00e1 35 anos e recordista sul-americano na pr\u00e1tica, com participa\u00e7\u00f5es em programas de TV e at\u00e9 filme gravado, \u00e9 morador de S\u00e3o Pedro e comanda os voos\u2026","rel":"","context":"In &quot;Not\u00edcias de Ribeir\u00e3o Preto-SP e Regi\u00e3o&quot;","block_context":{"text":"Not\u00edcias de Ribeir\u00e3o Preto-SP e Regi\u00e3o","link":"https:\/\/noticiasribeiraopreto.com.br\/index.php\/category\/noticias-de-ribeirao-preto-sp-e-regiao-ismael-colosi\/"},"img":{"alt_text":"","src":"https:\/\/i0.wp.com\/noticiasribeiraopreto.com.br\/wp-content\/uploads\/2024\/04\/5-1.jpeg?fit=500%2C500&ssl=1&resize=350%2C200","width":350,"height":200},"classes":[]},{"id":72830,"url":"https:\/\/noticiasribeiraopreto.com.br\/index.php\/2025\/06\/21\/as-vitimas-da-queda-de-balao-em-santa-catarina\/","url_meta":{"origin":72828,"position":4},"title":"As v\u00edtimas da queda de bal\u00e3o em Santa Catarina","author":"noticiasribeiraopreto.com.br","date":"21 de June de 2025","format":false,"excerpt":"M\u00e3e e filha est\u00e3o entre as v\u00edtimas A Pol\u00edcia Civil de Santa Catarina confirmou neste s\u00e1bado (21) a morte de oito pessoas ap\u00f3s a queda de um bal\u00e3o de ar quente em Praia Grande, no sul do estado. O acidente ocorreu durante a manh\u00e3, quando a aeronave tur\u00edstica pegou fogo\u2026","rel":"","context":"In &quot;Not\u00edcias de Ribeir\u00e3o Preto-SP e Regi\u00e3o&quot;","block_context":{"text":"Not\u00edcias de Ribeir\u00e3o Preto-SP e Regi\u00e3o","link":"https:\/\/noticiasribeiraopreto.com.br\/index.php\/category\/noticias-de-ribeirao-preto-sp-e-regiao-ismael-colosi\/"},"img":{"alt_text":"","src":"https:\/\/i0.wp.com\/noticiasribeiraopreto.com.br\/wp-content\/uploads\/2025\/06\/vitimas_balao_sc-scaled.jpeg?fit=800%2C450&ssl=1&resize=350%2C200","width":350,"height":200,"srcset":"https:\/\/i0.wp.com\/noticiasribeiraopreto.com.br\/wp-content\/uploads\/2025\/06\/vitimas_balao_sc-scaled.jpeg?fit=800%2C450&ssl=1&resize=350%2C200 1x, https:\/\/i0.wp.com\/noticiasribeiraopreto.com.br\/wp-content\/uploads\/2025\/06\/vitimas_balao_sc-scaled.jpeg?fit=800%2C450&ssl=1&resize=525%2C300 1.5x, https:\/\/i0.wp.com\/noticiasribeiraopreto.com.br\/wp-content\/uploads\/2025\/06\/vitimas_balao_sc-scaled.jpeg?fit=800%2C450&ssl=1&resize=700%2C400 2x"},"classes":[]},{"id":72804,"url":"https:\/\/noticiasribeiraopreto.com.br\/index.php\/2025\/06\/21\/video-oito-pessoas-morrem-apos-queda-de-balao-em-santa-catarina\/","url_meta":{"origin":72828,"position":5},"title":"V\u00cdDEO: Oito pessoas morrem ap\u00f3s queda de bal\u00e3o em Santa Catarina","author":"noticiasribeiraopreto.com.br","date":"21 de June de 2025","format":false,"excerpt":"21 de junho de 2025 12:343 Compartilhar0 Um bal\u00e3o tripulado caiu na manh\u00e3 deste s\u00e1bado (21) na cidade de Praia Grande, no sul de Santa Catarina, deixando oito mortos e treze sobreviventes, segundo informa\u00e7\u00f5es divulgadas pelo Corpo de Bombeiros. A aeronave, que transportava mais de 20 pessoas, pegou fogo ainda\u2026","rel":"","context":"In &quot;Not\u00edcias de Ribeir\u00e3o Preto-SP e Regi\u00e3o&quot;","block_context":{"text":"Not\u00edcias de Ribeir\u00e3o Preto-SP e Regi\u00e3o","link":"https:\/\/noticiasribeiraopreto.com.br\/index.php\/category\/noticias-de-ribeirao-preto-sp-e-regiao-ismael-colosi\/"},"img":{"alt_text":"","src":"https:\/\/i0.wp.com\/noticiasribeiraopreto.com.br\/wp-content\/uploads\/2025\/06\/balao_sc.jpeg?fit=719%2C509&ssl=1&resize=350%2C200","width":350,"height":200,"srcset":"https:\/\/i0.wp.com\/noticiasribeiraopreto.com.br\/wp-content\/uploads\/2025\/06\/balao_sc.jpeg?fit=719%2C509&ssl=1&resize=350%2C200 1x, https:\/\/i0.wp.com\/noticiasribeiraopreto.com.br\/wp-content\/uploads\/2025\/06\/balao_sc.jpeg?fit=719%2C509&ssl=1&resize=525%2C300 1.5x, https:\/\/i0.wp.com\/noticiasribeiraopreto.com.br\/wp-content\/uploads\/2025\/06\/balao_sc.jpeg?fit=719%2C509&ssl=1&resize=700%2C400 2x"},"classes":[]}],"jetpack_sharing_enabled":true,"jetpack_shortlink":"https:\/\/wp.me\/peQAOb-iWE","_links":{"self":[{"href":"https:\/\/noticiasribeiraopreto.com.br\/index.php\/wp-json\/wp\/v2\/posts\/72828","targetHints":{"allow":["GET"]}}],"collection":[{"href":"https:\/\/noticiasribeiraopreto.com.br\/index.php\/wp-json\/wp\/v2\/posts"}],"about":[{"href":"https:\/\/noticiasribeiraopreto.com.br\/index.php\/wp-json\/wp\/v2\/types\/post"}],"author":[{"embeddable":true,"href":"https:\/\/noticiasribeiraopreto.com.br\/index.php\/wp-json\/wp\/v2\/users\/1"}],"replies":[{"embeddable":true,"href":"https:\/\/noticiasribeiraopreto.com.br\/index.php\/wp-json\/wp\/v2\/comments?post=72828"}],"version-history":[{"count":0,"href":"https:\/\/noticiasribeiraopreto.com.br\/index.php\/wp-json\/wp\/v2\/posts\/72828\/revisions"}],"wp:featuredmedia":[{"embeddable":true,"href":"https:\/\/noticiasribeiraopreto.com.br\/index.php\/wp-json\/wp\/v2\/media\/72829"}],"wp:attachment":[{"href":"https:\/\/noticiasribeiraopreto.com.br\/index.php\/wp-json\/wp\/v2\/media?parent=72828"}],"wp:term":[{"taxonomy":"category","embeddable":true,"href":"https:\/\/noticiasribeiraopreto.com.br\/index.php\/wp-json\/wp\/v2\/categories?post=72828"},{"taxonomy":"post_tag","embeddable":true,"href":"https:\/\/noticiasribeiraopreto.com.br\/index.php\/wp-json\/wp\/v2\/tags?post=72828"}],"curies":[{"name":"wp","href":"https:\/\/api.w.org\/{rel}","templated":true}]}}