{"id":72830,"date":"2025-06-21T18:09:49","date_gmt":"2025-06-21T21:09:49","guid":{"rendered":"https:\/\/noticiasribeiraopreto.com.br\/index.php\/2025\/06\/21\/as-vitimas-da-queda-de-balao-em-santa-catarina\/"},"modified":"2025-06-21T18:09:49","modified_gmt":"2025-06-21T21:09:49","slug":"as-vitimas-da-queda-de-balao-em-santa-catarina","status":"publish","type":"post","link":"https:\/\/noticiasribeiraopreto.com.br\/index.php\/2025\/06\/21\/as-vitimas-da-queda-de-balao-em-santa-catarina\/","title":{"rendered":"As v\u00edtimas da queda de bal\u00e3o em Santa Catarina"},"content":{"rendered":"<div class='code-block code-block-1' style='margin: 8px 0 8px auto; text-align: right; display: block; clear: both;'>\n<p><a href=\"https:\/\/wa.link\/vpicfd\"><img data-recalc-dims=\"1\" class=\"wp-image-4922\" style=\"aspect-ratio: 2.0253164556962027; width: 561px; height: auto;\" src=\"https:\/\/i0.wp.com\/ismaelcolosi.com.br\/wp-content\/uploads\/2023\/11\/grupo-de-empregos-whatsapp-e-facebook-ismael-colosi-vagas.jpg?ssl=1\" alt=\"\" \/><\/a><\/p>\n<!-- \/wp:image -->\n<\/div>\n<p> <br \/>\n<\/p>\n<div>\n<p style=\"text-align: center;\"><em>M\u00e3e e filha est\u00e3o entre as v\u00edtimas<\/em><\/p>\n<p>A Pol\u00edcia Civil de Santa Catarina confirmou neste s\u00e1bado (21) a morte de oito pessoas ap\u00f3s a queda de um bal\u00e3o de ar quente em Praia Grande, no sul do estado. O acidente ocorreu durante a manh\u00e3, quando a aeronave tur\u00edstica pegou fogo em pleno voo e caiu com 21 ocupantes. Treze pessoas sobreviveram e foram resgatadas com vida.<\/p>\n<p>Entre os mortos est\u00e3o:<\/p>\n<p>Andrei Gabriel de Melo, 34 anos, oftalmologista natural de Fraiburgo (SC);<\/p>\n<p>Everaldo da Rocha;<\/p>\n<p>Fabio Luiz Izycki, 42 anos, natural de Bar\u00e3o de Cotegipe (RS), trabalhava como escritur\u00e1rio e j\u00e1 atuou no Banco do Brasil;<\/p>\n<p>Janaina Moreira Soares da Rocha, natural de Joinville (SC);<\/p>\n<p>Juliane Jacinta Sawicki, natural do Rio Grande do Sul;<\/p>\n<p>Leandro Luzzi, de Encantado (RS);<\/p>\n<p>Leane Elizabeth Herrmann, de Conc\u00f3rdia (SC);<\/p>\n<p>Leise Herrmann Parizotto, m\u00e9dica residente em Blumenau (SC), filha de Leane.<\/p>\n<p>A trag\u00e9dia atingiu de forma especialmente dolorosa a fam\u00edlia Herrmann. M\u00e3e e filha morreram no acidente, enquanto uma segunda filha de Leane, Leciane Herrmann Parizotto, est\u00e1 entre os sobreviventes.<\/p>\n<p>A morte de Andrei Gabriel de Melo gerou como\u00e7\u00e3o em sua cidade natal. O prefeito de Fraiburgo, Wilson Ribeiro, prestou homenagem ao m\u00e9dico: \u201cAndrei pode ter partido fisicamente, mas o amor que ele plantou \u00e9 eterno. Que esse amor seja a for\u00e7a que os sustente nos dias dif\u00edceis\u201d, afirmou.<\/p>\n<p>Segundo o Corpo de Bombeiros Militar de Santa Catarina, o inc\u00eandio teria come\u00e7ado no ma\u00e7arico reserva instalado no cesto do bal\u00e3o. O piloto, Elvis de Bem Cresc\u00eancio, sobreviveu e relatou que tentou seguir os procedimentos de emerg\u00eancia para salvar os passageiros.<\/p>\n<p>Testemunhas afirmaram que algumas pessoas tentaram saltar do bal\u00e3o durante o inc\u00eandio. Imagens que circulam nas redes sociais mostram a aeronave em chamas e perdendo altitude rapidamente.<\/p>\n<p>De acordo com o Hospital Nossa Senhora de F\u00e1tima, cinco pessoas foram encaminhadas ao pronto-socorro. Dois sobreviventes apresentavam queimaduras de segundo grau; os demais tiveram ferimentos leves e relataram dores.<\/p>\n<p>A empresa respons\u00e1vel pelo voo, a Sobrevoar, atua com passeios tur\u00edsticos de bal\u00e3o nos c\u00e2nions da regi\u00e3o. Segundo o site da empresa, o valor do passeio \u00e9 de R$ 550 por pessoa, incluindo caf\u00e9 da manh\u00e3, voo de aproximadamente 45 minutos e um seguro para casos de acidentes.<\/p>\n<p>Em nota, a empresa afirmou que segue todas as normas da Ag\u00eancia Nacional de Avia\u00e7\u00e3o Civil (ANAC) e que nunca havia registrado acidentes anteriores. Tamb\u00e9m destacou que o piloto \u201cpossui ampla experi\u00eancia\u201d e tentou aplicar os procedimentos corretos durante a emerg\u00eancia.<\/p>\n<p>O governador de Santa Catarina, Jorginho Mello (PL), lamentou o ocorrido nas redes sociais. O presidente Luiz In\u00e1cio Lula da Silva (PT) tamb\u00e9m se solidarizou com as v\u00edtimas e informou que colocou a estrutura do governo federal \u00e0 disposi\u00e7\u00e3o.<\/p>\n<p>Os sobreviventes identificados at\u00e9 o momento s\u00e3o:<\/p>\n<p>Claudia Abreu<\/p>\n<p>Elvis de Bem Cresc\u00eancio (piloto)<\/p>\n<p>Fernando da Silva Veronezi<\/p>\n<p>La\u00eds Campos Paes<\/p>\n<p>Leciane Herrmann Parizotto<\/p>\n<p>Leonardo Soares Rocha<\/p>\n<p>Luana da Rocha<\/p>\n<p>Marcel Cunha Batista<\/p>\n<p>Rodrigo de Abreu<\/p>\n<p>Sabrina Patr\u00edcio de Souza<\/p>\n<p>Tassiane Francine Alvarenga<\/p>\n<p>Thayse Elaine Broedbeck Batista<\/p>\n<p>Victor Hugo Mondini Correa<\/p>\n<p>O ex-prefeito de Florian\u00f3polis, Gean Loureiro (Uni\u00e3o Brasil), informou nas redes sociais que pretendia participar do passeio, mas n\u00e3o conseguiu vaga. \u201cDeus, mais uma vez, intercedeu por nossas vidas\u201d, escreveu. Ele tamb\u00e9m prestou solidariedade \u00e0s fam\u00edlias das v\u00edtimas.<\/p>\n<p>Este \u00e9 o segundo acidente envolvendo bal\u00f5es de ar quente no Brasil em menos de uma semana. No domingo anterior (15), uma mulher morreu e outras 11 pessoas ficaram feridas ap\u00f3s a queda de um bal\u00e3o em Boituva (SP). A v\u00edtima fatal foi identificada como Juliana Alves Prado Pereira, de 39 anos.<\/p>\n<p>\u2014<\/p>\n<p>Jornal Tribuna Ribeir\u00e3o<\/p>\n<p>Um Jornal com a cara de Ribeir\u00e3o!<\/p>\n<p>Impresso | WEB | Redes sociais<\/p>\n<p>Tribuna Ribeir\u00e3o \u2013 Fone: (16) 3632-2200 \u2013 Whatsapp: (16) 98161-8743<\/p>\n<p>Av. Bar\u00e3o do Bananal, 880 \u2013 Jardim Anhanguera, Ribeir\u00e3o Preto<\/p>\n<p>@tribunaribeirao @meiaderibeirao @dinoderibeirao<\/p>\n<p>#TribunaRibeir\u00e3o #News #Not\u00edcia #Ribeir\u00e3oPreto #Not\u00edciasDeRibeir\u00e3oPreto<\/p>\n<p>#ClassificadosTribunaRibeir\u00e3o #Jornalismo #ClassificadosRibeir\u00e3o<\/p>\n<p>\u00a0<\/p>\n<\/div>\n<p><br \/>\n<br \/><a href=\"https:\/\/www.tribunaribeirao.com.br\/as-vitimas-da-queda-de-balao-em-santa_catarina\/\">Source link <\/a><\/p>\n<!-- CONTENT END 1 -->\n","protected":false},"excerpt":{"rendered":"<p>M\u00e3e e filha est\u00e3o entre as v\u00edtimas A Pol\u00edcia Civil de Santa Catarina confirmou neste s\u00e1bado (21) a morte de oito pessoas ap\u00f3s a queda&#8230;<\/p>\n","protected":false},"author":1,"featured_media":72831,"comment_status":"open","ping_status":"open","sticky":false,"template":"","format":"standard","meta":{"advanced_seo_description":"","jetpack_seo_html_title":"","jetpack_seo_noindex":false,"jetpack_post_was_ever_published":false,"_jetpack_newsletter_access":"","_jetpack_dont_email_post_to_subs":false,"_jetpack_newsletter_tier_id":0,"_jetpack_memberships_contains_paywalled_content":false,"_jetpack_memberships_contains_paid_content":false,"footnotes":"","jetpack_publicize_message":"","jetpack_publicize_feature_enabled":true,"jetpack_social_post_already_shared":true,"jetpack_social_options":{"image_generator_settings":{"template":"highway","default_image_id":0,"font":"","enabled":false},"version":2}},"categories":[11],"tags":[],"class_list":["post-72830","post","type-post","status-publish","format-standard","has-post-thumbnail","hentry","category-noticias-de-ribeirao-preto-sp-e-regiao-ismael-colosi"],"jetpack_publicize_connections":[],"jetpack_featured_media_url":"https:\/\/i0.wp.com\/noticiasribeiraopreto.com.br\/wp-content\/uploads\/2025\/06\/vitimas_balao_sc-scaled.jpeg?fit=800%2C450&ssl=1","jetpack-related-posts":[{"id":72804,"url":"https:\/\/noticiasribeiraopreto.com.br\/index.php\/2025\/06\/21\/video-oito-pessoas-morrem-apos-queda-de-balao-em-santa-catarina\/","url_meta":{"origin":72830,"position":0},"title":"V\u00cdDEO: Oito pessoas morrem ap\u00f3s queda de bal\u00e3o em Santa Catarina","author":"noticiasribeiraopreto.com.br","date":"21 de June de 2025","format":false,"excerpt":"21 de junho de 2025 12:343 Compartilhar0 Um bal\u00e3o tripulado caiu na manh\u00e3 deste s\u00e1bado (21) na cidade de Praia Grande, no sul de Santa Catarina, deixando oito mortos e treze sobreviventes, segundo informa\u00e7\u00f5es divulgadas pelo Corpo de Bombeiros. A aeronave, que transportava mais de 20 pessoas, pegou fogo ainda\u2026","rel":"","context":"In &quot;Not\u00edcias de Ribeir\u00e3o Preto-SP e Regi\u00e3o&quot;","block_context":{"text":"Not\u00edcias de Ribeir\u00e3o Preto-SP e Regi\u00e3o","link":"https:\/\/noticiasribeiraopreto.com.br\/index.php\/category\/noticias-de-ribeirao-preto-sp-e-regiao-ismael-colosi\/"},"img":{"alt_text":"","src":"https:\/\/i0.wp.com\/noticiasribeiraopreto.com.br\/wp-content\/uploads\/2025\/06\/balao_sc.jpeg?fit=719%2C509&ssl=1&resize=350%2C200","width":350,"height":200,"srcset":"https:\/\/i0.wp.com\/noticiasribeiraopreto.com.br\/wp-content\/uploads\/2025\/06\/balao_sc.jpeg?fit=719%2C509&ssl=1&resize=350%2C200 1x, https:\/\/i0.wp.com\/noticiasribeiraopreto.com.br\/wp-content\/uploads\/2025\/06\/balao_sc.jpeg?fit=719%2C509&ssl=1&resize=525%2C300 1.5x, https:\/\/i0.wp.com\/noticiasribeiraopreto.com.br\/wp-content\/uploads\/2025\/06\/balao_sc.jpeg?fit=719%2C509&ssl=1&resize=700%2C400 2x"},"classes":[]},{"id":53586,"url":"https:\/\/noticiasribeiraopreto.com.br\/index.php\/2024\/06\/21\/vagas-de-emprego-para-atendente-de-farmacia-no-carrefour-em-ribeirao-preto-sp-e-regiao-12\/","url_meta":{"origin":72830,"position":1},"title":"Vagas de emprego para Atendente de Farm\u00e1cia no Carrefour em Ribeir\u00e3o Preto-SP e regi\u00e3o","author":"noticiasribeiraopreto.com.br","date":"21 de June de 2024","format":false,"excerpt":"Sobre a empresa Somos l\u00edderes no mercado brasileiro de varejo alimentar, com bandeiras e marcas devidamente estabelecidas e reconhecidas pelos consumidores brasileiros. Possu\u00edmos mais de quinhentos pontos de vendas, presentes em todos os estados, entre hipermercados, supermercados, lojas de proximidade, atacados, e-commerce, postos de combust\u00edveis e drogarias. H\u00e1 mais de\u2026","rel":"","context":"In &quot;Vagas de Emprego em Ribeir\u00e3o Preto-SP&quot;","block_context":{"text":"Vagas de Emprego em Ribeir\u00e3o Preto-SP","link":"https:\/\/noticiasribeiraopreto.com.br\/index.php\/category\/empregos-classificados-vagas-trabalho\/vagas-de-empregos-em-ribeirao-preto-regiao-brasil\/"},"img":{"alt_text":"","src":"https:\/\/i0.wp.com\/noticiasribeiraopreto.com.br\/wp-content\/uploads\/2024\/06\/1718979201_atendente-de-farmacia.jpg?fit=725%2C725&ssl=1&resize=350%2C200","width":350,"height":200,"srcset":"https:\/\/i0.wp.com\/noticiasribeiraopreto.com.br\/wp-content\/uploads\/2024\/06\/1718979201_atendente-de-farmacia.jpg?fit=725%2C725&ssl=1&resize=350%2C200 1x, https:\/\/i0.wp.com\/noticiasribeiraopreto.com.br\/wp-content\/uploads\/2024\/06\/1718979201_atendente-de-farmacia.jpg?fit=725%2C725&ssl=1&resize=525%2C300 1.5x, https:\/\/i0.wp.com\/noticiasribeiraopreto.com.br\/wp-content\/uploads\/2024\/06\/1718979201_atendente-de-farmacia.jpg?fit=725%2C725&ssl=1&resize=700%2C400 2x"},"classes":[]},{"id":72897,"url":"https:\/\/noticiasribeiraopreto.com.br\/index.php\/2025\/06\/22\/apos-tragedia-em-praia-grande-governo-diz-querer-avancar-em-regulamentacao-do-balonismo\/","url_meta":{"origin":72830,"position":2},"title":"Ap\u00f3s trag\u00e9dia em Praia Grande, governo diz querer avan\u00e7ar em regulamenta\u00e7\u00e3o do balonismo","author":"noticiasribeiraopreto.com.br","date":"22 de June de 2025","format":false,"excerpt":"O Minist\u00e9rio do Turismo informou, por meio de nota, que pretende avan\u00e7ar nesta semana, em reuni\u00e3o com entidades interessadas, na regulamenta\u00e7\u00e3o da explora\u00e7\u00e3o do balonismo para fins tur\u00edsticos no pa\u00eds. A pasta lamentou a queda de um bal\u00e3o que pegou fogo no ar e caiu no s\u00e1bado (21) enquanto realizava\u2026","rel":"","context":"In &quot;Not\u00edcias de Ribeir\u00e3o Preto-SP e Regi\u00e3o&quot;","block_context":{"text":"Not\u00edcias de Ribeir\u00e3o Preto-SP e Regi\u00e3o","link":"https:\/\/noticiasribeiraopreto.com.br\/index.php\/category\/noticias-de-ribeirao-preto-sp-e-regiao-ismael-colosi\/"},"img":{"alt_text":"","src":"https:\/\/i0.wp.com\/noticiasribeiraopreto.com.br\/wp-content\/uploads\/2025\/06\/BALAO_2025-06-22_20-15-10.webp.webp?fit=1200%2C673&ssl=1&resize=350%2C200","width":350,"height":200,"srcset":"https:\/\/i0.wp.com\/noticiasribeiraopreto.com.br\/wp-content\/uploads\/2025\/06\/BALAO_2025-06-22_20-15-10.webp.webp?fit=1200%2C673&ssl=1&resize=350%2C200 1x, https:\/\/i0.wp.com\/noticiasribeiraopreto.com.br\/wp-content\/uploads\/2025\/06\/BALAO_2025-06-22_20-15-10.webp.webp?fit=1200%2C673&ssl=1&resize=525%2C300 1.5x, https:\/\/i0.wp.com\/noticiasribeiraopreto.com.br\/wp-content\/uploads\/2025\/06\/BALAO_2025-06-22_20-15-10.webp.webp?fit=1200%2C673&ssl=1&resize=700%2C400 2x, https:\/\/i0.wp.com\/noticiasribeiraopreto.com.br\/wp-content\/uploads\/2025\/06\/BALAO_2025-06-22_20-15-10.webp.webp?fit=1200%2C673&ssl=1&resize=1050%2C600 3x"},"classes":[]},{"id":25090,"url":"https:\/\/noticiasribeiraopreto.com.br\/index.php\/2024\/01\/05\/bebe-de-um-ano-e-encontrada-sem-vida-apos-mae-ser-impedida-de-pular-de-uma-ponte-entre-sc-e-rs\/","url_meta":{"origin":72830,"position":3},"title":"Beb\u00ea de um ano \u00e9 encontrada sem vida ap\u00f3s m\u00e3e ser impedida de pular de uma ponte entre SC e RS","author":"noticiasribeiraopreto.com.br","date":"5 de January de 2024","format":false,"excerpt":"Este ganhou uma enorme repercuss\u00e3o e se tornou destaque nos maiores portais de not\u00edcias do pa\u00eds, gerando uma enorme como\u00e7\u00e3o na comunidade local.Na manh\u00e3 do \u00faltimo dia 29 de dezembro, foi descoberto o corpo de uma crian\u00e7a ind\u00edgena de apenas um ano e seis meses no munic\u00edpio de Ira\u00ed. O\u2026","rel":"","context":"In &quot;Blog&quot;","block_context":{"text":"Blog","link":"https:\/\/noticiasribeiraopreto.com.br\/index.php\/category\/blog\/"},"img":{"alt_text":"","src":"https:\/\/i0.wp.com\/noticiasribeiraopreto.com.br\/wp-content\/uploads\/2024\/01\/postimg-659890fcca41f5935.jpg?fit=1200%2C628&ssl=1&resize=350%2C200","width":350,"height":200,"srcset":"https:\/\/i0.wp.com\/noticiasribeiraopreto.com.br\/wp-content\/uploads\/2024\/01\/postimg-659890fcca41f5935.jpg?fit=1200%2C628&ssl=1&resize=350%2C200 1x, https:\/\/i0.wp.com\/noticiasribeiraopreto.com.br\/wp-content\/uploads\/2024\/01\/postimg-659890fcca41f5935.jpg?fit=1200%2C628&ssl=1&resize=525%2C300 1.5x, https:\/\/i0.wp.com\/noticiasribeiraopreto.com.br\/wp-content\/uploads\/2024\/01\/postimg-659890fcca41f5935.jpg?fit=1200%2C628&ssl=1&resize=700%2C400 2x, https:\/\/i0.wp.com\/noticiasribeiraopreto.com.br\/wp-content\/uploads\/2024\/01\/postimg-659890fcca41f5935.jpg?fit=1200%2C628&ssl=1&resize=1050%2C600 3x"},"classes":[]},{"id":18608,"url":"https:\/\/noticiasribeiraopreto.com.br\/index.php\/2023\/12\/20\/erro-de-acesso\/","url_meta":{"origin":72830,"position":4},"title":"6.565\r\n                                                    Vagas de Emprego","author":"noticiasribeiraopreto.com.br","date":"20 de December de 2023","format":false,"excerpt":"Sobre a empresa Somos l\u00edderes no mercado brasileiro de varejo alimentar, com bandeiras e marcas devidamente estabelecidas e reconhecidas pelos consumidores brasileiros. Possu\u00edmos mais de quinhentos pontos de vendas, presentes em todos os estados, entre hipermercados, supermercados, lojas de proximidade, atacados, e-commerce, postos de combust\u00edveis e drogarias. H\u00e1 mais de\u2026","rel":"","context":"In &quot;Vagas de Emprego em Ribeir\u00e3o Preto-SP&quot;","block_context":{"text":"Vagas de Emprego em Ribeir\u00e3o Preto-SP","link":"https:\/\/noticiasribeiraopreto.com.br\/index.php\/category\/empregos-classificados-vagas-trabalho\/vagas-de-empregos-em-ribeirao-preto-regiao-brasil\/"},"img":{"alt_text":"","src":"https:\/\/i0.wp.com\/noticiasribeiraopreto.com.br\/wp-content\/uploads\/2024\/08\/carrefour.png?fit=1200%2C756&ssl=1&resize=350%2C200","width":350,"height":200,"srcset":"https:\/\/i0.wp.com\/noticiasribeiraopreto.com.br\/wp-content\/uploads\/2024\/08\/carrefour.png?fit=1200%2C756&ssl=1&resize=350%2C200 1x, https:\/\/i0.wp.com\/noticiasribeiraopreto.com.br\/wp-content\/uploads\/2024\/08\/carrefour.png?fit=1200%2C756&ssl=1&resize=525%2C300 1.5x, https:\/\/i0.wp.com\/noticiasribeiraopreto.com.br\/wp-content\/uploads\/2024\/08\/carrefour.png?fit=1200%2C756&ssl=1&resize=700%2C400 2x, https:\/\/i0.wp.com\/noticiasribeiraopreto.com.br\/wp-content\/uploads\/2024\/08\/carrefour.png?fit=1200%2C756&ssl=1&resize=1050%2C600 3x"},"classes":[]},{"id":21493,"url":"https:\/\/noticiasribeiraopreto.com.br\/index.php\/2023\/12\/27\/quem-e-a-garotinha-de-4-anos-que-estava-desaparecida-e-foi-encontrada-sem-vida-em-sc\/","url_meta":{"origin":72830,"position":5},"title":"Quem \u00e9 a garotinha de 4 anos que estava desaparecida e foi encontrada sem vida em SC","author":"noticiasribeiraopreto.com.br","date":"27 de December de 2023","format":false,"excerpt":"O corpo da garotinha de quatro anos, que estava desaparecida desde domingo (24), foi localizado no in\u00edcio da tarde desta quarta-feira (27), conforme informa\u00e7\u00f5es fornecidas pelos socorristas do Corpo de Bombeiros.Ela foi encontrada a uma dist\u00e2ncia de aproximadamente 13 quil\u00f4metros do local onde foi avistada pela \u00faltima vez. A v\u00edtima\u2026","rel":"","context":"In &quot;Blog&quot;","block_context":{"text":"Blog","link":"https:\/\/noticiasribeiraopreto.com.br\/index.php\/category\/blog\/"},"img":{"alt_text":"","src":"https:\/\/i0.wp.com\/noticiasribeiraopreto.com.br\/wp-content\/uploads\/2023\/12\/postimg-658cbab3253629916.jpg?fit=1200%2C628&ssl=1&resize=350%2C200","width":350,"height":200,"srcset":"https:\/\/i0.wp.com\/noticiasribeiraopreto.com.br\/wp-content\/uploads\/2023\/12\/postimg-658cbab3253629916.jpg?fit=1200%2C628&ssl=1&resize=350%2C200 1x, https:\/\/i0.wp.com\/noticiasribeiraopreto.com.br\/wp-content\/uploads\/2023\/12\/postimg-658cbab3253629916.jpg?fit=1200%2C628&ssl=1&resize=525%2C300 1.5x, https:\/\/i0.wp.com\/noticiasribeiraopreto.com.br\/wp-content\/uploads\/2023\/12\/postimg-658cbab3253629916.jpg?fit=1200%2C628&ssl=1&resize=700%2C400 2x, https:\/\/i0.wp.com\/noticiasribeiraopreto.com.br\/wp-content\/uploads\/2023\/12\/postimg-658cbab3253629916.jpg?fit=1200%2C628&ssl=1&resize=1050%2C600 3x"},"classes":[]}],"jetpack_sharing_enabled":true,"jetpack_shortlink":"https:\/\/wp.me\/peQAOb-iWG","_links":{"self":[{"href":"https:\/\/noticiasribeiraopreto.com.br\/index.php\/wp-json\/wp\/v2\/posts\/72830","targetHints":{"allow":["GET"]}}],"collection":[{"href":"https:\/\/noticiasribeiraopreto.com.br\/index.php\/wp-json\/wp\/v2\/posts"}],"about":[{"href":"https:\/\/noticiasribeiraopreto.com.br\/index.php\/wp-json\/wp\/v2\/types\/post"}],"author":[{"embeddable":true,"href":"https:\/\/noticiasribeiraopreto.com.br\/index.php\/wp-json\/wp\/v2\/users\/1"}],"replies":[{"embeddable":true,"href":"https:\/\/noticiasribeiraopreto.com.br\/index.php\/wp-json\/wp\/v2\/comments?post=72830"}],"version-history":[{"count":0,"href":"https:\/\/noticiasribeiraopreto.com.br\/index.php\/wp-json\/wp\/v2\/posts\/72830\/revisions"}],"wp:featuredmedia":[{"embeddable":true,"href":"https:\/\/noticiasribeiraopreto.com.br\/index.php\/wp-json\/wp\/v2\/media\/72831"}],"wp:attachment":[{"href":"https:\/\/noticiasribeiraopreto.com.br\/index.php\/wp-json\/wp\/v2\/media?parent=72830"}],"wp:term":[{"taxonomy":"category","embeddable":true,"href":"https:\/\/noticiasribeiraopreto.com.br\/index.php\/wp-json\/wp\/v2\/categories?post=72830"},{"taxonomy":"post_tag","embeddable":true,"href":"https:\/\/noticiasribeiraopreto.com.br\/index.php\/wp-json\/wp\/v2\/tags?post=72830"}],"curies":[{"name":"wp","href":"https:\/\/api.w.org\/{rel}","templated":true}]}}