{"id":72832,"date":"2025-06-21T18:22:50","date_gmt":"2025-06-21T21:22:50","guid":{"rendered":"https:\/\/noticiasribeiraopreto.com.br\/index.php\/2025\/06\/21\/jornal-da-franca-ministerio-publico-de-sao-paulo-publica-edital-do-concurso-para-analista-juridico\/"},"modified":"2025-06-21T18:22:50","modified_gmt":"2025-06-21T21:22:50","slug":"jornal-da-franca-ministerio-publico-de-sao-paulo-publica-edital-do-concurso-para-analista-juridico","status":"publish","type":"post","link":"https:\/\/noticiasribeiraopreto.com.br\/index.php\/2025\/06\/21\/jornal-da-franca-ministerio-publico-de-sao-paulo-publica-edital-do-concurso-para-analista-juridico\/","title":{"rendered":"Jornal da Franca &#8211; Minist\u00e9rio P\u00fablico de S\u00e3o Paulo publica edital do concurso para analista jur\u00eddico"},"content":{"rendered":"<p> <br \/>\n<\/p>\n<div>\n\t                            <a class=\"mb-1\" href=\"https:\/\/api.whatsapp.com\/send?text=Olha essa Not\u00edcia no Jornal da Franca.%0D%0D*Minist\u00e9rio P\u00fablico de S\u00e3o Paulo publica edital do concurso para analista jur\u00eddico*%0D%0Dclique na url abaixo%0Dhttps:\/\/www.jornaldafranca.com.br\/ministerio-publico-de-sao-paulo-publica-edital-do-concurso-para-analista-juridico\/\" target=\"_blank\"><span class=\"text-12 badge badge-pill badge-success\"><i class=\"fa fa-whatsapp\"\/> compartilhar no whatsapp<\/span><\/a><\/p>\n<p>\t                            <a class=\"mb-1\" href=\"https:\/\/telegram.me\/share\/url?url=https:\/\/www.jornaldafranca.com.br\/ministerio-publico-de-sao-paulo-publica-edital-do-concurso-para-analista-juridico\/&amp;text=Olha essa Not\u00edcia no Jornal da Franca.\" target=\"_blank\"><span class=\"text-12 badge badge-pill badge-info\"><i class=\"fa fa-telegram\"\/> compartilhar no telegram<\/span><\/a><\/p>\n<p>\t                            <a class=\"mb-1\" href=\"https:\/\/www.facebook.com\/sharer\/sharer.php?u=https:\/\/www.jornaldafranca.com.br\/ministerio-publico-de-sao-paulo-publica-edital-do-concurso-para-analista-juridico\/\" target=\"_blank\"><span class=\"text-12 badge badge-pill badge-primary\"><i class=\"fa fa-facebook\"\/> compartilhar no facebook<\/span><\/a><\/p>\n<p>\t                            <a class=\"mb-1\" href=\"https:\/\/www.linkedin.com\/shareArticle?mini=true&amp;url=https:\/\/www.jornaldafranca.com.br\/ministerio-publico-de-sao-paulo-publica-edital-do-concurso-para-analista-juridico\/&amp;title=Minist\u00e9rio P\u00fablico de S\u00e3o Paulo publica edital do concurso para analista jur\u00eddico&amp;source=JORNAL DA FRANCA\" target=\"_blank\"><span class=\"text-12 badge badge-pill badge-secondary\"><i class=\"fa fa-linkedin\"\/> compartilhar no linkedin<\/span><\/a><\/p>\n<div class=\"lead text-20\">\n<p>Com inscri\u00e7\u00f5es a partir deste este m\u00eas, concurso do MP SP tem edital publicado para analista, com ganhos iniciais de R$10 mil. <\/p>\n<\/p><\/div>\n<article class=\"c-hfyrVj c-hfyrVj-ijXdZso-css\"\/>\n<article\/>\n<article><img data-recalc-dims=\"1\" fetchpriority=\"high\" decoding=\"async\" class=\"\" src=\"https:\/\/i0.wp.com\/www.jornaldafranca.com.br\/wp-content\/uploads\/2025\/06\/1ff443bf-2e74-4e82-8569-eb26eeecd493.jpg?resize=755%2C395&#038;ssl=1\" alt=\"\" width=\"755\" height=\"395\"\/><\/article>\n<article\/>\n<article\/>\n<article\/>\n<article\/>\n<article>Foi publicado no Di\u00e1rio Oficial do Estado de quarta-feira, 18 de junho, o edital do concurso MP SP. Ao todo, o Minist\u00e9rio P\u00fablico de S\u00e3o Paulo oferece vagas para cadastro de reserva, no cargo de analista jur\u00eddico, cujo sal\u00e1rio \u00e9 de R$ 10 mil.\u00a0Para ingressar na carreira, o candidato dever\u00e1 possuir o n\u00edvel superior em Direito.<strong>As vagas ser\u00e3o distribu\u00eddas entre as seguintes regionais:<\/strong><\/p>\n<p>Capital e Grande S\u00e3o Paulo<\/p>\n<p>Ara\u00e7atuba<\/p>\n<p>Bauru<\/p>\n<p>Campinas<\/p>\n<p>Franca<\/p>\n<p>Piracicaba<\/p>\n<p>Presidente Prudente<\/p>\n<p>Ribeir\u00e3o Preto<\/p>\n<p>Santos<\/p>\n<p>S\u00e3o Jos\u00e9 do Rio Preto<\/p>\n<p>Sorocaba<\/p>\n<p>Taubat\u00e9<\/p>\n<p>Vale do Ribeira<\/p>\n<p><strong>Prazos<\/strong><\/p>\n<p>As inscri\u00e7\u00f5es poder\u00e3o ser feitas a partir das 10h do dia 23 de junho,\u00a0no portal da\u00a0Funda\u00e7\u00e3o Vunesp, organizadora. O processo ficar\u00e1 aberto\u00a0at\u00e9 o dia 22 de julho.<\/p>\n<p>\u00c9 importante refor\u00e7ar que, no ato da inscri\u00e7\u00e3o, o candidato dever\u00e1 ter aten\u00e7\u00e3o, visto que as candidaturas ser\u00e3o feitas para apenas uma \u00fanica \u00e1rea regional.<\/p>\n<p>Para confirmar a participa\u00e7\u00e3o, o candidato dever\u00e1 efetuar o pagamento de uma\u00a0taxa de R$165.<\/p>\n<p>Haver\u00e1 isen\u00e7\u00e3o da taxa para doadores de sangue e redu\u00e7\u00e3o de 50% do valor para candidatos que, cumulativamente, sejam estudantes matriculados em curso pr\u00e9-vestibular ou curso superior (em n\u00edvel de gradua\u00e7\u00e3o ou p\u00f3s-gradua\u00e7\u00e3o) e que, ainda, tenham renda mensal inferior a dois sal\u00e1rios m\u00ednimos ou estejam desempregados.<\/p>\n<p>Os\u00a0pedidos de isen\u00e7\u00e3o\u00a0poder\u00e3o ser feitos\u00a0entre os dias 23 e 24 de junho, no\u00a0portal da Vunesp.<\/p>\n<p><strong>Sal\u00e1rio do aprovado no concurso MP SP<\/strong><\/p>\n<p>A remunera\u00e7\u00e3o do aprovado no concurso do MP SP ser\u00e1 composta pela soma do vencimento b\u00e1sico de R$4.527,78, com a gratifica\u00e7\u00e3o de promotoria de R$5.842,64, totalizando R$ 10.370,42.<\/p>\n<p>De acordo com not\u00edcia do portal Folha Q Concursos, al\u00e9m do valor indicado acima, o servidor ainda far\u00e1 jus ao aux\u00edlio-transporte de R$17,80 (por dia) e aos seguintes benef\u00edcios:<\/p>\n<p>aux\u00edlio-alimenta\u00e7\u00e3o de R$1.450; e<\/p>\n<p>aux\u00edlio-sa\u00fade (valor m\u00eas): R$1.555,56.<\/p>\n<\/article>\n<article class=\"c-hfyrVj c-hfyrVj-ijXdZso-css\"><a href=\"https:\/\/doe.sp.gov.br\/executivo\/ministerio-publico\/abertura-concurso-n-01-2025-de-17-de-junho-de-2025-20250617133963671153700\" target=\"_blank\" rel=\"noopener noreferrer\">CONFIRA O EDITAL AQUI!<\/a><\/article>\n<p><!-- CONTENT END 1 --><\/p>\n<hr\/><\/div>\n<p><br \/>\n<br \/><a href=\"https:\/\/www.jornaldafranca.com.br\/ministerio-publico-de-sao-paulo-publica-edital-do-concurso-para-analista-juridico\/\">Source link <\/a><\/p>\n","protected":false},"excerpt":{"rendered":"<p>compartilhar no whatsapp compartilhar no telegram compartilhar no facebook compartilhar no linkedin Com inscri\u00e7\u00f5es a partir deste este m\u00eas, concurso do MP SP tem edital&#8230;<\/p>\n","protected":false},"author":1,"featured_media":72833,"comment_status":"open","ping_status":"open","sticky":false,"template":"","format":"standard","meta":{"advanced_seo_description":"","jetpack_seo_html_title":"","jetpack_seo_noindex":false,"jetpack_post_was_ever_published":false,"_jetpack_newsletter_access":"","_jetpack_dont_email_post_to_subs":false,"_jetpack_newsletter_tier_id":0,"_jetpack_memberships_contains_paywalled_content":false,"_jetpack_memberships_contains_paid_content":false,"footnotes":"","jetpack_publicize_message":"","jetpack_publicize_feature_enabled":true,"jetpack_social_post_already_shared":true,"jetpack_social_options":{"image_generator_settings":{"template":"highway","default_image_id":0,"font":"","enabled":false},"version":2}},"categories":[3597],"tags":[],"class_list":["post-72832","post","type-post","status-publish","format-standard","has-post-thumbnail","hentry","category-noticias-franca-sp"],"jetpack_publicize_connections":[],"jetpack_featured_media_url":"https:\/\/i0.wp.com\/noticiasribeiraopreto.com.br\/wp-content\/uploads\/2025\/06\/concurso-ministerio-publico-1.png?fit=600%2C300&ssl=1","jetpack-related-posts":[{"id":73017,"url":"https:\/\/noticiasribeiraopreto.com.br\/index.php\/2025\/06\/24\/jornal-da-franca-clima-sera-de-frio-porem-agradavel-e-fresco-em-franca-nesta-terca-deve-chover\/","url_meta":{"origin":72832,"position":0},"title":"Jornal da Franca &#8211; Clima ser\u00e1 de frio, por\u00e9m agrad\u00e1vel e fresco em Franca nesta ter\u00e7a: deve chover","author":"noticiasribeiraopreto.com.br","date":"24 de June de 2025","format":false,"excerpt":"compartilhar no whatsapp compartilhar no telegram compartilhar no facebook compartilhar no linkedin Cidade tem previs\u00e3o de chuva de at\u00e9 12 mil\u00edmetros A previs\u00e3o do tempo para Franca indica um dia agrad\u00e1vel, com temperatura m\u00ednima de 5\u00b0C e m\u00e1xima de 22\u00b0C. H\u00e1 grande possibilidade de chuva, com volume de at\u00e9 12\u2026","rel":"","context":"In &quot;Not\u00edcias de Franca-SP&quot;","block_context":{"text":"Not\u00edcias de Franca-SP","link":"https:\/\/noticiasribeiraopreto.com.br\/index.php\/category\/noticias-de-ribeirao-preto-sp-e-regiao-ismael-colosi\/noticias-franca-sp\/"},"img":{"alt_text":"","src":"https:\/\/i0.wp.com\/noticiasribeiraopreto.com.br\/wp-content\/uploads\/2025\/06\/1750758766_Franca.jpeg?fit=1200%2C806&ssl=1&resize=350%2C200","width":350,"height":200,"srcset":"https:\/\/i0.wp.com\/noticiasribeiraopreto.com.br\/wp-content\/uploads\/2025\/06\/1750758766_Franca.jpeg?fit=1200%2C806&ssl=1&resize=350%2C200 1x, https:\/\/i0.wp.com\/noticiasribeiraopreto.com.br\/wp-content\/uploads\/2025\/06\/1750758766_Franca.jpeg?fit=1200%2C806&ssl=1&resize=525%2C300 1.5x, https:\/\/i0.wp.com\/noticiasribeiraopreto.com.br\/wp-content\/uploads\/2025\/06\/1750758766_Franca.jpeg?fit=1200%2C806&ssl=1&resize=700%2C400 2x, https:\/\/i0.wp.com\/noticiasribeiraopreto.com.br\/wp-content\/uploads\/2025\/06\/1750758766_Franca.jpeg?fit=1200%2C806&ssl=1&resize=1050%2C600 3x"},"classes":[]},{"id":69340,"url":"https:\/\/noticiasribeiraopreto.com.br\/index.php\/2025\/05\/05\/jornal-da-franca-implantacao-de-escola-civico-militar-em-franca-e-tema-de-debates-na-camara-municipal\/","url_meta":{"origin":72832,"position":1},"title":"Jornal da Franca &#8211; Implanta\u00e7\u00e3o de escola c\u00edvico-militar em Franca \u00e9 tema de debates na C\u00e2mara Municipal","author":"noticiasribeiraopreto.com.br","date":"5 de May de 2025","format":false,"excerpt":"compartilhar no whatsapp compartilhar no telegram compartilhar no facebook compartilhar no linkedin Mun\u00edcipe agradece apoio de vereadores e parlamentares para que Franca fosse contemplada com o modelo educacional A implanta\u00e7\u00e3o do Programa das Escolas C\u00edvico-Militares em Franca, pauta defendida pela direita, foi tema abordado durante a sess\u00e3o ordin\u00e1ria da C\u00e2mara\u2026","rel":"","context":"In &quot;Not\u00edcias de Franca-SP&quot;","block_context":{"text":"Not\u00edcias de Franca-SP","link":"https:\/\/noticiasribeiraopreto.com.br\/index.php\/category\/noticias-de-ribeirao-preto-sp-e-regiao-ismael-colosi\/noticias-franca-sp\/"},"img":{"alt_text":"","src":"https:\/\/i0.wp.com\/noticiasribeiraopreto.com.br\/wp-content\/uploads\/2025\/05\/1746449336_plenariodiagonal_0.jpg?fit=930%2C558&ssl=1&resize=350%2C200","width":350,"height":200,"srcset":"https:\/\/i0.wp.com\/noticiasribeiraopreto.com.br\/wp-content\/uploads\/2025\/05\/1746449336_plenariodiagonal_0.jpg?fit=930%2C558&ssl=1&resize=350%2C200 1x, https:\/\/i0.wp.com\/noticiasribeiraopreto.com.br\/wp-content\/uploads\/2025\/05\/1746449336_plenariodiagonal_0.jpg?fit=930%2C558&ssl=1&resize=525%2C300 1.5x, https:\/\/i0.wp.com\/noticiasribeiraopreto.com.br\/wp-content\/uploads\/2025\/05\/1746449336_plenariodiagonal_0.jpg?fit=930%2C558&ssl=1&resize=700%2C400 2x"},"classes":[]},{"id":69220,"url":"https:\/\/noticiasribeiraopreto.com.br\/index.php\/2025\/05\/03\/jornal-da-franca-socorristas-que-salvaram-crianca-em-franca-recebem-mocao-de-aplausos-da-camara\/","url_meta":{"origin":72832,"position":2},"title":"Jornal da Franca &#8211; Socorristas que salvaram crian\u00e7a em Franca\u00a0recebem Mo\u00e7\u00e3o de Aplausos da C\u00e2mara","author":"noticiasribeiraopreto.com.br","date":"3 de May de 2025","format":false,"excerpt":"compartilhar no whatsapp compartilhar no telegram compartilhar no facebook compartilhar no linkedin Mo\u00e7\u00e3o reconhece trabalho de equipe de sa\u00fade que atuou no salvamento de beb\u00ea A C\u00e2mara aprovou a Mo\u00e7\u00e3o de Aplausos n\u00ba 41 de 2025, de autoria do vereador Walker Bombeiro da Libras, para a equipe de sa\u00fade da\u2026","rel":"","context":"In &quot;Not\u00edcias de Franca-SP&quot;","block_context":{"text":"Not\u00edcias de Franca-SP","link":"https:\/\/noticiasribeiraopreto.com.br\/index.php\/category\/noticias-de-ribeirao-preto-sp-e-regiao-ismael-colosi\/noticias-franca-sp\/"},"img":{"alt_text":"","src":"https:\/\/i0.wp.com\/noticiasribeiraopreto.com.br\/wp-content\/uploads\/2025\/05\/mocaoravi17sessao.jpg?fit=1000%2C562&ssl=1&resize=350%2C200","width":350,"height":200,"srcset":"https:\/\/i0.wp.com\/noticiasribeiraopreto.com.br\/wp-content\/uploads\/2025\/05\/mocaoravi17sessao.jpg?fit=1000%2C562&ssl=1&resize=350%2C200 1x, https:\/\/i0.wp.com\/noticiasribeiraopreto.com.br\/wp-content\/uploads\/2025\/05\/mocaoravi17sessao.jpg?fit=1000%2C562&ssl=1&resize=525%2C300 1.5x, https:\/\/i0.wp.com\/noticiasribeiraopreto.com.br\/wp-content\/uploads\/2025\/05\/mocaoravi17sessao.jpg?fit=1000%2C562&ssl=1&resize=700%2C400 2x"},"classes":[]},{"id":67756,"url":"https:\/\/noticiasribeiraopreto.com.br\/index.php\/2025\/04\/18\/jornal-da-franca-vereadores-aprovam-reconhecimento-a-profissionais-e-entidades-que-atuam-em-franca\/","url_meta":{"origin":72832,"position":3},"title":"Jornal da Franca &#8211; Vereadores aprovam reconhecimento a profissionais e entidades que atuam em Franca\u00a0","author":"noticiasribeiraopreto.com.br","date":"18 de April de 2025","format":false,"excerpt":"compartilhar no whatsapp compartilhar no telegram compartilhar no facebook compartilhar no linkedin Mo\u00e7\u00f5es de aplausos e congratula\u00e7\u00f5es s\u00e3o apresentadas em reconhecimento a servi\u00e7os prestados A C\u00e2mara Municipal de Franca aprovou na sess\u00e3o desta ter\u00e7a-feira mo\u00e7\u00f5es de aplausos e congratula\u00e7\u00f5es em reconhecimento a profissionais, entidades e sindicatos que se destacaram em\u2026","rel":"","context":"In &quot;Not\u00edcias de Franca-SP&quot;","block_context":{"text":"Not\u00edcias de Franca-SP","link":"https:\/\/noticiasribeiraopreto.com.br\/index.php\/category\/noticias-de-ribeirao-preto-sp-e-regiao-ismael-colosi\/noticias-franca-sp\/"},"img":{"alt_text":"","src":"https:\/\/i0.wp.com\/noticiasribeiraopreto.com.br\/wp-content\/uploads\/2025\/04\/reuniaodecomissoes-2.jpg?fit=930%2C558&ssl=1&resize=350%2C200","width":350,"height":200,"srcset":"https:\/\/i0.wp.com\/noticiasribeiraopreto.com.br\/wp-content\/uploads\/2025\/04\/reuniaodecomissoes-2.jpg?fit=930%2C558&ssl=1&resize=350%2C200 1x, https:\/\/i0.wp.com\/noticiasribeiraopreto.com.br\/wp-content\/uploads\/2025\/04\/reuniaodecomissoes-2.jpg?fit=930%2C558&ssl=1&resize=525%2C300 1.5x, https:\/\/i0.wp.com\/noticiasribeiraopreto.com.br\/wp-content\/uploads\/2025\/04\/reuniaodecomissoes-2.jpg?fit=930%2C558&ssl=1&resize=700%2C400 2x"},"classes":[]},{"id":65177,"url":"https:\/\/noticiasribeiraopreto.com.br\/index.php\/2025\/03\/17\/jornal-da-franca-previsao-climatica-para-franca-dia-de-sol-com-poucas-nuvens-nesta-segunda\/","url_meta":{"origin":72832,"position":4},"title":"Jornal da Franca &#8211; Previs\u00e3o clim\u00e1tica para Franca: dia de sol com poucas nuvens nesta segunda","author":"noticiasribeiraopreto.com.br","date":"17 de March de 2025","format":false,"excerpt":"compartilhar no whatsapp compartilhar no telegram compartilhar no facebook compartilhar no linkedin Temperaturas variam entre 19\u00b0C e 31\u00b0C, com 0% de chance de chuva \u00a0 A previs\u00e3o do tempo para a cidade de Franca nesta segunda-feira, indica um dia de sol com algumas nuvens, especialmente \u00e0 tarde. H\u00e1 previs\u00e3o de\u2026","rel":"","context":"In &quot;Not\u00edcias de Franca-SP&quot;","block_context":{"text":"Not\u00edcias de Franca-SP","link":"https:\/\/noticiasribeiraopreto.com.br\/index.php\/category\/noticias-de-ribeirao-preto-sp-e-regiao-ismael-colosi\/noticias-franca-sp\/"},"img":{"alt_text":"","src":"https:\/\/i0.wp.com\/noticiasribeiraopreto.com.br\/wp-content\/uploads\/2025\/03\/nuvens-de-chuva-scaled.jpg?fit=1200%2C800&ssl=1&resize=350%2C200","width":350,"height":200,"srcset":"https:\/\/i0.wp.com\/noticiasribeiraopreto.com.br\/wp-content\/uploads\/2025\/03\/nuvens-de-chuva-scaled.jpg?fit=1200%2C800&ssl=1&resize=350%2C200 1x, https:\/\/i0.wp.com\/noticiasribeiraopreto.com.br\/wp-content\/uploads\/2025\/03\/nuvens-de-chuva-scaled.jpg?fit=1200%2C800&ssl=1&resize=525%2C300 1.5x, https:\/\/i0.wp.com\/noticiasribeiraopreto.com.br\/wp-content\/uploads\/2025\/03\/nuvens-de-chuva-scaled.jpg?fit=1200%2C800&ssl=1&resize=700%2C400 2x, https:\/\/i0.wp.com\/noticiasribeiraopreto.com.br\/wp-content\/uploads\/2025\/03\/nuvens-de-chuva-scaled.jpg?fit=1200%2C800&ssl=1&resize=1050%2C600 3x"},"classes":[]},{"id":64747,"url":"https:\/\/noticiasribeiraopreto.com.br\/index.php\/2025\/03\/12\/jornal-da-franca-autoridades-e-produtores-rurais-de-franca-fazem-abertura-da-16-edicao-do-simcafe\/","url_meta":{"origin":72832,"position":5},"title":"Jornal da Franca &#8211; Autoridades e produtores rurais de Franca fazem abertura da 16\u00b0 edi\u00e7\u00e3o do SimCaf\u00e9","author":"noticiasribeiraopreto.com.br","date":"12 de March de 2025","format":false,"excerpt":"compartilhar no whatsapp compartilhar no telegram compartilhar no facebook compartilhar no linkedin Evento re\u00fane cafeicultores e empresas do setor de agro de Franca e regi\u00e3o O Simcaf\u00e9 \u2013 Simp\u00f3sio do Agroneg\u00f3cio Caf\u00e9 da Alta Mogiana \u2013 teve sua 16\u00b0 edi\u00e7\u00e3o aberta nesta ter\u00e7a-feira com a presen\u00e7a de diversas autoridades pol\u00edticas.\u2026","rel":"","context":"In &quot;Not\u00edcias de Franca-SP&quot;","block_context":{"text":"Not\u00edcias de Franca-SP","link":"https:\/\/noticiasribeiraopreto.com.br\/index.php\/category\/noticias-de-ribeirao-preto-sp-e-regiao-ismael-colosi\/noticias-franca-sp\/"},"img":{"alt_text":"","src":"https:\/\/i0.wp.com\/noticiasribeiraopreto.com.br\/wp-content\/uploads\/2025\/03\/IMG_20250311_180004.jpg?fit=804%2C730&ssl=1&resize=350%2C200","width":350,"height":200,"srcset":"https:\/\/i0.wp.com\/noticiasribeiraopreto.com.br\/wp-content\/uploads\/2025\/03\/IMG_20250311_180004.jpg?fit=804%2C730&ssl=1&resize=350%2C200 1x, https:\/\/i0.wp.com\/noticiasribeiraopreto.com.br\/wp-content\/uploads\/2025\/03\/IMG_20250311_180004.jpg?fit=804%2C730&ssl=1&resize=525%2C300 1.5x, https:\/\/i0.wp.com\/noticiasribeiraopreto.com.br\/wp-content\/uploads\/2025\/03\/IMG_20250311_180004.jpg?fit=804%2C730&ssl=1&resize=700%2C400 2x"},"classes":[]}],"jetpack_sharing_enabled":true,"jetpack_shortlink":"https:\/\/wp.me\/peQAOb-iWI","_links":{"self":[{"href":"https:\/\/noticiasribeiraopreto.com.br\/index.php\/wp-json\/wp\/v2\/posts\/72832","targetHints":{"allow":["GET"]}}],"collection":[{"href":"https:\/\/noticiasribeiraopreto.com.br\/index.php\/wp-json\/wp\/v2\/posts"}],"about":[{"href":"https:\/\/noticiasribeiraopreto.com.br\/index.php\/wp-json\/wp\/v2\/types\/post"}],"author":[{"embeddable":true,"href":"https:\/\/noticiasribeiraopreto.com.br\/index.php\/wp-json\/wp\/v2\/users\/1"}],"replies":[{"embeddable":true,"href":"https:\/\/noticiasribeiraopreto.com.br\/index.php\/wp-json\/wp\/v2\/comments?post=72832"}],"version-history":[{"count":0,"href":"https:\/\/noticiasribeiraopreto.com.br\/index.php\/wp-json\/wp\/v2\/posts\/72832\/revisions"}],"wp:featuredmedia":[{"embeddable":true,"href":"https:\/\/noticiasribeiraopreto.com.br\/index.php\/wp-json\/wp\/v2\/media\/72833"}],"wp:attachment":[{"href":"https:\/\/noticiasribeiraopreto.com.br\/index.php\/wp-json\/wp\/v2\/media?parent=72832"}],"wp:term":[{"taxonomy":"category","embeddable":true,"href":"https:\/\/noticiasribeiraopreto.com.br\/index.php\/wp-json\/wp\/v2\/categories?post=72832"},{"taxonomy":"post_tag","embeddable":true,"href":"https:\/\/noticiasribeiraopreto.com.br\/index.php\/wp-json\/wp\/v2\/tags?post=72832"}],"curies":[{"name":"wp","href":"https:\/\/api.w.org\/{rel}","templated":true}]}}