{"id":72836,"date":"2025-06-21T19:26:34","date_gmt":"2025-06-21T22:26:34","guid":{"rendered":"https:\/\/noticiasribeiraopreto.com.br\/index.php\/2025\/06\/21\/jornal-da-franca-sesc-franca-recebe-marcia-tiburi-e-jhonny-salaberg-para-bate-papo-com-tema-livre\/"},"modified":"2025-06-21T19:26:34","modified_gmt":"2025-06-21T22:26:34","slug":"jornal-da-franca-sesc-franca-recebe-marcia-tiburi-e-jhonny-salaberg-para-bate-papo-com-tema-livre","status":"publish","type":"post","link":"https:\/\/noticiasribeiraopreto.com.br\/index.php\/2025\/06\/21\/jornal-da-franca-sesc-franca-recebe-marcia-tiburi-e-jhonny-salaberg-para-bate-papo-com-tema-livre\/","title":{"rendered":"Jornal da Franca &#8211; Sesc Franca recebe M\u00e1rcia Tiburi e Jhonny Salaberg para bate-papo com tema livre"},"content":{"rendered":"<p> <br \/>\n<\/p>\n<div>\n\t                            <a class=\"mb-1\" href=\"https:\/\/api.whatsapp.com\/send?text=Olha essa Not\u00edcia no Jornal da Franca.%0D%0D*Sesc Franca recebe M\u00e1rcia Tiburi e Jhonny Salaberg para bate-papo com tema livre*%0D%0Dclique na url abaixo%0Dhttps:\/\/www.jornaldafranca.com.br\/sesc-franca-recebe-marcia-tiburi-e-jhonny-salaberg-para-bate-papo-com-tema-livre\/\" target=\"_blank\"><span class=\"text-12 badge badge-pill badge-success\"><i class=\"fa fa-whatsapp\"\/> compartilhar no whatsapp<\/span><\/a><\/p>\n<p>\t                            <a class=\"mb-1\" href=\"https:\/\/telegram.me\/share\/url?url=https:\/\/www.jornaldafranca.com.br\/sesc-franca-recebe-marcia-tiburi-e-jhonny-salaberg-para-bate-papo-com-tema-livre\/&amp;text=Olha essa Not\u00edcia no Jornal da Franca.\" target=\"_blank\"><span class=\"text-12 badge badge-pill badge-info\"><i class=\"fa fa-telegram\"\/> compartilhar no telegram<\/span><\/a><\/p>\n<p>\t                            <a class=\"mb-1\" href=\"https:\/\/www.facebook.com\/sharer\/sharer.php?u=https:\/\/www.jornaldafranca.com.br\/sesc-franca-recebe-marcia-tiburi-e-jhonny-salaberg-para-bate-papo-com-tema-livre\/\" target=\"_blank\"><span class=\"text-12 badge badge-pill badge-primary\"><i class=\"fa fa-facebook\"\/> compartilhar no facebook<\/span><\/a><\/p>\n<p>\t                            <a class=\"mb-1\" href=\"https:\/\/www.linkedin.com\/shareArticle?mini=true&amp;url=https:\/\/www.jornaldafranca.com.br\/sesc-franca-recebe-marcia-tiburi-e-jhonny-salaberg-para-bate-papo-com-tema-livre\/&amp;title=Sesc Franca recebe M\u00e1rcia Tiburi e Jhonny Salaberg para bate-papo com tema livre&amp;source=JORNAL DA FRANCA\" target=\"_blank\"><span class=\"text-12 badge badge-pill badge-secondary\"><i class=\"fa fa-linkedin\"\/> compartilhar no linkedin<\/span><\/a><\/p>\n<div class=\"lead text-20\">\n<p>Com media\u00e7\u00e3o de Marina Correa, os participantes compartilham reflex\u00f5es com o p\u00fablico a partir de suas trajet\u00f3rias e viv\u00eancias<\/p>\n<\/p><\/div>\n<p><img data-recalc-dims=\"1\" decoding=\"async\" src=\"https:\/\/i0.wp.com\/www.jornaldafranca.com.br\/wp-content\/uploads\/2025\/06\/essa-00-7.jpg?ssl=1\" alt=\"\"\/><\/p>\n<h6>M\u00e1rcia Tiburi (Foto: Fernando Rabelo)\u00a0 \u00a0 \u00a0 \u00a0 \u00a0 \u00a0 \u00a0 \u00a0 \u00a0 \u00a0 \u00a0 \u00a0 \u00a0 \u00a0 \u00a0 \u00a0 \u00a0 \u00a0 \u00a0 \u00a0 \u00a0 \u00a0 \u00a0 \u00a0 \u00a0 \u00a0 \u00a0 \u00a0 \u00a0 \u00a0 \u00a0 \u00a0 \u00a0 \u00a0 \u00a0 \u00a0 \u00a0 \u00a0 \u00a0 \u00a0 \u00a0 Jhonny Salaberg (Foto: J\u00falio Aracack)<\/h6>\n<p>Como parte da programa\u00e7\u00e3o de junho, o Sesc Franca realiza no Teatro, no dia 26 de junho, a atividade Conversas P\u00fablicas, com a presen\u00e7a da fil\u00f3sofa Marcia Tiburi e do ator e dramaturgo Jhonny Salaberg. O encontro ser\u00e1 mediado por Marina Correa, animadora cultural da unidade.<\/p>\n<p>Na atividade, o p\u00fablico \u00e9 quem define os temas abordados. A partir dessa escolha, as pessoas convidadas compartilham reflex\u00f5es baseadas em suas trajet\u00f3rias, pr\u00e1ticas e produ\u00e7\u00f5es. A proposta tem como base a escuta coletiva e a constru\u00e7\u00e3o de di\u00e1logos em espa\u00e7o aberto.<\/p>\n<p>Esta \u00e9 a quinta edi\u00e7\u00e3o do Conversas P\u00fablicas. Na primeira edi\u00e7\u00e3o participaram Geni Nu\u00f1ez e Tigan\u00e1 Santana; na segunda, S\u00e9rgio Vaz e Erica Malunguinho.<\/p>\n<p>O projeto tamb\u00e9m j\u00e1 contou com a presen\u00e7a de Elisa Lucinda e Renato Noguera e, Allan da Rosa e Ju\u00e3o Nyn. A iniciativa busca promover encontros entre pessoas de diferentes \u00e1reas do conhecimento, com foco no<br \/>compartilhamento de experi\u00eancias e na produ\u00e7\u00e3o de pensamento a partir da presen\u00e7a p\u00fablica.<\/p>\n<p><strong>Participa\u00e7\u00e3o direta do p\u00fablico<\/strong><\/p>\n<p>O formato da atividade favorece a participa\u00e7\u00e3o direta do p\u00fablico e refor\u00e7a o papel do Sesc na promo\u00e7\u00e3o de espa\u00e7os voltados \u00e0 escuta, ao di\u00e1logo e ao pensamento cr\u00edtico.<\/p>\n<p>Ao integrar dimens\u00f5es culturais e educativas, a proposta estimula a constru\u00e7\u00e3o coletiva de conhecimento e amplia o acesso a reflex\u00f5es sobre temas contempor\u00e2neos.<\/p>\n<p>Marcia Tiburi \u00e9 graduada em Filosofia e Artes, com mestrado e doutorado em Filosofia. Atua como professora independente e j\u00e1 lecionou em institui\u00e7\u00f5es brasileiras e estrangeiras. \u00c9 autora de ensaios e romances, com destaque para sua obra mais recente, \u201cCom os Sapatos Aniquilados Helena Avan\u00e7a na Neve\u201d (N\u00f3s, 2024).<\/p>\n<p><strong>Quem \u00e9<\/strong><\/p>\n<p>Jhonny Salaberg \u00e9 ator e dramaturgo, natural de S\u00e3o Paulo. Formou-se pela Escola Livre de Teatro de Santo Andr\u00e9 e \u00e9 cofundador do grupo de teatro negro O Bonde. Foi indicado ao 35\u00ba Pr\u00eamio Shell de Teatro na categoria Dramaturgia pelo espet\u00e1culo Parto Pavilh\u00e3o.<\/p>\n<p>Tem tr\u00eas livros publicados na Cole\u00e7\u00e3o Dramaturgia da Editora Cobog\u00f3: \u201cBuraquinhos ou O Vento \u00c9 Inimigo do Picum\u00e3\u201d (2018), \u201cMato Cheio\u201d (2019) e \u201cParto Pavilh\u00e3o\u201d (2021).<\/p>\n<p>Marina Correa dos Santos \u00e9 animadora cultural do Sesc Franca. Possui gradua\u00e7\u00e3o e mestrado em Ci\u00eancias Sociais pela Faculdade de Ci\u00eancias e Letras (FCL) da UNESP Araraquara.<\/p>\n<p>A atividade integra as a\u00e7\u00f5es do Sesc voltadas \u00e0 reflex\u00e3o sobre temas contempor\u00e2neos, com a participa\u00e7\u00e3o de profissionais de diferentes \u00e1reas do conhecimento e das artes.<\/p>\n<p><strong>Servi\u00e7o<\/strong><\/p>\n<p><strong>Data:<\/strong> 26 de junho. Quinta, 19h30<\/p>\n<p><strong>Classifica\u00e7\u00e3o indicativa<\/strong>: 12 anos<\/p>\n<p><strong>Local:<\/strong> Teatro do Sesc Franca<\/p>\n<p><strong>Gr\u00e1tis\u202f<\/strong>| Retirada de ingressos 1h antes<\/p>\n<p>Endere\u00e7o:\u00a0Av. Dr. Ismael Alonso Y Alonso, 3071<\/p>\n<p><b>Site:\u00a0<\/b>sescsp.org.br\/franca<\/p>\n<p><b>Instagram:\u00a0<\/b>@sescfranca<\/p>\n<p><!-- CONTENT END 1 --><\/p>\n<hr\/><\/div>\n<p><br \/>\n<br \/><a href=\"https:\/\/www.jornaldafranca.com.br\/sesc-franca-recebe-marcia-tiburi-e-jhonny-salaberg-para-bate-papo-com-tema-livre\/\">Source link <\/a><\/p>\n","protected":false},"excerpt":{"rendered":"<p>compartilhar no whatsapp compartilhar no telegram compartilhar no facebook compartilhar no linkedin Com media\u00e7\u00e3o de Marina Correa, os participantes compartilham reflex\u00f5es com o p\u00fablico a&#8230;<\/p>\n","protected":false},"author":1,"featured_media":72837,"comment_status":"open","ping_status":"open","sticky":false,"template":"","format":"standard","meta":{"advanced_seo_description":"","jetpack_seo_html_title":"","jetpack_seo_noindex":false,"jetpack_post_was_ever_published":false,"_jetpack_newsletter_access":"","_jetpack_dont_email_post_to_subs":false,"_jetpack_newsletter_tier_id":0,"_jetpack_memberships_contains_paywalled_content":false,"_jetpack_memberships_contains_paid_content":false,"footnotes":"","jetpack_publicize_message":"","jetpack_publicize_feature_enabled":true,"jetpack_social_post_already_shared":true,"jetpack_social_options":{"image_generator_settings":{"template":"highway","default_image_id":0,"font":"","enabled":false},"version":2}},"categories":[3597],"tags":[],"class_list":["post-72836","post","type-post","status-publish","format-standard","has-post-thumbnail","hentry","category-noticias-franca-sp"],"jetpack_publicize_connections":[],"jetpack_featured_media_url":"https:\/\/i0.wp.com\/noticiasribeiraopreto.com.br\/wp-content\/uploads\/2025\/06\/essa-00-7.jpg?fit=1170%2C731&ssl=1","jetpack-related-posts":[{"id":73017,"url":"https:\/\/noticiasribeiraopreto.com.br\/index.php\/2025\/06\/24\/jornal-da-franca-clima-sera-de-frio-porem-agradavel-e-fresco-em-franca-nesta-terca-deve-chover\/","url_meta":{"origin":72836,"position":0},"title":"Jornal da Franca &#8211; Clima ser\u00e1 de frio, por\u00e9m agrad\u00e1vel e fresco em Franca nesta ter\u00e7a: deve chover","author":"noticiasribeiraopreto.com.br","date":"24 de June de 2025","format":false,"excerpt":"compartilhar no whatsapp compartilhar no telegram compartilhar no facebook compartilhar no linkedin Cidade tem previs\u00e3o de chuva de at\u00e9 12 mil\u00edmetros A previs\u00e3o do tempo para Franca indica um dia agrad\u00e1vel, com temperatura m\u00ednima de 5\u00b0C e m\u00e1xima de 22\u00b0C. H\u00e1 grande possibilidade de chuva, com volume de at\u00e9 12\u2026","rel":"","context":"In &quot;Not\u00edcias de Franca-SP&quot;","block_context":{"text":"Not\u00edcias de Franca-SP","link":"https:\/\/noticiasribeiraopreto.com.br\/index.php\/category\/noticias-de-ribeirao-preto-sp-e-regiao-ismael-colosi\/noticias-franca-sp\/"},"img":{"alt_text":"","src":"https:\/\/i0.wp.com\/noticiasribeiraopreto.com.br\/wp-content\/uploads\/2025\/06\/1750758766_Franca.jpeg?fit=1200%2C806&ssl=1&resize=350%2C200","width":350,"height":200,"srcset":"https:\/\/i0.wp.com\/noticiasribeiraopreto.com.br\/wp-content\/uploads\/2025\/06\/1750758766_Franca.jpeg?fit=1200%2C806&ssl=1&resize=350%2C200 1x, https:\/\/i0.wp.com\/noticiasribeiraopreto.com.br\/wp-content\/uploads\/2025\/06\/1750758766_Franca.jpeg?fit=1200%2C806&ssl=1&resize=525%2C300 1.5x, https:\/\/i0.wp.com\/noticiasribeiraopreto.com.br\/wp-content\/uploads\/2025\/06\/1750758766_Franca.jpeg?fit=1200%2C806&ssl=1&resize=700%2C400 2x, https:\/\/i0.wp.com\/noticiasribeiraopreto.com.br\/wp-content\/uploads\/2025\/06\/1750758766_Franca.jpeg?fit=1200%2C806&ssl=1&resize=1050%2C600 3x"},"classes":[]},{"id":69340,"url":"https:\/\/noticiasribeiraopreto.com.br\/index.php\/2025\/05\/05\/jornal-da-franca-implantacao-de-escola-civico-militar-em-franca-e-tema-de-debates-na-camara-municipal\/","url_meta":{"origin":72836,"position":1},"title":"Jornal da Franca &#8211; Implanta\u00e7\u00e3o de escola c\u00edvico-militar em Franca \u00e9 tema de debates na C\u00e2mara Municipal","author":"noticiasribeiraopreto.com.br","date":"5 de May de 2025","format":false,"excerpt":"compartilhar no whatsapp compartilhar no telegram compartilhar no facebook compartilhar no linkedin Mun\u00edcipe agradece apoio de vereadores e parlamentares para que Franca fosse contemplada com o modelo educacional A implanta\u00e7\u00e3o do Programa das Escolas C\u00edvico-Militares em Franca, pauta defendida pela direita, foi tema abordado durante a sess\u00e3o ordin\u00e1ria da C\u00e2mara\u2026","rel":"","context":"In &quot;Not\u00edcias de Franca-SP&quot;","block_context":{"text":"Not\u00edcias de Franca-SP","link":"https:\/\/noticiasribeiraopreto.com.br\/index.php\/category\/noticias-de-ribeirao-preto-sp-e-regiao-ismael-colosi\/noticias-franca-sp\/"},"img":{"alt_text":"","src":"https:\/\/i0.wp.com\/noticiasribeiraopreto.com.br\/wp-content\/uploads\/2025\/05\/1746449336_plenariodiagonal_0.jpg?fit=930%2C558&ssl=1&resize=350%2C200","width":350,"height":200,"srcset":"https:\/\/i0.wp.com\/noticiasribeiraopreto.com.br\/wp-content\/uploads\/2025\/05\/1746449336_plenariodiagonal_0.jpg?fit=930%2C558&ssl=1&resize=350%2C200 1x, https:\/\/i0.wp.com\/noticiasribeiraopreto.com.br\/wp-content\/uploads\/2025\/05\/1746449336_plenariodiagonal_0.jpg?fit=930%2C558&ssl=1&resize=525%2C300 1.5x, https:\/\/i0.wp.com\/noticiasribeiraopreto.com.br\/wp-content\/uploads\/2025\/05\/1746449336_plenariodiagonal_0.jpg?fit=930%2C558&ssl=1&resize=700%2C400 2x"},"classes":[]},{"id":70143,"url":"https:\/\/noticiasribeiraopreto.com.br\/index.php\/2025\/05\/23\/jornal-da-franca-chegou-a-sexta-feira-dia-sera-seco-mas-sem-muito-frio-em-franca-e-regiao\/","url_meta":{"origin":72836,"position":2},"title":"Jornal da Franca &#8211; Chegou a sexta-feira! Dia ser\u00e1 seco, mas sem muito frio em Franca e regi\u00e3o","author":"noticiasribeiraopreto.com.br","date":"23 de May de 2025","format":false,"excerpt":"compartilhar no whatsapp compartilhar no telegram compartilhar no facebook compartilhar no linkedin Previs\u00e3o do tempo para Franca nesta sexta-feira indica temperaturas amenas e c\u00e9u parcialmente nublado A sexta-feira chegou e a previs\u00e3o do tempo para Franca \u00e9 de um dia agrad\u00e1vel, com temperaturas amenas e c\u00e9u parcialmente nublado. De acordo\u2026","rel":"","context":"In &quot;Not\u00edcias de Franca-SP&quot;","block_context":{"text":"Not\u00edcias de Franca-SP","link":"https:\/\/noticiasribeiraopreto.com.br\/index.php\/category\/noticias-de-ribeirao-preto-sp-e-regiao-ismael-colosi\/noticias-franca-sp\/"},"img":{"alt_text":"","src":"https:\/\/i0.wp.com\/noticiasribeiraopreto.com.br\/wp-content\/uploads\/2025\/05\/campanha-do-agasalho.jpg?fit=1086%2C652&ssl=1&resize=350%2C200","width":350,"height":200,"srcset":"https:\/\/i0.wp.com\/noticiasribeiraopreto.com.br\/wp-content\/uploads\/2025\/05\/campanha-do-agasalho.jpg?fit=1086%2C652&ssl=1&resize=350%2C200 1x, https:\/\/i0.wp.com\/noticiasribeiraopreto.com.br\/wp-content\/uploads\/2025\/05\/campanha-do-agasalho.jpg?fit=1086%2C652&ssl=1&resize=525%2C300 1.5x, https:\/\/i0.wp.com\/noticiasribeiraopreto.com.br\/wp-content\/uploads\/2025\/05\/campanha-do-agasalho.jpg?fit=1086%2C652&ssl=1&resize=700%2C400 2x, https:\/\/i0.wp.com\/noticiasribeiraopreto.com.br\/wp-content\/uploads\/2025\/05\/campanha-do-agasalho.jpg?fit=1086%2C652&ssl=1&resize=1050%2C600 3x"},"classes":[]},{"id":66789,"url":"https:\/\/noticiasribeiraopreto.com.br\/index.php\/2025\/04\/05\/jornal-da-franca-nbb-tv-cultura-transmite-partida-entre-pato-basquete-e-sesi-franca-neste-sabado\/","url_meta":{"origin":72836,"position":3},"title":"Jornal da Franca &#8211; NBB: TV Cultura transmite partida entre Pato Basquete e Sesi Franca neste s\u00e1bado","author":"noticiasribeiraopreto.com.br","date":"5 de April de 2025","format":false,"excerpt":"compartilhar no whatsapp compartilhar no telegram compartilhar no facebook compartilhar no linkedin Jogo v\u00e1lido pelo NBB come\u00e7a \u00e0s 17h10; Sesi Franca est\u00e1 na terceira coloca\u00e7\u00e3o do campeonato A TV Cultura transmitir\u00e1 neste s\u00e1bado (5) a partida entre Pato Basquete e Sesi Franca pelo Novo Basquete Brasil (NBB). O jogo, v\u00e1lido\u2026","rel":"","context":"In &quot;Not\u00edcias de Franca-SP&quot;","block_context":{"text":"Not\u00edcias de Franca-SP","link":"https:\/\/noticiasribeiraopreto.com.br\/index.php\/category\/noticias-de-ribeirao-preto-sp-e-regiao-ismael-colosi\/noticias-franca-sp\/"},"img":{"alt_text":"","src":"https:\/\/i0.wp.com\/noticiasribeiraopreto.com.br\/wp-content\/uploads\/2025\/04\/IMG-20250329-WA0001.jpg?fit=1040%2C694&ssl=1&resize=350%2C200","width":350,"height":200,"srcset":"https:\/\/i0.wp.com\/noticiasribeiraopreto.com.br\/wp-content\/uploads\/2025\/04\/IMG-20250329-WA0001.jpg?fit=1040%2C694&ssl=1&resize=350%2C200 1x, https:\/\/i0.wp.com\/noticiasribeiraopreto.com.br\/wp-content\/uploads\/2025\/04\/IMG-20250329-WA0001.jpg?fit=1040%2C694&ssl=1&resize=525%2C300 1.5x, https:\/\/i0.wp.com\/noticiasribeiraopreto.com.br\/wp-content\/uploads\/2025\/04\/IMG-20250329-WA0001.jpg?fit=1040%2C694&ssl=1&resize=700%2C400 2x"},"classes":[]},{"id":67756,"url":"https:\/\/noticiasribeiraopreto.com.br\/index.php\/2025\/04\/18\/jornal-da-franca-vereadores-aprovam-reconhecimento-a-profissionais-e-entidades-que-atuam-em-franca\/","url_meta":{"origin":72836,"position":4},"title":"Jornal da Franca &#8211; Vereadores aprovam reconhecimento a profissionais e entidades que atuam em Franca\u00a0","author":"noticiasribeiraopreto.com.br","date":"18 de April de 2025","format":false,"excerpt":"compartilhar no whatsapp compartilhar no telegram compartilhar no facebook compartilhar no linkedin Mo\u00e7\u00f5es de aplausos e congratula\u00e7\u00f5es s\u00e3o apresentadas em reconhecimento a servi\u00e7os prestados A C\u00e2mara Municipal de Franca aprovou na sess\u00e3o desta ter\u00e7a-feira mo\u00e7\u00f5es de aplausos e congratula\u00e7\u00f5es em reconhecimento a profissionais, entidades e sindicatos que se destacaram em\u2026","rel":"","context":"In &quot;Not\u00edcias de Franca-SP&quot;","block_context":{"text":"Not\u00edcias de Franca-SP","link":"https:\/\/noticiasribeiraopreto.com.br\/index.php\/category\/noticias-de-ribeirao-preto-sp-e-regiao-ismael-colosi\/noticias-franca-sp\/"},"img":{"alt_text":"","src":"https:\/\/i0.wp.com\/noticiasribeiraopreto.com.br\/wp-content\/uploads\/2025\/04\/reuniaodecomissoes-2.jpg?fit=930%2C558&ssl=1&resize=350%2C200","width":350,"height":200,"srcset":"https:\/\/i0.wp.com\/noticiasribeiraopreto.com.br\/wp-content\/uploads\/2025\/04\/reuniaodecomissoes-2.jpg?fit=930%2C558&ssl=1&resize=350%2C200 1x, https:\/\/i0.wp.com\/noticiasribeiraopreto.com.br\/wp-content\/uploads\/2025\/04\/reuniaodecomissoes-2.jpg?fit=930%2C558&ssl=1&resize=525%2C300 1.5x, https:\/\/i0.wp.com\/noticiasribeiraopreto.com.br\/wp-content\/uploads\/2025\/04\/reuniaodecomissoes-2.jpg?fit=930%2C558&ssl=1&resize=700%2C400 2x"},"classes":[]},{"id":72627,"url":"https:\/\/noticiasribeiraopreto.com.br\/index.php\/2025\/06\/19\/jornal-da-franca-torcedores-do-sesi-franca-aguardam-confirmacao-de-carreata-para-comemorar-o-tetra\/","url_meta":{"origin":72836,"position":5},"title":"Jornal da Franca &#8211; Torcedores do Sesi Franca aguardam confirma\u00e7\u00e3o de carreata para comemorar o tetra","author":"noticiasribeiraopreto.com.br","date":"19 de June de 2025","format":false,"excerpt":"compartilhar no whatsapp compartilhar no telegram compartilhar no facebook compartilhar no linkedin Time tradicionalmente comemora titulos desfilando em carro aberto pela cidade Os torcedores do Sesi Franca aguardam que o clube confirme a realiza\u00e7\u00e3o de uma carreata para comemorar o t\u00edtulo do tetracampeonato do NBB \u2013 Novo Basquete Brasil, conquistado\u2026","rel":"","context":"In &quot;Not\u00edcias de Franca-SP&quot;","block_context":{"text":"Not\u00edcias de Franca-SP","link":"https:\/\/noticiasribeiraopreto.com.br\/index.php\/category\/noticias-de-ribeirao-preto-sp-e-regiao-ismael-colosi\/noticias-franca-sp\/"},"img":{"alt_text":"","src":"https:\/\/i0.wp.com\/noticiasribeiraopreto.com.br\/wp-content\/uploads\/2025\/06\/basq-scaled.jpg?fit=1200%2C800&ssl=1&resize=350%2C200","width":350,"height":200,"srcset":"https:\/\/i0.wp.com\/noticiasribeiraopreto.com.br\/wp-content\/uploads\/2025\/06\/basq-scaled.jpg?fit=1200%2C800&ssl=1&resize=350%2C200 1x, https:\/\/i0.wp.com\/noticiasribeiraopreto.com.br\/wp-content\/uploads\/2025\/06\/basq-scaled.jpg?fit=1200%2C800&ssl=1&resize=525%2C300 1.5x, https:\/\/i0.wp.com\/noticiasribeiraopreto.com.br\/wp-content\/uploads\/2025\/06\/basq-scaled.jpg?fit=1200%2C800&ssl=1&resize=700%2C400 2x, https:\/\/i0.wp.com\/noticiasribeiraopreto.com.br\/wp-content\/uploads\/2025\/06\/basq-scaled.jpg?fit=1200%2C800&ssl=1&resize=1050%2C600 3x"},"classes":[]}],"jetpack_sharing_enabled":true,"jetpack_shortlink":"https:\/\/wp.me\/peQAOb-iWM","_links":{"self":[{"href":"https:\/\/noticiasribeiraopreto.com.br\/index.php\/wp-json\/wp\/v2\/posts\/72836","targetHints":{"allow":["GET"]}}],"collection":[{"href":"https:\/\/noticiasribeiraopreto.com.br\/index.php\/wp-json\/wp\/v2\/posts"}],"about":[{"href":"https:\/\/noticiasribeiraopreto.com.br\/index.php\/wp-json\/wp\/v2\/types\/post"}],"author":[{"embeddable":true,"href":"https:\/\/noticiasribeiraopreto.com.br\/index.php\/wp-json\/wp\/v2\/users\/1"}],"replies":[{"embeddable":true,"href":"https:\/\/noticiasribeiraopreto.com.br\/index.php\/wp-json\/wp\/v2\/comments?post=72836"}],"version-history":[{"count":0,"href":"https:\/\/noticiasribeiraopreto.com.br\/index.php\/wp-json\/wp\/v2\/posts\/72836\/revisions"}],"wp:featuredmedia":[{"embeddable":true,"href":"https:\/\/noticiasribeiraopreto.com.br\/index.php\/wp-json\/wp\/v2\/media\/72837"}],"wp:attachment":[{"href":"https:\/\/noticiasribeiraopreto.com.br\/index.php\/wp-json\/wp\/v2\/media?parent=72836"}],"wp:term":[{"taxonomy":"category","embeddable":true,"href":"https:\/\/noticiasribeiraopreto.com.br\/index.php\/wp-json\/wp\/v2\/categories?post=72836"},{"taxonomy":"post_tag","embeddable":true,"href":"https:\/\/noticiasribeiraopreto.com.br\/index.php\/wp-json\/wp\/v2\/tags?post=72836"}],"curies":[{"name":"wp","href":"https:\/\/api.w.org\/{rel}","templated":true}]}}