{"id":72838,"date":"2025-06-21T20:11:58","date_gmt":"2025-06-21T23:11:58","guid":{"rendered":"https:\/\/noticiasribeiraopreto.com.br\/index.php\/2025\/06\/21\/comercial-bate-a-itapirense-e-mantem-invencibilidade-na-copa-paulista\/"},"modified":"2025-06-21T20:11:58","modified_gmt":"2025-06-21T23:11:58","slug":"comercial-bate-a-itapirense-e-mantem-invencibilidade-na-copa-paulista","status":"publish","type":"post","link":"https:\/\/noticiasribeiraopreto.com.br\/index.php\/2025\/06\/21\/comercial-bate-a-itapirense-e-mantem-invencibilidade-na-copa-paulista\/","title":{"rendered":"Comercial bate a Itapirense e mant\u00e9m invencibilidade na Copa Paulista"},"content":{"rendered":"<p> <br \/>\n<\/p>\n<div data-td-block-uid=\"tdi_95\">\n<div class=\"tdb-block-inner td-fix-index\">\n<p>O <strong>Comercial venceu a Itapirense por 1 a 0 <\/strong>na tarde deste s\u00e1bado (21), pela 2\u00aa rodada da Copa Paulista. Essa foi a segunda vit\u00f3ria consecutiva do Bafo, que na semana passada havia superado a Francana.<\/p>\n<p>O \u00fanico gol da partida saiu logo no in\u00edcio do primeiro tempo, aos 3 minutos, dos p\u00e9s do camisa 10, Carlos Baj\u00e9.<\/p>\n<p>O pr\u00f3ximo desafio do <strong>Le\u00e3o ser\u00e1 o cl\u00e1ssico contra o Botafogo<\/strong>, o tradicional <strong>Come-Fogo<\/strong>. As equipes se enfrentam no dia 2 de julho, \u00e0s 19h, no est\u00e1dio Palma Travassos.<\/p>\n<hr class=\"wp-block-separator has-alpha-channel-opacity\"\/>\n<p>SAIBA MAIS<\/p>\n<p>Jovem de Ribeir\u00e3o Preto vence \u2018Copa do Mundo de foguetes\u2019 nos EUA<\/p>\n<h3 class=\"wp-block-heading\"><strong>FIQUE ON<\/strong><\/h3>\n<p>Quer ficar por dentro de tudo que acontece em Ribeir\u00e3o Preto e regi\u00e3o? Ent\u00e3o siga os perfis do\u202facidade on\u202fno\u202f<a href=\"https:\/\/www.instagram.com\/acidadeonribeirao\" target=\"_blank\" rel=\"noreferrer noopener\">Instagram<\/a>\u202fe no\u202f<a href=\"https:\/\/www.facebook.com\/acidadeonribeirao\/\" target=\"_blank\" rel=\"noreferrer noopener\">Facebook<\/a>.<\/p>\n<p>Al\u00e9m disso, voc\u00ea pode receber as principais not\u00edcias diretamente no WhatsApp. Para isso, basta\u00a0<a href=\"https:\/\/chat.whatsapp.com\/BjKQZ9oJwlz8VVT50NuePq\" target=\"_blank\" rel=\"noreferrer noopener\">entrar no grupo clicando aqui<\/a>.<\/p>\n<p>Por fim, se quiser fazer uma den\u00fancia ou sugerir uma reportagem sobre Ribeir\u00e3o Preto e regi\u00e3o, envie uma mensagem pelo WhatsApp: (16) 99117-7802.<\/p>\n<p>VEJA TAMB\u00c9M<\/p>\n<p>Como se d\u00e1 o processo de reprodu\u00e7\u00e3o do papagaio-do-peito-roxo?<\/p>\n<p><!-- CONTENT END 1 -->\n<\/div>\n<\/div>\n<p><script async src=\"\/\/www.instagram.com\/embed.js\"><\/script><br \/>\n<br \/><br \/>\n<br \/><a href=\"https:\/\/www.acidadeon.com\/ribeiraopreto\/esportes\/comercial-bate-a-itapirense-e-mantem-invencibilidade-na-copa-paulista\/\">Source link <\/a><\/p>\n","protected":false},"excerpt":{"rendered":"<p>O Comercial venceu a Itapirense por 1 a 0 na tarde deste s\u00e1bado (21), pela 2\u00aa rodada da Copa Paulista. Essa foi a segunda vit\u00f3ria&#8230;<\/p>\n","protected":false},"author":1,"featured_media":72839,"comment_status":"open","ping_status":"open","sticky":false,"template":"","format":"standard","meta":{"advanced_seo_description":"","jetpack_seo_html_title":"","jetpack_seo_noindex":false,"jetpack_post_was_ever_published":false,"_jetpack_newsletter_access":"","_jetpack_dont_email_post_to_subs":false,"_jetpack_newsletter_tier_id":0,"_jetpack_memberships_contains_paywalled_content":false,"_jetpack_memberships_contains_paid_content":false,"footnotes":"","jetpack_publicize_message":"","jetpack_publicize_feature_enabled":true,"jetpack_social_post_already_shared":true,"jetpack_social_options":{"image_generator_settings":{"template":"highway","default_image_id":0,"font":"","enabled":false},"version":2}},"categories":[11],"tags":[],"class_list":["post-72838","post","type-post","status-publish","format-standard","has-post-thumbnail","hentry","category-noticias-de-ribeirao-preto-sp-e-regiao-ismael-colosi"],"jetpack_publicize_connections":[],"jetpack_featured_media_url":"https:\/\/i0.wp.com\/noticiasribeiraopreto.com.br\/wp-content\/uploads\/2025\/06\/IMG_6920_2025-06-21_21-04-24.webp.webp?fit=1200%2C800&ssl=1","jetpack-related-posts":[{"id":74669,"url":"https:\/\/noticiasribeiraopreto.com.br\/index.php\/2025\/07\/26\/comercial-goleia-itapirense-em-ribeirao-preto-e-volta-a-vencer-pela-copa-paulista\/","url_meta":{"origin":72838,"position":0},"title":"Comercial goleia Itapirense em Ribeir\u00e3o Preto e volta a vencer pela Copa Paulista","author":"noticiasribeiraopreto.com.br","date":"26 de July de 2025","format":false,"excerpt":"O Comercial goleou a Itapirense por 4 a 2 e voltou a vencer pela Copa Paulista 2025. A partida foi realizada na tarde deste s\u00e1bado (26), no est\u00e1dio Palma Travassos, em Ribeir\u00e3o Preto. O Le\u00e3o do Norte vinha de duas derrotas na competi\u00e7\u00e3o. Os gols A Itapirense abriu o placar\u2026","rel":"","context":"In &quot;Not\u00edcias de Ribeir\u00e3o Preto-SP e Regi\u00e3o&quot;","block_context":{"text":"Not\u00edcias de Ribeir\u00e3o Preto-SP e Regi\u00e3o","link":"https:\/\/noticiasribeiraopreto.com.br\/index.php\/category\/noticias-de-ribeirao-preto-sp-e-regiao-ismael-colosi\/"},"img":{"alt_text":"","src":"https:\/\/i0.wp.com\/noticiasribeiraopreto.com.br\/wp-content\/uploads\/2025\/07\/comercial-gol_2025-07-26_19-28-29.webp.webp?fit=1200%2C883&ssl=1&resize=350%2C200","width":350,"height":200,"srcset":"https:\/\/i0.wp.com\/noticiasribeiraopreto.com.br\/wp-content\/uploads\/2025\/07\/comercial-gol_2025-07-26_19-28-29.webp.webp?fit=1200%2C883&ssl=1&resize=350%2C200 1x, https:\/\/i0.wp.com\/noticiasribeiraopreto.com.br\/wp-content\/uploads\/2025\/07\/comercial-gol_2025-07-26_19-28-29.webp.webp?fit=1200%2C883&ssl=1&resize=525%2C300 1.5x, https:\/\/i0.wp.com\/noticiasribeiraopreto.com.br\/wp-content\/uploads\/2025\/07\/comercial-gol_2025-07-26_19-28-29.webp.webp?fit=1200%2C883&ssl=1&resize=700%2C400 2x, https:\/\/i0.wp.com\/noticiasribeiraopreto.com.br\/wp-content\/uploads\/2025\/07\/comercial-gol_2025-07-26_19-28-29.webp.webp?fit=1200%2C883&ssl=1&resize=1050%2C600 3x"},"classes":[]},{"id":73785,"url":"https:\/\/noticiasribeiraopreto.com.br\/index.php\/2025\/07\/09\/na-copa-paulista-botafogo-conquista-primeira-vitoria-ao-superar-a-itapirense\/","url_meta":{"origin":72838,"position":1},"title":"Na Copa Paulista, Botafogo conquista primeira vit\u00f3ria ao superar a Itapirense","author":"noticiasribeiraopreto.com.br","date":"9 de July de 2025","format":false,"excerpt":"O Botafogo venceu a Itapirense por 1 a 0 na tarde desta quarta-feira (9), em Ribeir\u00e3o Preto, e conquistou os primeiros tr\u00eas pontos na Copa Paulista. A partida foi v\u00e1lida pela quarta rodada do Grupo 2. O \u00fanico gol saiu no segundo tempo, em cobran\u00e7a de p\u00eanalti convertida por Pablo\u2026","rel":"","context":"In &quot;Not\u00edcias de Ribeir\u00e3o Preto-SP e Regi\u00e3o&quot;","block_context":{"text":"Not\u00edcias de Ribeir\u00e3o Preto-SP e Regi\u00e3o","link":"https:\/\/noticiasribeiraopreto.com.br\/index.php\/category\/noticias-de-ribeirao-preto-sp-e-regiao-ismael-colosi\/"},"img":{"alt_text":"","src":"https:\/\/i0.wp.com\/noticiasribeiraopreto.com.br\/wp-content\/uploads\/2025\/07\/Imagem-do-WhatsApp-de-2025-07-09-as-16.03.36_238abe2c_2025-07-09_20-45-26.webp.webp?fit=1200%2C800&ssl=1&resize=350%2C200","width":350,"height":200,"srcset":"https:\/\/i0.wp.com\/noticiasribeiraopreto.com.br\/wp-content\/uploads\/2025\/07\/Imagem-do-WhatsApp-de-2025-07-09-as-16.03.36_238abe2c_2025-07-09_20-45-26.webp.webp?fit=1200%2C800&ssl=1&resize=350%2C200 1x, https:\/\/i0.wp.com\/noticiasribeiraopreto.com.br\/wp-content\/uploads\/2025\/07\/Imagem-do-WhatsApp-de-2025-07-09-as-16.03.36_238abe2c_2025-07-09_20-45-26.webp.webp?fit=1200%2C800&ssl=1&resize=525%2C300 1.5x, https:\/\/i0.wp.com\/noticiasribeiraopreto.com.br\/wp-content\/uploads\/2025\/07\/Imagem-do-WhatsApp-de-2025-07-09-as-16.03.36_238abe2c_2025-07-09_20-45-26.webp.webp?fit=1200%2C800&ssl=1&resize=700%2C400 2x, https:\/\/i0.wp.com\/noticiasribeiraopreto.com.br\/wp-content\/uploads\/2025\/07\/Imagem-do-WhatsApp-de-2025-07-09-as-16.03.36_238abe2c_2025-07-09_20-45-26.webp.webp?fit=1200%2C800&ssl=1&resize=1050%2C600 3x"},"classes":[]},{"id":72232,"url":"https:\/\/noticiasribeiraopreto.com.br\/index.php\/2025\/06\/14\/comercial-estreia-com-vitoria-sobre-a-francana-na-copa-paulista\/","url_meta":{"origin":72838,"position":2},"title":"Comercial estreia com vit\u00f3ria sobre a Francana na Copa Paulista","author":"noticiasribeiraopreto.com.br","date":"14 de June de 2025","format":false,"excerpt":"O Comercial venceu a Francana por 1 a 0 neste s\u00e1bado (14), no Est\u00e1dio Palma Travassos, em Ribeir\u00e3o Preto, na estreia pelo Grupo B, na primeira rodada da Copa Paulista. O \u00fanico gol da partida foi anotado por Carlos Baj\u00e9, aos 38 minutos do primeiro tempo, ap\u00f3s aproveitar a sobra\u2026","rel":"","context":"In &quot;Not\u00edcias de Ribeir\u00e3o Preto-SP e Regi\u00e3o&quot;","block_context":{"text":"Not\u00edcias de Ribeir\u00e3o Preto-SP e Regi\u00e3o","link":"https:\/\/noticiasribeiraopreto.com.br\/index.php\/category\/noticias-de-ribeirao-preto-sp-e-regiao-ismael-colosi\/"},"img":{"alt_text":"","src":"https:\/\/i0.wp.com\/noticiasribeiraopreto.com.br\/wp-content\/uploads\/2025\/06\/2RAU0483_2025-06-14_20-13-20.webp.webp?fit=1200%2C800&ssl=1&resize=350%2C200","width":350,"height":200,"srcset":"https:\/\/i0.wp.com\/noticiasribeiraopreto.com.br\/wp-content\/uploads\/2025\/06\/2RAU0483_2025-06-14_20-13-20.webp.webp?fit=1200%2C800&ssl=1&resize=350%2C200 1x, https:\/\/i0.wp.com\/noticiasribeiraopreto.com.br\/wp-content\/uploads\/2025\/06\/2RAU0483_2025-06-14_20-13-20.webp.webp?fit=1200%2C800&ssl=1&resize=525%2C300 1.5x, https:\/\/i0.wp.com\/noticiasribeiraopreto.com.br\/wp-content\/uploads\/2025\/06\/2RAU0483_2025-06-14_20-13-20.webp.webp?fit=1200%2C800&ssl=1&resize=700%2C400 2x, https:\/\/i0.wp.com\/noticiasribeiraopreto.com.br\/wp-content\/uploads\/2025\/06\/2RAU0483_2025-06-14_20-13-20.webp.webp?fit=1200%2C800&ssl=1&resize=1050%2C600 3x"},"classes":[]},{"id":75486,"url":"https:\/\/noticiasribeiraopreto.com.br\/index.php\/2025\/08\/09\/botafogo-vence-itapirense-e-segue-na-luta-por-classificacao-na-copa-paulista\/","url_meta":{"origin":72838,"position":3},"title":"Botafogo vence Itapirense\u00a0e segue na luta por classifica\u00e7\u00e3o na Copa Paulista","author":"noticiasribeiraopreto.com.br","date":"9 de August de 2025","format":false,"excerpt":"O Botafogo venceu o Itapirense\u00a0por 3 a 0 neste s\u00e1bado (9), no est\u00e1dio Chico Vieira, em Itapira (SP). Com o resutado do jogo e como a Francana empatou com o Uni\u00e3o S\u00e3o Jo\u00e3o, o Pantera decidir\u00e1 a vaga diante da pr\u00f3pria Veterana no pr\u00f3ximo s\u00e1bado (16), no est\u00e1dio Santa Cruz.\u2026","rel":"","context":"In &quot;Not\u00edcias de Ribeir\u00e3o Preto-SP e Regi\u00e3o&quot;","block_context":{"text":"Not\u00edcias de Ribeir\u00e3o Preto-SP e Regi\u00e3o","link":"https:\/\/noticiasribeiraopreto.com.br\/index.php\/category\/noticias-de-ribeirao-preto-sp-e-regiao-ismael-colosi\/"},"img":{"alt_text":"","src":"https:\/\/i0.wp.com\/noticiasribeiraopreto.com.br\/wp-content\/uploads\/2025\/08\/WhatsApp-Image-2024-01-09-at-16.41.38.jpeg?fit=1200%2C675&ssl=1&resize=350%2C200","width":350,"height":200,"srcset":"https:\/\/i0.wp.com\/noticiasribeiraopreto.com.br\/wp-content\/uploads\/2025\/08\/WhatsApp-Image-2024-01-09-at-16.41.38.jpeg?fit=1200%2C675&ssl=1&resize=350%2C200 1x, https:\/\/i0.wp.com\/noticiasribeiraopreto.com.br\/wp-content\/uploads\/2025\/08\/WhatsApp-Image-2024-01-09-at-16.41.38.jpeg?fit=1200%2C675&ssl=1&resize=525%2C300 1.5x, https:\/\/i0.wp.com\/noticiasribeiraopreto.com.br\/wp-content\/uploads\/2025\/08\/WhatsApp-Image-2024-01-09-at-16.41.38.jpeg?fit=1200%2C675&ssl=1&resize=700%2C400 2x, https:\/\/i0.wp.com\/noticiasribeiraopreto.com.br\/wp-content\/uploads\/2025\/08\/WhatsApp-Image-2024-01-09-at-16.41.38.jpeg?fit=1200%2C675&ssl=1&resize=1050%2C600 3x"},"classes":[]},{"id":73464,"url":"https:\/\/noticiasribeiraopreto.com.br\/index.php\/2025\/07\/02\/come-fogo-comercial-vence-o-botafogo-e-segue-invicto-na-copa-paulista\/","url_meta":{"origin":72838,"position":4},"title":"Come-Fogo: Comercial vence o Botafogo e segue invicto na Copa Paulista","author":"noticiasribeiraopreto.com.br","date":"2 de July de 2025","format":false,"excerpt":"O Comercial derrotou o Botafogo por 1 a 0 na noite desta quarta-feira (2), no est\u00e1dio Palma Travassos, em Ribeir\u00e3o Preto, pela terceira rodada da Copa Paulista. O confronto marcou a 174\u00aa edi\u00e7\u00e3o do cl\u00e1ssico Come-Fogo. O \u00fanico gol da partida saiu ainda no primeiro tempo, dos p\u00e9s do camisa\u2026","rel":"","context":"In &quot;Not\u00edcias de Ribeir\u00e3o Preto-SP e Regi\u00e3o&quot;","block_context":{"text":"Not\u00edcias de Ribeir\u00e3o Preto-SP e Regi\u00e3o","link":"https:\/\/noticiasribeiraopreto.com.br\/index.php\/category\/noticias-de-ribeirao-preto-sp-e-regiao-ismael-colosi\/"},"img":{"alt_text":"","src":"https:\/\/i0.wp.com\/noticiasribeiraopreto.com.br\/wp-content\/uploads\/2025\/07\/comerfogo31_2025-07-03_00-04-13.webp.webp?fit=1200%2C828&ssl=1&resize=350%2C200","width":350,"height":200,"srcset":"https:\/\/i0.wp.com\/noticiasribeiraopreto.com.br\/wp-content\/uploads\/2025\/07\/comerfogo31_2025-07-03_00-04-13.webp.webp?fit=1200%2C828&ssl=1&resize=350%2C200 1x, https:\/\/i0.wp.com\/noticiasribeiraopreto.com.br\/wp-content\/uploads\/2025\/07\/comerfogo31_2025-07-03_00-04-13.webp.webp?fit=1200%2C828&ssl=1&resize=525%2C300 1.5x, https:\/\/i0.wp.com\/noticiasribeiraopreto.com.br\/wp-content\/uploads\/2025\/07\/comerfogo31_2025-07-03_00-04-13.webp.webp?fit=1200%2C828&ssl=1&resize=700%2C400 2x, https:\/\/i0.wp.com\/noticiasribeiraopreto.com.br\/wp-content\/uploads\/2025\/07\/comerfogo31_2025-07-03_00-04-13.webp.webp?fit=1200%2C828&ssl=1&resize=1050%2C600 3x"},"classes":[]},{"id":74663,"url":"https:\/\/noticiasribeiraopreto.com.br\/index.php\/2025\/07\/26\/comercial-derrota-itapirense-pela-copa-paulista\/","url_meta":{"origin":72838,"position":5},"title":"Comercial derrota Itapirense pela Copa Paulista","author":"noticiasribeiraopreto.com.br","date":"26 de July de 2025","format":false,"excerpt":"S\u00f3 parecia. Aos 41, Frank, que estrou na rodada anterior, tentou mandar na \u00e1rea e contou com falha do goleiro rival para empatar. Logo em seguida, Carlos Baj\u00e9 deixou Felipe Rodrigues em posi\u00e7\u00e3o ideal para virar. O Bafo desceu para o vesti\u00e1rio em vantagem. Mesmo com o tempo para descansar\u2026","rel":"","context":"In &quot;Not\u00edcias de Ribeir\u00e3o Preto-SP e Regi\u00e3o&quot;","block_context":{"text":"Not\u00edcias de Ribeir\u00e3o Preto-SP e Regi\u00e3o","link":"https:\/\/noticiasribeiraopreto.com.br\/index.php\/category\/noticias-de-ribeirao-preto-sp-e-regiao-ismael-colosi\/"},"img":{"alt_text":"","src":"https:\/\/i0.wp.com\/noticiasribeiraopreto.com.br\/wp-content\/uploads\/2025\/07\/Tribuna-6.jpg?fit=800%2C500&ssl=1&resize=350%2C200","width":350,"height":200,"srcset":"https:\/\/i0.wp.com\/noticiasribeiraopreto.com.br\/wp-content\/uploads\/2025\/07\/Tribuna-6.jpg?fit=800%2C500&ssl=1&resize=350%2C200 1x, https:\/\/i0.wp.com\/noticiasribeiraopreto.com.br\/wp-content\/uploads\/2025\/07\/Tribuna-6.jpg?fit=800%2C500&ssl=1&resize=525%2C300 1.5x, https:\/\/i0.wp.com\/noticiasribeiraopreto.com.br\/wp-content\/uploads\/2025\/07\/Tribuna-6.jpg?fit=800%2C500&ssl=1&resize=700%2C400 2x"},"classes":[]}],"jetpack_sharing_enabled":true,"jetpack_shortlink":"https:\/\/wp.me\/peQAOb-iWO","_links":{"self":[{"href":"https:\/\/noticiasribeiraopreto.com.br\/index.php\/wp-json\/wp\/v2\/posts\/72838","targetHints":{"allow":["GET"]}}],"collection":[{"href":"https:\/\/noticiasribeiraopreto.com.br\/index.php\/wp-json\/wp\/v2\/posts"}],"about":[{"href":"https:\/\/noticiasribeiraopreto.com.br\/index.php\/wp-json\/wp\/v2\/types\/post"}],"author":[{"embeddable":true,"href":"https:\/\/noticiasribeiraopreto.com.br\/index.php\/wp-json\/wp\/v2\/users\/1"}],"replies":[{"embeddable":true,"href":"https:\/\/noticiasribeiraopreto.com.br\/index.php\/wp-json\/wp\/v2\/comments?post=72838"}],"version-history":[{"count":0,"href":"https:\/\/noticiasribeiraopreto.com.br\/index.php\/wp-json\/wp\/v2\/posts\/72838\/revisions"}],"wp:featuredmedia":[{"embeddable":true,"href":"https:\/\/noticiasribeiraopreto.com.br\/index.php\/wp-json\/wp\/v2\/media\/72839"}],"wp:attachment":[{"href":"https:\/\/noticiasribeiraopreto.com.br\/index.php\/wp-json\/wp\/v2\/media?parent=72838"}],"wp:term":[{"taxonomy":"category","embeddable":true,"href":"https:\/\/noticiasribeiraopreto.com.br\/index.php\/wp-json\/wp\/v2\/categories?post=72838"},{"taxonomy":"post_tag","embeddable":true,"href":"https:\/\/noticiasribeiraopreto.com.br\/index.php\/wp-json\/wp\/v2\/tags?post=72838"}],"curies":[{"name":"wp","href":"https:\/\/api.w.org\/{rel}","templated":true}]}}