{"id":7296,"date":"2023-11-27T22:49:42","date_gmt":"2023-11-28T01:49:42","guid":{"rendered":"https:\/\/noticiasribeiraopreto.com.br\/index.php\/2023\/11\/27\/estas-8-producoes-chegam-a-netflix-nesta-semana-e-voce-precisa-assistir\/"},"modified":"2023-11-27T22:49:42","modified_gmt":"2023-11-28T01:49:42","slug":"estas-8-producoes-chegam-a-netflix-nesta-semana-e-voce-precisa-assistir","status":"publish","type":"post","link":"https:\/\/noticiasribeiraopreto.com.br\/index.php\/2023\/11\/27\/estas-8-producoes-chegam-a-netflix-nesta-semana-e-voce-precisa-assistir\/","title":{"rendered":"Estas 8 produ\u00e7\u00f5es chegam \u00e0 Netflix nesta semana e voc\u00ea precisa assistir"},"content":{"rendered":"<div class='code-block code-block-1' style='margin: 8px 0 8px auto; text-align: right; display: block; clear: both;'>\n<p><a href=\"https:\/\/wa.link\/vpicfd\"><img data-recalc-dims=\"1\" class=\"wp-image-4922\" style=\"aspect-ratio: 2.0253164556962027; width: 561px; height: auto;\" src=\"https:\/\/i0.wp.com\/ismaelcolosi.com.br\/wp-content\/uploads\/2023\/11\/grupo-de-empregos-whatsapp-e-facebook-ismael-colosi-vagas.jpg?ssl=1\" alt=\"\" \/><\/a><\/p>\n<!-- \/wp:image -->\n<\/div>\n<p> <br \/>\n<\/p>\n<div>\n<div id=\"attachment_2314347\" class=\"wp-caption alignnone\">\n<div class=\"d-flex justify-content-center\" data-attachment-id=\"2314347\">\n<div class=\"position-relative d-inline-block\"><img data-recalc-dims=\"1\" data-portal-copyright=\"Depositphotos\/Praneat\" decoding=\"async\" fetchpriority=\"high\" class=\"wp-image-2314347 size-full\" src=\"https:\/\/i0.wp.com\/catracalivre.com.br\/wp-content\/uploads\/2023\/11\/depositphotos-281292160-xl-scaled-e1701043226103.jpg?resize=2560%2C1476&#038;ssl=1\" alt=\"Produ\u00e7\u00f5es que estreiam na Netflix nesta semana\" width=\"2560\" height=\"1476\" srcset=\"https:\/\/catracalivre.com.br\/wp-content\/uploads\/2023\/11\/depositphotos-281292160-xl-scaled-e1701043226103.jpg 2560w, https:\/\/catracalivre.com.br\/wp-content\/uploads\/2023\/11\/depositphotos-281292160-xl-scaled-e1701043226103-450x259.jpg 450w, https:\/\/catracalivre.com.br\/wp-content\/uploads\/2023\/11\/depositphotos-281292160-xl-scaled-e1701043226103-768x443.jpg 768w\" sizes=\"(max-width: 2560px) 100vw, 2560px\"\/><\/p>\n<p>Cr\u00e9ditos: Depositphotos\/Praneat<\/p>\n<\/div>\n<\/div>\n<p><span class=\"post-imagem__legenda\">Produ\u00e7\u00f5es que estreiam na Netflix nesta semana<\/span><\/p>\n<\/div>\n<p>Mais uma semana est\u00e1 come\u00e7ando e chegou a hora de conferir os lan\u00e7amentos da <a href=\"https:\/\/www.netflix.com\/\" target=\"_blank\" rel=\"noopener\">Netflix<\/a> para os pr\u00f3ximos dias. At\u00e9 o pr\u00f3ximo s\u00e1bado, 2 de dezembro, os assinantes ter\u00e3o muitas <a href=\"https:\/\/catracalivre.com.br\/entretenimento\/11-lancamentos-para-ver-no-streaming-e-no-cinema-neste-final-de-semana\/\" target=\"_blank\" rel=\"noopener\">novidades no cat\u00e1logo<\/a>.<\/p>\n<p>Conhe\u00e7a as <a href=\"https:\/\/catracalivre.com.br\/entretenimento\/estas-5-series-da-netflix-terao-uma-nova-temporada-em-dezembro\/\" target=\"_blank\" rel=\"noopener\">novas produ\u00e7\u00f5es<\/a> abaixo, que est\u00e3o acompanhadas da data de estreia, sinopse e trailer. O <a href=\"https:\/\/catracalivre.com.br\/entretenimento\/\" target=\"_blank\" rel=\"noopener\">entretenimento<\/a> digital est\u00e1 garantido!<\/p>\n<h2><strong>1) \u201cComedy Royale\u201d \u2013 Reality show<\/strong><\/h2>\n<p><strong>Data de estreia: <\/strong>28 de novembro<\/p>\n<p>Humoristas escolhidos a dedo por \u00edcones da com\u00e9dia da Coreia buscam a chance de apresentar um especial da Netflix, em uma batalha que vai fazer voc\u00ea rolar de rir.<\/p>\n<p class=\"embed-responsive embed-responsive-16by9 mb-3 d-block\"><iframe loading=\"lazy\" title=\"Comedy Royale | Official Trailer | Netflix\" width=\"500\" height=\"281\" src=\"https:\/\/www.youtube.com\/embed\/K5l22oA5aUg?feature=oembed\" frameborder=\"0\" allow=\"accelerometer; autoplay; clipboard-write; encrypted-media; gyroscope; picture-in-picture; web-share\" referrerpolicy=\"strict-origin-when-cross-origin\" allowfullscreen><\/iframe><\/p>\n<h2><strong>2) \u201cVirgin River\u201d \u2013 Parte 2 da 5\u00aa temporada da s\u00e9rie<\/strong><\/h2>\n<p><strong>Data de estreia: <\/strong>30 de novembro<\/p>\n<p>Mel se adapta a outro ritmo de vida. Jack trabalha para ampliar os neg\u00f3cios. Novas revela\u00e7\u00f5es e amea\u00e7as abalam Virgin River.<\/p>\n<p class=\"embed-responsive embed-responsive-16by9 mb-3 d-block\"><iframe loading=\"lazy\" title=\"Virgin River | Temporada 5: parte 1 | Trailer Oficial | Netflix Brasil\" width=\"500\" height=\"281\" src=\"https:\/\/www.youtube.com\/embed\/xbUo58Xb2AM?feature=oembed\" frameborder=\"0\" allow=\"accelerometer; autoplay; clipboard-write; encrypted-media; gyroscope; picture-in-picture; web-share\" referrerpolicy=\"strict-origin-when-cross-origin\" allowfullscreen><\/iframe><\/p>\n<h2><strong>3) \u201cExplosivos\u201d \u2013 S\u00e9rie<\/strong><\/h2>\n<p><strong>Data de estreia: <\/strong>30 de novembro<\/p>\n<p>Nesta s\u00e9rie de com\u00e9dia e a\u00e7\u00e3o cheia de adrenalina dos criadores de Cobra Kai, uma equipe de elite enfrenta uma perigosa amea\u00e7a em Las Vegas.<\/p>\n<p class=\"embed-responsive embed-responsive-16by9 mb-3 d-block\"><iframe loading=\"lazy\" title=\"Explosivos | Trailer Oficial | Netflix Brasil\" width=\"500\" height=\"281\" src=\"https:\/\/www.youtube.com\/embed\/UVjg4fr-eJY?feature=oembed\" frameborder=\"0\" allow=\"accelerometer; autoplay; clipboard-write; encrypted-media; gyroscope; picture-in-picture; web-share\" referrerpolicy=\"strict-origin-when-cross-origin\" allowfullscreen><\/iframe><\/p>\n<h2><strong>4) \u201cTrocados\u201d \u2013 Filme<\/strong><\/h2>\n<p><strong>Data de estreia: <\/strong>30 de novembro<\/p>\n<p>Uma fam\u00edlia encara uma situa\u00e7\u00e3o ca\u00f3tica quando um raro evento c\u00f3smico faz os pais trocarem de corpo com os filhos adolescentes, logo antes do Natal.<\/p>\n<p class=\"embed-responsive embed-responsive-16by9 mb-3 d-block\"><iframe loading=\"lazy\" title=\"Trocados | Jennifer Garner e Ed Helms | Trailer oficial | Netflix\" width=\"500\" height=\"281\" src=\"https:\/\/www.youtube.com\/embed\/8ZG1tHjrTfc?feature=oembed\" frameborder=\"0\" allow=\"accelerometer; autoplay; clipboard-write; encrypted-media; gyroscope; picture-in-picture; web-share\" referrerpolicy=\"strict-origin-when-cross-origin\" allowfullscreen><\/iframe><\/p>\n<h2><strong>5) \u201cO \u00daltimo dos Moicanos\u201d \u2013 Filme<\/strong><\/h2>\n<p><strong>Data de estreia: <\/strong>1\u00ba de dezembro<\/p>\n<p>Na \u00e9poca colonial, um homem ingl\u00eas criado por povos nativos nos EUA se apaixona pela filha de um coronel brit\u00e2nico e acaba envolvido no sangrento conflito imperial.<\/p>\n<p class=\"embed-responsive embed-responsive-16by9 mb-3 d-block\"><iframe loading=\"lazy\" title=\"O \u00faltimo dos moicanos 1992 (The Last of the Mohicans) - Trailer musical\" width=\"500\" height=\"375\" src=\"https:\/\/www.youtube.com\/embed\/8DgbqbiLA-4?feature=oembed\" frameborder=\"0\" allow=\"accelerometer; autoplay; clipboard-write; encrypted-media; gyroscope; picture-in-picture; web-share\" referrerpolicy=\"strict-origin-when-cross-origin\" allowfullscreen><\/iframe><\/p>\n<h2><strong>6) \u201cSweet Home\u201d \u2013 2\u00aa temporada da s\u00e9rie<\/strong><\/h2>\n<p><strong>Data de estreia: <\/strong>1\u00ba de dezembro<\/p>\n<p>Quem est\u00e1 batendo \u00e0 porta? Um monstro, um humano, um h\u00edbrido\u2026 Os riscos s\u00e3o maiores do que nunca, o caos toma conta e ningu\u00e9m est\u00e1 a salvo da infec\u00e7\u00e3o.<\/p>\n<p class=\"embed-responsive embed-responsive-16by9 mb-3 d-block\"><iframe loading=\"lazy\" title=\"Sweet Home 2 | Trailer oficial | Netflix\" width=\"500\" height=\"281\" src=\"https:\/\/www.youtube.com\/embed\/ottSsbJmth8?feature=oembed\" frameborder=\"0\" allow=\"accelerometer; autoplay; clipboard-write; encrypted-media; gyroscope; picture-in-picture; web-share\" referrerpolicy=\"strict-origin-when-cross-origin\" allowfullscreen><\/iframe><\/p>\n<h2>7) \u201cN\u00e3o Enche!\u201d \u2013 Filme<\/h2>\n<p><strong>Data de estreia: <\/strong>1\u00ba de dezembro<\/p>\n<p>Ap\u00f3s se conhecerem em um grupo de controle da raiva, duas mulheres se unem para expor um cirurgi\u00e3o pl\u00e1stico picareta e se tornam amigas em uma jornada transformadora.<\/p>\n<p class=\"embed-responsive embed-responsive-16by9 mb-3 d-block\"><iframe loading=\"lazy\" title=\"No me rompan - Trailer Oficial\" width=\"500\" height=\"281\" src=\"https:\/\/www.youtube.com\/embed\/OwxZamRXzaQ?feature=oembed\" frameborder=\"0\" allow=\"accelerometer; autoplay; clipboard-write; encrypted-media; gyroscope; picture-in-picture; web-share\" referrerpolicy=\"strict-origin-when-cross-origin\" allowfullscreen><\/iframe><\/p>\n<h2>8) \u201cChronicle\u201d \u2013 Filme<\/h2>\n<p><strong>Data de estreia: <\/strong>1\u00ba de dezembro<\/p>\n<p>Tr\u00eas adolescentes se deparam com uma subst\u00e2ncia estranha na floresta e come\u00e7am a manifestar poderes inacredit\u00e1veis.<\/p>\n<p class=\"embed-responsive embed-responsive-16by9 mb-3 d-block\"><iframe loading=\"lazy\" title=\"Poder Sem Limites - Trailer legendado\" width=\"500\" height=\"281\" src=\"https:\/\/www.youtube.com\/embed\/euqDGUq2yFg?feature=oembed\" frameborder=\"0\" allow=\"accelerometer; autoplay; clipboard-write; encrypted-media; gyroscope; picture-in-picture; web-share\" referrerpolicy=\"strict-origin-when-cross-origin\" allowfullscreen><\/iframe><\/p>\n<\/div>\n<p><script>\n\t\t! function(f, b, e, v, n, t, s) {\n\t\t\tif (f.fbq) return;\n\t\t\tn = f.fbq = function() {\n\t\t\t\tn.callMethod ?\n\t\t\t\t\tn.callMethod.apply(n, arguments) : n.queue.push(arguments)\n\t\t\t};\n\t\t\tif (!f._fbq) f._fbq = n;\n\t\t\tn.push = n;\n\t\t\tn.loaded = !0;\n\t\t\tn.version = '2.0';\n\t\t\tn.queue = [];\n\t\t\tt = b.createElement(e);\n\t\t\tt.async = !0;\n\t\t\tt.src = v;\n\t\t\ts = b.getElementsByTagName(e)[0];\n\t\t\ts.parentNode.insertBefore(t, s)\n\t\t}(window, document, 'script',\n\t\t\t'https:\/\/connect.facebook.net\/en_US\/fbevents.js');\n\t\tfbq('init', '338315473262380');\n\t\tfbq('track', 'PageView');\n\t<\/script><br \/>\n<br \/><br \/>\n<br \/><a href=\"https:\/\/catracalivre.com.br\/entretenimento\/producoes-chegam-a-netflix-nesta-semana\/\">Source link <\/a><\/p>\n<!-- CONTENT END 1 -->\n","protected":false},"excerpt":{"rendered":"<p>Cr\u00e9ditos: Depositphotos\/Praneat Produ\u00e7\u00f5es que estreiam na Netflix nesta semana Mais uma semana est\u00e1 come\u00e7ando e chegou a hora de conferir os lan\u00e7amentos da Netflix para&#8230;<\/p>\n","protected":false},"author":1,"featured_media":7297,"comment_status":"open","ping_status":"open","sticky":false,"template":"","format":"standard","meta":{"advanced_seo_description":"","jetpack_seo_html_title":"","jetpack_seo_noindex":false,"jetpack_post_was_ever_published":false,"_jetpack_newsletter_access":"","_jetpack_dont_email_post_to_subs":false,"_jetpack_newsletter_tier_id":0,"_jetpack_memberships_contains_paywalled_content":false,"_jetpack_memberships_contains_paid_content":false,"footnotes":"","jetpack_publicize_message":"","jetpack_publicize_feature_enabled":true,"jetpack_social_post_already_shared":true,"jetpack_social_options":{"image_generator_settings":{"template":"highway","default_image_id":0,"font":"","enabled":false},"version":2}},"categories":[19],"tags":[],"class_list":["post-7296","post","type-post","status-publish","format-standard","has-post-thumbnail","hentry","category-variedades"],"jetpack_publicize_connections":[],"jetpack_featured_media_url":"https:\/\/i0.wp.com\/noticiasribeiraopreto.com.br\/wp-content\/uploads\/2023\/11\/depositphotos-281292160-xl-scaled-e1701043226103.jpg?fit=1200%2C638&ssl=1","jetpack-related-posts":[{"id":16582,"url":"https:\/\/noticiasribeiraopreto.com.br\/index.php\/2023\/12\/15\/netflix-9-filmes-e-series-em-alta-para-ver-no-fim-de-semana-meu-valor-digital\/","url_meta":{"origin":7296,"position":0},"title":"Netflix: 9 filmes e s\u00e9ries em alta para ver no fim de semana &#8211; Meu Valor Digital","author":"noticiasribeiraopreto.com.br","date":"15 de December de 2023","format":false,"excerpt":"Netflix: 9 filmes e s\u00e9ries em alta para ver no fim de semana - Meu Valor Digital - Not\u00edcias atualizadas In\u00edcioChamadasNetflix: 9 filmes e s\u00e9ries em alta para ver no fim de semana Source link","rel":"","context":"In &quot;Vagas de Emprego em Ribeir\u00e3o Preto-SP&quot;","block_context":{"text":"Vagas de Emprego em Ribeir\u00e3o Preto-SP","link":"https:\/\/noticiasribeiraopreto.com.br\/index.php\/category\/empregos-classificados-vagas-trabalho\/vagas-de-empregos-em-ribeirao-preto-regiao-brasil\/"},"img":{"alt_text":"","src":"https:\/\/i0.wp.com\/noticiasribeiraopreto.com.br\/wp-content\/uploads\/2023\/12\/Suspeito-X-2023-1.jpg?fit=1200%2C773&ssl=1&resize=350%2C200","width":350,"height":200,"srcset":"https:\/\/i0.wp.com\/noticiasribeiraopreto.com.br\/wp-content\/uploads\/2023\/12\/Suspeito-X-2023-1.jpg?fit=1200%2C773&ssl=1&resize=350%2C200 1x, https:\/\/i0.wp.com\/noticiasribeiraopreto.com.br\/wp-content\/uploads\/2023\/12\/Suspeito-X-2023-1.jpg?fit=1200%2C773&ssl=1&resize=525%2C300 1.5x, https:\/\/i0.wp.com\/noticiasribeiraopreto.com.br\/wp-content\/uploads\/2023\/12\/Suspeito-X-2023-1.jpg?fit=1200%2C773&ssl=1&resize=700%2C400 2x, https:\/\/i0.wp.com\/noticiasribeiraopreto.com.br\/wp-content\/uploads\/2023\/12\/Suspeito-X-2023-1.jpg?fit=1200%2C773&ssl=1&resize=1050%2C600 3x"},"classes":[]},{"id":4024,"url":"https:\/\/noticiasribeiraopreto.com.br\/index.php\/2023\/11\/20\/7-series-imperdiveis-estreiam-na-netflix-ainda-em-2023\/","url_meta":{"origin":7296,"position":1},"title":"7 s\u00e9ries imperd\u00edveis estreiam na Netflix ainda em 2023","author":"noticiasribeiraopreto.com.br","date":"20 de November de 2023","format":false,"excerpt":"Cr\u00e9ditos: Unsplash\/David BalevS\u00e9ries que estreiam na Netflix ainda em 2023 2023 est\u00e1 longe do fim na Netflix! O servi\u00e7o de streaming ainda tem s\u00e9ries in\u00e9ditas para lan\u00e7ar at\u00e9 as \u00faltimas semanas do ano. Entre os destaques, os assinantes ter\u00e3o o reality show \u201cRound 6: O Desafio\u201c, novos epis\u00f3dios da 5\u00aa\u2026","rel":"","context":"In &quot;Variedades&quot;","block_context":{"text":"Variedades","link":"https:\/\/noticiasribeiraopreto.com.br\/index.php\/category\/variedades\/"},"img":{"alt_text":"","src":"https:\/\/i0.wp.com\/noticiasribeiraopreto.com.br\/wp-content\/uploads\/2023\/11\/david-balev-ilwdw2lsozk-unsplash-scaled-e1687794401621.jpg?fit=1200%2C638&ssl=1&resize=350%2C200","width":350,"height":200,"srcset":"https:\/\/i0.wp.com\/noticiasribeiraopreto.com.br\/wp-content\/uploads\/2023\/11\/david-balev-ilwdw2lsozk-unsplash-scaled-e1687794401621.jpg?fit=1200%2C638&ssl=1&resize=350%2C200 1x, https:\/\/i0.wp.com\/noticiasribeiraopreto.com.br\/wp-content\/uploads\/2023\/11\/david-balev-ilwdw2lsozk-unsplash-scaled-e1687794401621.jpg?fit=1200%2C638&ssl=1&resize=525%2C300 1.5x, https:\/\/i0.wp.com\/noticiasribeiraopreto.com.br\/wp-content\/uploads\/2023\/11\/david-balev-ilwdw2lsozk-unsplash-scaled-e1687794401621.jpg?fit=1200%2C638&ssl=1&resize=700%2C400 2x, https:\/\/i0.wp.com\/noticiasribeiraopreto.com.br\/wp-content\/uploads\/2023\/11\/david-balev-ilwdw2lsozk-unsplash-scaled-e1687794401621.jpg?fit=1200%2C638&ssl=1&resize=1050%2C600 3x"},"classes":[]},{"id":5944,"url":"https:\/\/noticiasribeiraopreto.com.br\/index.php\/2023\/11\/24\/11-lancamentos-para-ver-no-streaming-e-no-cinema-neste-final-de-semana\/","url_meta":{"origin":7296,"position":2},"title":"11 lan\u00e7amentos para ver no streaming e no cinema neste final de semana","author":"noticiasribeiraopreto.com.br","date":"24 de November de 2023","format":false,"excerpt":"Cr\u00e9ditos: Depositphotos\/PixinoooNovos lan\u00e7amentos para assistir neste final de semana A semana, que come\u00e7ou no \u00faltimo domingo, 19, ficou marcada por muitas novidades nos streamings e nos cinemas. Ent\u00e3o, nesta sexta-feira, 24, chegou a hora de ficar por dentro dos lan\u00e7amentos e aproveitar o final de semana para maratonar. Abaixo, confira\u2026","rel":"","context":"In &quot;Variedades&quot;","block_context":{"text":"Variedades","link":"https:\/\/noticiasribeiraopreto.com.br\/index.php\/category\/variedades\/"},"img":{"alt_text":"","src":"https:\/\/i0.wp.com\/noticiasribeiraopreto.com.br\/wp-content\/uploads\/2023\/11\/depositphotos-234652836-xl-scaled.jpg?fit=1200%2C638&ssl=1&resize=350%2C200","width":350,"height":200,"srcset":"https:\/\/i0.wp.com\/noticiasribeiraopreto.com.br\/wp-content\/uploads\/2023\/11\/depositphotos-234652836-xl-scaled.jpg?fit=1200%2C638&ssl=1&resize=350%2C200 1x, https:\/\/i0.wp.com\/noticiasribeiraopreto.com.br\/wp-content\/uploads\/2023\/11\/depositphotos-234652836-xl-scaled.jpg?fit=1200%2C638&ssl=1&resize=525%2C300 1.5x, https:\/\/i0.wp.com\/noticiasribeiraopreto.com.br\/wp-content\/uploads\/2023\/11\/depositphotos-234652836-xl-scaled.jpg?fit=1200%2C638&ssl=1&resize=700%2C400 2x, https:\/\/i0.wp.com\/noticiasribeiraopreto.com.br\/wp-content\/uploads\/2023\/11\/depositphotos-234652836-xl-scaled.jpg?fit=1200%2C638&ssl=1&resize=1050%2C600 3x"},"classes":[]},{"id":68788,"url":"https:\/\/noticiasribeiraopreto.com.br\/index.php\/2025\/04\/29\/motorista-enfrenta-neblina-na-rodovia-candido-portinari-nesta-manha\/","url_meta":{"origin":7296,"position":3},"title":"Motorista enfrenta neblina na rodovia C\u00e2ndido Portinari nesta manh\u00e3","author":"noticiasribeiraopreto.com.br","date":"29 de April de 2025","format":false,"excerpt":"A rodovia C\u00e2ndido Portinari (SP-334) tem pontos com neblina na manh\u00e3 desta ter\u00e7a-feira (29), entre Ribeir\u00e3o Preto e Juruc\u00ea, distrito de Jardin\u00f3polis. Como a visibilidade fica prejudicada na pista, os condutores devem redobrar a aten\u00e7\u00e3o ao trafegar pelo trecho. A neblina \u2013 ou nevoeiro \u2013 \u00e9 um fen\u00f4meno meteorol\u00f3gico que\u2026","rel":"","context":"In &quot;Not\u00edcias de Ribeir\u00e3o Preto-SP e Regi\u00e3o&quot;","block_context":{"text":"Not\u00edcias de Ribeir\u00e3o Preto-SP e Regi\u00e3o","link":"https:\/\/noticiasribeiraopreto.com.br\/index.php\/category\/noticias-de-ribeirao-preto-sp-e-regiao-ismael-colosi\/"},"img":{"alt_text":"","src":"https:\/\/i0.wp.com\/noticiasribeiraopreto.com.br\/wp-content\/uploads\/2025\/04\/NEBLINA_2025-04-29_10-52-31.webp.webp?fit=1200%2C680&ssl=1&resize=350%2C200","width":350,"height":200,"srcset":"https:\/\/i0.wp.com\/noticiasribeiraopreto.com.br\/wp-content\/uploads\/2025\/04\/NEBLINA_2025-04-29_10-52-31.webp.webp?fit=1200%2C680&ssl=1&resize=350%2C200 1x, https:\/\/i0.wp.com\/noticiasribeiraopreto.com.br\/wp-content\/uploads\/2025\/04\/NEBLINA_2025-04-29_10-52-31.webp.webp?fit=1200%2C680&ssl=1&resize=525%2C300 1.5x, https:\/\/i0.wp.com\/noticiasribeiraopreto.com.br\/wp-content\/uploads\/2025\/04\/NEBLINA_2025-04-29_10-52-31.webp.webp?fit=1200%2C680&ssl=1&resize=700%2C400 2x, https:\/\/i0.wp.com\/noticiasribeiraopreto.com.br\/wp-content\/uploads\/2025\/04\/NEBLINA_2025-04-29_10-52-31.webp.webp?fit=1200%2C680&ssl=1&resize=1050%2C600 3x"},"classes":[]},{"id":31996,"url":"https:\/\/noticiasribeiraopreto.com.br\/index.php\/2024\/01\/23\/levou-um-golpe-a-luta-livre-da-netflix-por-assinantes-apos-balanco\/","url_meta":{"origin":7296,"position":4},"title":"Levou um golpe? A luta livre da Netflix por assinantes ap\u00f3s balan\u00e7o","author":"noticiasribeiraopreto.com.br","date":"23 de January de 2024","format":false,"excerpt":"A Netflix (NFLX34) reportou nesta ter\u00e7a-feira (23), ap\u00f3s o fechamento do mercado, outro aumento no n\u00famero de assinantes, adicionando mais de 13 milh\u00f5es de novas contas no quarto trimestre para encerrar 2023 em bases s\u00f3lidas \u2014 e a gigante do streaming quer mais.\u00a0 O n\u00famero novos de assinantes para o\u2026","rel":"","context":"In &quot;Dinheiro e Investimento&quot;","block_context":{"text":"Dinheiro e Investimento","link":"https:\/\/noticiasribeiraopreto.com.br\/index.php\/category\/dinheiro-e-investimento-como-fazer-como-ganhar\/"},"img":{"alt_text":"","src":"https:\/\/i0.wp.com\/noticiasribeiraopreto.com.br\/wp-content\/uploads\/2024\/01\/Netflix-715x402.jpg?fit=715%2C402&ssl=1&resize=350%2C200","width":350,"height":200,"srcset":"https:\/\/i0.wp.com\/noticiasribeiraopreto.com.br\/wp-content\/uploads\/2024\/01\/Netflix-715x402.jpg?fit=715%2C402&ssl=1&resize=350%2C200 1x, https:\/\/i0.wp.com\/noticiasribeiraopreto.com.br\/wp-content\/uploads\/2024\/01\/Netflix-715x402.jpg?fit=715%2C402&ssl=1&resize=525%2C300 1.5x, https:\/\/i0.wp.com\/noticiasribeiraopreto.com.br\/wp-content\/uploads\/2024\/01\/Netflix-715x402.jpg?fit=715%2C402&ssl=1&resize=700%2C400 2x"},"classes":[]},{"id":20432,"url":"https:\/\/noticiasribeiraopreto.com.br\/index.php\/2023\/12\/25\/feriado-em-casa-conheca-5-series-de-natal-da-netflix-para-maratonar-hoje\/","url_meta":{"origin":7296,"position":5},"title":"Feriado em casa? Conhe\u00e7a 5 s\u00e9ries de Natal da Netflix para maratonar hoje","author":"noticiasribeiraopreto.com.br","date":"25 de December de 2023","format":false,"excerpt":"Cr\u00e9ditos: Depositphotos\/IgorVetushkoS\u00e9ries de Natal para ver na Netflix Segunda-feira\u2026 P\u00f3s-ceia de Natal\u2026 Voc\u00ea est\u00e1 em casa no feriado e nada parece melhor do que se distrair com a TV, n\u00e3o \u00e9 mesmo?! Nem s\u00f3 de filmes natalinos se faz um streaming. A Netflix tamb\u00e9m tem investido em s\u00e9ries e miniss\u00e9ries\u2026","rel":"","context":"In &quot;Variedades&quot;","block_context":{"text":"Variedades","link":"https:\/\/noticiasribeiraopreto.com.br\/index.php\/category\/variedades\/"},"img":{"alt_text":"","src":"https:\/\/i0.wp.com\/noticiasribeiraopreto.com.br\/wp-content\/uploads\/2023\/12\/depositphotos-510438622-xl-scaled.jpg?fit=1200%2C638&ssl=1&resize=350%2C200","width":350,"height":200,"srcset":"https:\/\/i0.wp.com\/noticiasribeiraopreto.com.br\/wp-content\/uploads\/2023\/12\/depositphotos-510438622-xl-scaled.jpg?fit=1200%2C638&ssl=1&resize=350%2C200 1x, https:\/\/i0.wp.com\/noticiasribeiraopreto.com.br\/wp-content\/uploads\/2023\/12\/depositphotos-510438622-xl-scaled.jpg?fit=1200%2C638&ssl=1&resize=525%2C300 1.5x, https:\/\/i0.wp.com\/noticiasribeiraopreto.com.br\/wp-content\/uploads\/2023\/12\/depositphotos-510438622-xl-scaled.jpg?fit=1200%2C638&ssl=1&resize=700%2C400 2x, https:\/\/i0.wp.com\/noticiasribeiraopreto.com.br\/wp-content\/uploads\/2023\/12\/depositphotos-510438622-xl-scaled.jpg?fit=1200%2C638&ssl=1&resize=1050%2C600 3x"},"classes":[]}],"jetpack_sharing_enabled":true,"jetpack_shortlink":"https:\/\/wp.me\/peQAOb-1TG","_links":{"self":[{"href":"https:\/\/noticiasribeiraopreto.com.br\/index.php\/wp-json\/wp\/v2\/posts\/7296","targetHints":{"allow":["GET"]}}],"collection":[{"href":"https:\/\/noticiasribeiraopreto.com.br\/index.php\/wp-json\/wp\/v2\/posts"}],"about":[{"href":"https:\/\/noticiasribeiraopreto.com.br\/index.php\/wp-json\/wp\/v2\/types\/post"}],"author":[{"embeddable":true,"href":"https:\/\/noticiasribeiraopreto.com.br\/index.php\/wp-json\/wp\/v2\/users\/1"}],"replies":[{"embeddable":true,"href":"https:\/\/noticiasribeiraopreto.com.br\/index.php\/wp-json\/wp\/v2\/comments?post=7296"}],"version-history":[{"count":0,"href":"https:\/\/noticiasribeiraopreto.com.br\/index.php\/wp-json\/wp\/v2\/posts\/7296\/revisions"}],"wp:featuredmedia":[{"embeddable":true,"href":"https:\/\/noticiasribeiraopreto.com.br\/index.php\/wp-json\/wp\/v2\/media\/7297"}],"wp:attachment":[{"href":"https:\/\/noticiasribeiraopreto.com.br\/index.php\/wp-json\/wp\/v2\/media?parent=7296"}],"wp:term":[{"taxonomy":"category","embeddable":true,"href":"https:\/\/noticiasribeiraopreto.com.br\/index.php\/wp-json\/wp\/v2\/categories?post=7296"},{"taxonomy":"post_tag","embeddable":true,"href":"https:\/\/noticiasribeiraopreto.com.br\/index.php\/wp-json\/wp\/v2\/tags?post=7296"}],"curies":[{"name":"wp","href":"https:\/\/api.w.org\/{rel}","templated":true}]}}