{"id":72963,"date":"2025-06-23T14:50:35","date_gmt":"2025-06-23T17:50:35","guid":{"rendered":"https:\/\/noticiasribeiraopreto.com.br\/index.php\/2025\/06\/23\/ribeirao-preto-promove-dia-d-de-vacinacao-infantil-saiba-como-participar\/"},"modified":"2025-06-23T14:50:35","modified_gmt":"2025-06-23T17:50:35","slug":"ribeirao-preto-promove-dia-d-de-vacinacao-infantil-saiba-como-participar","status":"publish","type":"post","link":"https:\/\/noticiasribeiraopreto.com.br\/index.php\/2025\/06\/23\/ribeirao-preto-promove-dia-d-de-vacinacao-infantil-saiba-como-participar\/","title":{"rendered":"Ribeir\u00e3o Preto promove &#8216;Dia D de Vacina\u00e7\u00e3o Infantil&#8217;; Saiba como participar"},"content":{"rendered":"<p> <br \/>\n<\/p>\n<div>\n<p><strong>Ribeir\u00e3o Preto <\/strong>realiza neste s\u00e1bado (28), o \u201c<strong>Dia D de Vacina\u00e7\u00e3o Infantil<\/strong>\u201d, com o objetivo de atualizar a caderneta de vacina\u00e7\u00e3o e <strong>ampliar a cobertura vacinal<\/strong>, principalmente entre crian\u00e7as.<\/p>\n<p><mark style=\"background-color:#fcb900\" class=\"has-inline-color\">Todas as <strong>salas de vacina<\/strong> do munic\u00edpio estar\u00e3o abertas entre <strong>8h e 16h30<\/strong><\/mark>, \u201cfacilitando o acesso das fam\u00edlias e garantindo mais prote\u00e7\u00e3o \u00e0s crian\u00e7as\u201d, segundo a Prefeitura.<\/p>\n<p>Vale dizer que, para atender as crian\u00e7as do <strong>bairro Jardim Salgado Filho II<\/strong>, a EMEI Roberto Afonso Pontes tamb\u00e9m ter\u00e1 uma sala de vacina\u00e7\u00e3o.<\/p>\n<p><strong>Para vacinar \u00e9 necess\u00e1rio apresentar a caderneta de vacina\u00e7\u00e3o e um documento da crian\u00e7a.<\/strong><\/p>\n<h2 class=\"wp-block-heading\"><strong>Baixo \u00edndice de cobertura vacinal<\/strong><\/h2>\n<p>Dados do <strong>Devisa (Departamento de Vigil\u00e2ncia em Sa\u00fade)<\/strong> mostram que apenas <strong>26%<\/strong> das <strong>45 mil crian\u00e7as<\/strong> estimadas foram vacinadas contra a <strong>Influenza <\/strong>em <strong>Ribeir\u00e3o Preto<\/strong>.<\/p>\n<p>De acordo com a <strong>Administra\u00e7\u00e3o Municipal<\/strong>, desde o in\u00edcio do ano a cidade registrou <strong>686 casos de doen\u00e7as respirat\u00f3rias agudas graves<\/strong>, sendo <strong>286 em crian\u00e7as de at\u00e9 9 anos<\/strong>.<\/p>\n<figure class=\"wp-block-pullquote\">\n<blockquote>\n<p>Dos casos graves notificados, 187 j\u00e1 foram confirmados como causados pelo v\u00edrus Influenza, o qual h\u00e1 vacina dispon\u00edvel para toda a popula\u00e7\u00e3o a partir dos 6 meses de idade<\/p>\n<\/blockquote>\n<\/figure>\n<p>A mobiliza\u00e7\u00e3o tem o apoio da <strong>Secretaria Municipal de Educa\u00e7\u00e3o <\/strong>e de<strong> todas as escolas particulares<\/strong> da cidade.<\/p>\n<h3 class=\"wp-block-heading\"><strong>Outras vacinas<\/strong><\/h3>\n<p>Em rela\u00e7\u00e3o \u00e0 <strong>vacina da dengue<\/strong>, voltada para o grupo de 10 a 14 anos, <strong>foram aplicadas 19.261 primeiras doses e apenas 9.177 segundas doses<\/strong>, n\u00famero ainda distante da meta de imuniza\u00e7\u00e3o completa.<\/p>\n<p>A vacina contra o <strong>Hepatite B<\/strong>, administrada no primeiro m\u00eas de vida, tem cobertura de apenas <strong>32,61%<\/strong>.<\/p>\n<hr class=\"wp-block-separator has-alpha-channel-opacity\"\/>\n<p>SAIBA MAIS<\/p>\n<p>Cohab-RP abre edital para venda de 44 im\u00f3veis; Veja como participar<\/p>\n<h3 class=\"wp-block-heading\"><strong>FIQUE ON<\/strong><\/h3>\n<p>Quer ficar por dentro de tudo que acontece em Ribeir\u00e3o Preto e regi\u00e3o? Ent\u00e3o siga os perfis do\u202facidade on\u202fno\u202f<a href=\"https:\/\/www.instagram.com\/acidadeonribeirao\" target=\"_blank\" rel=\"noreferrer noopener\">Instagram<\/a>\u202fe no\u202f<a href=\"https:\/\/www.facebook.com\/acidadeonribeirao\/\" target=\"_blank\" rel=\"noreferrer noopener\">Facebook<\/a>.<\/p>\n<p>Al\u00e9m disso, voc\u00ea pode receber as principais not\u00edcias diretamente no WhatsApp. Para isso, basta\u00a0<a href=\"https:\/\/chat.whatsapp.com\/BjKQZ9oJwlz8VVT50NuePq\" target=\"_blank\" rel=\"noreferrer noopener\">entrar no grupo clicando aqui<\/a>.<\/p>\n<p>Por fim, se quiser fazer uma den\u00fancia ou sugerir uma reportagem sobre Ribeir\u00e3o Preto e regi\u00e3o, envie uma mensagem pelo WhatsApp: (16) 99117-7802.<\/p>\n<p>VEJA TAMB\u00c9M<\/p>\n<p>Brasileira desaparecida em vulc\u00e3o na Indon\u00e9sia foi encontrada?<\/p>\n<p><!-- CONTENT END 1 -->\n<\/div>\n<p><script async src=\"\/\/www.instagram.com\/embed.js\"><\/script><br \/>\n<br \/><br \/>\n<br \/><a href=\"https:\/\/www.acidadeon.com\/ribeiraopreto\/cotidiano\/ribeirao-preto-promove-dia-d-de-vacinacao-infantil-saiba-como-participar\/\">Source link <\/a><\/p>\n","protected":false},"excerpt":{"rendered":"<p>Ribeir\u00e3o Preto realiza neste s\u00e1bado (28), o \u201cDia D de Vacina\u00e7\u00e3o Infantil\u201d, com o objetivo de atualizar a caderneta de vacina\u00e7\u00e3o e ampliar a cobertura&#8230;<\/p>\n","protected":false},"author":1,"featured_media":72964,"comment_status":"open","ping_status":"open","sticky":false,"template":"","format":"standard","meta":{"advanced_seo_description":"","jetpack_seo_html_title":"","jetpack_seo_noindex":false,"jetpack_post_was_ever_published":false,"_jetpack_newsletter_access":"","_jetpack_dont_email_post_to_subs":false,"_jetpack_newsletter_tier_id":0,"_jetpack_memberships_contains_paywalled_content":false,"_jetpack_memberships_contains_paid_content":false,"footnotes":"","jetpack_publicize_message":"","jetpack_publicize_feature_enabled":true,"jetpack_social_post_already_shared":true,"jetpack_social_options":{"image_generator_settings":{"template":"highway","default_image_id":0,"font":"","enabled":false},"version":2}},"categories":[11],"tags":[],"class_list":["post-72963","post","type-post","status-publish","format-standard","has-post-thumbnail","hentry","category-noticias-de-ribeirao-preto-sp-e-regiao-ismael-colosi"],"jetpack_publicize_connections":[],"jetpack_featured_media_url":"https:\/\/i0.wp.com\/noticiasribeiraopreto.com.br\/wp-content\/uploads\/2025\/06\/a.ok_.vacinacao_segunda_dose_prefeito_16_2__2025-06-23_17-44-50.webp.webp?fit=1200%2C799&ssl=1","jetpack-related-posts":[{"id":72979,"url":"https:\/\/noticiasribeiraopreto.com.br\/index.php\/2025\/06\/23\/rp-promove-dia-d-de-vacinacao-infantil-neste-sabado-28\/","url_meta":{"origin":72963,"position":0},"title":"RP promove Dia D de Vacina\u00e7\u00e3o Infantil neste s\u00e1bado, 28","author":"noticiasribeiraopreto.com.br","date":"23 de June de 2025","format":false,"excerpt":"23 de junho de 2025 16:192 Compartilhar0 Neste s\u00e1bado, dia 28, Ribeir\u00e3o Preto realiza o Dia D de Vacina\u00e7\u00e3o Infantil, uma grande mobiliza\u00e7\u00e3o com o objetivo de atualizar a caderneta de vacina\u00e7\u00e3o e ampliar a cobertura vacinal, principalmente entre crian\u00e7as. Todas as salas de vacina estar\u00e3o abertas entre 8h e\u2026","rel":"","context":"In &quot;Not\u00edcias de Ribeir\u00e3o Preto-SP e Regi\u00e3o&quot;","block_context":{"text":"Not\u00edcias de Ribeir\u00e3o Preto-SP e Regi\u00e3o","link":"https:\/\/noticiasribeiraopreto.com.br\/index.php\/category\/noticias-de-ribeirao-preto-sp-e-regiao-ismael-colosi\/"},"img":{"alt_text":"","src":"https:\/\/i0.wp.com\/noticiasribeiraopreto.com.br\/wp-content\/uploads\/2025\/06\/a.ok_.vacinacao_segunda_dose_prefeito_16_2_-scaled.jpg?fit=752%2C500&ssl=1&resize=350%2C200","width":350,"height":200,"srcset":"https:\/\/i0.wp.com\/noticiasribeiraopreto.com.br\/wp-content\/uploads\/2025\/06\/a.ok_.vacinacao_segunda_dose_prefeito_16_2_-scaled.jpg?fit=752%2C500&ssl=1&resize=350%2C200 1x, https:\/\/i0.wp.com\/noticiasribeiraopreto.com.br\/wp-content\/uploads\/2025\/06\/a.ok_.vacinacao_segunda_dose_prefeito_16_2_-scaled.jpg?fit=752%2C500&ssl=1&resize=525%2C300 1.5x, https:\/\/i0.wp.com\/noticiasribeiraopreto.com.br\/wp-content\/uploads\/2025\/06\/a.ok_.vacinacao_segunda_dose_prefeito_16_2_-scaled.jpg?fit=752%2C500&ssl=1&resize=700%2C400 2x"},"classes":[]},{"id":78779,"url":"https:\/\/noticiasribeiraopreto.com.br\/index.php\/2025\/10\/18\/saude-tem-38-salas-abertas-neste-dia-d-de-vacinacao\/","url_meta":{"origin":72963,"position":1},"title":"Sa\u00fade tem 38 salas abertas neste \u2018Dia D\u2019 de vacina\u00e7\u00e3o","author":"noticiasribeiraopreto.com.br","date":"18 de October de 2025","format":false,"excerpt":"O Minist\u00e9rio da Sa\u00fade promove neste s\u00e1bado, 18 de outubro, o Dia D de mobiliza\u00e7\u00e3o nacional pela vacina\u00e7\u00e3o. Tradi\u00e7\u00e3o da Funda\u00e7\u00e3o Oswaldo Cruz (Fiocruz), o evento celebra a sa\u00fade e a cidadania, oferecendo gratuitamente vacinas para crian\u00e7as e adultos, al\u00e9m de atividades culturais, a\u00e7\u00f5es de divulga\u00e7\u00e3o cient\u00edfica e iniciativas de\u2026","rel":"","context":"In &quot;Not\u00edcias de Ribeir\u00e3o Preto-SP e Regi\u00e3o&quot;","block_context":{"text":"Not\u00edcias de Ribeir\u00e3o Preto-SP e Regi\u00e3o","link":"https:\/\/noticiasribeiraopreto.com.br\/index.php\/category\/noticias-de-ribeirao-preto-sp-e-regiao-ismael-colosi\/"},"img":{"alt_text":"","src":"https:\/\/i0.wp.com\/noticiasribeiraopreto.com.br\/wp-content\/uploads\/2025\/10\/2021_06_08_-_vacinacao_comorbidades_-_foto_fernando_gonzaga_6.jpg?fit=1200%2C799&ssl=1&resize=350%2C200","width":350,"height":200,"srcset":"https:\/\/i0.wp.com\/noticiasribeiraopreto.com.br\/wp-content\/uploads\/2025\/10\/2021_06_08_-_vacinacao_comorbidades_-_foto_fernando_gonzaga_6.jpg?fit=1200%2C799&ssl=1&resize=350%2C200 1x, https:\/\/i0.wp.com\/noticiasribeiraopreto.com.br\/wp-content\/uploads\/2025\/10\/2021_06_08_-_vacinacao_comorbidades_-_foto_fernando_gonzaga_6.jpg?fit=1200%2C799&ssl=1&resize=525%2C300 1.5x, https:\/\/i0.wp.com\/noticiasribeiraopreto.com.br\/wp-content\/uploads\/2025\/10\/2021_06_08_-_vacinacao_comorbidades_-_foto_fernando_gonzaga_6.jpg?fit=1200%2C799&ssl=1&resize=700%2C400 2x, https:\/\/i0.wp.com\/noticiasribeiraopreto.com.br\/wp-content\/uploads\/2025\/10\/2021_06_08_-_vacinacao_comorbidades_-_foto_fernando_gonzaga_6.jpg?fit=1200%2C799&ssl=1&resize=1050%2C600 3x"},"classes":[]},{"id":79601,"url":"https:\/\/noticiasribeiraopreto.com.br\/index.php\/2025\/11\/04\/ribeirao-preto-tem-dia-d-de-vacinacao-contra-dengue-e-hpv-saiba-quando\/","url_meta":{"origin":72963,"position":2},"title":"Ribeir\u00e3o Preto tem Dia D de vacina\u00e7\u00e3o contra dengue e HPV; Saiba quando","author":"noticiasribeiraopreto.com.br","date":"4 de November de 2025","format":false,"excerpt":"Ribeir\u00e3o Preto promove o Dia D de vacina\u00e7\u00e3o contra a dengue e o HPV, para crian\u00e7as e adolescentes. A a\u00e7\u00e3o acontece no pr\u00f3ximo s\u00e1bado (8) em todas as 38 salas de vacina do munic\u00edpio, das 8h \u00e0s 16h30. Clique aqui e veja os endere\u00e7os. Para a imuniza\u00e7\u00e3o \u00e9 necess\u00e1rio apresentar\u2026","rel":"","context":"In &quot;Not\u00edcias de Ribeir\u00e3o Preto-SP e Regi\u00e3o&quot;","block_context":{"text":"Not\u00edcias de Ribeir\u00e3o Preto-SP e Regi\u00e3o","link":"https:\/\/noticiasribeiraopreto.com.br\/index.php\/category\/noticias-de-ribeirao-preto-sp-e-regiao-ismael-colosi\/"},"img":{"alt_text":"","src":"https:\/\/i0.wp.com\/noticiasribeiraopreto.com.br\/wp-content\/uploads\/2025\/11\/vacinacao_h1n1_-_foto_fernando_gonzaga_1_2025-11-04_16-59-11.webp.webp?fit=1200%2C800&ssl=1&resize=350%2C200","width":350,"height":200,"srcset":"https:\/\/i0.wp.com\/noticiasribeiraopreto.com.br\/wp-content\/uploads\/2025\/11\/vacinacao_h1n1_-_foto_fernando_gonzaga_1_2025-11-04_16-59-11.webp.webp?fit=1200%2C800&ssl=1&resize=350%2C200 1x, https:\/\/i0.wp.com\/noticiasribeiraopreto.com.br\/wp-content\/uploads\/2025\/11\/vacinacao_h1n1_-_foto_fernando_gonzaga_1_2025-11-04_16-59-11.webp.webp?fit=1200%2C800&ssl=1&resize=525%2C300 1.5x, https:\/\/i0.wp.com\/noticiasribeiraopreto.com.br\/wp-content\/uploads\/2025\/11\/vacinacao_h1n1_-_foto_fernando_gonzaga_1_2025-11-04_16-59-11.webp.webp?fit=1200%2C800&ssl=1&resize=700%2C400 2x, https:\/\/i0.wp.com\/noticiasribeiraopreto.com.br\/wp-content\/uploads\/2025\/11\/vacinacao_h1n1_-_foto_fernando_gonzaga_1_2025-11-04_16-59-11.webp.webp?fit=1200%2C800&ssl=1&resize=1050%2C600 3x"},"classes":[]},{"id":42753,"url":"https:\/\/noticiasribeiraopreto.com.br\/index.php\/2024\/03\/16\/multivacinacao-chega-as-escolas-paulistas\/","url_meta":{"origin":72963,"position":3},"title":"Multivacina\u00e7\u00e3o chega\u00a0\u00e0s escolas paulistas\u00a0 &#8211; Jornal Tribuna Ribeir\u00e3o","author":"noticiasribeiraopreto.com.br","date":"16 de March de 2024","format":false,"excerpt":"16 de mar\u00e7o de 2024 | 17:0016 de mar\u00e7o de 2024 | 11:29 0A Secretaria de Estado da Sa\u00fade (SES-SP) promove, a partir da pr\u00f3xima segunda-feira, 18 de mar\u00e7o, a Campanha de Multivacina\u00e7\u00e3o contra doen\u00e7as preven\u00edveis nas escolas p\u00fablicas de ensino infantil, fundamental e m\u00e9dio. Essa estrat\u00e9gia de vacina\u00e7\u00e3o, que\u2026","rel":"","context":"In &quot;Not\u00edcias de Ribeir\u00e3o Preto-SP e Regi\u00e3o&quot;","block_context":{"text":"Not\u00edcias de Ribeir\u00e3o Preto-SP e Regi\u00e3o","link":"https:\/\/noticiasribeiraopreto.com.br\/index.php\/category\/noticias-de-ribeirao-preto-sp-e-regiao-ismael-colosi\/"},"img":{"alt_text":"","src":"https:\/\/i0.wp.com\/noticiasribeiraopreto.com.br\/wp-content\/uploads\/2024\/03\/CovidHC-Tania-Rego-Ag.Br_-scaled.jpg?fit=1000%2C598&ssl=1&resize=350%2C200","width":350,"height":200,"srcset":"https:\/\/i0.wp.com\/noticiasribeiraopreto.com.br\/wp-content\/uploads\/2024\/03\/CovidHC-Tania-Rego-Ag.Br_-scaled.jpg?fit=1000%2C598&ssl=1&resize=350%2C200 1x, https:\/\/i0.wp.com\/noticiasribeiraopreto.com.br\/wp-content\/uploads\/2024\/03\/CovidHC-Tania-Rego-Ag.Br_-scaled.jpg?fit=1000%2C598&ssl=1&resize=525%2C300 1.5x, https:\/\/i0.wp.com\/noticiasribeiraopreto.com.br\/wp-content\/uploads\/2024\/03\/CovidHC-Tania-Rego-Ag.Br_-scaled.jpg?fit=1000%2C598&ssl=1&resize=700%2C400 2x"},"classes":[]},{"id":68111,"url":"https:\/\/noticiasribeiraopreto.com.br\/index.php\/2025\/04\/22\/prefeitura-inicia-atualizacao-de-caderneta-de-vacinacao-dos-alunos\/","url_meta":{"origin":72963,"position":4},"title":"Prefeitura inicia atualiza\u00e7\u00e3o de caderneta de vacina\u00e7\u00e3o dos alunos","author":"noticiasribeiraopreto.com.br","date":"22 de April de 2025","format":false,"excerpt":"22 de abril de 2025 15:3022 de abril de 2025 12:246 Compartilhar0 A Prefeitura de Ribeir\u00e3o Preto, por meio das secretarias municipais da Sa\u00fade e da Educa\u00e7\u00e3o, inicia nesta semana uma a\u00e7\u00e3o de vacina\u00e7\u00e3o diretamente nas escolas municipais de ensino fundamental. O objetivo \u00e9 atualizar a caderneta vacinal de estudantes\u2026","rel":"","context":"In &quot;Not\u00edcias de Ribeir\u00e3o Preto-SP e Regi\u00e3o&quot;","block_context":{"text":"Not\u00edcias de Ribeir\u00e3o Preto-SP e Regi\u00e3o","link":"https:\/\/noticiasribeiraopreto.com.br\/index.php\/category\/noticias-de-ribeirao-preto-sp-e-regiao-ismael-colosi\/"},"img":{"alt_text":"","src":"https:\/\/i0.wp.com\/noticiasribeiraopreto.com.br\/wp-content\/uploads\/2025\/04\/vacinacao_-_foto_guilherme_sircili_2204.jpg?fit=1200%2C800&ssl=1&resize=350%2C200","width":350,"height":200,"srcset":"https:\/\/i0.wp.com\/noticiasribeiraopreto.com.br\/wp-content\/uploads\/2025\/04\/vacinacao_-_foto_guilherme_sircili_2204.jpg?fit=1200%2C800&ssl=1&resize=350%2C200 1x, https:\/\/i0.wp.com\/noticiasribeiraopreto.com.br\/wp-content\/uploads\/2025\/04\/vacinacao_-_foto_guilherme_sircili_2204.jpg?fit=1200%2C800&ssl=1&resize=525%2C300 1.5x, https:\/\/i0.wp.com\/noticiasribeiraopreto.com.br\/wp-content\/uploads\/2025\/04\/vacinacao_-_foto_guilherme_sircili_2204.jpg?fit=1200%2C800&ssl=1&resize=700%2C400 2x, https:\/\/i0.wp.com\/noticiasribeiraopreto.com.br\/wp-content\/uploads\/2025\/04\/vacinacao_-_foto_guilherme_sircili_2204.jpg?fit=1200%2C800&ssl=1&resize=1050%2C600 3x"},"classes":[]},{"id":71502,"url":"https:\/\/noticiasribeiraopreto.com.br\/index.php\/2025\/06\/06\/ubds-castelo-branco-abre-para-vacinacao-neste-sabado\/","url_meta":{"origin":72963,"position":5},"title":"UBDS Castelo Branco abre para vacina\u00e7\u00e3o neste s\u00e1bado","author":"noticiasribeiraopreto.com.br","date":"6 de June de 2025","format":false,"excerpt":"6 de junho de 2025 17:306 de junho de 2025 08:499 Compartilhar0 Com o objetivo de ampliar a cobertura vacinal contra a influenza, a Secretaria de Sa\u00fade de Ribeir\u00e3o Preto abrir\u00e1 neste s\u00e1bado, 7 de junho, a sala de vacina\u00e7\u00e3o da Unidade B\u00e1sica Distrital de Sa\u00fade Doutor \u00cdtalo Baruffi (UBDS\u2026","rel":"","context":"In &quot;Not\u00edcias de Ribeir\u00e3o Preto-SP e Regi\u00e3o&quot;","block_context":{"text":"Not\u00edcias de Ribeir\u00e3o Preto-SP e Regi\u00e3o","link":"https:\/\/noticiasribeiraopreto.com.br\/index.php\/category\/noticias-de-ribeirao-preto-sp-e-regiao-ismael-colosi\/"},"img":{"alt_text":"","src":"https:\/\/i0.wp.com\/noticiasribeiraopreto.com.br\/wp-content\/uploads\/2025\/06\/Vacina-Fernando-Gonzaga-scaled.jpg?fit=752%2C500&ssl=1&resize=350%2C200","width":350,"height":200,"srcset":"https:\/\/i0.wp.com\/noticiasribeiraopreto.com.br\/wp-content\/uploads\/2025\/06\/Vacina-Fernando-Gonzaga-scaled.jpg?fit=752%2C500&ssl=1&resize=350%2C200 1x, https:\/\/i0.wp.com\/noticiasribeiraopreto.com.br\/wp-content\/uploads\/2025\/06\/Vacina-Fernando-Gonzaga-scaled.jpg?fit=752%2C500&ssl=1&resize=525%2C300 1.5x, https:\/\/i0.wp.com\/noticiasribeiraopreto.com.br\/wp-content\/uploads\/2025\/06\/Vacina-Fernando-Gonzaga-scaled.jpg?fit=752%2C500&ssl=1&resize=700%2C400 2x"},"classes":[]}],"jetpack_sharing_enabled":true,"jetpack_shortlink":"https:\/\/wp.me\/peQAOb-iYP","_links":{"self":[{"href":"https:\/\/noticiasribeiraopreto.com.br\/index.php\/wp-json\/wp\/v2\/posts\/72963","targetHints":{"allow":["GET"]}}],"collection":[{"href":"https:\/\/noticiasribeiraopreto.com.br\/index.php\/wp-json\/wp\/v2\/posts"}],"about":[{"href":"https:\/\/noticiasribeiraopreto.com.br\/index.php\/wp-json\/wp\/v2\/types\/post"}],"author":[{"embeddable":true,"href":"https:\/\/noticiasribeiraopreto.com.br\/index.php\/wp-json\/wp\/v2\/users\/1"}],"replies":[{"embeddable":true,"href":"https:\/\/noticiasribeiraopreto.com.br\/index.php\/wp-json\/wp\/v2\/comments?post=72963"}],"version-history":[{"count":0,"href":"https:\/\/noticiasribeiraopreto.com.br\/index.php\/wp-json\/wp\/v2\/posts\/72963\/revisions"}],"wp:featuredmedia":[{"embeddable":true,"href":"https:\/\/noticiasribeiraopreto.com.br\/index.php\/wp-json\/wp\/v2\/media\/72964"}],"wp:attachment":[{"href":"https:\/\/noticiasribeiraopreto.com.br\/index.php\/wp-json\/wp\/v2\/media?parent=72963"}],"wp:term":[{"taxonomy":"category","embeddable":true,"href":"https:\/\/noticiasribeiraopreto.com.br\/index.php\/wp-json\/wp\/v2\/categories?post=72963"},{"taxonomy":"post_tag","embeddable":true,"href":"https:\/\/noticiasribeiraopreto.com.br\/index.php\/wp-json\/wp\/v2\/tags?post=72963"}],"curies":[{"name":"wp","href":"https:\/\/api.w.org\/{rel}","templated":true}]}}