{"id":72965,"date":"2025-06-23T14:57:24","date_gmt":"2025-06-23T17:57:24","guid":{"rendered":"https:\/\/noticiasribeiraopreto.com.br\/index.php\/2025\/06\/23\/cineclube-cauim-recebe-edicao-especial-do-sextas-sonoras-com-jazz-e-blues-veja-quando\/"},"modified":"2025-06-23T14:57:24","modified_gmt":"2025-06-23T17:57:24","slug":"cineclube-cauim-recebe-edicao-especial-do-sextas-sonoras-com-jazz-e-blues-veja-quando","status":"publish","type":"post","link":"https:\/\/noticiasribeiraopreto.com.br\/index.php\/2025\/06\/23\/cineclube-cauim-recebe-edicao-especial-do-sextas-sonoras-com-jazz-e-blues-veja-quando\/","title":{"rendered":"Cineclube Cauim recebe edi\u00e7\u00e3o especial do &#8216;Sextas Sonoras&#8217; com jazz e blues; Veja quando"},"content":{"rendered":"<p> <br \/>\n<\/p>\n<div>\n<p>O <strong>Cineclube Cauim<\/strong> recebe nesta sexta-feira (27), uma edi\u00e7\u00e3o especial do projeto \u201c<strong>Sextas Sonoras<\/strong>\u201d, dedicada ao jazz e ao blues. O evento acontece na rua Olavo Bilac, 135, na Vila Seixas, em <strong>Ribeir\u00e3o Preto<\/strong>.<\/p>\n<p>Na programa\u00e7\u00e3o est\u00e3o shows dos grupos <strong>Leoneti Bros<\/strong> e <strong>Barranco Trio<\/strong>. O ingresso custa <strong>R$ 20<\/strong> e d\u00e1 direito a um chope. <mark style=\"background-color:#fcb900\" class=\"has-inline-color\">Os interessados podem adquirir na bilheteria do <strong>Cauim <\/strong>no dia do evento.<\/mark><\/p>\n<p>O espa\u00e7o conta com servi\u00e7o de <strong>bar<\/strong> no hall de entrada e <strong>food truck<\/strong> na \u00e1rea externa, com card\u00e1pio variado.<\/p>\n<h2 class=\"wp-block-heading\"><strong>Programa\u00e7\u00e3o<\/strong><\/h2>\n<p>A programa\u00e7\u00e3o come\u00e7a \u00e0s 19h com o <strong>duo Leoneti Bros<\/strong>, formado pelos irm\u00e3os Beto e Jesus Leoneti. Em formato ac\u00fastico e bem-humorado, eles apresentam releituras animadas de <strong>cl\u00e1ssicos do rock<\/strong>, <strong>blues <\/strong>e <strong>bluegrass<\/strong>, utilizando instrumentos inusitados como banjo, washboard, kazoo e at\u00e9 colheres.<\/p>\n<p>\u00c0s 20h30, \u00e9 a vez do <strong>Barranco Trio<\/strong> subir ao palco com seu som instrumental autoral, que <strong>mistura jazz<\/strong>, <strong>fusion<\/strong>, <strong>funk <\/strong>e <strong>rock progressivo com influ\u00eancias de ritmos brasileiro<\/strong>s. Na estrada desde 2014, o grupo j\u00e1 lan\u00e7ou tr\u00eas \u00e1lbuns e passou por diversos estados do pa\u00eds.<\/p>\n<hr class=\"wp-block-separator has-alpha-channel-opacity\"\/>\n<p>SAIBA MAIS<\/p>\n<p>Museu Casa da Mem\u00f3ria Italiana realiza sess\u00e3o gratuita de cinema; Saiba como participar<\/p>\n<h3 class=\"wp-block-heading\"><strong>FIQUE ON<\/strong><\/h3>\n<p>Quer ficar por dentro de tudo que acontece em Ribeir\u00e3o Preto e regi\u00e3o? Ent\u00e3o siga os perfis do\u202facidade on\u202fno\u202f<a href=\"https:\/\/www.instagram.com\/acidadeonribeirao\" target=\"_blank\" rel=\"noreferrer noopener\">Instagram<\/a>\u202fe no\u202f<a href=\"https:\/\/www.facebook.com\/acidadeonribeirao\/\" target=\"_blank\" rel=\"noreferrer noopener\">Facebook<\/a>.<\/p>\n<p>Al\u00e9m disso, voc\u00ea pode receber as principais not\u00edcias diretamente no WhatsApp. Para isso, basta\u00a0<a href=\"https:\/\/chat.whatsapp.com\/BjKQZ9oJwlz8VVT50NuePq\" target=\"_blank\" rel=\"noreferrer noopener\">entrar no grupo clicando aqui<\/a>.<\/p>\n<p>Por fim, se quiser fazer uma den\u00fancia ou sugerir uma reportagem sobre Ribeir\u00e3o Preto e regi\u00e3o, envie uma mensagem pelo WhatsApp: (16) 99117-7802.<\/p>\n<p>VEJA TAMB\u00c9M<\/p>\n<p>Como comprar ingresso pro show do MCR em SP?<\/p>\n<p><!-- CONTENT END 1 -->\n<\/div>\n<p><script async src=\"\/\/www.instagram.com\/embed.js\"><\/script><br \/>\n<br \/><br \/>\n<br \/><a href=\"https:\/\/www.acidadeon.com\/ribeiraopreto\/lazer-e-cultura\/cineclube-cauim-recebe-edicao-especial-do-sextas-sonoras-com-jazz-e-blues-veja-quando\/\">Source link <\/a><\/p>\n","protected":false},"excerpt":{"rendered":"<p>O Cineclube Cauim recebe nesta sexta-feira (27), uma edi\u00e7\u00e3o especial do projeto \u201cSextas Sonoras\u201d, dedicada ao jazz e ao blues. O evento acontece na rua&#8230;<\/p>\n","protected":false},"author":1,"featured_media":72966,"comment_status":"open","ping_status":"open","sticky":false,"template":"","format":"standard","meta":{"advanced_seo_description":"","jetpack_seo_html_title":"","jetpack_seo_noindex":false,"jetpack_post_was_ever_published":false,"_jetpack_newsletter_access":"","_jetpack_dont_email_post_to_subs":false,"_jetpack_newsletter_tier_id":0,"_jetpack_memberships_contains_paywalled_content":false,"_jetpack_memberships_contains_paid_content":false,"footnotes":"","jetpack_publicize_message":"","jetpack_publicize_feature_enabled":true,"jetpack_social_post_already_shared":true,"jetpack_social_options":{"image_generator_settings":{"template":"highway","default_image_id":0,"font":"","enabled":false},"version":2}},"categories":[11],"tags":[],"class_list":["post-72965","post","type-post","status-publish","format-standard","has-post-thumbnail","hentry","category-noticias-de-ribeirao-preto-sp-e-regiao-ismael-colosi"],"jetpack_publicize_connections":[],"jetpack_featured_media_url":"https:\/\/i0.wp.com\/noticiasribeiraopreto.com.br\/wp-content\/uploads\/2025\/06\/novo-cauim-1.jpg?fit=1000%2C967&ssl=1","jetpack-related-posts":[{"id":57083,"url":"https:\/\/noticiasribeiraopreto.com.br\/index.php\/2024\/08\/22\/cineclube-cauim-recebe-show-de-banda-internacional-em-ribeirao-preto\/","url_meta":{"origin":72965,"position":0},"title":"Cineclube Cauim recebe show de banda internacional em Ribeir\u00e3o Preto","author":"noticiasribeiraopreto.com.br","date":"22 de August de 2024","format":false,"excerpt":"O Cineclube Cauim de Ribeir\u00e3o Preto, ir\u00e1 receber nesta sexta-feira (23), \u00e0s 19h, outra edi\u00e7\u00e3o do projeto \u201cSextas Sonoras\u201d, agora com sua primeira atra\u00e7\u00e3o internacional: Lord Bishop Rocks, com apresenta\u00e7\u00e3o do DJ Old Smoking. \u00a0Ingressos custam R$ 20. A banda \u00e9 considerada um dos trios de rock mais emocionantes, extravagantes\u2026","rel":"","context":"In &quot;Not\u00edcias de Ribeir\u00e3o Preto-SP e Regi\u00e3o&quot;","block_context":{"text":"Not\u00edcias de Ribeir\u00e3o Preto-SP e Regi\u00e3o","link":"https:\/\/noticiasribeiraopreto.com.br\/index.php\/category\/noticias-de-ribeirao-preto-sp-e-regiao-ismael-colosi\/"},"img":{"alt_text":"","src":"https:\/\/i0.wp.com\/noticiasribeiraopreto.com.br\/wp-content\/uploads\/2024\/08\/event_6654_2024-08-22_16-16-00_jpg_2024-08-22_16-16-00.webp.webp?fit=500%2C281&ssl=1&resize=350%2C200","width":350,"height":200},"classes":[]},{"id":42535,"url":"https:\/\/noticiasribeiraopreto.com.br\/index.php\/2024\/03\/15\/projeto-sextas-sonoras-recebe-banda-mississipi-devils-no-cauim\/","url_meta":{"origin":72965,"position":1},"title":"Projeto &#8220;Sextas Sonoras&#8221; recebe banda Mississipi Devils no Cauim","author":"noticiasribeiraopreto.com.br","date":"15 de March de 2024","format":false,"excerpt":"15 de mar\u00e7o de 2024 | 8:3014 de mar\u00e7o de 2024 | 9:54 0Na sexta-feira, dia 15 de mar\u00e7o, o novo espa\u00e7o do tradicional Cineclube Cauim recebe a banda Mississippi Devils. A apresenta\u00e7\u00e3o ter\u00e1 in\u00edcio \u00e0s oito e meia da noite e integra o projeto Sextas Sonoras, que prev\u00ea shows\u2026","rel":"","context":"In &quot;Not\u00edcias de Ribeir\u00e3o Preto-SP e Regi\u00e3o&quot;","block_context":{"text":"Not\u00edcias de Ribeir\u00e3o Preto-SP e Regi\u00e3o","link":"https:\/\/noticiasribeiraopreto.com.br\/index.php\/category\/noticias-de-ribeirao-preto-sp-e-regiao-ismael-colosi\/"},"img":{"alt_text":"","src":"https:\/\/i0.wp.com\/noticiasribeiraopreto.com.br\/wp-content\/uploads\/2024\/03\/743c1c75-2403-40aa-85bb-a03018e4838c-scaled.jpg?fit=968%2C645&ssl=1&resize=350%2C200","width":350,"height":200,"srcset":"https:\/\/i0.wp.com\/noticiasribeiraopreto.com.br\/wp-content\/uploads\/2024\/03\/743c1c75-2403-40aa-85bb-a03018e4838c-scaled.jpg?fit=968%2C645&ssl=1&resize=350%2C200 1x, https:\/\/i0.wp.com\/noticiasribeiraopreto.com.br\/wp-content\/uploads\/2024\/03\/743c1c75-2403-40aa-85bb-a03018e4838c-scaled.jpg?fit=968%2C645&ssl=1&resize=525%2C300 1.5x, https:\/\/i0.wp.com\/noticiasribeiraopreto.com.br\/wp-content\/uploads\/2024\/03\/743c1c75-2403-40aa-85bb-a03018e4838c-scaled.jpg?fit=968%2C645&ssl=1&resize=700%2C400 2x"},"classes":[]},{"id":41834,"url":"https:\/\/noticiasribeiraopreto.com.br\/index.php\/2024\/03\/11\/cauim-lanca-projeto-musical-sextas-sonoras\/","url_meta":{"origin":72965,"position":2},"title":"Cauim lan\u00e7a projeto musical &#8220;Sextas Sonoras&#8221;","author":"noticiasribeiraopreto.com.br","date":"11 de March de 2024","format":false,"excerpt":"11 de mar\u00e7o de 2024 | 16:0011 de mar\u00e7o de 2024 | 13:43 0Nesta sexta, 15 de mar\u00e7o, o Cineclube Cauim, receber\u00e1 a banda Devils, marcando a estreia do projeto musical \u201cSextas Sonoras\u2019 na nova casa do Cauim, em Ribeir\u00e3o Preto.O evento come\u00e7a \u00e0s 19h e ter\u00e1 abertura com o\u2026","rel":"","context":"In &quot;Not\u00edcias de Ribeir\u00e3o Preto-SP e Regi\u00e3o&quot;","block_context":{"text":"Not\u00edcias de Ribeir\u00e3o Preto-SP e Regi\u00e3o","link":"https:\/\/noticiasribeiraopreto.com.br\/index.php\/category\/noticias-de-ribeirao-preto-sp-e-regiao-ismael-colosi\/"},"img":{"alt_text":"","src":"https:\/\/i0.wp.com\/noticiasribeiraopreto.com.br\/wp-content\/uploads\/2024\/03\/2-cauim-foto-1.jpeg?fit=363%2C645&ssl=1&resize=350%2C200","width":350,"height":200},"classes":[]},{"id":39813,"url":"https:\/\/noticiasribeiraopreto.com.br\/index.php\/2024\/02\/28\/banda-mississippi-devils-estreia-projeto-no-cineclube-cauim-em-ribeirao-preto\/","url_meta":{"origin":72965,"position":3},"title":"Banda Mississippi Devils estreia projeto no Cineclube Cauim em Ribeir\u00e3o Preto","author":"noticiasribeiraopreto.com.br","date":"28 de February de 2024","format":false,"excerpt":"No dia 15 de mar\u00e7o, o projeto \u201cSextas Sonoras\u201d recebe a banda Mississipi Devils em sua estreia no novo espa\u00e7o MAG (Memorial do Aqu\u00edfero Guarani), no Cineclube Cauim em Ribeir\u00e3o Preto. O projeto prev\u00ea shows musicais todas as sextas-feiras no palco do MAG, visando dar espa\u00e7o a outras linguagens al\u00e9m\u2026","rel":"","context":"In &quot;Not\u00edcias de Ribeir\u00e3o Preto-SP e Regi\u00e3o&quot;","block_context":{"text":"Not\u00edcias de Ribeir\u00e3o Preto-SP e Regi\u00e3o","link":"https:\/\/noticiasribeiraopreto.com.br\/index.php\/category\/noticias-de-ribeirao-preto-sp-e-regiao-ismael-colosi\/"},"img":{"alt_text":"","src":"https:\/\/i0.wp.com\/noticiasribeiraopreto.com.br\/wp-content\/uploads\/2024\/02\/WhatsApp-Image-2024-02-28-at-08.03.53.jpeg?fit=1200%2C675&ssl=1&resize=350%2C200","width":350,"height":200,"srcset":"https:\/\/i0.wp.com\/noticiasribeiraopreto.com.br\/wp-content\/uploads\/2024\/02\/WhatsApp-Image-2024-02-28-at-08.03.53.jpeg?fit=1200%2C675&ssl=1&resize=350%2C200 1x, https:\/\/i0.wp.com\/noticiasribeiraopreto.com.br\/wp-content\/uploads\/2024\/02\/WhatsApp-Image-2024-02-28-at-08.03.53.jpeg?fit=1200%2C675&ssl=1&resize=525%2C300 1.5x, https:\/\/i0.wp.com\/noticiasribeiraopreto.com.br\/wp-content\/uploads\/2024\/02\/WhatsApp-Image-2024-02-28-at-08.03.53.jpeg?fit=1200%2C675&ssl=1&resize=700%2C400 2x, https:\/\/i0.wp.com\/noticiasribeiraopreto.com.br\/wp-content\/uploads\/2024\/02\/WhatsApp-Image-2024-02-28-at-08.03.53.jpeg?fit=1200%2C675&ssl=1&resize=1050%2C600 3x"},"classes":[]},{"id":57876,"url":"https:\/\/noticiasribeiraopreto.com.br\/index.php\/2024\/09\/12\/fred-sunwalk-se-apresenta-no-cauim-em-ribeirao-preto\/","url_meta":{"origin":72965,"position":4},"title":"Fred Sunwalk se apresenta no Cauim em Ribeir\u00e3o Preto","author":"noticiasribeiraopreto.com.br","date":"12 de September de 2024","format":false,"excerpt":"Nesta sexta-feira (13), o projeto Sextas Sonoras recebe o cantor e guitarrista Fred Sunwalk, um dos principais nomes do Blues Rock brasileiro, no Cineclube Caium. A apresenta\u00e7\u00e3o come\u00e7a \u00e0s 20h30. O guitarrista, compositor e vocalista com 27 anos de carreira, j\u00e1 gravou e lan\u00e7ou diversos \u00e1lbuns e atua nos maiores\u2026","rel":"","context":"In &quot;Not\u00edcias de Ribeir\u00e3o Preto-SP e Regi\u00e3o&quot;","block_context":{"text":"Not\u00edcias de Ribeir\u00e3o Preto-SP e Regi\u00e3o","link":"https:\/\/noticiasribeiraopreto.com.br\/index.php\/category\/noticias-de-ribeirao-preto-sp-e-regiao-ismael-colosi\/"},"img":{"alt_text":"","src":"https:\/\/i0.wp.com\/noticiasribeiraopreto.com.br\/wp-content\/uploads\/2024\/09\/Copia-de-Copia-de-TAMANHO-EXATO-PARA-FOTOS-NO-SISTEMA-NOVO-5-2.webp.webp?fit=1200%2C675&ssl=1&resize=350%2C200","width":350,"height":200,"srcset":"https:\/\/i0.wp.com\/noticiasribeiraopreto.com.br\/wp-content\/uploads\/2024\/09\/Copia-de-Copia-de-TAMANHO-EXATO-PARA-FOTOS-NO-SISTEMA-NOVO-5-2.webp.webp?fit=1200%2C675&ssl=1&resize=350%2C200 1x, https:\/\/i0.wp.com\/noticiasribeiraopreto.com.br\/wp-content\/uploads\/2024\/09\/Copia-de-Copia-de-TAMANHO-EXATO-PARA-FOTOS-NO-SISTEMA-NOVO-5-2.webp.webp?fit=1200%2C675&ssl=1&resize=525%2C300 1.5x, https:\/\/i0.wp.com\/noticiasribeiraopreto.com.br\/wp-content\/uploads\/2024\/09\/Copia-de-Copia-de-TAMANHO-EXATO-PARA-FOTOS-NO-SISTEMA-NOVO-5-2.webp.webp?fit=1200%2C675&ssl=1&resize=700%2C400 2x, https:\/\/i0.wp.com\/noticiasribeiraopreto.com.br\/wp-content\/uploads\/2024\/09\/Copia-de-Copia-de-TAMANHO-EXATO-PARA-FOTOS-NO-SISTEMA-NOVO-5-2.webp.webp?fit=1200%2C675&ssl=1&resize=1050%2C600 3x"},"classes":[]},{"id":45161,"url":"https:\/\/noticiasribeiraopreto.com.br\/index.php\/2024\/04\/02\/cauim-recebe-regis-martins-cia-fantasma\/","url_meta":{"origin":72965,"position":5},"title":"Cauim recebe R\u00e9gis Martins &#038; Cia. Fantasma","author":"noticiasribeiraopreto.com.br","date":"2 de April de 2024","format":false,"excerpt":"2 de abril de 2024 | 17:002 de abril de 2024 | 17:32 0 Na sexta-feira, dia 5 de abril, o Cineclube Cauim recebe o show de Regis Martins & Cia Fantasma, projeto criado em 2013 pelo guitarrista e vocalista da banda Motormama junto com Gisele Z (vocais) e Alessandro\u2026","rel":"","context":"In &quot;Not\u00edcias de Ribeir\u00e3o Preto-SP e Regi\u00e3o&quot;","block_context":{"text":"Not\u00edcias de Ribeir\u00e3o Preto-SP e Regi\u00e3o","link":"https:\/\/noticiasribeiraopreto.com.br\/index.php\/category\/noticias-de-ribeirao-preto-sp-e-regiao-ismael-colosi\/"},"img":{"alt_text":"","src":"https:\/\/i0.wp.com\/noticiasribeiraopreto.com.br\/wp-content\/uploads\/2024\/04\/imagem-3.jpg?fit=800%2C500&ssl=1&resize=350%2C200","width":350,"height":200,"srcset":"https:\/\/i0.wp.com\/noticiasribeiraopreto.com.br\/wp-content\/uploads\/2024\/04\/imagem-3.jpg?fit=800%2C500&ssl=1&resize=350%2C200 1x, https:\/\/i0.wp.com\/noticiasribeiraopreto.com.br\/wp-content\/uploads\/2024\/04\/imagem-3.jpg?fit=800%2C500&ssl=1&resize=525%2C300 1.5x, https:\/\/i0.wp.com\/noticiasribeiraopreto.com.br\/wp-content\/uploads\/2024\/04\/imagem-3.jpg?fit=800%2C500&ssl=1&resize=700%2C400 2x"},"classes":[]}],"jetpack_sharing_enabled":true,"jetpack_shortlink":"https:\/\/wp.me\/peQAOb-iYR","_links":{"self":[{"href":"https:\/\/noticiasribeiraopreto.com.br\/index.php\/wp-json\/wp\/v2\/posts\/72965","targetHints":{"allow":["GET"]}}],"collection":[{"href":"https:\/\/noticiasribeiraopreto.com.br\/index.php\/wp-json\/wp\/v2\/posts"}],"about":[{"href":"https:\/\/noticiasribeiraopreto.com.br\/index.php\/wp-json\/wp\/v2\/types\/post"}],"author":[{"embeddable":true,"href":"https:\/\/noticiasribeiraopreto.com.br\/index.php\/wp-json\/wp\/v2\/users\/1"}],"replies":[{"embeddable":true,"href":"https:\/\/noticiasribeiraopreto.com.br\/index.php\/wp-json\/wp\/v2\/comments?post=72965"}],"version-history":[{"count":0,"href":"https:\/\/noticiasribeiraopreto.com.br\/index.php\/wp-json\/wp\/v2\/posts\/72965\/revisions"}],"wp:featuredmedia":[{"embeddable":true,"href":"https:\/\/noticiasribeiraopreto.com.br\/index.php\/wp-json\/wp\/v2\/media\/72966"}],"wp:attachment":[{"href":"https:\/\/noticiasribeiraopreto.com.br\/index.php\/wp-json\/wp\/v2\/media?parent=72965"}],"wp:term":[{"taxonomy":"category","embeddable":true,"href":"https:\/\/noticiasribeiraopreto.com.br\/index.php\/wp-json\/wp\/v2\/categories?post=72965"},{"taxonomy":"post_tag","embeddable":true,"href":"https:\/\/noticiasribeiraopreto.com.br\/index.php\/wp-json\/wp\/v2\/tags?post=72965"}],"curies":[{"name":"wp","href":"https:\/\/api.w.org\/{rel}","templated":true}]}}