{"id":72969,"date":"2025-06-23T15:10:35","date_gmt":"2025-06-23T18:10:35","guid":{"rendered":"https:\/\/noticiasribeiraopreto.com.br\/index.php\/2025\/06\/23\/cohab-rp-abre-edital-para-venda-de-44-imoveis-veja-como-participar\/"},"modified":"2025-06-23T15:10:35","modified_gmt":"2025-06-23T18:10:35","slug":"cohab-rp-abre-edital-para-venda-de-44-imoveis-veja-como-participar","status":"publish","type":"post","link":"https:\/\/noticiasribeiraopreto.com.br\/index.php\/2025\/06\/23\/cohab-rp-abre-edital-para-venda-de-44-imoveis-veja-como-participar\/","title":{"rendered":"Cohab-RP abre edital para venda de 44 im\u00f3veis; Veja como participar"},"content":{"rendered":"<p> <br \/>\n<\/p>\n<div data-td-block-uid=\"tdi_95\">\n<div class=\"tdb-block-inner td-fix-index\">\n<p>A <strong>Cohab-RP (Companhia Habitacional Regional de Ribeir\u00e3o Preto) <\/strong>publicou edital para venda de <strong>44 im\u00f3veis<\/strong>, entre casas, lotes e apartamentos. Os valores variam entre<strong> R$ 27 mil <\/strong>e <strong>R$ 220 mil<\/strong>.<\/p>\n<p>De acordo com o edital, publicado na semana passada, os im\u00f3veis dispon\u00edveis est\u00e3o localizados nos seguintes munic\u00edpios:<\/p>\n<ul class=\"wp-block-list\">\n<li><strong>Ribeir\u00e3o Preto<\/strong><\/li>\n<li>Batatais<\/li>\n<li>Jardin\u00f3polis<\/li>\n<li>S\u00e3o Carlos<\/li>\n<li>Tamba\u00fa<\/li>\n<li>Viradouro<\/li>\n<\/ul>\n<h2 class=\"wp-block-heading\"><strong>Como comprar um im\u00f3vel?<\/strong><\/h2>\n<p>Os interessados em adquirir algum dos im\u00f3veis dever\u00e3o preencher o \u201c<strong>Formul\u00e1rio Proposta para Aquisi\u00e7\u00e3o de Im\u00f3veis<\/strong>\u201d, dispon\u00edvel no site da\u00a0<strong>Cohab-RP (<a href=\"https:\/\/www.ribeiraopreto.sp.gov.br\/portal\/cohab\/\" target=\"_blank\" rel=\"noreferrer noopener\">clique aqui<\/a> <a href=\"https:\/\/www.ribeiraopreto.sp.gov.br\/portal\/cohab\/\" target=\"_blank\" rel=\"noreferrer noopener\">para acessar<\/a>)<\/strong>,<mark style=\"background-color:#fcb900\" class=\"has-inline-color\">\u00a0at\u00e9 o dia\u00a0<strong>29 de junho<\/strong>.<\/mark><\/p>\n<p>\u00c9 necess\u00e1rio que os interessados possuam renda familiar compat\u00edvel com o financiamento e n\u00e3o podem ter restri\u00e7\u00e3o cadastral para aquisi\u00e7\u00e3o financiada.<\/p>\n<p>A rela\u00e7\u00e3o das propostas recebidas ser\u00e1 divulgada no site, at\u00e9 o dia 02 de julho de 2025. Para mais informa\u00e7\u00f5es, o telefone de contato \u00e9 (16) 3968-8259 ou (16) 3968-8269.<\/p>\n<hr class=\"wp-block-separator has-alpha-channel-opacity\"\/>\n<p>SAIBA MAIS<\/p>\n<p>Ex-prefeito de Ribeir\u00e3o deixa o PSDB ap\u00f3s mais de 26 anos <mark style=\"background-color:#ffffff\" class=\"has-inline-color has-white-color\">contudo,<\/mark><\/p>\n<h3 class=\"wp-block-heading\"><strong>FIQUE ON<\/strong><\/h3>\n<p>Quer ficar por dentro de tudo que acontece em Ribeir\u00e3o Preto e regi\u00e3o? Ent\u00e3o siga os perfis do\u202facidade on\u202fno\u202f<a href=\"https:\/\/www.instagram.com\/acidadeonribeirao\" target=\"_blank\" rel=\"noreferrer noopener\">Instagram<\/a>\u202fe no\u202f<a href=\"https:\/\/www.facebook.com\/acidadeonribeirao\/\" target=\"_blank\" rel=\"noreferrer noopener\">Facebook<\/a>.<\/p>\n<p>Al\u00e9m disso, voc\u00ea pode receber as principais not\u00edcias diretamente no WhatsApp. Para isso, basta\u00a0<a href=\"https:\/\/chat.whatsapp.com\/BjKQZ9oJwlz8VVT50NuePq\" target=\"_blank\" rel=\"noreferrer noopener\">entrar no grupo clicando aqui<\/a>.<\/p>\n<p>Por fim, se quiser fazer uma den\u00fancia ou sugerir uma reportagem sobre Ribeir\u00e3o Preto e regi\u00e3o, envie uma mensagem pelo WhatsApp: (16) 99117-7802.<\/p>\n<p>VEJA TAMB\u00c9M<\/p>\n<p>Onde \u00e9 feriado em 24 de junho? <mark style=\"background-color:#ffffff\" class=\"has-inline-color has-white-color\">contudo,<\/mark><\/p>\n<p><!-- CONTENT END 1 -->\n<\/div>\n<\/div>\n<p><script async src=\"\/\/www.instagram.com\/embed.js\"><\/script><br \/>\n<br \/><br \/>\n<br \/><a href=\"https:\/\/www.acidadeon.com\/ribeiraopreto\/economia\/cohab-rp-abre-edital-para-venda-de-44-imoveis-veja-como-participar\/\">Source link <\/a><\/p>\n","protected":false},"excerpt":{"rendered":"<p>A Cohab-RP (Companhia Habitacional Regional de Ribeir\u00e3o Preto) publicou edital para venda de 44 im\u00f3veis, entre casas, lotes e apartamentos. Os valores variam entre R$&#8230;<\/p>\n","protected":false},"author":1,"featured_media":72970,"comment_status":"open","ping_status":"open","sticky":false,"template":"","format":"standard","meta":{"advanced_seo_description":"","jetpack_seo_html_title":"","jetpack_seo_noindex":false,"jetpack_post_was_ever_published":false,"_jetpack_newsletter_access":"","_jetpack_dont_email_post_to_subs":false,"_jetpack_newsletter_tier_id":0,"_jetpack_memberships_contains_paywalled_content":false,"_jetpack_memberships_contains_paid_content":false,"footnotes":"","jetpack_publicize_message":"","jetpack_publicize_feature_enabled":true,"jetpack_social_post_already_shared":true,"jetpack_social_options":{"image_generator_settings":{"template":"highway","default_image_id":0,"font":"","enabled":false},"version":2}},"categories":[11],"tags":[],"class_list":["post-72969","post","type-post","status-publish","format-standard","has-post-thumbnail","hentry","category-noticias-de-ribeirao-preto-sp-e-regiao-ismael-colosi"],"jetpack_publicize_connections":[],"jetpack_featured_media_url":"https:\/\/i0.wp.com\/noticiasribeiraopreto.com.br\/wp-content\/uploads\/2025\/06\/imoveis_cohab_1024x576_21082021162427.jpg?fit=1024%2C576&ssl=1","jetpack-related-posts":[{"id":78997,"url":"https:\/\/noticiasribeiraopreto.com.br\/index.php\/2025\/10\/22\/cohab-anuncia-edital-com-30-imoveis-a-venda-em-ribeirao-e-regiao-saiba-como-participar\/","url_meta":{"origin":72969,"position":0},"title":"Cohab anuncia edital com 30 im\u00f3veis \u00e0 venda em Ribeir\u00e3o e regi\u00e3o; Saiba como participar","author":"noticiasribeiraopreto.com.br","date":"22 de October de 2025","format":false,"excerpt":"A Cohab (Companhia Habitacional Regional) de Ribeir\u00e3o Preto publicou edital para venda de 30 im\u00f3veis, com valores entre R$ 25 mil e R$ 220 mil. De acordo com o edital publicado, os im\u00f3veis dispon\u00edveis est\u00e3o localizados nos seguintes munic\u00edpios: Batatais; Pitangueiras; Ribeir\u00e3o Preto; S\u00e3o Carlos; Tamba\u00fa; Viradouro. Cohab-RP de Ribeir\u00e3o\u2026","rel":"","context":"In &quot;Not\u00edcias de Ribeir\u00e3o Preto-SP e Regi\u00e3o&quot;","block_context":{"text":"Not\u00edcias de Ribeir\u00e3o Preto-SP e Regi\u00e3o","link":"https:\/\/noticiasribeiraopreto.com.br\/index.php\/category\/noticias-de-ribeirao-preto-sp-e-regiao-ismael-colosi\/"},"img":{"alt_text":"","src":"https:\/\/i0.wp.com\/noticiasribeiraopreto.com.br\/wp-content\/uploads\/2025\/10\/WhatsApp-Image-2024-01-27-at-09.31.03-1024x768.jpeg?fit=1024%2C768&ssl=1&resize=350%2C200","width":350,"height":200,"srcset":"https:\/\/i0.wp.com\/noticiasribeiraopreto.com.br\/wp-content\/uploads\/2025\/10\/WhatsApp-Image-2024-01-27-at-09.31.03-1024x768.jpeg?fit=1024%2C768&ssl=1&resize=350%2C200 1x, https:\/\/i0.wp.com\/noticiasribeiraopreto.com.br\/wp-content\/uploads\/2025\/10\/WhatsApp-Image-2024-01-27-at-09.31.03-1024x768.jpeg?fit=1024%2C768&ssl=1&resize=525%2C300 1.5x, https:\/\/i0.wp.com\/noticiasribeiraopreto.com.br\/wp-content\/uploads\/2025\/10\/WhatsApp-Image-2024-01-27-at-09.31.03-1024x768.jpeg?fit=1024%2C768&ssl=1&resize=700%2C400 2x"},"classes":[]},{"id":66938,"url":"https:\/\/noticiasribeiraopreto.com.br\/index.php\/2025\/04\/07\/cohab-de-ribeirao-preto-coloca-a-venda-13-imoveis-veja-como-participar\/","url_meta":{"origin":72969,"position":1},"title":"Cohab de Ribeir\u00e3o Preto coloca \u00e0 venda 13 im\u00f3veis; Veja como participar","author":"noticiasribeiraopreto.com.br","date":"7 de April de 2025","format":false,"excerpt":"A Cohab-RP (Companhia Habitacional Regional de Ribeir\u00e3o Preto) publicou na semana passada, edital para venda de 13 im\u00f3veis, entre casas, lotes e apartamentos. Os valores variam entre R$ 25,3 mil e R$ 164 mil. De acordo com o edital, os im\u00f3veis dispon\u00edveis est\u00e3o localizados nos seguintes munic\u00edpios: Como comprar um\u2026","rel":"","context":"In &quot;Not\u00edcias de Ribeir\u00e3o Preto-SP e Regi\u00e3o&quot;","block_context":{"text":"Not\u00edcias de Ribeir\u00e3o Preto-SP e Regi\u00e3o","link":"https:\/\/noticiasribeiraopreto.com.br\/index.php\/category\/noticias-de-ribeirao-preto-sp-e-regiao-ismael-colosi\/"},"img":{"alt_text":"","src":"https:\/\/i0.wp.com\/noticiasribeiraopreto.com.br\/wp-content\/uploads\/2025\/04\/cohab_ribeirao_1200x675_15102021161731.jpg?fit=1200%2C675&ssl=1&resize=350%2C200","width":350,"height":200,"srcset":"https:\/\/i0.wp.com\/noticiasribeiraopreto.com.br\/wp-content\/uploads\/2025\/04\/cohab_ribeirao_1200x675_15102021161731.jpg?fit=1200%2C675&ssl=1&resize=350%2C200 1x, https:\/\/i0.wp.com\/noticiasribeiraopreto.com.br\/wp-content\/uploads\/2025\/04\/cohab_ribeirao_1200x675_15102021161731.jpg?fit=1200%2C675&ssl=1&resize=525%2C300 1.5x, https:\/\/i0.wp.com\/noticiasribeiraopreto.com.br\/wp-content\/uploads\/2025\/04\/cohab_ribeirao_1200x675_15102021161731.jpg?fit=1200%2C675&ssl=1&resize=700%2C400 2x, https:\/\/i0.wp.com\/noticiasribeiraopreto.com.br\/wp-content\/uploads\/2025\/04\/cohab_ribeirao_1200x675_15102021161731.jpg?fit=1200%2C675&ssl=1&resize=1050%2C600 3x"},"classes":[]},{"id":62800,"url":"https:\/\/noticiasribeiraopreto.com.br\/index.php\/2025\/01\/24\/cohab-de-ribeirao-anuncia-venda-de-21-imoveis-veja-como-participar\/","url_meta":{"origin":72969,"position":2},"title":"Cohab de Ribeir\u00e3o anuncia venda de 21 im\u00f3veis; Veja como participar","author":"noticiasribeiraopreto.com.br","date":"24 de January de 2025","format":false,"excerpt":"A Cohab-RP (Companhia Habitacional Regional de Ribeir\u00e3o Preto) publicou nesta sexta-feira (24) edital para venda de 21 im\u00f3veis, entre casas, lotes e apartamentos. Os valores variam entre R$ 27,1 mil e R$ 202 mil. Os im\u00f3veis est\u00e3o localizados em: Ribeir\u00e3o Preto, Catanduva, Franca, It\u00e1polis, Santa Cruz da Esperan\u00e7a, S\u00e3o Carlos,\u2026","rel":"","context":"In &quot;Not\u00edcias de Ribeir\u00e3o Preto-SP e Regi\u00e3o&quot;","block_context":{"text":"Not\u00edcias de Ribeir\u00e3o Preto-SP e Regi\u00e3o","link":"https:\/\/noticiasribeiraopreto.com.br\/index.php\/category\/noticias-de-ribeirao-preto-sp-e-regiao-ismael-colosi\/"},"img":{"alt_text":"","src":"https:\/\/i0.wp.com\/noticiasribeiraopreto.com.br\/wp-content\/uploads\/2025\/01\/WhatsApp-Image-2024-01-27-at-09.31.03.jpeg?fit=1200%2C900&ssl=1&resize=350%2C200","width":350,"height":200,"srcset":"https:\/\/i0.wp.com\/noticiasribeiraopreto.com.br\/wp-content\/uploads\/2025\/01\/WhatsApp-Image-2024-01-27-at-09.31.03.jpeg?fit=1200%2C900&ssl=1&resize=350%2C200 1x, https:\/\/i0.wp.com\/noticiasribeiraopreto.com.br\/wp-content\/uploads\/2025\/01\/WhatsApp-Image-2024-01-27-at-09.31.03.jpeg?fit=1200%2C900&ssl=1&resize=525%2C300 1.5x, https:\/\/i0.wp.com\/noticiasribeiraopreto.com.br\/wp-content\/uploads\/2025\/01\/WhatsApp-Image-2024-01-27-at-09.31.03.jpeg?fit=1200%2C900&ssl=1&resize=700%2C400 2x, https:\/\/i0.wp.com\/noticiasribeiraopreto.com.br\/wp-content\/uploads\/2025\/01\/WhatsApp-Image-2024-01-27-at-09.31.03.jpeg?fit=1200%2C900&ssl=1&resize=1050%2C600 3x"},"classes":[]},{"id":76543,"url":"https:\/\/noticiasribeiraopreto.com.br\/index.php\/2025\/08\/31\/cohab-rp-abre-edital-para-venda-de-35-imoveis-veja-como-participar\/","url_meta":{"origin":72969,"position":3},"title":"Cohab-RP abre edital para venda de 35 im\u00f3veis; Veja como participar","author":"noticiasribeiraopreto.com.br","date":"31 de August de 2025","format":false,"excerpt":"A Cohab de Ribeir\u00e3o Preto publicou edital para venda de 35 im\u00f3veis em Ribeir\u00e3o Preto e regi\u00e3o, com valores entre R$ 36 mil e 245 mil. Os interessados podem enviar propostas at\u00e9 o dia 14 de setembro. Os im\u00f3veis dispon\u00edveis s\u00e3o casas, apartamento e lotes com \u00e1reas entre 41 metros\u2026","rel":"","context":"In &quot;Not\u00edcias de Ribeir\u00e3o Preto-SP e Regi\u00e3o&quot;","block_context":{"text":"Not\u00edcias de Ribeir\u00e3o Preto-SP e Regi\u00e3o","link":"https:\/\/noticiasribeiraopreto.com.br\/index.php\/category\/noticias-de-ribeirao-preto-sp-e-regiao-ismael-colosi\/"},"img":{"alt_text":"","src":"https:\/\/i0.wp.com\/noticiasribeiraopreto.com.br\/wp-content\/uploads\/2025\/08\/WhatsApp-Image-2024-01-27-at-09.31.03.jpeg?fit=1200%2C900&ssl=1&resize=350%2C200","width":350,"height":200,"srcset":"https:\/\/i0.wp.com\/noticiasribeiraopreto.com.br\/wp-content\/uploads\/2025\/08\/WhatsApp-Image-2024-01-27-at-09.31.03.jpeg?fit=1200%2C900&ssl=1&resize=350%2C200 1x, https:\/\/i0.wp.com\/noticiasribeiraopreto.com.br\/wp-content\/uploads\/2025\/08\/WhatsApp-Image-2024-01-27-at-09.31.03.jpeg?fit=1200%2C900&ssl=1&resize=525%2C300 1.5x, https:\/\/i0.wp.com\/noticiasribeiraopreto.com.br\/wp-content\/uploads\/2025\/08\/WhatsApp-Image-2024-01-27-at-09.31.03.jpeg?fit=1200%2C900&ssl=1&resize=700%2C400 2x, https:\/\/i0.wp.com\/noticiasribeiraopreto.com.br\/wp-content\/uploads\/2025\/08\/WhatsApp-Image-2024-01-27-at-09.31.03.jpeg?fit=1200%2C900&ssl=1&resize=1050%2C600 3x"},"classes":[]},{"id":49806,"url":"https:\/\/noticiasribeiraopreto.com.br\/index.php\/2024\/05\/13\/cohab-de-ribeirao-preto-coloca-a-venda-34-imoveis-veja-como-participar\/","url_meta":{"origin":72969,"position":4},"title":"Cohab de Ribeir\u00e3o Preto coloca \u00e0 venda 34 im\u00f3veis; Veja como participar","author":"noticiasribeiraopreto.com.br","date":"13 de May de 2024","format":false,"excerpt":"A Cohab-RP (Companhia Habitacional Regional de Ribeir\u00e3o Preto) colocou \u00e0 venda 34 im\u00f3veis em Viradouro. Os lotes urbanizados custam entre R$ 44,2 mil e R$ 56,6 mil. Os im\u00f3veis ficam nas ruas Manoel Felipe e Manoel Mira de Assun\u00e7\u00e3o Netto, no Jardim Progresso, e t\u00eam tamanhos entre 217,50 metros quadrados\u2026","rel":"","context":"In &quot;Not\u00edcias de Ribeir\u00e3o Preto-SP e Regi\u00e3o&quot;","block_context":{"text":"Not\u00edcias de Ribeir\u00e3o Preto-SP e Regi\u00e3o","link":"https:\/\/noticiasribeiraopreto.com.br\/index.php\/category\/noticias-de-ribeirao-preto-sp-e-regiao-ismael-colosi\/"},"img":{"alt_text":"","src":"https:\/\/i0.wp.com\/noticiasribeiraopreto.com.br\/wp-content\/uploads\/2024\/05\/WhatsApp-Image-2024-01-27-at-09.31.03.jpeg?fit=1200%2C900&ssl=1&resize=350%2C200","width":350,"height":200,"srcset":"https:\/\/i0.wp.com\/noticiasribeiraopreto.com.br\/wp-content\/uploads\/2024\/05\/WhatsApp-Image-2024-01-27-at-09.31.03.jpeg?fit=1200%2C900&ssl=1&resize=350%2C200 1x, https:\/\/i0.wp.com\/noticiasribeiraopreto.com.br\/wp-content\/uploads\/2024\/05\/WhatsApp-Image-2024-01-27-at-09.31.03.jpeg?fit=1200%2C900&ssl=1&resize=525%2C300 1.5x, https:\/\/i0.wp.com\/noticiasribeiraopreto.com.br\/wp-content\/uploads\/2024\/05\/WhatsApp-Image-2024-01-27-at-09.31.03.jpeg?fit=1200%2C900&ssl=1&resize=700%2C400 2x, https:\/\/i0.wp.com\/noticiasribeiraopreto.com.br\/wp-content\/uploads\/2024\/05\/WhatsApp-Image-2024-01-27-at-09.31.03.jpeg?fit=1200%2C900&ssl=1&resize=1050%2C600 3x"},"classes":[]},{"id":35433,"url":"https:\/\/noticiasribeiraopreto.com.br\/index.php\/2024\/02\/06\/cohab-abre-venda-de-imoveis-em-ribeirao-preto-veja-como-participar\/","url_meta":{"origin":72969,"position":5},"title":"Cohab abre venda de im\u00f3veis em Ribeir\u00e3o Preto; Veja como participar","author":"noticiasribeiraopreto.com.br","date":"6 de February de 2024","format":false,"excerpt":"A Cohab-RP (Companhia Habitacional Regional de Ribeir\u00e3o Preto) abriu a venda de 21 im\u00f3veis em Ribeir\u00e3o Preto e regi\u00e3o. Os interessados podem enviar propostas at\u00e9 o dia 18 de fevereiro pela internet (clique aqui). Em Ribeir\u00e3o Peto, s\u00e3o 13 im\u00f3veis dispon\u00edveis entre casas, apartamento e um sobrado, avaliados entre R$\u2026","rel":"","context":"In &quot;Not\u00edcias de Ribeir\u00e3o Preto-SP e Regi\u00e3o&quot;","block_context":{"text":"Not\u00edcias de Ribeir\u00e3o Preto-SP e Regi\u00e3o","link":"https:\/\/noticiasribeiraopreto.com.br\/index.php\/category\/noticias-de-ribeirao-preto-sp-e-regiao-ismael-colosi\/"},"img":{"alt_text":"","src":"https:\/\/i0.wp.com\/noticiasribeiraopreto.com.br\/wp-content\/uploads\/2024\/02\/casa-propria.jpg?fit=1200%2C800&ssl=1&resize=350%2C200","width":350,"height":200,"srcset":"https:\/\/i0.wp.com\/noticiasribeiraopreto.com.br\/wp-content\/uploads\/2024\/02\/casa-propria.jpg?fit=1200%2C800&ssl=1&resize=350%2C200 1x, https:\/\/i0.wp.com\/noticiasribeiraopreto.com.br\/wp-content\/uploads\/2024\/02\/casa-propria.jpg?fit=1200%2C800&ssl=1&resize=525%2C300 1.5x, https:\/\/i0.wp.com\/noticiasribeiraopreto.com.br\/wp-content\/uploads\/2024\/02\/casa-propria.jpg?fit=1200%2C800&ssl=1&resize=700%2C400 2x, https:\/\/i0.wp.com\/noticiasribeiraopreto.com.br\/wp-content\/uploads\/2024\/02\/casa-propria.jpg?fit=1200%2C800&ssl=1&resize=1050%2C600 3x"},"classes":[]}],"jetpack_sharing_enabled":true,"jetpack_shortlink":"https:\/\/wp.me\/peQAOb-iYV","_links":{"self":[{"href":"https:\/\/noticiasribeiraopreto.com.br\/index.php\/wp-json\/wp\/v2\/posts\/72969","targetHints":{"allow":["GET"]}}],"collection":[{"href":"https:\/\/noticiasribeiraopreto.com.br\/index.php\/wp-json\/wp\/v2\/posts"}],"about":[{"href":"https:\/\/noticiasribeiraopreto.com.br\/index.php\/wp-json\/wp\/v2\/types\/post"}],"author":[{"embeddable":true,"href":"https:\/\/noticiasribeiraopreto.com.br\/index.php\/wp-json\/wp\/v2\/users\/1"}],"replies":[{"embeddable":true,"href":"https:\/\/noticiasribeiraopreto.com.br\/index.php\/wp-json\/wp\/v2\/comments?post=72969"}],"version-history":[{"count":0,"href":"https:\/\/noticiasribeiraopreto.com.br\/index.php\/wp-json\/wp\/v2\/posts\/72969\/revisions"}],"wp:featuredmedia":[{"embeddable":true,"href":"https:\/\/noticiasribeiraopreto.com.br\/index.php\/wp-json\/wp\/v2\/media\/72970"}],"wp:attachment":[{"href":"https:\/\/noticiasribeiraopreto.com.br\/index.php\/wp-json\/wp\/v2\/media?parent=72969"}],"wp:term":[{"taxonomy":"category","embeddable":true,"href":"https:\/\/noticiasribeiraopreto.com.br\/index.php\/wp-json\/wp\/v2\/categories?post=72969"},{"taxonomy":"post_tag","embeddable":true,"href":"https:\/\/noticiasribeiraopreto.com.br\/index.php\/wp-json\/wp\/v2\/tags?post=72969"}],"curies":[{"name":"wp","href":"https:\/\/api.w.org\/{rel}","templated":true}]}}