{"id":73048,"date":"2025-06-24T15:53:16","date_gmt":"2025-06-24T18:53:16","guid":{"rendered":"https:\/\/noticiasribeiraopreto.com.br\/index.php\/2025\/06\/24\/motorista-toca-saxofone-enquanto-espera-para-descarregar-caminhao-em-ribeirao-preto-video\/"},"modified":"2025-06-24T15:53:16","modified_gmt":"2025-06-24T18:53:16","slug":"motorista-toca-saxofone-enquanto-espera-para-descarregar-caminhao-em-ribeirao-preto-video","status":"publish","type":"post","link":"https:\/\/noticiasribeiraopreto.com.br\/index.php\/2025\/06\/24\/motorista-toca-saxofone-enquanto-espera-para-descarregar-caminhao-em-ribeirao-preto-video\/","title":{"rendered":"Motorista toca saxofone enquanto espera para descarregar caminh\u00e3o em Ribeir\u00e3o Preto; V\u00eddeo"},"content":{"rendered":"<p> <br \/>\n<\/p>\n<div>\n<p><strong>Um motorista de caminh\u00e3o chamou a aten\u00e7\u00e3o de uma moradora de Ribeir\u00e3o Preto ao tocar seu saxofone na noite do \u00faltimo domingo (22), enquanto esperava para descarregar mercadorias em um hipermercado no bairro Campos El\u00edseos, zona Norte.<\/strong> <strong>Assista <\/strong>ao <strong>v\u00eddeo <\/strong>abaixo.<\/p>\n<figure class=\"wp-block-pullquote\">\n<blockquote>\n<p>Um simples domingo, me deparei na rua de casa com esse motorista esperando para descarregar. Eu n\u00e3o pude deixar de filmar porque ele est\u00e1 simplesmente tocando sax, <\/p>\n<p><cite><strong>disse Karla Morandi, que resolveu fazer o v\u00eddeo ao se encantar com o som que vinha do caminh\u00e3o.<\/strong><\/cite><\/p><\/blockquote>\n<\/figure>\n<h2 class=\"wp-block-heading\"><strong>Quem \u00e9 o caminhoneiro?<\/strong><\/h2>\n<p>O caminhoneiro que aparece no v\u00eddeo \u00e9 Gilcimar Silva dos Santos, de 37 anos, natural do Cear\u00e1.<\/p>\n<p>Ele disse ao <strong>acidade on<\/strong> que sua hist\u00f3ria de vida \u00e9 marcada pela m\u00fasica. At\u00e9 os 17 anos ele trabalhou na ro\u00e7a, mas seu desejo de seguir um caminho diferente o levou a uma oportunidade \u00fanica na m\u00fasica.<\/p>\n<p>Ele contou que, ao buscar uma chance com um maestro, expressou seu cansa\u00e7o do trabalho na agricultura e o interesse em experimentar algo novo. Foi assim que recebeu a oportunidade de aprender a tocar um instrumento, iniciando com a tuba \u2013 um instrumento musical\u00a0de sopro.<\/p>\n<p>Gilcimar revelou que ganhou habilidade ao ouvir atentamente outros m\u00fasicos.<\/p>\n<p>Em 2006, j\u00e1 envolvido com uma banda de m\u00fasica, Gilcimar e alguns amigos tiveram uma ideia: criar uma orquestra de sopro com crian\u00e7as. Assim nasceu a Filarm\u00f4nica Estrelas da Serra em Croat\u00e1, no interior do Cear\u00e1, uma das maiores e mais populares orquestras do estado, que hoje encanta muitas pessoas na regi\u00e3o.<\/p>\n<p>Depois de anos dedicados \u00e0 m\u00fasica, Gilcimar decidiu seguir na profiss\u00e3o de caminhoneiro em busca de um sal\u00e1rio mais mais atrativo. <\/p>\n<p>Atualmente, ele viaja pelo pa\u00eds e, mesmo na estrada, seu amor pela m\u00fasica permanece, pois dedica seu tempo livre ao tocar, ouvir e aprender novas melodias.<\/p>\n<figure class=\"wp-block-pullquote\">\n<blockquote>\n<p>Hoje eu agrade\u00e7o muito a Deus tudo que passei, o que eu conquistei e \u00e9 dessa forma que eu rendo tributo a ele e tamb\u00e9m me sinto acompanhado pela presen\u00e7a dele. Eu acredito que ele nos ouve, <\/p>\n<p><cite><strong>disse Gilcimar Silva dos Santos.<\/strong><\/cite><\/p><\/blockquote>\n<\/figure>\n<blockquote class=\"instagram-media\" data-instgrm-permalink=\"https:\/\/www.instagram.com\/reel\/DLSeZHkTPG2\/?utm_source=ig_embed&amp;utm_campaign=loading\" data-instgrm-version=\"14\" style=\"background:#FFF;border:0;border-radius:3px;margin: 1px;max-width:540px;min-width:326px;padding:0;width:99.375%;width:-webkit-calc(100% - 2px);width:calc(100% - 2px)\"\/>\n<p>SAIBA MAIS<\/p>\n<p>Feira do Livro recebe Sandra S\u00e1, Gabriel Sater e Ver\u00f4nica Ferriani na regi\u00e3o de Ribeir\u00e3o Preto<\/p>\n<h3 class=\"wp-block-heading\"><strong>FIQUE ON<\/strong><\/h3>\n<p>Fique ligado em tudo que acontece em Ribeir\u00e3o Preto e regi\u00e3o. Siga os perfis do\u00a0<strong>acidade on\u00a0<\/strong>no\u00a0<a href=\"https:\/\/www.instagram.com\/acidadeonribeirao\" target=\"_blank\" rel=\"noreferrer noopener\">Instagram<\/a>\u00a0e no\u00a0<a href=\"https:\/\/www.facebook.com\/acidadeonribeirao\" target=\"_blank\" rel=\"noreferrer noopener\">Facebook<\/a>.<\/p>\n<p>Receba not\u00edcias do acidade on no WhatsApp. Para entrar no grupo, basta\u00a0<a href=\"https:\/\/chat.whatsapp.com\/BjKQZ9oJwlz8VVT50NuePq\" target=\"_blank\" rel=\"noreferrer noopener\">clicar aqui<\/a>.<\/p>\n<p>Fa\u00e7a uma den\u00fancia ou sugira uma reportagem sobre Ribeir\u00e3o Preto e regi\u00e3o pelo WhatsApp: 16 99117 7802.<\/p>\n<p>VEJA TAMB\u00c9M<\/p>\n<p>Como comprar ingresso pro show do MCR em SP?<\/p>\n<p><!-- CONTENT END 1 -->\n<\/div>\n<p><script async src=\"\/\/www.instagram.com\/embed.js\"><\/script><br \/>\n<br \/><br \/>\n<br \/><a href=\"https:\/\/www.acidadeon.com\/ribeiraopreto\/cotidiano\/motorista-toca-saxofone-enquanto-espera-para-descarregar-caminhao-em-ribeirao-preto-video\/\">Source link <\/a><\/p>\n","protected":false},"excerpt":{"rendered":"<p>Um motorista de caminh\u00e3o chamou a aten\u00e7\u00e3o de uma moradora de Ribeir\u00e3o Preto ao tocar seu saxofone na noite do \u00faltimo domingo (22), enquanto esperava&#8230;<\/p>\n","protected":false},"author":1,"featured_media":73049,"comment_status":"open","ping_status":"open","sticky":false,"template":"","format":"standard","meta":{"advanced_seo_description":"","jetpack_seo_html_title":"","jetpack_seo_noindex":false,"jetpack_post_was_ever_published":false,"_jetpack_newsletter_access":"","_jetpack_dont_email_post_to_subs":false,"_jetpack_newsletter_tier_id":0,"_jetpack_memberships_contains_paywalled_content":false,"_jetpack_memberships_contains_paid_content":false,"footnotes":"","jetpack_publicize_message":"","jetpack_publicize_feature_enabled":true,"jetpack_social_post_already_shared":true,"jetpack_social_options":{"image_generator_settings":{"template":"highway","default_image_id":0,"font":"","enabled":false},"version":2}},"categories":[11],"tags":[],"class_list":["post-73048","post","type-post","status-publish","format-standard","has-post-thumbnail","hentry","category-noticias-de-ribeirao-preto-sp-e-regiao-ismael-colosi"],"jetpack_publicize_connections":[],"jetpack_featured_media_url":"https:\/\/i0.wp.com\/noticiasribeiraopreto.com.br\/wp-content\/uploads\/2025\/06\/WhatsApp-Image-2025-06-24-at-11.15.27_2025-06-24_15-19-41.webp.webp?fit=1200%2C972&ssl=1","jetpack-related-posts":[{"id":74693,"url":"https:\/\/noticiasribeiraopreto.com.br\/index.php\/2025\/07\/27\/caminhoneiro-de-43-anos-morre-apos-caminhao-sair-da-pista-e-tombar\/","url_meta":{"origin":73048,"position":0},"title":"Caminhoneiro de 43 anos morre ap\u00f3s caminh\u00e3o sair da pista e tombar","author":"noticiasribeiraopreto.com.br","date":"27 de July de 2025","format":false,"excerpt":"Um caminhoneiro de 43 anos morreu na manh\u00e3 deste domingo (27), ap\u00f3s o caminh\u00e3o que ele dirigia tombar na rodovia Norival Pereira Mattos (SP-425), em Miguel\u00f3polis, a 130 quil\u00f4metros de Ribeir\u00e3o Preto. Segundo as informa\u00e7\u00f5es, a v\u00edtima, identificada como Rodrigo Mateus Gaspar, seguia no sentido a Concei\u00e7\u00e3o das Alagoas (MG),\u2026","rel":"","context":"In &quot;Not\u00edcias de Ribeir\u00e3o Preto-SP e Regi\u00e3o&quot;","block_context":{"text":"Not\u00edcias de Ribeir\u00e3o Preto-SP e Regi\u00e3o","link":"https:\/\/noticiasribeiraopreto.com.br\/index.php\/category\/noticias-de-ribeirao-preto-sp-e-regiao-ismael-colosi\/"},"img":{"alt_text":"","src":"https:\/\/i0.wp.com\/noticiasribeiraopreto.com.br\/wp-content\/uploads\/2025\/07\/CAMINHAO_2025-07-27_16-45-37.webp.webp?fit=1200%2C851&ssl=1&resize=350%2C200","width":350,"height":200,"srcset":"https:\/\/i0.wp.com\/noticiasribeiraopreto.com.br\/wp-content\/uploads\/2025\/07\/CAMINHAO_2025-07-27_16-45-37.webp.webp?fit=1200%2C851&ssl=1&resize=350%2C200 1x, https:\/\/i0.wp.com\/noticiasribeiraopreto.com.br\/wp-content\/uploads\/2025\/07\/CAMINHAO_2025-07-27_16-45-37.webp.webp?fit=1200%2C851&ssl=1&resize=525%2C300 1.5x, https:\/\/i0.wp.com\/noticiasribeiraopreto.com.br\/wp-content\/uploads\/2025\/07\/CAMINHAO_2025-07-27_16-45-37.webp.webp?fit=1200%2C851&ssl=1&resize=700%2C400 2x, https:\/\/i0.wp.com\/noticiasribeiraopreto.com.br\/wp-content\/uploads\/2025\/07\/CAMINHAO_2025-07-27_16-45-37.webp.webp?fit=1200%2C851&ssl=1&resize=1050%2C600 3x"},"classes":[]},{"id":77316,"url":"https:\/\/noticiasribeiraopreto.com.br\/index.php\/2025\/09\/16\/video-caminhoneiro-com-400-kg-de-cocaina-e-preso-na-regiao\/","url_meta":{"origin":73048,"position":1},"title":"V\u00cdDEO &#8211; Caminhoneiro com 400 kg de coca\u00edna \u00e9 preso na regi\u00e3o","author":"noticiasribeiraopreto.com.br","date":"16 de September de 2025","format":false,"excerpt":"Homem transportava a droga embarcada em Cuiab\u00e1 (MT) para a cidade de Rio Claro (SP) 16 de setembro de 2025 10:1316 de setembro de 2025 10:148 Compartilhar1 Por: Adalberto Luque Um homem foi preso, no final da tarde desta segunda-feira (15), ap\u00f3s ser flagrado transportando 400 quilos de coca\u00edna em\u2026","rel":"","context":"In &quot;Not\u00edcias de Ribeir\u00e3o Preto-SP e Regi\u00e3o&quot;","block_context":{"text":"Not\u00edcias de Ribeir\u00e3o Preto-SP e Regi\u00e3o","link":"https:\/\/noticiasribeiraopreto.com.br\/index.php\/category\/noticias-de-ribeirao-preto-sp-e-regiao-ismael-colosi\/"},"img":{"alt_text":"","src":"https:\/\/i0.wp.com\/noticiasribeiraopreto.com.br\/wp-content\/uploads\/2025\/09\/16-set-2025-drogasregiao1.jpg?fit=751%2C780&ssl=1&resize=350%2C200","width":350,"height":200,"srcset":"https:\/\/i0.wp.com\/noticiasribeiraopreto.com.br\/wp-content\/uploads\/2025\/09\/16-set-2025-drogasregiao1.jpg?fit=751%2C780&ssl=1&resize=350%2C200 1x, https:\/\/i0.wp.com\/noticiasribeiraopreto.com.br\/wp-content\/uploads\/2025\/09\/16-set-2025-drogasregiao1.jpg?fit=751%2C780&ssl=1&resize=525%2C300 1.5x, https:\/\/i0.wp.com\/noticiasribeiraopreto.com.br\/wp-content\/uploads\/2025\/09\/16-set-2025-drogasregiao1.jpg?fit=751%2C780&ssl=1&resize=700%2C400 2x"},"classes":[]},{"id":43114,"url":"https:\/\/noticiasribeiraopreto.com.br\/index.php\/2024\/03\/19\/caminhoneiro-morre-ao-cair-com-caminhao-no-rio-pardo\/","url_meta":{"origin":73048,"position":2},"title":"Caminhoneiro morre ao cair com caminh\u00e3o no Rio Pardo","author":"noticiasribeiraopreto.com.br","date":"19 de March de 2024","format":false,"excerpt":"19 de mar\u00e7o de 2024 | 11:26 1Por: Adalberto LuqueUm motorista de caminh\u00e3o morreu, no final da tarde desta segunda-feira (18), ao cair com seu caminh\u00e3o no Rio Pardo. O acidente ocorreu na Rodovia Vicinal Argeo Marchi\u00f3, que liga o distrito de Cruz das Posses a Sert\u00e3ozinho.Motorista bateu contra mureta\u2026","rel":"","context":"In &quot;Not\u00edcias de Ribeir\u00e3o Preto-SP e Regi\u00e3o&quot;","block_context":{"text":"Not\u00edcias de Ribeir\u00e3o Preto-SP e Regi\u00e3o","link":"https:\/\/noticiasribeiraopreto.com.br\/index.php\/category\/noticias-de-ribeirao-preto-sp-e-regiao-ismael-colosi\/"},"img":{"alt_text":"","src":"https:\/\/i0.wp.com\/noticiasribeiraopreto.com.br\/wp-content\/uploads\/2024\/03\/00-19-mar-2024-caminhao-cai-rio-03-foto-x-tudo.jpg?fit=511%2C357&ssl=1&resize=350%2C200","width":350,"height":200},"classes":[]},{"id":60462,"url":"https:\/\/noticiasribeiraopreto.com.br\/index.php\/2024\/11\/14\/saxofone-e-furtado-de-casa-na-zona-norte-de-ribeirao-preto\/","url_meta":{"origin":73048,"position":3},"title":"Saxofone \u00e9 furtado de casa na zona Norte de Ribeir\u00e3o Preto","author":"noticiasribeiraopreto.com.br","date":"14 de November de 2024","format":false,"excerpt":"Um saxofone foi furtado de uma casa na manh\u00e3 de ter\u00e7a-feia (12), no bairro Adelino Simioni, zona Norte de Ribeir\u00e3o Preto. Os criminosos tamb\u00e9m levaram dois pneus do im\u00f3vel, na rua Tenente Adhemar Andrade. O instrumento musical estava h\u00e1 34 anos com o morador Camilo de Lelis, de 55 anos,\u2026","rel":"","context":"In &quot;Not\u00edcias de Ribeir\u00e3o Preto-SP e Regi\u00e3o&quot;","block_context":{"text":"Not\u00edcias de Ribeir\u00e3o Preto-SP e Regi\u00e3o","link":"https:\/\/noticiasribeiraopreto.com.br\/index.php\/category\/noticias-de-ribeirao-preto-sp-e-regiao-ismael-colosi\/"},"img":{"alt_text":"","src":"https:\/\/i0.wp.com\/noticiasribeiraopreto.com.br\/wp-content\/uploads\/2024\/11\/saxophone-546303_1280_2024-11-14_17-35-45_jpg_2024-11-14_17-35-46.webp.webp?fit=1200%2C800&ssl=1&resize=350%2C200","width":350,"height":200,"srcset":"https:\/\/i0.wp.com\/noticiasribeiraopreto.com.br\/wp-content\/uploads\/2024\/11\/saxophone-546303_1280_2024-11-14_17-35-45_jpg_2024-11-14_17-35-46.webp.webp?fit=1200%2C800&ssl=1&resize=350%2C200 1x, https:\/\/i0.wp.com\/noticiasribeiraopreto.com.br\/wp-content\/uploads\/2024\/11\/saxophone-546303_1280_2024-11-14_17-35-45_jpg_2024-11-14_17-35-46.webp.webp?fit=1200%2C800&ssl=1&resize=525%2C300 1.5x, https:\/\/i0.wp.com\/noticiasribeiraopreto.com.br\/wp-content\/uploads\/2024\/11\/saxophone-546303_1280_2024-11-14_17-35-45_jpg_2024-11-14_17-35-46.webp.webp?fit=1200%2C800&ssl=1&resize=700%2C400 2x, https:\/\/i0.wp.com\/noticiasribeiraopreto.com.br\/wp-content\/uploads\/2024\/11\/saxophone-546303_1280_2024-11-14_17-35-45_jpg_2024-11-14_17-35-46.webp.webp?fit=1200%2C800&ssl=1&resize=1050%2C600 3x"},"classes":[]},{"id":70930,"url":"https:\/\/noticiasribeiraopreto.com.br\/index.php\/2025\/05\/31\/nao-vi-nada-sol-forte-ofusca-visao-de-motorista-e-caminhao-tem-cabine-destruida\/","url_meta":{"origin":73048,"position":4},"title":"&#8216;N\u00e3o vi nada&#8217;: sol forte ofusca vis\u00e3o de motorista e caminh\u00e3o tem cabine destru\u00edda","author":"noticiasribeiraopreto.com.br","date":"31 de May de 2025","format":false,"excerpt":"Dois caminh\u00f5es se envolveram em um acidente de tr\u00e2nsito na manh\u00e3 deste s\u00e1bado (31), em Franca cidade acerca de 90 quil\u00f4metros de Ribeir\u00e3o Preto. O caso aconteceu na avenida Em\u00edlio Paludeto, na zona sul do munic\u00edpio. Imagens do local mostram a cabine de um dos ve\u00edculos envolvidos totalmente destru\u00edda \u2013\u2026","rel":"","context":"In &quot;Not\u00edcias de Ribeir\u00e3o Preto-SP e Regi\u00e3o&quot;","block_context":{"text":"Not\u00edcias de Ribeir\u00e3o Preto-SP e Regi\u00e3o","link":"https:\/\/noticiasribeiraopreto.com.br\/index.php\/category\/noticias-de-ribeirao-preto-sp-e-regiao-ismael-colosi\/"},"img":{"alt_text":"","src":"https:\/\/i0.wp.com\/noticiasribeiraopreto.com.br\/wp-content\/uploads\/2025\/05\/Copia-de-Copia-de-Copia-de-TAMANHO-EXATO-PARA-FOTOS-NO-SISTEMA-NOVO-2025-05-31T103919.598_2025-05-31_13-39-40.webp.webp?fit=1200%2C675&ssl=1&resize=350%2C200","width":350,"height":200,"srcset":"https:\/\/i0.wp.com\/noticiasribeiraopreto.com.br\/wp-content\/uploads\/2025\/05\/Copia-de-Copia-de-Copia-de-TAMANHO-EXATO-PARA-FOTOS-NO-SISTEMA-NOVO-2025-05-31T103919.598_2025-05-31_13-39-40.webp.webp?fit=1200%2C675&ssl=1&resize=350%2C200 1x, https:\/\/i0.wp.com\/noticiasribeiraopreto.com.br\/wp-content\/uploads\/2025\/05\/Copia-de-Copia-de-Copia-de-TAMANHO-EXATO-PARA-FOTOS-NO-SISTEMA-NOVO-2025-05-31T103919.598_2025-05-31_13-39-40.webp.webp?fit=1200%2C675&ssl=1&resize=525%2C300 1.5x, https:\/\/i0.wp.com\/noticiasribeiraopreto.com.br\/wp-content\/uploads\/2025\/05\/Copia-de-Copia-de-Copia-de-TAMANHO-EXATO-PARA-FOTOS-NO-SISTEMA-NOVO-2025-05-31T103919.598_2025-05-31_13-39-40.webp.webp?fit=1200%2C675&ssl=1&resize=700%2C400 2x, https:\/\/i0.wp.com\/noticiasribeiraopreto.com.br\/wp-content\/uploads\/2025\/05\/Copia-de-Copia-de-Copia-de-TAMANHO-EXATO-PARA-FOTOS-NO-SISTEMA-NOVO-2025-05-31T103919.598_2025-05-31_13-39-40.webp.webp?fit=1200%2C675&ssl=1&resize=1050%2C600 3x"},"classes":[]},{"id":12302,"url":"https:\/\/noticiasribeiraopreto.com.br\/index.php\/2023\/12\/07\/caminhoneiro-entra-em-oracao-segundos-antes-de-filmar-colisao-entre-duas-carretas-ele-escapou-por-pouco-imagens-viralizam\/","url_meta":{"origin":73048,"position":5},"title":"Caminhoneiro entra em ora\u00e7\u00e3o segundos antes de filmar colis\u00e3o entre duas carretas, ele escapou por pouco- Imagens viralizam","author":"noticiasribeiraopreto.com.br","date":"7 de December de 2023","format":false,"excerpt":"Nas \u00faltimas horas um v\u00eddeo viralizou nas redes sociais e acabou ganhando destaque nos portais de not\u00edcias online. Um motorista de um caminh\u00e3o que pode ser considerado como um sobrevivente do asfalto, parece ter tido uma suposta premoni\u00e7\u00e3o de que algo bastante grave est\u00e1 prestes a acontecer.Nas imagens, o condutor\u2026","rel":"","context":"In &quot;Blog&quot;","block_context":{"text":"Blog","link":"https:\/\/noticiasribeiraopreto.com.br\/index.php\/category\/blog\/"},"img":{"alt_text":"","src":"https:\/\/i0.wp.com\/noticiasribeiraopreto.com.br\/wp-content\/uploads\/2023\/12\/postimg-65723fa6a78e21689.jpg?fit=1200%2C628&ssl=1&resize=350%2C200","width":350,"height":200,"srcset":"https:\/\/i0.wp.com\/noticiasribeiraopreto.com.br\/wp-content\/uploads\/2023\/12\/postimg-65723fa6a78e21689.jpg?fit=1200%2C628&ssl=1&resize=350%2C200 1x, https:\/\/i0.wp.com\/noticiasribeiraopreto.com.br\/wp-content\/uploads\/2023\/12\/postimg-65723fa6a78e21689.jpg?fit=1200%2C628&ssl=1&resize=525%2C300 1.5x, https:\/\/i0.wp.com\/noticiasribeiraopreto.com.br\/wp-content\/uploads\/2023\/12\/postimg-65723fa6a78e21689.jpg?fit=1200%2C628&ssl=1&resize=700%2C400 2x, https:\/\/i0.wp.com\/noticiasribeiraopreto.com.br\/wp-content\/uploads\/2023\/12\/postimg-65723fa6a78e21689.jpg?fit=1200%2C628&ssl=1&resize=1050%2C600 3x"},"classes":[]}],"jetpack_sharing_enabled":true,"jetpack_shortlink":"https:\/\/wp.me\/peQAOb-j0c","_links":{"self":[{"href":"https:\/\/noticiasribeiraopreto.com.br\/index.php\/wp-json\/wp\/v2\/posts\/73048","targetHints":{"allow":["GET"]}}],"collection":[{"href":"https:\/\/noticiasribeiraopreto.com.br\/index.php\/wp-json\/wp\/v2\/posts"}],"about":[{"href":"https:\/\/noticiasribeiraopreto.com.br\/index.php\/wp-json\/wp\/v2\/types\/post"}],"author":[{"embeddable":true,"href":"https:\/\/noticiasribeiraopreto.com.br\/index.php\/wp-json\/wp\/v2\/users\/1"}],"replies":[{"embeddable":true,"href":"https:\/\/noticiasribeiraopreto.com.br\/index.php\/wp-json\/wp\/v2\/comments?post=73048"}],"version-history":[{"count":0,"href":"https:\/\/noticiasribeiraopreto.com.br\/index.php\/wp-json\/wp\/v2\/posts\/73048\/revisions"}],"wp:featuredmedia":[{"embeddable":true,"href":"https:\/\/noticiasribeiraopreto.com.br\/index.php\/wp-json\/wp\/v2\/media\/73049"}],"wp:attachment":[{"href":"https:\/\/noticiasribeiraopreto.com.br\/index.php\/wp-json\/wp\/v2\/media?parent=73048"}],"wp:term":[{"taxonomy":"category","embeddable":true,"href":"https:\/\/noticiasribeiraopreto.com.br\/index.php\/wp-json\/wp\/v2\/categories?post=73048"},{"taxonomy":"post_tag","embeddable":true,"href":"https:\/\/noticiasribeiraopreto.com.br\/index.php\/wp-json\/wp\/v2\/tags?post=73048"}],"curies":[{"name":"wp","href":"https:\/\/api.w.org\/{rel}","templated":true}]}}