{"id":73050,"date":"2025-06-24T16:00:48","date_gmt":"2025-06-24T19:00:48","guid":{"rendered":"https:\/\/noticiasribeiraopreto.com.br\/index.php\/2025\/06\/24\/risco-de-geada-e-frio-de-3c-colocam-regioes-de-sp-em-alerta-veja-previsao\/"},"modified":"2025-06-24T16:00:48","modified_gmt":"2025-06-24T19:00:48","slug":"risco-de-geada-e-frio-de-3c-colocam-regioes-de-sp-em-alerta-veja-previsao","status":"publish","type":"post","link":"https:\/\/noticiasribeiraopreto.com.br\/index.php\/2025\/06\/24\/risco-de-geada-e-frio-de-3c-colocam-regioes-de-sp-em-alerta-veja-previsao\/","title":{"rendered":"Risco de geada e frio de 3\u00b0C colocam regi\u00f5es de SP em alerta; Veja previs\u00e3o"},"content":{"rendered":"<p> <br \/>\n<\/p>\n<div>\n<p>O <strong>estado de S\u00e3o Paulo<\/strong> enfrenta uma <strong>forte queda nas temperaturas<\/strong> entre est\u00e1 ter\u00e7a (24) e quarta-feira (25), devido a uma <strong>nova onda de frio<\/strong> que se estende at\u00e9 o final de semana.<\/p>\n<p><em>&gt;&gt;&gt;FIQUE POR DENTRO: M\u00ednima invertida em Ribeir\u00e3o Preto? Entenda o fen\u00f4meno e veja as temperaturas<\/em><\/p>\n<p>Por conta das <strong>baixas temperaturas<\/strong>, a <strong>Defesa Civil <\/strong>emitiu um <strong>alerta para o risco de geada<\/strong>, com <strong>m\u00ednimas podendo chegar a 3\u00b0C <\/strong>em algumas regi\u00f5es paulistas \u2013 veja abaixo.<\/p>\n<p>\u201cEsse ar frio avan\u00e7a de forma continental, \u00e9 mais seco e potencializa a queda de temperatura e teremos condi\u00e7\u00f5es para geada de forma abrangente, inclusive no estado paulista\u201d, explica a <strong><a href=\"https:\/\/www.climatempo.com.br\/\">Climatempo<\/a><\/strong>.<\/p>\n<h2 class=\"wp-block-heading\"><strong>Regi\u00f5es em alerta para queda de temperatura<\/strong><\/h2>\n<p>De acordo com o comunicado emitido pela <strong>Defesa Civil do Estado de S\u00e3o Paulo<\/strong>, as regi\u00f5es de est\u00e3o em alerta para <strong>baixas temperaturas<\/strong> s\u00e3o:<\/p>\n<ul class=\"wp-block-list\">\n<li><strong><mark style=\"background-color:#f93333\" class=\"has-inline-color\">Vale do Ribeira e Itapeva: 3\u00baC com condi\u00e7\u00f5es de geadas<\/mark><\/strong><\/li>\n<li>Serra da Mantiqueira: 4\u00baC tamb\u00e9m com possibilidade de geadas<\/li>\n<li>Vale do Para\u00edba, Presidente Prudente e Mar\u00edlia: 6\u00baC<\/li>\n<li>Grande SP, Sorocaba, Campinas, Bauru e Araraquara: 7\u00baC<\/li>\n<li>Ara\u00e7atuba e S\u00e3o Jos\u00e9 do Rio Preto: 8\u00baC<\/li>\n<li><strong><mark style=\"background-color:#fcb900\" class=\"has-inline-color\">Barretos, Franca e Ribeir\u00e3o Preto: 9\u00baC<\/mark><\/strong><\/li>\n<li>Litoral Norte: 11\u00baC<\/li>\n<li>Baixada Santista: 12\u00baC<\/li>\n<\/ul>\n<h2 class=\"wp-block-heading\"><strong>Recomenda\u00e7\u00f5es<\/strong><\/h2>\n<p>Diante desse cen\u00e1rio, a <strong>Defesa Civil <\/strong>refor\u00e7a a import\u00e2ncia de aten\u00e7\u00e3o especial \u00e0s pessoas mais vulner\u00e1veis, como idosos, crian\u00e7as e pessoas em situa\u00e7\u00e3o de rua, que s\u00e3o mais suscet\u00edveis aos efeitos do <strong>frio intenso<\/strong>.<\/p>\n<p>Al\u00e9m disso, \u201cem caso de tempestades, a orienta\u00e7\u00e3o \u00e9 evitar \u00e1reas alagadas, n\u00e3o se abrigar debaixo de \u00e1rvores, afastar-se de janelas e estruturas met\u00e1licas e, se poss\u00edvel, permanecer em local seguro at\u00e9 o t\u00e9rmino da instabilidade\u201d.<\/p>\n<hr class=\"wp-block-separator has-alpha-channel-opacity\"\/>\n<p>SAIBA MAIS<\/p>\n<p>Ribeir\u00e3o Preto pode ter lei para diagn\u00f3stico tardio do autismo em adultos e idosos; Entenda<\/p>\n<h2 class=\"wp-block-heading\"><strong>FIQUE ON<\/strong><\/h2>\n<p>Quer ficar por dentro de tudo que acontece em Ribeir\u00e3o Preto e regi\u00e3o? Ent\u00e3o siga os perfis do\u202facidade on\u202fno\u202f<a href=\"https:\/\/www.instagram.com\/acidadeonribeirao\" target=\"_blank\" rel=\"noreferrer noopener\">Instagram<\/a>\u202fe no\u202f<a href=\"https:\/\/www.facebook.com\/acidadeonribeirao\/\" target=\"_blank\" rel=\"noreferrer noopener\">Facebook<\/a>.<\/p>\n<p>Al\u00e9m disso, voc\u00ea pode receber as principais not\u00edcias diretamente no WhatsApp. Para isso, basta\u00a0<a href=\"https:\/\/chat.whatsapp.com\/BjKQZ9oJwlz8VVT50NuePq\" target=\"_blank\" rel=\"noreferrer noopener\">entrar no grupo clicando aqui<\/a>.<\/p>\n<p>Por fim, se quiser fazer uma den\u00fancia ou sugerir uma reportagem sobre Ribeir\u00e3o Preto e regi\u00e3o, envie uma mensagem pelo WhatsApp: (16) 99117-7802.<\/p>\n<p>VEJA TAMB\u00c9M<\/p>\n<p>Por que Simone Biles saiu de rede social?<\/p>\n<p><!-- CONTENT END 1 -->\n<\/div>\n<p><script async src=\"\/\/www.instagram.com\/embed.js\"><\/script><br \/>\n<br \/><br \/>\n<br \/><a href=\"https:\/\/www.acidadeon.com\/ribeiraopreto\/cotidiano\/risco-de-geada-e-frio-de-3c-colocam-regioes-de-sp-em-alerta-veja-previsao\/\">Source link <\/a><\/p>\n","protected":false},"excerpt":{"rendered":"<p>O estado de S\u00e3o Paulo enfrenta uma forte queda nas temperaturas entre est\u00e1 ter\u00e7a (24) e quarta-feira (25), devido a uma nova onda de frio&#8230;<\/p>\n","protected":false},"author":1,"featured_media":73051,"comment_status":"open","ping_status":"open","sticky":false,"template":"","format":"standard","meta":{"advanced_seo_description":"","jetpack_seo_html_title":"","jetpack_seo_noindex":false,"jetpack_post_was_ever_published":false,"_jetpack_newsletter_access":"","_jetpack_dont_email_post_to_subs":false,"_jetpack_newsletter_tier_id":0,"_jetpack_memberships_contains_paywalled_content":false,"_jetpack_memberships_contains_paid_content":false,"footnotes":"","jetpack_publicize_message":"","jetpack_publicize_feature_enabled":true,"jetpack_social_post_already_shared":true,"jetpack_social_options":{"image_generator_settings":{"template":"highway","default_image_id":0,"font":"","enabled":false},"version":2}},"categories":[11],"tags":[],"class_list":["post-73050","post","type-post","status-publish","format-standard","has-post-thumbnail","hentry","category-noticias-de-ribeirao-preto-sp-e-regiao-ismael-colosi"],"jetpack_publicize_connections":[],"jetpack_featured_media_url":"https:\/\/i0.wp.com\/noticiasribeiraopreto.com.br\/wp-content\/uploads\/2025\/06\/1750791648_ceu_nublado_e_tempo_frio_em_campinas_cxdigo_19_166036-scaled.jpg?fit=2560%2C1707&ssl=1","jetpack-related-posts":[{"id":72887,"url":"https:\/\/noticiasribeiraopreto.com.br\/index.php\/2025\/06\/22\/defesa-civil-emite-alerta-para-temporais-e-frio-intenso-no-estado-de-sp-veja-regioes\/","url_meta":{"origin":73050,"position":0},"title":"Defesa Civil emite alerta para temporais e frio intenso no estado de SP; Veja regi\u00f5es","author":"noticiasribeiraopreto.com.br","date":"22 de June de 2025","format":false,"excerpt":"A Defesa Civil do Estado de S\u00e3o Paulo emitiu, neste domingo (22), um alerta v\u00e1lido para todo o territ\u00f3rio paulista devido \u00e0 aproxima\u00e7\u00e3o e passagem\u00a0uma frente fria prevista nesta segunda-feira (23), que dever\u00e1 provocar fortes chuvas. Na sequ\u00eancia, est\u00e1 prevista queda acentuada na temperatura, com m\u00ednima de 3\u00b0C em algumas\u2026","rel":"","context":"In &quot;Not\u00edcias de Ribeir\u00e3o Preto-SP e Regi\u00e3o&quot;","block_context":{"text":"Not\u00edcias de Ribeir\u00e3o Preto-SP e Regi\u00e3o","link":"https:\/\/noticiasribeiraopreto.com.br\/index.php\/category\/noticias-de-ribeirao-preto-sp-e-regiao-ismael-colosi\/"},"img":{"alt_text":"","src":"https:\/\/i0.wp.com\/noticiasribeiraopreto.com.br\/wp-content\/uploads\/2025\/06\/chuva_sexta_08_2024-12-30_19-10-10_jpg_2024-12-30_19-10-11-scaled.webp.webp?fit=1200%2C800&ssl=1&resize=350%2C200","width":350,"height":200,"srcset":"https:\/\/i0.wp.com\/noticiasribeiraopreto.com.br\/wp-content\/uploads\/2025\/06\/chuva_sexta_08_2024-12-30_19-10-10_jpg_2024-12-30_19-10-11-scaled.webp.webp?fit=1200%2C800&ssl=1&resize=350%2C200 1x, https:\/\/i0.wp.com\/noticiasribeiraopreto.com.br\/wp-content\/uploads\/2025\/06\/chuva_sexta_08_2024-12-30_19-10-10_jpg_2024-12-30_19-10-11-scaled.webp.webp?fit=1200%2C800&ssl=1&resize=525%2C300 1.5x, https:\/\/i0.wp.com\/noticiasribeiraopreto.com.br\/wp-content\/uploads\/2025\/06\/chuva_sexta_08_2024-12-30_19-10-10_jpg_2024-12-30_19-10-11-scaled.webp.webp?fit=1200%2C800&ssl=1&resize=700%2C400 2x, https:\/\/i0.wp.com\/noticiasribeiraopreto.com.br\/wp-content\/uploads\/2025\/06\/chuva_sexta_08_2024-12-30_19-10-10_jpg_2024-12-30_19-10-11-scaled.webp.webp?fit=1200%2C800&ssl=1&resize=1050%2C600 3x"},"classes":[]},{"id":56339,"url":"https:\/\/noticiasribeiraopreto.com.br\/index.php\/2024\/08\/12\/alerta-de-geada-e-emitido-para-o-interior-de-sp-veja-cidades-afetadas\/","url_meta":{"origin":73050,"position":1},"title":"Alerta de geada \u00e9 emitido para o interior de SP; Veja cidades afetadas","author":"noticiasribeiraopreto.com.br","date":"12 de August de 2024","format":false,"excerpt":"Um ciclone extratropical em alto mar deu origem a uma frente fria que se deslocou sobre o Brasil e trouxe uma nova massa de ar polar que refor\u00e7a a queda nas temperaturas do interior do Estado de S\u00e3o Paulo. Por causa desse cen\u00e1rio, o Instituto Nacional de Meteorologia (Inmet) emitiu\u2026","rel":"","context":"In &quot;Not\u00edcias de Ribeir\u00e3o Preto-SP e Regi\u00e3o&quot;","block_context":{"text":"Not\u00edcias de Ribeir\u00e3o Preto-SP e Regi\u00e3o","link":"https:\/\/noticiasribeiraopreto.com.br\/index.php\/category\/noticias-de-ribeirao-preto-sp-e-regiao-ismael-colosi\/"},"img":{"alt_text":"","src":"https:\/\/i0.wp.com\/noticiasribeiraopreto.com.br\/wp-content\/uploads\/2024\/08\/frio-df_mcamgo_abr_110820221818-4_2024-07-08_17-50-52_jpg_2024-07-08_17-50-54-scaled.webp.webp?fit=1200%2C800&ssl=1&resize=350%2C200","width":350,"height":200,"srcset":"https:\/\/i0.wp.com\/noticiasribeiraopreto.com.br\/wp-content\/uploads\/2024\/08\/frio-df_mcamgo_abr_110820221818-4_2024-07-08_17-50-52_jpg_2024-07-08_17-50-54-scaled.webp.webp?fit=1200%2C800&ssl=1&resize=350%2C200 1x, https:\/\/i0.wp.com\/noticiasribeiraopreto.com.br\/wp-content\/uploads\/2024\/08\/frio-df_mcamgo_abr_110820221818-4_2024-07-08_17-50-52_jpg_2024-07-08_17-50-54-scaled.webp.webp?fit=1200%2C800&ssl=1&resize=525%2C300 1.5x, https:\/\/i0.wp.com\/noticiasribeiraopreto.com.br\/wp-content\/uploads\/2024\/08\/frio-df_mcamgo_abr_110820221818-4_2024-07-08_17-50-52_jpg_2024-07-08_17-50-54-scaled.webp.webp?fit=1200%2C800&ssl=1&resize=700%2C400 2x, https:\/\/i0.wp.com\/noticiasribeiraopreto.com.br\/wp-content\/uploads\/2024\/08\/frio-df_mcamgo_abr_110820221818-4_2024-07-08_17-50-52_jpg_2024-07-08_17-50-54-scaled.webp.webp?fit=1200%2C800&ssl=1&resize=1050%2C600 3x"},"classes":[]},{"id":72926,"url":"https:\/\/noticiasribeiraopreto.com.br\/index.php\/2025\/06\/23\/jornal-da-franca-defesa-civil-alerta-para-temporal-e-frio-intenso-que-podem-atingir-franca-e-regiao\/","url_meta":{"origin":73050,"position":2},"title":"Jornal da Franca &#8211; Defesa Civil alerta para temporal e frio intenso que podem atingir Franca e regi\u00e3o","author":"noticiasribeiraopreto.com.br","date":"23 de June de 2025","format":false,"excerpt":"compartilhar no whatsapp compartilhar no telegram compartilhar no facebook compartilhar no linkedin Frente fria chega nesta segunda (23) e trar\u00e1 fortes chuvas, ventos e risco de granizo; temperaturas podem chegar a 3\u202f\u00b0C nos pr\u00f3ximos dias A Defesa Civil do Estado de S\u00e3o Paulo alerta para a aproxima\u00e7\u00e3o e passagem de\u2026","rel":"","context":"In &quot;Not\u00edcias de Franca-SP&quot;","block_context":{"text":"Not\u00edcias de Franca-SP","link":"https:\/\/noticiasribeiraopreto.com.br\/index.php\/category\/noticias-de-ribeirao-preto-sp-e-regiao-ismael-colosi\/noticias-franca-sp\/"},"img":{"alt_text":"","src":"https:\/\/i0.wp.com\/noticiasribeiraopreto.com.br\/wp-content\/uploads\/2025\/06\/young-girl-with-face-mask-visiting-the-christmas-market.jpg?fit=1000%2C667&ssl=1&resize=350%2C200","width":350,"height":200,"srcset":"https:\/\/i0.wp.com\/noticiasribeiraopreto.com.br\/wp-content\/uploads\/2025\/06\/young-girl-with-face-mask-visiting-the-christmas-market.jpg?fit=1000%2C667&ssl=1&resize=350%2C200 1x, https:\/\/i0.wp.com\/noticiasribeiraopreto.com.br\/wp-content\/uploads\/2025\/06\/young-girl-with-face-mask-visiting-the-christmas-market.jpg?fit=1000%2C667&ssl=1&resize=525%2C300 1.5x, https:\/\/i0.wp.com\/noticiasribeiraopreto.com.br\/wp-content\/uploads\/2025\/06\/young-girl-with-face-mask-visiting-the-christmas-market.jpg?fit=1000%2C667&ssl=1&resize=700%2C400 2x"},"classes":[]},{"id":75362,"url":"https:\/\/noticiasribeiraopreto.com.br\/index.php\/2025\/08\/07\/nova-onda-de-frio-se-aproxima-com-previsao-de-geada-veja-quando-chega\/","url_meta":{"origin":73050,"position":3},"title":"Nova onda de frio se aproxima com previs\u00e3o de geada; veja quando chega","author":"noticiasribeiraopreto.com.br","date":"7 de August de 2025","format":false,"excerpt":"A 5\u00aa onda de frio dever\u00e1 atingir parte do pa\u00eds a partir de sexta-feira (8) at\u00e9 a pr\u00f3xima quarta-feira (13). Existe a previs\u00e3o de geada em algumas regi\u00f5es do interior de S\u00e3o Paulo. Segundo a Climatempo, oito estados, incluindo todo o territ\u00f3rio paulista, tem previs\u00e3o de temperaturas 5\u202f\u00b0C ou mais\u2026","rel":"","context":"In &quot;Not\u00edcias de Ribeir\u00e3o Preto-SP e Regi\u00e3o&quot;","block_context":{"text":"Not\u00edcias de Ribeir\u00e3o Preto-SP e Regi\u00e3o","link":"https:\/\/noticiasribeiraopreto.com.br\/index.php\/category\/noticias-de-ribeirao-preto-sp-e-regiao-ismael-colosi\/"},"img":{"alt_text":"","src":"https:\/\/i0.wp.com\/noticiasribeiraopreto.com.br\/wp-content\/uploads\/2025\/06\/AnyConv.com__frio.webp.webp?fit=1200%2C800&ssl=1&resize=350%2C200","width":350,"height":200,"srcset":"https:\/\/i0.wp.com\/noticiasribeiraopreto.com.br\/wp-content\/uploads\/2025\/06\/AnyConv.com__frio.webp.webp?fit=1200%2C800&ssl=1&resize=350%2C200 1x, https:\/\/i0.wp.com\/noticiasribeiraopreto.com.br\/wp-content\/uploads\/2025\/06\/AnyConv.com__frio.webp.webp?fit=1200%2C800&ssl=1&resize=525%2C300 1.5x, https:\/\/i0.wp.com\/noticiasribeiraopreto.com.br\/wp-content\/uploads\/2025\/06\/AnyConv.com__frio.webp.webp?fit=1200%2C800&ssl=1&resize=700%2C400 2x, https:\/\/i0.wp.com\/noticiasribeiraopreto.com.br\/wp-content\/uploads\/2025\/06\/AnyConv.com__frio.webp.webp?fit=1200%2C800&ssl=1&resize=1050%2C600 3x"},"classes":[]},{"id":70876,"url":"https:\/\/noticiasribeiraopreto.com.br\/index.php\/2025\/05\/30\/ultimo-fim-de-semana-de-maio-sera-de-frio-intenso-com-risco-de-geadas-veja-previsao\/","url_meta":{"origin":73050,"position":4},"title":"\u00daltimo fim de semana de maio ser\u00e1 de frio intenso com risco de geadas; Veja previs\u00e3o","author":"noticiasribeiraopreto.com.br","date":"30 de May de 2025","format":false,"excerpt":"Maio est\u00e1 se despedindo com cara de inverno \u2013 que come\u00e7a no pr\u00f3ximo dia 20 \u2013 em grande parte do Brasil, devido a uma forte massa de ar polar que segue atuando sobre o Sul, parte do Sudeste, do Centro-Oeste e de parte do Norte do pa\u00eds. Nesta sexta-feira (30),\u2026","rel":"","context":"In &quot;Not\u00edcias de Ribeir\u00e3o Preto-SP e Regi\u00e3o&quot;","block_context":{"text":"Not\u00edcias de Ribeir\u00e3o Preto-SP e Regi\u00e3o","link":"https:\/\/noticiasribeiraopreto.com.br\/index.php\/category\/noticias-de-ribeirao-preto-sp-e-regiao-ismael-colosi\/"},"img":{"alt_text":"","src":"https:\/\/i0.wp.com\/noticiasribeiraopreto.com.br\/wp-content\/uploads\/2025\/05\/frente_fria_-_foto_guilherme_sircili_5.jpg_231334169.png?fit=600%2C400&ssl=1&resize=350%2C200","width":350,"height":200,"srcset":"https:\/\/i0.wp.com\/noticiasribeiraopreto.com.br\/wp-content\/uploads\/2025\/05\/frente_fria_-_foto_guilherme_sircili_5.jpg_231334169.png?fit=600%2C400&ssl=1&resize=350%2C200 1x, https:\/\/i0.wp.com\/noticiasribeiraopreto.com.br\/wp-content\/uploads\/2025\/05\/frente_fria_-_foto_guilherme_sircili_5.jpg_231334169.png?fit=600%2C400&ssl=1&resize=525%2C300 1.5x"},"classes":[]},{"id":79324,"url":"https:\/\/noticiasribeiraopreto.com.br\/index.php\/2025\/10\/29\/alerta-de-tempestade-e-queda-nas-temperaturas-e-emitido-para-o-interior-de-sp-veja-previsao\/","url_meta":{"origin":73050,"position":5},"title":"Alerta de tempestade e queda nas temperaturas \u00e9 emitido para o interior de SP; Veja previs\u00e3o","author":"noticiasribeiraopreto.com.br","date":"29 de October de 2025","format":false,"excerpt":"O interior do estado de S\u00e3o Paulo recebeu um novo alerta do Inmet (Instituto Nacional de Meteorologia) para o perigo potencial de tempestades em v\u00e1rias regi\u00f5es \u2014 veja abaixo De acordo com a Climatempo, uma frente fria se afasta para o oceano nesta quarta, no entanto, um novo sistema dever\u00e1\u2026","rel":"","context":"In &quot;Not\u00edcias de Ribeir\u00e3o Preto-SP e Regi\u00e3o&quot;","block_context":{"text":"Not\u00edcias de Ribeir\u00e3o Preto-SP e Regi\u00e3o","link":"https:\/\/noticiasribeiraopreto.com.br\/index.php\/category\/noticias-de-ribeirao-preto-sp-e-regiao-ismael-colosi\/"},"img":{"alt_text":"","src":"https:\/\/i0.wp.com\/noticiasribeiraopreto.com.br\/wp-content\/uploads\/2025\/10\/WhatsApp-Image-2024-12-20-at-12.48.29-1_2024-12-20_16-00-01_jpeg_2024-12-20_16-00-01.webp.webp?fit=1200%2C675&ssl=1&resize=350%2C200","width":350,"height":200,"srcset":"https:\/\/i0.wp.com\/noticiasribeiraopreto.com.br\/wp-content\/uploads\/2025\/10\/WhatsApp-Image-2024-12-20-at-12.48.29-1_2024-12-20_16-00-01_jpeg_2024-12-20_16-00-01.webp.webp?fit=1200%2C675&ssl=1&resize=350%2C200 1x, https:\/\/i0.wp.com\/noticiasribeiraopreto.com.br\/wp-content\/uploads\/2025\/10\/WhatsApp-Image-2024-12-20-at-12.48.29-1_2024-12-20_16-00-01_jpeg_2024-12-20_16-00-01.webp.webp?fit=1200%2C675&ssl=1&resize=525%2C300 1.5x, https:\/\/i0.wp.com\/noticiasribeiraopreto.com.br\/wp-content\/uploads\/2025\/10\/WhatsApp-Image-2024-12-20-at-12.48.29-1_2024-12-20_16-00-01_jpeg_2024-12-20_16-00-01.webp.webp?fit=1200%2C675&ssl=1&resize=700%2C400 2x, https:\/\/i0.wp.com\/noticiasribeiraopreto.com.br\/wp-content\/uploads\/2025\/10\/WhatsApp-Image-2024-12-20-at-12.48.29-1_2024-12-20_16-00-01_jpeg_2024-12-20_16-00-01.webp.webp?fit=1200%2C675&ssl=1&resize=1050%2C600 3x"},"classes":[]}],"jetpack_sharing_enabled":true,"jetpack_shortlink":"https:\/\/wp.me\/peQAOb-j0e","_links":{"self":[{"href":"https:\/\/noticiasribeiraopreto.com.br\/index.php\/wp-json\/wp\/v2\/posts\/73050","targetHints":{"allow":["GET"]}}],"collection":[{"href":"https:\/\/noticiasribeiraopreto.com.br\/index.php\/wp-json\/wp\/v2\/posts"}],"about":[{"href":"https:\/\/noticiasribeiraopreto.com.br\/index.php\/wp-json\/wp\/v2\/types\/post"}],"author":[{"embeddable":true,"href":"https:\/\/noticiasribeiraopreto.com.br\/index.php\/wp-json\/wp\/v2\/users\/1"}],"replies":[{"embeddable":true,"href":"https:\/\/noticiasribeiraopreto.com.br\/index.php\/wp-json\/wp\/v2\/comments?post=73050"}],"version-history":[{"count":0,"href":"https:\/\/noticiasribeiraopreto.com.br\/index.php\/wp-json\/wp\/v2\/posts\/73050\/revisions"}],"wp:featuredmedia":[{"embeddable":true,"href":"https:\/\/noticiasribeiraopreto.com.br\/index.php\/wp-json\/wp\/v2\/media\/73051"}],"wp:attachment":[{"href":"https:\/\/noticiasribeiraopreto.com.br\/index.php\/wp-json\/wp\/v2\/media?parent=73050"}],"wp:term":[{"taxonomy":"category","embeddable":true,"href":"https:\/\/noticiasribeiraopreto.com.br\/index.php\/wp-json\/wp\/v2\/categories?post=73050"},{"taxonomy":"post_tag","embeddable":true,"href":"https:\/\/noticiasribeiraopreto.com.br\/index.php\/wp-json\/wp\/v2\/tags?post=73050"}],"curies":[{"name":"wp","href":"https:\/\/api.w.org\/{rel}","templated":true}]}}