{"id":73052,"date":"2025-06-24T18:37:26","date_gmt":"2025-06-24T21:37:26","guid":{"rendered":"https:\/\/noticiasribeiraopreto.com.br\/index.php\/2025\/06\/24\/anac-anuncia-cassacao-definitiva-do-certificado-de-operacao-da-voepass\/"},"modified":"2025-06-24T18:37:26","modified_gmt":"2025-06-24T21:37:26","slug":"anac-anuncia-cassacao-definitiva-do-certificado-de-operacao-da-voepass","status":"publish","type":"post","link":"https:\/\/noticiasribeiraopreto.com.br\/index.php\/2025\/06\/24\/anac-anuncia-cassacao-definitiva-do-certificado-de-operacao-da-voepass\/","title":{"rendered":"Anac anuncia cassa\u00e7\u00e3o definitiva do certificado de opera\u00e7\u00e3o da Voepass"},"content":{"rendered":"<p> <br \/>\n<\/p>\n<div>\n<p>A<strong> Ag\u00eancia Nacional de Avia\u00e7\u00e3o Civil (Anac)<\/strong> decidiu <strong>cassar de forma definitiva o Certificado de Operador A\u00e9reo<\/strong> (COA) da companhia a\u00e9rea Voepass. Sem o documento, <strong>a empresa n\u00e3o pode operar servi\u00e7os de transporte a\u00e9reo comercial.<\/strong> A decis\u00e3o foi divulgada nesta ter\u00e7a-feira (24).<\/p>\n<p>Em <strong>Ribeir\u00e3o Preto<\/strong>, sede da Voepass, a companhia realizava<strong> 146 voos por m\u00eas no Aeroporto Dr. Leite Lopes<\/strong> e transportava, em m\u00e9dia, 15 mil passageiros, segundo a Rede Voa, que administra o terminal.<\/p>\n<h3 class=\"wp-block-heading\"><strong>Inspe\u00e7\u00f5es e irregularidades<\/strong><\/h3>\n<p>A cassa\u00e7\u00e3o ocorreu ap\u00f3s uma s\u00e9rie de inspe\u00e7\u00f5es realizadas pela Anac em bases de manuten\u00e7\u00e3o da Voepass nos aeroportos de S\u00e3o Paulo, Recife e Rio de Janeiro. <strong>A ag\u00eancia identificou falhas estruturais recorrentes <\/strong>em v\u00e1rias aeronaves da frota. Entre os problemas encontrados estavam <strong>deforma\u00e7\u00f5es na fuselagem<\/strong>, <strong>danos na porta de carga<\/strong> e<strong> trincas na jun\u00e7\u00e3o entre a asa e a fuselagem.<\/strong><\/p>\n<p>A Anac concluiu que os mecanismos internos da companhia n\u00e3o conseguiam detectar nem corrigir essas falhas dentro dos prazos exigidos. Mesmo ap\u00f3s a suspens\u00e3o cautelar determinada em mar\u00e7o deste ano, a <strong>Voepass n\u00e3o apresentou solu\u00e7\u00f5es eficazes.<\/strong><\/p>\n<h3 class=\"wp-block-heading\"><strong>Acidente e investiga\u00e7\u00e3o<\/strong><\/h3>\n<p><strong>A intensifica\u00e7\u00e3o da fiscaliza\u00e7\u00e3o ocorreu ap\u00f3s o acidente a\u00e9reo de agosto de 2024<\/strong>, em Vinhedo, q<strong>ue causou a morte de 62 pessoas.<\/strong> A trag\u00e9dia motivou a abertura da \u201cOpera\u00e7\u00e3o Assistida\u201d, que revelou falhas t\u00e9cnicas e administrativas graves na gest\u00e3o da companhia.<\/p>\n<p>Em um ano e meio, a Anac abriu 15 processos administrativos contra a Voepass. Em abril deste ano<strong>, a empresa entrou com pedido de recupera\u00e7\u00e3o judicial.<\/strong><\/p>\n<p><em><sup><sub>Com informa\u00e7\u00f5es da Folha de S\u00e3o Paulo<\/sub><\/sup><\/em><\/p>\n<hr class=\"wp-block-separator has-alpha-channel-opacity\"\/>\n<p>SAIBA MAIS<\/p>\n<p>INSS vai devolver valores a aposentados ap\u00f3s esquema de fraude; veja quando<\/p>\n<h4 class=\"wp-block-heading\"><strong>FIQUE ON<\/strong><\/h4>\n<p>Quer ficar por dentro de tudo que acontece em Ribeir\u00e3o Preto e regi\u00e3o? Ent\u00e3o siga os perfis do\u202facidade on\u202fno\u202f<a href=\"https:\/\/www.instagram.com\/acidadeonribeirao\" target=\"_blank\" rel=\"noreferrer noopener\">Instagram<\/a>\u202fe no\u202f<a href=\"https:\/\/www.facebook.com\/acidadeonribeirao\/\" target=\"_blank\" rel=\"noreferrer noopener\">Facebook<\/a>.<\/p>\n<p>Al\u00e9m disso, voc\u00ea pode receber as principais not\u00edcias diretamente no WhatsApp. Para isso, basta\u00a0<a href=\"https:\/\/chat.whatsapp.com\/BjKQZ9oJwlz8VVT50NuePq\" target=\"_blank\" rel=\"noreferrer noopener\">entrar no grupo clicando aqui<\/a>.<\/p>\n<p>Por fim, se quiser fazer uma den\u00fancia ou sugerir uma reportagem sobre Ribeir\u00e3o Preto e regi\u00e3o, envie uma mensagem pelo WhatsApp: (16) 99117-7802.<\/p>\n<p>VEJA TAMB\u00c9M<\/p>\n<p>Quando lan\u00e7am as miniaturas da F1 do McDonald\u2019s?<\/p>\n<p><!-- CONTENT END 1 -->\n<\/div>\n<p><script async src=\"\/\/www.instagram.com\/embed.js\"><\/script><br \/>\n<br \/><br \/>\n<br \/><a href=\"https:\/\/www.acidadeon.com\/ribeiraopreto\/economia\/anac-anuncia-cassacao-definitiva-do-certificado-de-operacao-da-voepass\/\">Source link <\/a><\/p>\n","protected":false},"excerpt":{"rendered":"<p>A Ag\u00eancia Nacional de Avia\u00e7\u00e3o Civil (Anac) decidiu cassar de forma definitiva o Certificado de Operador A\u00e9reo (COA) da companhia a\u00e9rea Voepass. Sem o documento,&#8230;<\/p>\n","protected":false},"author":1,"featured_media":73053,"comment_status":"open","ping_status":"open","sticky":false,"template":"","format":"standard","meta":{"advanced_seo_description":"","jetpack_seo_html_title":"","jetpack_seo_noindex":false,"jetpack_post_was_ever_published":false,"_jetpack_newsletter_access":"","_jetpack_dont_email_post_to_subs":false,"_jetpack_newsletter_tier_id":0,"_jetpack_memberships_contains_paywalled_content":false,"_jetpack_memberships_contains_paid_content":false,"footnotes":"","jetpack_publicize_message":"","jetpack_publicize_feature_enabled":true,"jetpack_social_post_already_shared":true,"jetpack_social_options":{"image_generator_settings":{"template":"highway","default_image_id":0,"font":"","enabled":false},"version":2}},"categories":[11],"tags":[],"class_list":["post-73052","post","type-post","status-publish","format-standard","has-post-thumbnail","hentry","category-noticias-de-ribeirao-preto-sp-e-regiao-ismael-colosi"],"jetpack_publicize_connections":[],"jetpack_featured_media_url":"https:\/\/i0.wp.com\/noticiasribeiraopreto.com.br\/wp-content\/uploads\/2025\/06\/voepass-2_2025-03-12_19-30-42_jpg_2025-03-12_19-30-42.webp.webp?fit=1170%2C700&ssl=1","jetpack-related-posts":[{"id":73161,"url":"https:\/\/noticiasribeiraopreto.com.br\/index.php\/2025\/06\/26\/anac-redistribuira-slots-da-voepass\/","url_meta":{"origin":73052,"position":0},"title":"Anac redistribuir\u00e1 slots da Voepass","author":"noticiasribeiraopreto.com.br","date":"26 de June de 2025","format":false,"excerpt":"Depois de cassar definitivamente o Certificado de Operador A\u00e9reo (COA) da Passaredo Transportes A\u00e9reos, principal empresa do grupo Voepass Linhas A\u00e9reas, a Ag\u00eancia Nacional de Avia\u00e7\u00e3o Civil (Anac) determinou a retomada dos 20 slots at\u00e9 ent\u00e3o pertencentes \u00e0 companhia ribeir\u00e3o-pretana no Aeroporto de Congonhas, em S\u00e3o Paulo (SP), e a\u2026","rel":"","context":"In &quot;Not\u00edcias de Ribeir\u00e3o Preto-SP e Regi\u00e3o&quot;","block_context":{"text":"Not\u00edcias de Ribeir\u00e3o Preto-SP e Regi\u00e3o","link":"https:\/\/noticiasribeiraopreto.com.br\/index.php\/category\/noticias-de-ribeirao-preto-sp-e-regiao-ismael-colosi\/"},"img":{"alt_text":"","src":"https:\/\/i0.wp.com\/noticiasribeiraopreto.com.br\/wp-content\/uploads\/2025\/06\/Voepass-Paulo-Pinto-Ag.Br_.jpg?fit=1200%2C627&ssl=1&resize=350%2C200","width":350,"height":200,"srcset":"https:\/\/i0.wp.com\/noticiasribeiraopreto.com.br\/wp-content\/uploads\/2025\/06\/Voepass-Paulo-Pinto-Ag.Br_.jpg?fit=1200%2C627&ssl=1&resize=350%2C200 1x, https:\/\/i0.wp.com\/noticiasribeiraopreto.com.br\/wp-content\/uploads\/2025\/06\/Voepass-Paulo-Pinto-Ag.Br_.jpg?fit=1200%2C627&ssl=1&resize=525%2C300 1.5x, https:\/\/i0.wp.com\/noticiasribeiraopreto.com.br\/wp-content\/uploads\/2025\/06\/Voepass-Paulo-Pinto-Ag.Br_.jpg?fit=1200%2C627&ssl=1&resize=700%2C400 2x, https:\/\/i0.wp.com\/noticiasribeiraopreto.com.br\/wp-content\/uploads\/2025\/06\/Voepass-Paulo-Pinto-Ag.Br_.jpg?fit=1200%2C627&ssl=1&resize=1050%2C600 3x"},"classes":[]},{"id":73055,"url":"https:\/\/noticiasribeiraopreto.com.br\/index.php\/2025\/06\/24\/anac-encerra-definitivamente-operacao-da-voepass\/","url_meta":{"origin":73052,"position":1},"title":"Anac encerra definitivamente opera\u00e7\u00e3o da Voepass","author":"noticiasribeiraopreto.com.br","date":"24 de June de 2025","format":false,"excerpt":"A Ag\u00eancia Nacional de Avia\u00e7\u00e3o Civil (Anac) decidiu, nesta ter\u00e7a-feira, 24 de junho, pela cassa\u00e7\u00e3o do Certificado de Operador A\u00e9reo (COA) da Passaredo Transportes A\u00e9reos, principal empresa do grupo Voepass Linhas A\u00e9reas, ap\u00f3s identificar falhas graves e persistentes no Sistema de An\u00e1lise e Supervis\u00e3o Continuada (SASC) da companhia. N\u00e3o cabem\u2026","rel":"","context":"In &quot;Not\u00edcias de Ribeir\u00e3o Preto-SP e Regi\u00e3o&quot;","block_context":{"text":"Not\u00edcias de Ribeir\u00e3o Preto-SP e Regi\u00e3o","link":"https:\/\/noticiasribeiraopreto.com.br\/index.php\/category\/noticias-de-ribeirao-preto-sp-e-regiao-ismael-colosi\/"},"img":{"alt_text":"","src":"https:\/\/i0.wp.com\/noticiasribeiraopreto.com.br\/wp-content\/uploads\/2025\/06\/Voepass-Paulo-Pinto-Ag.Br_.-101-scaled.jpg?fit=800%2C487&ssl=1&resize=350%2C200","width":350,"height":200,"srcset":"https:\/\/i0.wp.com\/noticiasribeiraopreto.com.br\/wp-content\/uploads\/2025\/06\/Voepass-Paulo-Pinto-Ag.Br_.-101-scaled.jpg?fit=800%2C487&ssl=1&resize=350%2C200 1x, https:\/\/i0.wp.com\/noticiasribeiraopreto.com.br\/wp-content\/uploads\/2025\/06\/Voepass-Paulo-Pinto-Ag.Br_.-101-scaled.jpg?fit=800%2C487&ssl=1&resize=525%2C300 1.5x, https:\/\/i0.wp.com\/noticiasribeiraopreto.com.br\/wp-content\/uploads\/2025\/06\/Voepass-Paulo-Pinto-Ag.Br_.-101-scaled.jpg?fit=800%2C487&ssl=1&resize=700%2C400 2x"},"classes":[]},{"id":70613,"url":"https:\/\/noticiasribeiraopreto.com.br\/index.php\/2025\/05\/28\/justica-nega-pedido-da-voepass\/","url_meta":{"origin":73052,"position":2},"title":"Justi\u00e7a nega pedido da Voepass \u00a0","author":"noticiasribeiraopreto.com.br","date":"28 de May de 2025","format":false,"excerpt":"A Vara Regional de Compet\u00eancia Empresarial e de Conflitos Relacionados \u00e0 Arbitragem de Ribeir\u00e3o Preto, que tem como titular o juiz Jos\u00e9 Guilherme Di Rienzo Marrey, negou a abertura de processo de recupera\u00e7\u00e3o judicial para empresas da Voepass Linhas A\u00e9reas que atuam com opera\u00e7\u00f5es de transporte e viagens. A informa\u00e7\u00e3o\u2026","rel":"","context":"In &quot;Not\u00edcias de Ribeir\u00e3o Preto-SP e Regi\u00e3o&quot;","block_context":{"text":"Not\u00edcias de Ribeir\u00e3o Preto-SP e Regi\u00e3o","link":"https:\/\/noticiasribeiraopreto.com.br\/index.php\/category\/noticias-de-ribeirao-preto-sp-e-regiao-ismael-colosi\/"},"img":{"alt_text":"","src":"https:\/\/i0.wp.com\/noticiasribeiraopreto.com.br\/wp-content\/uploads\/2025\/05\/Voepass-Alfredo-Risk.jpg?fit=1200%2C625&ssl=1&resize=350%2C200","width":350,"height":200,"srcset":"https:\/\/i0.wp.com\/noticiasribeiraopreto.com.br\/wp-content\/uploads\/2025\/05\/Voepass-Alfredo-Risk.jpg?fit=1200%2C625&ssl=1&resize=350%2C200 1x, https:\/\/i0.wp.com\/noticiasribeiraopreto.com.br\/wp-content\/uploads\/2025\/05\/Voepass-Alfredo-Risk.jpg?fit=1200%2C625&ssl=1&resize=525%2C300 1.5x, https:\/\/i0.wp.com\/noticiasribeiraopreto.com.br\/wp-content\/uploads\/2025\/05\/Voepass-Alfredo-Risk.jpg?fit=1200%2C625&ssl=1&resize=700%2C400 2x, https:\/\/i0.wp.com\/noticiasribeiraopreto.com.br\/wp-content\/uploads\/2025\/05\/Voepass-Alfredo-Risk.jpg?fit=1200%2C625&ssl=1&resize=1050%2C600 3x"},"classes":[]},{"id":64649,"url":"https:\/\/noticiasribeiraopreto.com.br\/index.php\/2025\/03\/11\/anac-suspende-operacoes-da-voepass-veja-orientacoes-aos-passageiros\/","url_meta":{"origin":73052,"position":3},"title":"Anac suspende opera\u00e7\u00f5es da Voepass; Veja orienta\u00e7\u00f5es aos passageiros","author":"noticiasribeiraopreto.com.br","date":"11 de March de 2025","format":false,"excerpt":"A Anac (Ag\u00eancia Nacional de Avia\u00e7\u00e3o Civil) suspendeu, a\u00a0partir desta ter\u00e7a-feira (11), as opera\u00e7\u00f5es a\u00e9reas da Voepass, companhia com sede em Ribeir\u00e3o Preto. Segundo o \u00f3rg\u00e3o, a medida tem validade \u201cat\u00e9 que a empresa comprove a corre\u00e7\u00e3o das n\u00e3o conformidades identificadas pela Anac e a garantia da seguran\u00e7a operacional\u201d. Em\u2026","rel":"","context":"In &quot;Not\u00edcias de Ribeir\u00e3o Preto-SP e Regi\u00e3o&quot;","block_context":{"text":"Not\u00edcias de Ribeir\u00e3o Preto-SP e Regi\u00e3o","link":"https:\/\/noticiasribeiraopreto.com.br\/index.php\/category\/noticias-de-ribeirao-preto-sp-e-regiao-ismael-colosi\/"},"img":{"alt_text":"","src":"https:\/\/i0.wp.com\/noticiasribeiraopreto.com.br\/wp-content\/uploads\/2025\/02\/voepass_atr-860x573-1_2025-02-18_18-46-18_jpg_2025-02-18_18-46-18.webp.webp?fit=860%2C573&ssl=1&resize=350%2C200","width":350,"height":200,"srcset":"https:\/\/i0.wp.com\/noticiasribeiraopreto.com.br\/wp-content\/uploads\/2025\/02\/voepass_atr-860x573-1_2025-02-18_18-46-18_jpg_2025-02-18_18-46-18.webp.webp?fit=860%2C573&ssl=1&resize=350%2C200 1x, https:\/\/i0.wp.com\/noticiasribeiraopreto.com.br\/wp-content\/uploads\/2025\/02\/voepass_atr-860x573-1_2025-02-18_18-46-18_jpg_2025-02-18_18-46-18.webp.webp?fit=860%2C573&ssl=1&resize=525%2C300 1.5x, https:\/\/i0.wp.com\/noticiasribeiraopreto.com.br\/wp-content\/uploads\/2025\/02\/voepass_atr-860x573-1_2025-02-18_18-46-18_jpg_2025-02-18_18-46-18.webp.webp?fit=860%2C573&ssl=1&resize=700%2C400 2x"},"classes":[]},{"id":67491,"url":"https:\/\/noticiasribeiraopreto.com.br\/index.php\/2025\/04\/14\/voepass-demite-funcionarios-um-mes-apos-a-suspensao-de-voos\/","url_meta":{"origin":73052,"position":4},"title":"Voepass demite funcion\u00e1rios um m\u00eas ap\u00f3s a suspens\u00e3o de voos","author":"noticiasribeiraopreto.com.br","date":"14 de April de 2025","format":false,"excerpt":"A Voepass Linhas A\u00e9reas anunciou, nesta segunda-feira (14), a demiss\u00e3o de parte de seus colaboradores. O comunicado foi feito por meio de uma carta assinada pelo presidente da companhia, Jos\u00e9 Luiz Fel\u00edcio Filho, no entanto, o n\u00famero de demitidos n\u00e3o foi divulgado. Os cortes, que acontecem um m\u00eas depois da\u2026","rel":"","context":"In &quot;Not\u00edcias de Ribeir\u00e3o Preto-SP e Regi\u00e3o&quot;","block_context":{"text":"Not\u00edcias de Ribeir\u00e3o Preto-SP e Regi\u00e3o","link":"https:\/\/noticiasribeiraopreto.com.br\/index.php\/category\/noticias-de-ribeirao-preto-sp-e-regiao-ismael-colosi\/"},"img":{"alt_text":"","src":"https:\/\/i0.wp.com\/noticiasribeiraopreto.com.br\/wp-content\/uploads\/2025\/02\/voepass_atr-860x573-1_2025-02-18_18-46-18_jpg_2025-02-18_18-46-18.webp.webp?fit=860%2C573&ssl=1&resize=350%2C200","width":350,"height":200,"srcset":"https:\/\/i0.wp.com\/noticiasribeiraopreto.com.br\/wp-content\/uploads\/2025\/02\/voepass_atr-860x573-1_2025-02-18_18-46-18_jpg_2025-02-18_18-46-18.webp.webp?fit=860%2C573&ssl=1&resize=350%2C200 1x, https:\/\/i0.wp.com\/noticiasribeiraopreto.com.br\/wp-content\/uploads\/2025\/02\/voepass_atr-860x573-1_2025-02-18_18-46-18_jpg_2025-02-18_18-46-18.webp.webp?fit=860%2C573&ssl=1&resize=525%2C300 1.5x, https:\/\/i0.wp.com\/noticiasribeiraopreto.com.br\/wp-content\/uploads\/2025\/02\/voepass_atr-860x573-1_2025-02-18_18-46-18_jpg_2025-02-18_18-46-18.webp.webp?fit=860%2C573&ssl=1&resize=700%2C400 2x"},"classes":[]},{"id":64702,"url":"https:\/\/noticiasribeiraopreto.com.br\/index.php\/2025\/03\/11\/procon-sp-notifica-voepass-sobre-medidas-apos-suspensao-de-voos\/","url_meta":{"origin":73052,"position":5},"title":"Procon-SP notifica Voepass sobre medidas ap\u00f3s suspens\u00e3o de voos","author":"noticiasribeiraopreto.com.br","date":"11 de March de 2025","format":false,"excerpt":"O Procon-SP notificou a Voepass para prestar esclarecimentos sobre o atendimento aos consumidores, ap\u00f3s a Anac (Ag\u00eancia Nacional de Avia\u00e7\u00e3o Civil) suspender as opera\u00e7\u00f5es a\u00e9reas da companhia com sede em Ribeir\u00e3o Preto, por falhas de seguran\u00e7a, a partir desta ter\u00e7a-feira (11). A Latam tamb\u00e9m foi notificada devido ao acordo de\u2026","rel":"","context":"In &quot;Not\u00edcias de Ribeir\u00e3o Preto-SP e Regi\u00e3o&quot;","block_context":{"text":"Not\u00edcias de Ribeir\u00e3o Preto-SP e Regi\u00e3o","link":"https:\/\/noticiasribeiraopreto.com.br\/index.php\/category\/noticias-de-ribeirao-preto-sp-e-regiao-ismael-colosi\/"},"img":{"alt_text":"","src":"https:\/\/i0.wp.com\/noticiasribeiraopreto.com.br\/wp-content\/uploads\/2025\/03\/cccccccccccccc_2025-03-11_19-23-50_jpeg_2025-03-11_19-23-50-e1741721048403.webp.webp?fit=860%2C523&ssl=1&resize=350%2C200","width":350,"height":200,"srcset":"https:\/\/i0.wp.com\/noticiasribeiraopreto.com.br\/wp-content\/uploads\/2025\/03\/cccccccccccccc_2025-03-11_19-23-50_jpeg_2025-03-11_19-23-50-e1741721048403.webp.webp?fit=860%2C523&ssl=1&resize=350%2C200 1x, https:\/\/i0.wp.com\/noticiasribeiraopreto.com.br\/wp-content\/uploads\/2025\/03\/cccccccccccccc_2025-03-11_19-23-50_jpeg_2025-03-11_19-23-50-e1741721048403.webp.webp?fit=860%2C523&ssl=1&resize=525%2C300 1.5x, https:\/\/i0.wp.com\/noticiasribeiraopreto.com.br\/wp-content\/uploads\/2025\/03\/cccccccccccccc_2025-03-11_19-23-50_jpeg_2025-03-11_19-23-50-e1741721048403.webp.webp?fit=860%2C523&ssl=1&resize=700%2C400 2x"},"classes":[]}],"jetpack_sharing_enabled":true,"jetpack_shortlink":"https:\/\/wp.me\/peQAOb-j0g","_links":{"self":[{"href":"https:\/\/noticiasribeiraopreto.com.br\/index.php\/wp-json\/wp\/v2\/posts\/73052","targetHints":{"allow":["GET"]}}],"collection":[{"href":"https:\/\/noticiasribeiraopreto.com.br\/index.php\/wp-json\/wp\/v2\/posts"}],"about":[{"href":"https:\/\/noticiasribeiraopreto.com.br\/index.php\/wp-json\/wp\/v2\/types\/post"}],"author":[{"embeddable":true,"href":"https:\/\/noticiasribeiraopreto.com.br\/index.php\/wp-json\/wp\/v2\/users\/1"}],"replies":[{"embeddable":true,"href":"https:\/\/noticiasribeiraopreto.com.br\/index.php\/wp-json\/wp\/v2\/comments?post=73052"}],"version-history":[{"count":0,"href":"https:\/\/noticiasribeiraopreto.com.br\/index.php\/wp-json\/wp\/v2\/posts\/73052\/revisions"}],"wp:featuredmedia":[{"embeddable":true,"href":"https:\/\/noticiasribeiraopreto.com.br\/index.php\/wp-json\/wp\/v2\/media\/73053"}],"wp:attachment":[{"href":"https:\/\/noticiasribeiraopreto.com.br\/index.php\/wp-json\/wp\/v2\/media?parent=73052"}],"wp:term":[{"taxonomy":"category","embeddable":true,"href":"https:\/\/noticiasribeiraopreto.com.br\/index.php\/wp-json\/wp\/v2\/categories?post=73052"},{"taxonomy":"post_tag","embeddable":true,"href":"https:\/\/noticiasribeiraopreto.com.br\/index.php\/wp-json\/wp\/v2\/tags?post=73052"}],"curies":[{"name":"wp","href":"https:\/\/api.w.org\/{rel}","templated":true}]}}